{"id":23812,"date":"2012-11-09T15:20:43","date_gmt":"2012-11-09T18:20:43","guid":{"rendered":"http:\/\/www.inclusive.org.br\/?p=23812"},"modified":"2012-11-09T15:20:43","modified_gmt":"2012-11-09T18:20:43","slug":"preconceito-2","status":"publish","type":"post","link":"https:\/\/inclusivenews.com.br\/?p=23812","title":{"rendered":"Preconceito"},"content":{"rendered":"<figure style=\"width: 280px\" class=\"wp-caption alignleft\"><img loading=\"lazy\" decoding=\"async\" title=\"Rua movimentada\" src=\"http:\/\/oanodalargartixa.files.wordpress.com\/2007\/05\/faixa-de-pedestre-3.jpg?w=452&amp;h=165\" alt=\"Rua movimentada\" width=\"280\" height=\"210\" \/><figcaption class=\"wp-caption-text\"> <\/figcaption><\/figure>\n<p><em>Por Andrei Bastos *<\/em><\/p>\n<p>Ontem fui dormir deixando minha cadeira de rodas motorizada (el\u00e9trica) carregando as baterias durante a noite, e hoje cedo, com as ditas cujas carregadas, participei de uma passeata na orla para festejar a atua\u00e7\u00e3o do STF no julgamento do mensal\u00e3o.<\/p>\n<p>Encontrei meus amigos, comprei minha m\u00e1scara de Joaquim Barbosa, peguei um bolo de panfletos e sa\u00ed distribuindo-os para as muitas pessoas saud\u00e1veis e bem vestidas, ou bem equipadas, que patinavam, caminhavam ou simplesmente passeavam na pista transformada em cal\u00e7ad\u00e3o.<\/p>\n<p>Os participantes de fato eram poucos, diante de uma sociedade ali representada, como em geral, por cidad\u00e3os acima de qualquer participa\u00e7\u00e3o, mas seu entusiasmo sincero e fantasiado com m\u00e1scaras e capas pretas do novo her\u00f3i nacional contagiava e ganhava alguns cora\u00e7\u00f5es e mentes.<\/p>\n<p>Eu, velho frequentador de eventos desse tipo, fiquei feliz como pinto no lixo e pouco liguei para quem recusou meus panfletos, seguindo em frente com meu sorriso e meus bons-dias c\u00edvicos.<\/p>\n<p>Sou um ativista dos direitos humanos e estou cansado de dar esses bons-dias c\u00edvicos em passeatas pelos direitos das pessoas com defici\u00eancia, pela igualdade racial ou liberdade religiosa, assim como em manifesta\u00e7\u00f5es contra a corrup\u00e7\u00e3o e pela \u00e9tica na pol\u00edtica, como a de hoje. Na verdade, vou para a rua protestar desde a adolesc\u00eancia, no movimento estudantil contra a ditadura de 64.<\/p>\n<p>Quase no fim da caminhada, olhei para o rel\u00f3gio e o hor\u00e1rio de ver\u00e3o me surpreendeu com meu atraso para outro compromisso, o que me fez dar meia volta e acelerar os motores para ir embora.<\/p>\n<p>Quem conhece minha cadeira motorizada, sabe que ela \u00e9 poderosa e deixa os pobres andantes na poeira. Por isso, quando estou \u201cpisando\u201d no seu acelerador, dirijo com aten\u00e7\u00e3o ampliada muitos metros \u00e0 frente para evitar acidentes.<\/p>\n<p>Em determinado momento, vi, em meio \u00e0quela gente bronzeada e cheia de valor, um homem muito sujo, magro e maltrapilho, certamente morador de rua, que cambaleava como um b\u00eabado, mas que fixou seu olhar em mim. A essa altura, eu j\u00e1 tinha tra\u00e7ado minha rota me distanciando o mais poss\u00edvel dele, competentemente considerando suas oscila\u00e7\u00f5es e a circula\u00e7\u00e3o dos outros.<\/p>\n<p>Passei pelo homem como um b\u00f3lido, mas ouvi que ele disse \u201ca\u00ed, dot\u00f4, s\u00f3 passeando\u2026\u201d, talvez introduzindo o pedido de uns trocados para mais um trago ou mais uma pedra. Reduzi bruscamente e ia me voltar quando o ouvi novamente, ent\u00e3o dizendo \u201csem uma perna, fodido, e continua arrogante\u201d.<\/p>\n<p><em>* Jornalista. Atua na Comiss\u00e3o de Direitos Humanos da OAB\/RJ.<\/em><\/p>\n","protected":false},"excerpt":{"rendered":"<p>Por Andrei Bastos. Passei pelo homem como um b\u00f3lido, mas ouvi que ele disse \u201ca\u00ed, dot\u00f4, s\u00f3 passeando\u2026\u201d, talvez introduzindo o pedido de uns trocados para mais um trago ou mais uma pedra.<\/p>\n","protected":false},"author":1,"featured_media":0,"comment_status":"open","ping_status":"open","sticky":false,"template":"","format":"standard","meta":{"site-container-style":"default","site-container-layout":"default","site-sidebar-layout":"default","disable-article-header":"default","disable-site-header":"default","disable-site-footer":"default","disable-content-area-spacing":"default","footnotes":""},"categories":[8],"tags":[],"class_list":["post-23812","post","type-post","status-publish","format-standard","hentry","category-textos-e-artigos"],"yoast_head":"<!-- This site is optimized with the Yoast SEO plugin v27.4 - https:\/\/yoast.com\/product\/yoast-seo-wordpress\/ -->\n<title>Preconceito -<\/title>\n<meta name=\"robots\" content=\"index, follow, max-snippet:-1, max-image-preview:large, max-video-preview:-1\" \/>\n<link rel=\"canonical\" href=\"https:\/\/inclusivenews.com.br\/?p=23812\" \/>\n<meta property=\"og:locale\" content=\"pt_PT\" \/>\n<meta property=\"og:type\" content=\"article\" \/>\n<meta property=\"og:title\" content=\"Preconceito -\" \/>\n<meta property=\"og:description\" content=\"Por Andrei Bastos. Passei pelo homem como um b\u00f3lido, mas ouvi que ele disse \u201ca\u00ed, dot\u00f4, s\u00f3 passeando\u2026\u201d, talvez introduzindo o pedido de uns trocados para mais um trago ou mais uma pedra.\" \/>\n<meta property=\"og:url\" content=\"https:\/\/inclusivenews.com.br\/?p=23812\" \/>\n<meta property=\"article:publisher\" content=\"https:\/\/www.facebook.com\/agenciainclusive\/\" \/>\n<meta property=\"article:published_time\" content=\"2012-11-09T18:20:43+00:00\" \/>\n<meta property=\"og:image\" content=\"http:\/\/oanodalargartixa.files.wordpress.com\/2007\/05\/faixa-de-pedestre-3.jpg?w=452&amp;h=165\" \/>\n<meta name=\"author\" content=\"inclusivenews2024\" \/>\n<meta name=\"twitter:card\" content=\"summary_large_image\" \/>\n<meta name=\"twitter:label1\" content=\"Escrito por\" \/>\n\t<meta name=\"twitter:data1\" content=\"inclusivenews2024\" \/>\n\t<meta name=\"twitter:label2\" content=\"Tempo estimado de leitura\" \/>\n\t<meta name=\"twitter:data2\" content=\"2 minutos\" \/>\n<script type=\"application\/ld+json\" class=\"yoast-schema-graph\">{\"@context\":\"https:\\\/\\\/schema.org\",\"@graph\":[{\"@type\":\"Article\",\"@id\":\"https:\\\/\\\/inclusivenews.com.br\\\/?p=23812#article\",\"isPartOf\":{\"@id\":\"https:\\\/\\\/inclusivenews.com.br\\\/?p=23812\"},\"author\":{\"name\":\"inclusivenews2024\",\"@id\":\"https:\\\/\\\/inclusivenews.com.br\\\/#\\\/schema\\\/person\\\/ae4ec7087559b8692fb33b6fffd2273b\"},\"headline\":\"Preconceito\",\"datePublished\":\"2012-11-09T18:20:43+00:00\",\"mainEntityOfPage\":{\"@id\":\"https:\\\/\\\/inclusivenews.com.br\\\/?p=23812\"},\"wordCount\":445,\"commentCount\":1,\"publisher\":{\"@id\":\"https:\\\/\\\/inclusivenews.com.br\\\/#organization\"},\"image\":{\"@id\":\"https:\\\/\\\/inclusivenews.com.br\\\/?p=23812#primaryimage\"},\"thumbnailUrl\":\"http:\\\/\\\/oanodalargartixa.files.wordpress.com\\\/2007\\\/05\\\/faixa-de-pedestre-3.jpg?w=452&amp;h=165\",\"articleSection\":[\"OPINI\u00c3O\"],\"inLanguage\":\"pt-PT\",\"potentialAction\":[{\"@type\":\"CommentAction\",\"name\":\"Comment\",\"target\":[\"https:\\\/\\\/inclusivenews.com.br\\\/?p=23812#respond\"]}]},{\"@type\":\"WebPage\",\"@id\":\"https:\\\/\\\/inclusivenews.com.br\\\/?p=23812\",\"url\":\"https:\\\/\\\/inclusivenews.com.br\\\/?p=23812\",\"name\":\"Preconceito -\",\"isPartOf\":{\"@id\":\"https:\\\/\\\/inclusivenews.com.br\\\/#website\"},\"primaryImageOfPage\":{\"@id\":\"https:\\\/\\\/inclusivenews.com.br\\\/?p=23812#primaryimage\"},\"image\":{\"@id\":\"https:\\\/\\\/inclusivenews.com.br\\\/?p=23812#primaryimage\"},\"thumbnailUrl\":\"http:\\\/\\\/oanodalargartixa.files.wordpress.com\\\/2007\\\/05\\\/faixa-de-pedestre-3.jpg?w=452&amp;h=165\",\"datePublished\":\"2012-11-09T18:20:43+00:00\",\"breadcrumb\":{\"@id\":\"https:\\\/\\\/inclusivenews.com.br\\\/?p=23812#breadcrumb\"},\"inLanguage\":\"pt-PT\",\"potentialAction\":[{\"@type\":\"ReadAction\",\"target\":[\"https:\\\/\\\/inclusivenews.com.br\\\/?p=23812\"]}]},{\"@type\":\"ImageObject\",\"inLanguage\":\"pt-PT\",\"@id\":\"https:\\\/\\\/inclusivenews.com.br\\\/?p=23812#primaryimage\",\"url\":\"http:\\\/\\\/oanodalargartixa.files.wordpress.com\\\/2007\\\/05\\\/faixa-de-pedestre-3.jpg?w=452&amp;h=165\",\"contentUrl\":\"http:\\\/\\\/oanodalargartixa.files.wordpress.com\\\/2007\\\/05\\\/faixa-de-pedestre-3.jpg?w=452&amp;h=165\"},{\"@type\":\"BreadcrumbList\",\"@id\":\"https:\\\/\\\/inclusivenews.com.br\\\/?p=23812#breadcrumb\",\"itemListElement\":[{\"@type\":\"ListItem\",\"position\":1,\"name\":\"In\u00edcio\",\"item\":\"https:\\\/\\\/inclusivenews.com.br\\\/\"},{\"@type\":\"ListItem\",\"position\":2,\"name\":\"Preconceito\"}]},{\"@type\":\"WebSite\",\"@id\":\"https:\\\/\\\/inclusivenews.com.br\\\/#website\",\"url\":\"https:\\\/\\\/inclusivenews.com.br\\\/\",\"name\":\"Inclusive News\",\"description\":\"Inclusive News\",\"publisher\":{\"@id\":\"https:\\\/\\\/inclusivenews.com.br\\\/#organization\"},\"potentialAction\":[{\"@type\":\"SearchAction\",\"target\":{\"@type\":\"EntryPoint\",\"urlTemplate\":\"https:\\\/\\\/inclusivenews.com.br\\\/?s={search_term_string}\"},\"query-input\":{\"@type\":\"PropertyValueSpecification\",\"valueRequired\":true,\"valueName\":\"search_term_string\"}}],\"inLanguage\":\"pt-PT\"},{\"@type\":\"Organization\",\"@id\":\"https:\\\/\\\/inclusivenews.com.br\\\/#organization\",\"name\":\"Inclusive - inclus\u00e3o e cidadania\",\"url\":\"https:\\\/\\\/inclusivenews.com.br\\\/\",\"logo\":{\"@type\":\"ImageObject\",\"inLanguage\":\"pt-PT\",\"@id\":\"https:\\\/\\\/inclusivenews.com.br\\\/#\\\/schema\\\/logo\\\/image\\\/\",\"url\":\"https:\\\/\\\/inclusivenews.com.br\\\/wp-content\\\/uploads\\\/2024\\\/03\\\/@grandesite.png\",\"contentUrl\":\"https:\\\/\\\/inclusivenews.com.br\\\/wp-content\\\/uploads\\\/2024\\\/03\\\/@grandesite.png\",\"width\":1080,\"height\":1080,\"caption\":\"Inclusive - inclus\u00e3o e cidadania\"},\"image\":{\"@id\":\"https:\\\/\\\/inclusivenews.com.br\\\/#\\\/schema\\\/logo\\\/image\\\/\"},\"sameAs\":[\"https:\\\/\\\/www.facebook.com\\\/agenciainclusive\\\/\",\"https:\\\/\\\/www.instagram.com\\\/newsinclusive\\\/\"]},{\"@type\":\"Person\",\"@id\":\"https:\\\/\\\/inclusivenews.com.br\\\/#\\\/schema\\\/person\\\/ae4ec7087559b8692fb33b6fffd2273b\",\"name\":\"inclusivenews2024\",\"image\":{\"@type\":\"ImageObject\",\"inLanguage\":\"pt-PT\",\"@id\":\"https:\\\/\\\/secure.gravatar.com\\\/avatar\\\/c5a7ef84c66fa914f55bc4f7ce26cfa275a3b9a1c5568b907bd184fb4dde7b40?s=96&d=mm&r=g\",\"url\":\"https:\\\/\\\/secure.gravatar.com\\\/avatar\\\/c5a7ef84c66fa914f55bc4f7ce26cfa275a3b9a1c5568b907bd184fb4dde7b40?s=96&d=mm&r=g\",\"contentUrl\":\"https:\\\/\\\/secure.gravatar.com\\\/avatar\\\/c5a7ef84c66fa914f55bc4f7ce26cfa275a3b9a1c5568b907bd184fb4dde7b40?s=96&d=mm&r=g\",\"caption\":\"inclusivenews2024\"},\"sameAs\":[\"https:\\\/\\\/inclusivenews.com.br\"],\"url\":\"https:\\\/\\\/inclusivenews.com.br\\\/?author=1\"}]}<\/script>\n<!-- \/ Yoast SEO plugin. -->","yoast_head_json":{"title":"Preconceito -","robots":{"index":"index","follow":"follow","max-snippet":"max-snippet:-1","max-image-preview":"max-image-preview:large","max-video-preview":"max-video-preview:-1"},"canonical":"https:\/\/inclusivenews.com.br\/?p=23812","og_locale":"pt_PT","og_type":"article","og_title":"Preconceito -","og_description":"Por Andrei Bastos. Passei pelo homem como um b\u00f3lido, mas ouvi que ele disse \u201ca\u00ed, dot\u00f4, s\u00f3 passeando\u2026\u201d, talvez introduzindo o pedido de uns trocados para mais um trago ou mais uma pedra.","og_url":"https:\/\/inclusivenews.com.br\/?p=23812","article_publisher":"https:\/\/www.facebook.com\/agenciainclusive\/","article_published_time":"2012-11-09T18:20:43+00:00","og_image":[{"url":"http:\/\/oanodalargartixa.files.wordpress.com\/2007\/05\/faixa-de-pedestre-3.jpg?w=452&amp;h=165","type":"","width":"","height":""}],"author":"inclusivenews2024","twitter_card":"summary_large_image","twitter_misc":{"Escrito por":"inclusivenews2024","Tempo estimado de leitura":"2 minutos"},"schema":{"@context":"https:\/\/schema.org","@graph":[{"@type":"Article","@id":"https:\/\/inclusivenews.com.br\/?p=23812#article","isPartOf":{"@id":"https:\/\/inclusivenews.com.br\/?p=23812"},"author":{"name":"inclusivenews2024","@id":"https:\/\/inclusivenews.com.br\/#\/schema\/person\/ae4ec7087559b8692fb33b6fffd2273b"},"headline":"Preconceito","datePublished":"2012-11-09T18:20:43+00:00","mainEntityOfPage":{"@id":"https:\/\/inclusivenews.com.br\/?p=23812"},"wordCount":445,"commentCount":1,"publisher":{"@id":"https:\/\/inclusivenews.com.br\/#organization"},"image":{"@id":"https:\/\/inclusivenews.com.br\/?p=23812#primaryimage"},"thumbnailUrl":"http:\/\/oanodalargartixa.files.wordpress.com\/2007\/05\/faixa-de-pedestre-3.jpg?w=452&amp;h=165","articleSection":["OPINI\u00c3O"],"inLanguage":"pt-PT","potentialAction":[{"@type":"CommentAction","name":"Comment","target":["https:\/\/inclusivenews.com.br\/?p=23812#respond"]}]},{"@type":"WebPage","@id":"https:\/\/inclusivenews.com.br\/?p=23812","url":"https:\/\/inclusivenews.com.br\/?p=23812","name":"Preconceito -","isPartOf":{"@id":"https:\/\/inclusivenews.com.br\/#website"},"primaryImageOfPage":{"@id":"https:\/\/inclusivenews.com.br\/?p=23812#primaryimage"},"image":{"@id":"https:\/\/inclusivenews.com.br\/?p=23812#primaryimage"},"thumbnailUrl":"http:\/\/oanodalargartixa.files.wordpress.com\/2007\/05\/faixa-de-pedestre-3.jpg?w=452&amp;h=165","datePublished":"2012-11-09T18:20:43+00:00","breadcrumb":{"@id":"https:\/\/inclusivenews.com.br\/?p=23812#breadcrumb"},"inLanguage":"pt-PT","potentialAction":[{"@type":"ReadAction","target":["https:\/\/inclusivenews.com.br\/?p=23812"]}]},{"@type":"ImageObject","inLanguage":"pt-PT","@id":"https:\/\/inclusivenews.com.br\/?p=23812#primaryimage","url":"http:\/\/oanodalargartixa.files.wordpress.com\/2007\/05\/faixa-de-pedestre-3.jpg?w=452&amp;h=165","contentUrl":"http:\/\/oanodalargartixa.files.wordpress.com\/2007\/05\/faixa-de-pedestre-3.jpg?w=452&amp;h=165"},{"@type":"BreadcrumbList","@id":"https:\/\/inclusivenews.com.br\/?p=23812#breadcrumb","itemListElement":[{"@type":"ListItem","position":1,"name":"In\u00edcio","item":"https:\/\/inclusivenews.com.br\/"},{"@type":"ListItem","position":2,"name":"Preconceito"}]},{"@type":"WebSite","@id":"https:\/\/inclusivenews.com.br\/#website","url":"https:\/\/inclusivenews.com.br\/","name":"Inclusive News","description":"Inclusive News","publisher":{"@id":"https:\/\/inclusivenews.com.br\/#organization"},"potentialAction":[{"@type":"SearchAction","target":{"@type":"EntryPoint","urlTemplate":"https:\/\/inclusivenews.com.br\/?s={search_term_string}"},"query-input":{"@type":"PropertyValueSpecification","valueRequired":true,"valueName":"search_term_string"}}],"inLanguage":"pt-PT"},{"@type":"Organization","@id":"https:\/\/inclusivenews.com.br\/#organization","name":"Inclusive - inclus\u00e3o e cidadania","url":"https:\/\/inclusivenews.com.br\/","logo":{"@type":"ImageObject","inLanguage":"pt-PT","@id":"https:\/\/inclusivenews.com.br\/#\/schema\/logo\/image\/","url":"https:\/\/inclusivenews.com.br\/wp-content\/uploads\/2024\/03\/@grandesite.png","contentUrl":"https:\/\/inclusivenews.com.br\/wp-content\/uploads\/2024\/03\/@grandesite.png","width":1080,"height":1080,"caption":"Inclusive - inclus\u00e3o e cidadania"},"image":{"@id":"https:\/\/inclusivenews.com.br\/#\/schema\/logo\/image\/"},"sameAs":["https:\/\/www.facebook.com\/agenciainclusive\/","https:\/\/www.instagram.com\/newsinclusive\/"]},{"@type":"Person","@id":"https:\/\/inclusivenews.com.br\/#\/schema\/person\/ae4ec7087559b8692fb33b6fffd2273b","name":"inclusivenews2024","image":{"@type":"ImageObject","inLanguage":"pt-PT","@id":"https:\/\/secure.gravatar.com\/avatar\/c5a7ef84c66fa914f55bc4f7ce26cfa275a3b9a1c5568b907bd184fb4dde7b40?s=96&d=mm&r=g","url":"https:\/\/secure.gravatar.com\/avatar\/c5a7ef84c66fa914f55bc4f7ce26cfa275a3b9a1c5568b907bd184fb4dde7b40?s=96&d=mm&r=g","contentUrl":"https:\/\/secure.gravatar.com\/avatar\/c5a7ef84c66fa914f55bc4f7ce26cfa275a3b9a1c5568b907bd184fb4dde7b40?s=96&d=mm&r=g","caption":"inclusivenews2024"},"sameAs":["https:\/\/inclusivenews.com.br"],"url":"https:\/\/inclusivenews.com.br\/?author=1"}]}},"_links":{"self":[{"href":"https:\/\/inclusivenews.com.br\/index.php?rest_route=\/wp\/v2\/posts\/23812","targetHints":{"allow":["GET"]}}],"collection":[{"href":"https:\/\/inclusivenews.com.br\/index.php?rest_route=\/wp\/v2\/posts"}],"about":[{"href":"https:\/\/inclusivenews.com.br\/index.php?rest_route=\/wp\/v2\/types\/post"}],"author":[{"embeddable":true,"href":"https:\/\/inclusivenews.com.br\/index.php?rest_route=\/wp\/v2\/users\/1"}],"replies":[{"embeddable":true,"href":"https:\/\/inclusivenews.com.br\/index.php?rest_route=%2Fwp%2Fv2%2Fcomments&post=23812"}],"version-history":[{"count":0,"href":"https:\/\/inclusivenews.com.br\/index.php?rest_route=\/wp\/v2\/posts\/23812\/revisions"}],"wp:attachment":[{"href":"https:\/\/inclusivenews.com.br\/index.php?rest_route=%2Fwp%2Fv2%2Fmedia&parent=23812"}],"wp:term":[{"taxonomy":"category","embeddable":true,"href":"https:\/\/inclusivenews.com.br\/index.php?rest_route=%2Fwp%2Fv2%2Fcategories&post=23812"},{"taxonomy":"post_tag","embeddable":true,"href":"https:\/\/inclusivenews.com.br\/index.php?rest_route=%2Fwp%2Fv2%2Ftags&post=23812"}],"curies":[{"name":"wp","href":"https:\/\/api.w.org\/{rel}","templated":true}]}}