{"id":23817,"date":"2012-11-21T14:11:32","date_gmt":"2012-11-21T17:11:32","guid":{"rendered":"http:\/\/www.inclusive.org.br\/?p=23817"},"modified":"2012-11-21T14:11:32","modified_gmt":"2012-11-21T17:11:32","slug":"sem-limite-de-jornada-257-mil-meninas-trabalham-como-empregadas-no-pais","status":"publish","type":"post","link":"https:\/\/inclusivenews.com.br\/?p=23817","title":{"rendered":"Sem limite de jornada, 257 mil meninas trabalham como empregadas no pa\u00eds"},"content":{"rendered":"<figure id=\"attachment_20056\" aria-describedby=\"caption-attachment-20056\" style=\"width: 190px\" class=\"wp-caption alignleft\"><img loading=\"lazy\" decoding=\"async\" class=\"size-medium wp-image-20056 \" title=\"Viol\u00eancia - Em fundo preto, impress\u00e3o de palma da m\u00e3o espalmada com tinta branca.\" src=\"http:\/\/inclusivenews.com.br\/wp-content\/uploads\/no-violencia-272x300.jpg\" alt=\"Viol\u00eancia - Em fundo preto, impress\u00e3o de palma da m\u00e3o espalmada com tinta branca.\" width=\"190\" height=\"210\" \/><figcaption id=\"caption-attachment-20056\" class=\"wp-caption-text\"> <\/figcaption><\/figure>\n<p>Queimaduras, unhas amassadas na porta e a l\u00edngua cortada com um alicate s\u00e3o as marcas que Luc\u00e9lia Rodrigues da Silva carrega do tempo em que foi torturada dentro de um apartamento de luxo na capital goiana. Ela tinha apenas 10 anos quando saiu da fam\u00edlia para morar com uma empres\u00e1ria. As promessas de estudo, roupas, presentes e uma vida melhor come\u00e7aram a se dissipar logo. Em pouco tempo, Luc\u00e9lia passou a fazer os trabalhos da casa, ao mesmo tempo em que era agredida. O caso mostra, de uma forma extrema, as consequ\u00eancias de um problema n\u00e3o apenas tolerado, mas estimulado pela sociedade: o trabalho infantil dom\u00e9stico. Embora a viol\u00eancia suportada por Luc\u00e9lia, hoje com 17 anos, n\u00e3o atinja todas as 257 mil crian\u00e7as e adolescentes brasileiros ocupados nesse segmento, os preju\u00edzos s\u00e3o incalcul\u00e1veis.<\/p>\n<p>\u201cMuitas fam\u00edlias pegam a crian\u00e7a ou a adolescente para pagarem menos que o sal\u00e1rio m\u00ednimo, n\u00e3o assinarem carteira. E ainda tentam dar ao gesto um car\u00e1ter nobre, dizendo que est\u00e3o ajudando a menina\u201d, critica Antonio de Oliveira Lima, procurador do trabalho no Cear\u00e1. Ele n\u00e3o ignora a situa\u00e7\u00e3o de pobreza de muitas trabalhadoras infantis, defende escolas em tempo integral e outras pol\u00edticas p\u00fablicas e condena a coniv\u00eancia de quem explora essa m\u00e3o de obra. \u201c\u00c9 um trabalho que se d\u00e1 com 100% de preju\u00edzo do direito fundamental que \u00e9 a conviv\u00eancia familiar e comunit\u00e1ria, as garantias trabalhistas n\u00e3o s\u00e3o respeitadas, sem falar no risco de ass\u00e9dio moral e sexual e de abandono escolar. Fora que muitos trabalhadores dom\u00e9sticos, mesmo os adultos, n\u00e3o s\u00e3o tratados como seres humanos\u201d, completa.<\/p>\n<p>Mais pass\u00edveis de terem os direitos desrespeitados, as trabalhadoras de pouca idade padecem de um outro problema que tamb\u00e9m aflige parte da categoria j\u00e1 adulta: a falta de uma jornada de trabalho regulamentada \u2014 ao contr\u00e1rio das outras profiss\u00f5es que t\u00eam carga m\u00e1xima estabelecida em 44 horas semanais. Um quarto das dom\u00e9sticas brasileiras ultrapassam esse limite, segundo dados do Instituto Brasileiro de Geografia e Estat\u00edstica (IBGE), sem ganharem nada a mais por isso porque tamb\u00e9m n\u00e3o t\u00eam direito a horas extras ou adicionais noturnos. \u201cO que ocorre \u00e9 uma autoriza\u00e7\u00e3o estatal para o subemprego\u201d, afirma o soci\u00f3logo Joaze Bernardino Costa, professor da Universidade de Bras\u00edlia.<\/p>\n<p>A justificativa dos legisladores, desde a concep\u00e7\u00e3o da Constitui\u00e7\u00e3o de 1988, que negou \u00e0s empregadas tais direitos, era de que o trabalho dom\u00e9stico, ao contr\u00e1rio de outros, n\u00e3o tem car\u00e1ter lucrativo, como uma empresa. O argumento, por\u00e9m, \u00e9 cada vez menos considerado, o que levou \u00e0 aprova\u00e7\u00e3o un\u00e2nime de uma proposta de mudan\u00e7a constitucional na \u00faltima semana em comiss\u00e3o da C\u00e2mara dos Deputados. \u201cO discurso n\u00e3o tem a ver com lucratividade, e sim com uma postura discriminadora e machista. Muita gente quer ser servida, mas n\u00e3o quer pagar de forma justa pelos servi\u00e7os de quem cuida dos filhos, dos idosos, dos animais e dos seus bens patrimoniais\u201d, afirma Creuza Maria Oliveira, presidente da Federa\u00e7\u00e3o Nacional das Trabalhadoras Dom\u00e9sticas (Fenatrad).<\/p>\n<p>Fonte: <a href=\"http:\/\/www.correiobraziliense.com.br\/app\/noticia\/especiais\/as-esquecidas-da-abolicao\/2012\/11\/12\/interna_AsEsquecidasDaAbolicao,333175\/sem-limite-de-jornada-257-mil-meninas-trabalham-como-empregadas-no-pais.shtml#.UKGSJsyZcxU.facebook\" target=\"_blank\" rel=\"noopener\">Correio Braziliense<\/a><\/p>\n","protected":false},"excerpt":{"rendered":"<p>Embora a viol\u00eancia suportada por Luc\u00e9lia, hoje com 17 anos, n\u00e3o atinja todas as 257 mil crian\u00e7as e adolescentes brasileiros ocupados nesse segmento, os preju\u00edzos s\u00e3o incalcul\u00e1veis.<\/p>\n","protected":false},"author":1,"featured_media":0,"comment_status":"open","ping_status":"open","sticky":false,"template":"","format":"standard","meta":{"site-container-style":"default","site-container-layout":"default","site-sidebar-layout":"default","disable-article-header":"default","disable-site-header":"default","disable-site-footer":"default","disable-content-area-spacing":"default","footnotes":""},"categories":[11,39,46],"tags":[],"class_list":["post-23817","post","type-post","status-publish","format-standard","hentry","category-direitos-humanos","category-discriminacao","category-mercado-de-trabalho"],"yoast_head":"<!-- This site is optimized with the Yoast SEO plugin v27.4 - https:\/\/yoast.com\/product\/yoast-seo-wordpress\/ -->\n<title>Sem limite de jornada, 257 mil meninas trabalham como empregadas no pa\u00eds -<\/title>\n<meta name=\"robots\" content=\"index, follow, max-snippet:-1, max-image-preview:large, max-video-preview:-1\" \/>\n<link rel=\"canonical\" href=\"https:\/\/inclusivenews.com.br\/?p=23817\" \/>\n<meta property=\"og:locale\" content=\"pt_PT\" \/>\n<meta property=\"og:type\" content=\"article\" \/>\n<meta property=\"og:title\" content=\"Sem limite de jornada, 257 mil meninas trabalham como empregadas no pa\u00eds -\" \/>\n<meta property=\"og:description\" content=\"Embora a viol\u00eancia suportada por Luc\u00e9lia, hoje com 17 anos, n\u00e3o atinja todas as 257 mil crian\u00e7as e adolescentes brasileiros ocupados nesse segmento, os preju\u00edzos s\u00e3o incalcul\u00e1veis.\" \/>\n<meta property=\"og:url\" content=\"https:\/\/inclusivenews.com.br\/?p=23817\" \/>\n<meta property=\"article:publisher\" content=\"https:\/\/www.facebook.com\/agenciainclusive\/\" \/>\n<meta property=\"article:published_time\" content=\"2012-11-21T17:11:32+00:00\" \/>\n<meta property=\"og:image\" content=\"http:\/\/inclusivenews.com.br\/wp-content\/uploads\/no-violencia-272x300.jpg\" \/>\n<meta name=\"author\" content=\"inclusivenews2024\" \/>\n<meta name=\"twitter:card\" content=\"summary_large_image\" \/>\n<meta name=\"twitter:label1\" content=\"Escrito por\" \/>\n\t<meta name=\"twitter:data1\" content=\"inclusivenews2024\" \/>\n\t<meta name=\"twitter:label2\" content=\"Tempo estimado de leitura\" \/>\n\t<meta name=\"twitter:data2\" content=\"3 minutos\" \/>\n<script type=\"application\/ld+json\" class=\"yoast-schema-graph\">{\"@context\":\"https:\\\/\\\/schema.org\",\"@graph\":[{\"@type\":\"Article\",\"@id\":\"https:\\\/\\\/inclusivenews.com.br\\\/?p=23817#article\",\"isPartOf\":{\"@id\":\"https:\\\/\\\/inclusivenews.com.br\\\/?p=23817\"},\"author\":{\"name\":\"inclusivenews2024\",\"@id\":\"https:\\\/\\\/inclusivenews.com.br\\\/#\\\/schema\\\/person\\\/ae4ec7087559b8692fb33b6fffd2273b\"},\"headline\":\"Sem limite de jornada, 257 mil meninas trabalham como empregadas no pa\u00eds\",\"datePublished\":\"2012-11-21T17:11:32+00:00\",\"mainEntityOfPage\":{\"@id\":\"https:\\\/\\\/inclusivenews.com.br\\\/?p=23817\"},\"wordCount\":566,\"commentCount\":0,\"publisher\":{\"@id\":\"https:\\\/\\\/inclusivenews.com.br\\\/#organization\"},\"image\":{\"@id\":\"https:\\\/\\\/inclusivenews.com.br\\\/?p=23817#primaryimage\"},\"thumbnailUrl\":\"http:\\\/\\\/inclusivenews.com.br\\\/wp-content\\\/uploads\\\/no-violencia-272x300.jpg\",\"articleSection\":[\"DIREITOS HUMANOS\",\"Discrimina\u00e7\u00e3o\",\"Mercado de Trabalho\"],\"inLanguage\":\"pt-PT\",\"potentialAction\":[{\"@type\":\"CommentAction\",\"name\":\"Comment\",\"target\":[\"https:\\\/\\\/inclusivenews.com.br\\\/?p=23817#respond\"]}]},{\"@type\":\"WebPage\",\"@id\":\"https:\\\/\\\/inclusivenews.com.br\\\/?p=23817\",\"url\":\"https:\\\/\\\/inclusivenews.com.br\\\/?p=23817\",\"name\":\"Sem limite de jornada, 257 mil meninas trabalham como empregadas no pa\u00eds -\",\"isPartOf\":{\"@id\":\"https:\\\/\\\/inclusivenews.com.br\\\/#website\"},\"primaryImageOfPage\":{\"@id\":\"https:\\\/\\\/inclusivenews.com.br\\\/?p=23817#primaryimage\"},\"image\":{\"@id\":\"https:\\\/\\\/inclusivenews.com.br\\\/?p=23817#primaryimage\"},\"thumbnailUrl\":\"http:\\\/\\\/inclusivenews.com.br\\\/wp-content\\\/uploads\\\/no-violencia-272x300.jpg\",\"datePublished\":\"2012-11-21T17:11:32+00:00\",\"breadcrumb\":{\"@id\":\"https:\\\/\\\/inclusivenews.com.br\\\/?p=23817#breadcrumb\"},\"inLanguage\":\"pt-PT\",\"potentialAction\":[{\"@type\":\"ReadAction\",\"target\":[\"https:\\\/\\\/inclusivenews.com.br\\\/?p=23817\"]}]},{\"@type\":\"ImageObject\",\"inLanguage\":\"pt-PT\",\"@id\":\"https:\\\/\\\/inclusivenews.com.br\\\/?p=23817#primaryimage\",\"url\":\"\",\"contentUrl\":\"\"},{\"@type\":\"BreadcrumbList\",\"@id\":\"https:\\\/\\\/inclusivenews.com.br\\\/?p=23817#breadcrumb\",\"itemListElement\":[{\"@type\":\"ListItem\",\"position\":1,\"name\":\"In\u00edcio\",\"item\":\"https:\\\/\\\/inclusivenews.com.br\\\/\"},{\"@type\":\"ListItem\",\"position\":2,\"name\":\"Sem limite de jornada, 257 mil meninas trabalham como empregadas no pa\u00eds\"}]},{\"@type\":\"WebSite\",\"@id\":\"https:\\\/\\\/inclusivenews.com.br\\\/#website\",\"url\":\"https:\\\/\\\/inclusivenews.com.br\\\/\",\"name\":\"Inclusive News\",\"description\":\"Inclusive News\",\"publisher\":{\"@id\":\"https:\\\/\\\/inclusivenews.com.br\\\/#organization\"},\"potentialAction\":[{\"@type\":\"SearchAction\",\"target\":{\"@type\":\"EntryPoint\",\"urlTemplate\":\"https:\\\/\\\/inclusivenews.com.br\\\/?s={search_term_string}\"},\"query-input\":{\"@type\":\"PropertyValueSpecification\",\"valueRequired\":true,\"valueName\":\"search_term_string\"}}],\"inLanguage\":\"pt-PT\"},{\"@type\":\"Organization\",\"@id\":\"https:\\\/\\\/inclusivenews.com.br\\\/#organization\",\"name\":\"Inclusive - inclus\u00e3o e cidadania\",\"url\":\"https:\\\/\\\/inclusivenews.com.br\\\/\",\"logo\":{\"@type\":\"ImageObject\",\"inLanguage\":\"pt-PT\",\"@id\":\"https:\\\/\\\/inclusivenews.com.br\\\/#\\\/schema\\\/logo\\\/image\\\/\",\"url\":\"https:\\\/\\\/inclusivenews.com.br\\\/wp-content\\\/uploads\\\/2024\\\/03\\\/@grandesite.png\",\"contentUrl\":\"https:\\\/\\\/inclusivenews.com.br\\\/wp-content\\\/uploads\\\/2024\\\/03\\\/@grandesite.png\",\"width\":1080,\"height\":1080,\"caption\":\"Inclusive - inclus\u00e3o e cidadania\"},\"image\":{\"@id\":\"https:\\\/\\\/inclusivenews.com.br\\\/#\\\/schema\\\/logo\\\/image\\\/\"},\"sameAs\":[\"https:\\\/\\\/www.facebook.com\\\/agenciainclusive\\\/\",\"https:\\\/\\\/www.instagram.com\\\/newsinclusive\\\/\"]},{\"@type\":\"Person\",\"@id\":\"https:\\\/\\\/inclusivenews.com.br\\\/#\\\/schema\\\/person\\\/ae4ec7087559b8692fb33b6fffd2273b\",\"name\":\"inclusivenews2024\",\"image\":{\"@type\":\"ImageObject\",\"inLanguage\":\"pt-PT\",\"@id\":\"https:\\\/\\\/secure.gravatar.com\\\/avatar\\\/c5a7ef84c66fa914f55bc4f7ce26cfa275a3b9a1c5568b907bd184fb4dde7b40?s=96&d=mm&r=g\",\"url\":\"https:\\\/\\\/secure.gravatar.com\\\/avatar\\\/c5a7ef84c66fa914f55bc4f7ce26cfa275a3b9a1c5568b907bd184fb4dde7b40?s=96&d=mm&r=g\",\"contentUrl\":\"https:\\\/\\\/secure.gravatar.com\\\/avatar\\\/c5a7ef84c66fa914f55bc4f7ce26cfa275a3b9a1c5568b907bd184fb4dde7b40?s=96&d=mm&r=g\",\"caption\":\"inclusivenews2024\"},\"sameAs\":[\"https:\\\/\\\/inclusivenews.com.br\"],\"url\":\"https:\\\/\\\/inclusivenews.com.br\\\/?author=1\"}]}<\/script>\n<!-- \/ Yoast SEO plugin. -->","yoast_head_json":{"title":"Sem limite de jornada, 257 mil meninas trabalham como empregadas no pa\u00eds -","robots":{"index":"index","follow":"follow","max-snippet":"max-snippet:-1","max-image-preview":"max-image-preview:large","max-video-preview":"max-video-preview:-1"},"canonical":"https:\/\/inclusivenews.com.br\/?p=23817","og_locale":"pt_PT","og_type":"article","og_title":"Sem limite de jornada, 257 mil meninas trabalham como empregadas no pa\u00eds -","og_description":"Embora a viol\u00eancia suportada por Luc\u00e9lia, hoje com 17 anos, n\u00e3o atinja todas as 257 mil crian\u00e7as e adolescentes brasileiros ocupados nesse segmento, os preju\u00edzos s\u00e3o incalcul\u00e1veis.","og_url":"https:\/\/inclusivenews.com.br\/?p=23817","article_publisher":"https:\/\/www.facebook.com\/agenciainclusive\/","article_published_time":"2012-11-21T17:11:32+00:00","og_image":[{"url":"http:\/\/inclusivenews.com.br\/wp-content\/uploads\/no-violencia-272x300.jpg","type":"","width":"","height":""}],"author":"inclusivenews2024","twitter_card":"summary_large_image","twitter_misc":{"Escrito por":"inclusivenews2024","Tempo estimado de leitura":"3 minutos"},"schema":{"@context":"https:\/\/schema.org","@graph":[{"@type":"Article","@id":"https:\/\/inclusivenews.com.br\/?p=23817#article","isPartOf":{"@id":"https:\/\/inclusivenews.com.br\/?p=23817"},"author":{"name":"inclusivenews2024","@id":"https:\/\/inclusivenews.com.br\/#\/schema\/person\/ae4ec7087559b8692fb33b6fffd2273b"},"headline":"Sem limite de jornada, 257 mil meninas trabalham como empregadas no pa\u00eds","datePublished":"2012-11-21T17:11:32+00:00","mainEntityOfPage":{"@id":"https:\/\/inclusivenews.com.br\/?p=23817"},"wordCount":566,"commentCount":0,"publisher":{"@id":"https:\/\/inclusivenews.com.br\/#organization"},"image":{"@id":"https:\/\/inclusivenews.com.br\/?p=23817#primaryimage"},"thumbnailUrl":"http:\/\/inclusivenews.com.br\/wp-content\/uploads\/no-violencia-272x300.jpg","articleSection":["DIREITOS HUMANOS","Discrimina\u00e7\u00e3o","Mercado de Trabalho"],"inLanguage":"pt-PT","potentialAction":[{"@type":"CommentAction","name":"Comment","target":["https:\/\/inclusivenews.com.br\/?p=23817#respond"]}]},{"@type":"WebPage","@id":"https:\/\/inclusivenews.com.br\/?p=23817","url":"https:\/\/inclusivenews.com.br\/?p=23817","name":"Sem limite de jornada, 257 mil meninas trabalham como empregadas no pa\u00eds -","isPartOf":{"@id":"https:\/\/inclusivenews.com.br\/#website"},"primaryImageOfPage":{"@id":"https:\/\/inclusivenews.com.br\/?p=23817#primaryimage"},"image":{"@id":"https:\/\/inclusivenews.com.br\/?p=23817#primaryimage"},"thumbnailUrl":"http:\/\/inclusivenews.com.br\/wp-content\/uploads\/no-violencia-272x300.jpg","datePublished":"2012-11-21T17:11:32+00:00","breadcrumb":{"@id":"https:\/\/inclusivenews.com.br\/?p=23817#breadcrumb"},"inLanguage":"pt-PT","potentialAction":[{"@type":"ReadAction","target":["https:\/\/inclusivenews.com.br\/?p=23817"]}]},{"@type":"ImageObject","inLanguage":"pt-PT","@id":"https:\/\/inclusivenews.com.br\/?p=23817#primaryimage","url":"","contentUrl":""},{"@type":"BreadcrumbList","@id":"https:\/\/inclusivenews.com.br\/?p=23817#breadcrumb","itemListElement":[{"@type":"ListItem","position":1,"name":"In\u00edcio","item":"https:\/\/inclusivenews.com.br\/"},{"@type":"ListItem","position":2,"name":"Sem limite de jornada, 257 mil meninas trabalham como empregadas no pa\u00eds"}]},{"@type":"WebSite","@id":"https:\/\/inclusivenews.com.br\/#website","url":"https:\/\/inclusivenews.com.br\/","name":"Inclusive News","description":"Inclusive News","publisher":{"@id":"https:\/\/inclusivenews.com.br\/#organization"},"potentialAction":[{"@type":"SearchAction","target":{"@type":"EntryPoint","urlTemplate":"https:\/\/inclusivenews.com.br\/?s={search_term_string}"},"query-input":{"@type":"PropertyValueSpecification","valueRequired":true,"valueName":"search_term_string"}}],"inLanguage":"pt-PT"},{"@type":"Organization","@id":"https:\/\/inclusivenews.com.br\/#organization","name":"Inclusive - inclus\u00e3o e cidadania","url":"https:\/\/inclusivenews.com.br\/","logo":{"@type":"ImageObject","inLanguage":"pt-PT","@id":"https:\/\/inclusivenews.com.br\/#\/schema\/logo\/image\/","url":"https:\/\/inclusivenews.com.br\/wp-content\/uploads\/2024\/03\/@grandesite.png","contentUrl":"https:\/\/inclusivenews.com.br\/wp-content\/uploads\/2024\/03\/@grandesite.png","width":1080,"height":1080,"caption":"Inclusive - inclus\u00e3o e cidadania"},"image":{"@id":"https:\/\/inclusivenews.com.br\/#\/schema\/logo\/image\/"},"sameAs":["https:\/\/www.facebook.com\/agenciainclusive\/","https:\/\/www.instagram.com\/newsinclusive\/"]},{"@type":"Person","@id":"https:\/\/inclusivenews.com.br\/#\/schema\/person\/ae4ec7087559b8692fb33b6fffd2273b","name":"inclusivenews2024","image":{"@type":"ImageObject","inLanguage":"pt-PT","@id":"https:\/\/secure.gravatar.com\/avatar\/c5a7ef84c66fa914f55bc4f7ce26cfa275a3b9a1c5568b907bd184fb4dde7b40?s=96&d=mm&r=g","url":"https:\/\/secure.gravatar.com\/avatar\/c5a7ef84c66fa914f55bc4f7ce26cfa275a3b9a1c5568b907bd184fb4dde7b40?s=96&d=mm&r=g","contentUrl":"https:\/\/secure.gravatar.com\/avatar\/c5a7ef84c66fa914f55bc4f7ce26cfa275a3b9a1c5568b907bd184fb4dde7b40?s=96&d=mm&r=g","caption":"inclusivenews2024"},"sameAs":["https:\/\/inclusivenews.com.br"],"url":"https:\/\/inclusivenews.com.br\/?author=1"}]}},"_links":{"self":[{"href":"https:\/\/inclusivenews.com.br\/index.php?rest_route=\/wp\/v2\/posts\/23817","targetHints":{"allow":["GET"]}}],"collection":[{"href":"https:\/\/inclusivenews.com.br\/index.php?rest_route=\/wp\/v2\/posts"}],"about":[{"href":"https:\/\/inclusivenews.com.br\/index.php?rest_route=\/wp\/v2\/types\/post"}],"author":[{"embeddable":true,"href":"https:\/\/inclusivenews.com.br\/index.php?rest_route=\/wp\/v2\/users\/1"}],"replies":[{"embeddable":true,"href":"https:\/\/inclusivenews.com.br\/index.php?rest_route=%2Fwp%2Fv2%2Fcomments&post=23817"}],"version-history":[{"count":0,"href":"https:\/\/inclusivenews.com.br\/index.php?rest_route=\/wp\/v2\/posts\/23817\/revisions"}],"wp:attachment":[{"href":"https:\/\/inclusivenews.com.br\/index.php?rest_route=%2Fwp%2Fv2%2Fmedia&parent=23817"}],"wp:term":[{"taxonomy":"category","embeddable":true,"href":"https:\/\/inclusivenews.com.br\/index.php?rest_route=%2Fwp%2Fv2%2Fcategories&post=23817"},{"taxonomy":"post_tag","embeddable":true,"href":"https:\/\/inclusivenews.com.br\/index.php?rest_route=%2Fwp%2Fv2%2Ftags&post=23817"}],"curies":[{"name":"wp","href":"https:\/\/api.w.org\/{rel}","templated":true}]}}