{"id":23824,"date":"2012-11-21T14:11:43","date_gmt":"2012-11-21T17:11:43","guid":{"rendered":"http:\/\/www.inclusive.org.br\/?p=23824"},"modified":"2012-11-21T14:11:43","modified_gmt":"2012-11-21T17:11:43","slug":"o-racismo-faz-mal-a-saude","status":"publish","type":"post","link":"https:\/\/inclusivenews.com.br\/?p=23824","title":{"rendered":"O racismo faz mal \u00e0 sa\u00fade"},"content":{"rendered":"<figure id=\"attachment_18488\" aria-describedby=\"caption-attachment-18488\" style=\"width: 250px\" class=\"wp-caption alignleft\"><img loading=\"lazy\" decoding=\"async\" class=\"size-full wp-image-18488 \" title=\"Ao fundo pe\u00e7as brancas de jogo de xadrez, em primeiro plano, um pe\u00e3o preto.\" src=\"http:\/\/inclusivenews.com.br\/wp-content\/uploads\/2011\/02\/racismo.jpg\" alt=\"Ao fundo pe\u00e7as brancas de jogo de xadrez, em primeiro plano, um pe\u00e3o preto.\" width=\"250\" height=\"168\" \/><figcaption id=\"caption-attachment-18488\" class=\"wp-caption-text\"> <\/figcaption><\/figure>\n<p><em>Por Fabiana Frayssinet<br \/>\nda IPS\/Envolverde<\/em><\/p>\n<p>Entre a emerg\u00eancia de uma parturiente negra e uma branca, o m\u00e9dico brasileiro escolhe a branca porque \u201cas negras s\u00e3o mais resistentes \u00e0 dor e est\u00e3o acostumadas a parir\u201d. As conven\u00e7\u00f5es culturais e sociais brasileiras \u201cimputam ao negro condi\u00e7\u00f5es de estere\u00f3tipo, que fazem com que n\u00e3o tenha as mesmas garantias de tratamento da sa\u00fade que um branco\u201d, disse \u00e0 IPS a psic\u00f3loga Crisfanny Souza Soares, da Rede Nacional de Controle Social e Sa\u00fade da Popula\u00e7\u00e3o Negra. Estes estere\u00f3tipos refletem um racismo que faz mal \u00e0 sa\u00fade e que uma campanha tenta extirpar do sistema hospitalar brasileiro.<\/p>\n<p>Dos 192 milh\u00f5es de brasileiros, metade se reconhece como negra. A Mobiliza\u00e7\u00e3o Nacional Pr\u00f3-Sa\u00fade da Popula\u00e7\u00e3o Negra, foi lan\u00e7ada este ano por organiza\u00e7\u00f5es de afro-brasileiros, com apoio do Fundo de Popula\u00e7\u00e3o das Na\u00e7\u00f5es Unidas (UNFPA). Sob o lema \u201cVida longa, com sa\u00fade e sem racismo\u201d, o objetivo da campanha \u00e9 a sa\u00fade integral em todas as fases da vida, incentivando a sociedade, e em particular o sistema sanit\u00e1rio, a combater a discrimina\u00e7\u00e3o para reduzir os altos \u00edndices de mortalidade da popula\u00e7\u00e3o de origem africana.<\/p>\n<p>\u201cPraticamente, todos os \u00edndices de sa\u00fade da mulher negra s\u00e3o piores do que os da branca. Em uma consulta sobre c\u00e2ncer de mama, as negras s\u00e3o menos apalpadas do que as brancas; e recebem menos anestesia no parto\u201d, afirma Crisfanny. O Minist\u00e9rio da Sa\u00fade, que desde 2006 impulsiona uma pol\u00edtica nacional integral para este grupo de popula\u00e7\u00e3o no contexto do Sistema \u00danico de Sa\u00fade (SUS), realiza estudos para detectar este tipo de situa\u00e7\u00e3o.<\/p>\n<p>\u201cA ideia de que a popula\u00e7\u00e3o negra \u00e9 mais resistente \u00e0 dor e tem melhores condi\u00e7\u00f5es de conviver com a doen\u00e7a est\u00e1 presente em todo o sistema de sa\u00fade, desde os t\u00e9cnicos de enfermagem at\u00e9 os m\u00e9dicos\u201d, afirmou Deise Queiroz, coordenadora da Articula\u00e7\u00e3o de Jovens Negras, da Bahia. Ela conhece bem isso, especialmente porque sua m\u00e3e, que sofre de diabete e press\u00e3o alta, deve recorrer com frequ\u00eancia ao sistema p\u00fablico de sa\u00fade. Segundo a ativista, o SUS, que foi um modelo de democratiza\u00e7\u00e3o do servi\u00e7o de sa\u00fade, hoje n\u00e3o consegue atender tanta demanda, e \u201cas atitudes racistas ficam mais evidentes\u201d.<\/p>\n<p>A Constitui\u00e7\u00e3o determina que a sa\u00fade \u00e9 um direito universal e o Estado tem o dever de proporcion\u00e1-la. O SUS estabelece que \u201ctodas as pessoas t\u00eam direito ao tratamento de qualidade humanizado e sem nenhuma discrimina\u00e7\u00e3o\u201d. Entretanto, o racismo se infiltra aberta ou sutilmente. \u201cEle se incorpora nas condi\u00e7\u00f5es de vida da popula\u00e7\u00e3o, na organiza\u00e7\u00e3o dos servi\u00e7os de sa\u00fade e na formula\u00e7\u00e3o de pol\u00edticas\u201d, explicou \u00e0 IPS a representante auxiliar do UNFPA no Brasil, Fernanda Lopes. \u201cPor isto \u00e9 necess\u00e1rio construir pol\u00edticas espec\u00edficas de equidade\u201d, afirmou.<\/p>\n<p>Um estudo epidemiol\u00f3gico do Minist\u00e9rio da Sa\u00fade apresenta informa\u00e7\u00e3o espec\u00edfica para ajudar a preencher esses vazios, ao comparar indicadores como assist\u00eancia pr\u00e9-natal por ra\u00e7a, cor e etnia. Tamb\u00e9m analisa outros aspectos, como o direito e o acesso a planejamento familiar, que \u00e9 mais prec\u00e1rio entre as afrodescendentes. Precisamente este aspecto \u00e9 o centro do informe mundial do UNFPA, apresentado no dia 14, com o t\u00edtulo Sim \u00e0 Op\u00e7\u00e3o, n\u00e3o ao Acaso \u2013 Planejamento da Fam\u00edlia, Direitos Humanos e Desenvolvimento.<\/p>\n<p>Por exemplo, 19% das crian\u00e7as nascidas vivas s\u00e3o de m\u00e3es adolescentes brancas entre 15 e 19 anos. Contudo, a incid\u00eancia de gravidez em adolescentes \u00e9 de 29% entre as jovens afro-brasileiras da mesma faixa et\u00e1ria. Al\u00e9m disso, enquanto 62% das m\u00e3es de crian\u00e7as brancas informavam ter realizado sete ou mais consultas pr\u00e9-natais, apenas 37% das m\u00e3es de rec\u00e9m-nascidos mulatos e negros realizaram essa quantidade de exames antes do parto.<\/p>\n<p>A mortalidade infantil tamb\u00e9m apresenta disparidades. O risco de uma crian\u00e7a negra ou mulata morrer antes dos cinco anos de idade por doen\u00e7as infecciosas e parasit\u00e1rias \u00e9 60% maior em rela\u00e7\u00e3o a uma crian\u00e7a branca. E o de morte por desnutri\u00e7\u00e3o \u00e9 90% superior. O estudo tamb\u00e9m constatou que morrem mais gr\u00e1vidas afrodescendentes do que brancas por causas vinculadas \u00e0 gesta\u00e7\u00e3o, como hipertens\u00e3o.<\/p>\n<p>\u201cDizem que os piores \u00edndices sanit\u00e1rios da popula\u00e7\u00e3o negra se deve ao fato de a maioria ser pobre e, por isso, mais vulner\u00e1vel\u201d, apontou Crisfanny. Por\u00e9m, n\u00e3o se pode negar outras vari\u00e1veis estritamente racistas, advertiu. \u201cSe em um hospital vemos dois jovens baleados, \u00e9 mais f\u00e1cil o imagin\u00e1rio cultural colocar o branco no papel de v\u00edtima, enquanto o negro estaria ali porque se envolveu em um crime\u201d, ressaltou a psic\u00f3loga, afirmando que \u00e0s vezes essa refer\u00eancia \u201cfaz com que um profissional estabele\u00e7a prioridades no atendimento\u201d.<\/p>\n<p>Outra preocupa\u00e7\u00e3o se refere \u00e0s doen\u00e7as prevalentes na popula\u00e7\u00e3o afrodescendente, como anemia falciforme, diabete mellitus Tipo II e hipertens\u00e3o, que o sistema sanit\u00e1rio n\u00e3o est\u00e1 preparado para abordar de maneira espec\u00edfica. As mulheres negras t\u00eam 50% mais possibilidades de desenvolver esse tipo de diabete, com o agravante de a hipertens\u00e3o arterial entre elas ser duas vezes maior do que na popula\u00e7\u00e3o em geral.<\/p>\n<p>O mesmo ocorre com a anemia falciforme, que poderia ser detectada nos rec\u00e9m-nascidos. Segundo a Mobiliza\u00e7\u00e3o Nacional Pr\u00f3-Sa\u00fade, cerca de 3.500 crian\u00e7as brasileiras nascem a cada ano com essa enfermidade, fazendo dela a doen\u00e7a gen\u00e9tica de maior incid\u00eancia no pa\u00eds. \u201cA popula\u00e7\u00e3o negra morre, em geral, mais cedo, e suas mortes por causas evit\u00e1veis s\u00e3o mais frequentes\u201d, pontuou Fernanda. Por isso, uma pol\u00edtica para combater a discrimina\u00e7\u00e3o na sa\u00fade \u201cchega para minimizar o impacto das desigualdades hist\u00f3ricas mediante estrat\u00e9gias de a\u00e7\u00e3o afirmativa\u201d, acrescentou.<\/p>\n<p>O UNFPA contribui com o governo e o movimento negro para fortalecer essa pol\u00edtica e a forma\u00e7\u00e3o profissional que deve acompanh\u00e1-la. \u201cO desafio \u00e9 responder por que, em um pa\u00eds onde a popula\u00e7\u00e3o negra representa 50,3% do total, temos um quadro sanit\u00e1rio t\u00e3o diferenciado\u201d entre negros e brancos, admite o Minist\u00e9rio da Sa\u00fade.<\/p>\n<p>Fonte: Envolverde\/IPS<\/p>\n","protected":false},"excerpt":{"rendered":"<p>Entre a emerg\u00eancia de uma parturiente negra e uma branca, o m\u00e9dico brasileiro escolhe a branca porque \u201cas negras s\u00e3o mais resistentes \u00e0 dor e est\u00e3o acostumadas a parir\u201d. Reportagem da IPS.<\/p>\n","protected":false},"author":1,"featured_media":0,"comment_status":"open","ping_status":"open","sticky":false,"template":"","format":"standard","meta":{"site-container-style":"default","site-container-layout":"default","site-sidebar-layout":"default","disable-article-header":"default","disable-site-header":"default","disable-site-footer":"default","disable-content-area-spacing":"default","footnotes":""},"categories":[11,4],"tags":[],"class_list":["post-23824","post","type-post","status-publish","format-standard","hentry","category-direitos-humanos","category-noticias"],"yoast_head":"<!-- This site is optimized with the Yoast SEO plugin v27.4 - https:\/\/yoast.com\/product\/yoast-seo-wordpress\/ -->\n<title>O racismo faz mal \u00e0 sa\u00fade -<\/title>\n<meta name=\"robots\" content=\"index, follow, max-snippet:-1, max-image-preview:large, max-video-preview:-1\" \/>\n<link rel=\"canonical\" href=\"https:\/\/inclusivenews.com.br\/?p=23824\" \/>\n<meta property=\"og:locale\" content=\"pt_PT\" \/>\n<meta property=\"og:type\" content=\"article\" \/>\n<meta property=\"og:title\" content=\"O racismo faz mal \u00e0 sa\u00fade -\" \/>\n<meta property=\"og:description\" content=\"Entre a emerg\u00eancia de uma parturiente negra e uma branca, o m\u00e9dico brasileiro escolhe a branca porque \u201cas negras s\u00e3o mais resistentes \u00e0 dor e est\u00e3o acostumadas a parir\u201d. Reportagem da IPS.\" \/>\n<meta property=\"og:url\" content=\"https:\/\/inclusivenews.com.br\/?p=23824\" \/>\n<meta property=\"article:publisher\" content=\"https:\/\/www.facebook.com\/agenciainclusive\/\" \/>\n<meta property=\"article:published_time\" content=\"2012-11-21T17:11:43+00:00\" \/>\n<meta property=\"og:image\" content=\"http:\/\/inclusivenews.com.br\/wp-content\/uploads\/2011\/02\/racismo.jpg\" \/>\n<meta name=\"author\" content=\"inclusivenews2024\" \/>\n<meta name=\"twitter:card\" content=\"summary_large_image\" \/>\n<meta name=\"twitter:label1\" content=\"Escrito por\" \/>\n\t<meta name=\"twitter:data1\" content=\"inclusivenews2024\" \/>\n\t<meta name=\"twitter:label2\" content=\"Tempo estimado de leitura\" \/>\n\t<meta name=\"twitter:data2\" content=\"5 minutos\" \/>\n<script type=\"application\/ld+json\" class=\"yoast-schema-graph\">{\"@context\":\"https:\\\/\\\/schema.org\",\"@graph\":[{\"@type\":\"Article\",\"@id\":\"https:\\\/\\\/inclusivenews.com.br\\\/?p=23824#article\",\"isPartOf\":{\"@id\":\"https:\\\/\\\/inclusivenews.com.br\\\/?p=23824\"},\"author\":{\"name\":\"inclusivenews2024\",\"@id\":\"https:\\\/\\\/inclusivenews.com.br\\\/#\\\/schema\\\/person\\\/ae4ec7087559b8692fb33b6fffd2273b\"},\"headline\":\"O racismo faz mal \u00e0 sa\u00fade\",\"datePublished\":\"2012-11-21T17:11:43+00:00\",\"mainEntityOfPage\":{\"@id\":\"https:\\\/\\\/inclusivenews.com.br\\\/?p=23824\"},\"wordCount\":1078,\"commentCount\":0,\"publisher\":{\"@id\":\"https:\\\/\\\/inclusivenews.com.br\\\/#organization\"},\"image\":{\"@id\":\"https:\\\/\\\/inclusivenews.com.br\\\/?p=23824#primaryimage\"},\"thumbnailUrl\":\"http:\\\/\\\/inclusivenews.com.br\\\/wp-content\\\/uploads\\\/2011\\\/02\\\/racismo.jpg\",\"articleSection\":[\"DIREITOS HUMANOS\",\"NOT\u00cdCIAS\"],\"inLanguage\":\"pt-PT\",\"potentialAction\":[{\"@type\":\"CommentAction\",\"name\":\"Comment\",\"target\":[\"https:\\\/\\\/inclusivenews.com.br\\\/?p=23824#respond\"]}]},{\"@type\":\"WebPage\",\"@id\":\"https:\\\/\\\/inclusivenews.com.br\\\/?p=23824\",\"url\":\"https:\\\/\\\/inclusivenews.com.br\\\/?p=23824\",\"name\":\"O racismo faz mal \u00e0 sa\u00fade -\",\"isPartOf\":{\"@id\":\"https:\\\/\\\/inclusivenews.com.br\\\/#website\"},\"primaryImageOfPage\":{\"@id\":\"https:\\\/\\\/inclusivenews.com.br\\\/?p=23824#primaryimage\"},\"image\":{\"@id\":\"https:\\\/\\\/inclusivenews.com.br\\\/?p=23824#primaryimage\"},\"thumbnailUrl\":\"http:\\\/\\\/inclusivenews.com.br\\\/wp-content\\\/uploads\\\/2011\\\/02\\\/racismo.jpg\",\"datePublished\":\"2012-11-21T17:11:43+00:00\",\"breadcrumb\":{\"@id\":\"https:\\\/\\\/inclusivenews.com.br\\\/?p=23824#breadcrumb\"},\"inLanguage\":\"pt-PT\",\"potentialAction\":[{\"@type\":\"ReadAction\",\"target\":[\"https:\\\/\\\/inclusivenews.com.br\\\/?p=23824\"]}]},{\"@type\":\"ImageObject\",\"inLanguage\":\"pt-PT\",\"@id\":\"https:\\\/\\\/inclusivenews.com.br\\\/?p=23824#primaryimage\",\"url\":\"\",\"contentUrl\":\"\"},{\"@type\":\"BreadcrumbList\",\"@id\":\"https:\\\/\\\/inclusivenews.com.br\\\/?p=23824#breadcrumb\",\"itemListElement\":[{\"@type\":\"ListItem\",\"position\":1,\"name\":\"In\u00edcio\",\"item\":\"https:\\\/\\\/inclusivenews.com.br\\\/\"},{\"@type\":\"ListItem\",\"position\":2,\"name\":\"O racismo faz mal \u00e0 sa\u00fade\"}]},{\"@type\":\"WebSite\",\"@id\":\"https:\\\/\\\/inclusivenews.com.br\\\/#website\",\"url\":\"https:\\\/\\\/inclusivenews.com.br\\\/\",\"name\":\"Inclusive News\",\"description\":\"Inclusive News\",\"publisher\":{\"@id\":\"https:\\\/\\\/inclusivenews.com.br\\\/#organization\"},\"potentialAction\":[{\"@type\":\"SearchAction\",\"target\":{\"@type\":\"EntryPoint\",\"urlTemplate\":\"https:\\\/\\\/inclusivenews.com.br\\\/?s={search_term_string}\"},\"query-input\":{\"@type\":\"PropertyValueSpecification\",\"valueRequired\":true,\"valueName\":\"search_term_string\"}}],\"inLanguage\":\"pt-PT\"},{\"@type\":\"Organization\",\"@id\":\"https:\\\/\\\/inclusivenews.com.br\\\/#organization\",\"name\":\"Inclusive - inclus\u00e3o e cidadania\",\"url\":\"https:\\\/\\\/inclusivenews.com.br\\\/\",\"logo\":{\"@type\":\"ImageObject\",\"inLanguage\":\"pt-PT\",\"@id\":\"https:\\\/\\\/inclusivenews.com.br\\\/#\\\/schema\\\/logo\\\/image\\\/\",\"url\":\"https:\\\/\\\/inclusivenews.com.br\\\/wp-content\\\/uploads\\\/2024\\\/03\\\/@grandesite.png\",\"contentUrl\":\"https:\\\/\\\/inclusivenews.com.br\\\/wp-content\\\/uploads\\\/2024\\\/03\\\/@grandesite.png\",\"width\":1080,\"height\":1080,\"caption\":\"Inclusive - inclus\u00e3o e cidadania\"},\"image\":{\"@id\":\"https:\\\/\\\/inclusivenews.com.br\\\/#\\\/schema\\\/logo\\\/image\\\/\"},\"sameAs\":[\"https:\\\/\\\/www.facebook.com\\\/agenciainclusive\\\/\",\"https:\\\/\\\/www.instagram.com\\\/newsinclusive\\\/\"]},{\"@type\":\"Person\",\"@id\":\"https:\\\/\\\/inclusivenews.com.br\\\/#\\\/schema\\\/person\\\/ae4ec7087559b8692fb33b6fffd2273b\",\"name\":\"inclusivenews2024\",\"image\":{\"@type\":\"ImageObject\",\"inLanguage\":\"pt-PT\",\"@id\":\"https:\\\/\\\/secure.gravatar.com\\\/avatar\\\/c5a7ef84c66fa914f55bc4f7ce26cfa275a3b9a1c5568b907bd184fb4dde7b40?s=96&d=mm&r=g\",\"url\":\"https:\\\/\\\/secure.gravatar.com\\\/avatar\\\/c5a7ef84c66fa914f55bc4f7ce26cfa275a3b9a1c5568b907bd184fb4dde7b40?s=96&d=mm&r=g\",\"contentUrl\":\"https:\\\/\\\/secure.gravatar.com\\\/avatar\\\/c5a7ef84c66fa914f55bc4f7ce26cfa275a3b9a1c5568b907bd184fb4dde7b40?s=96&d=mm&r=g\",\"caption\":\"inclusivenews2024\"},\"sameAs\":[\"https:\\\/\\\/inclusivenews.com.br\"],\"url\":\"https:\\\/\\\/inclusivenews.com.br\\\/?author=1\"}]}<\/script>\n<!-- \/ Yoast SEO plugin. -->","yoast_head_json":{"title":"O racismo faz mal \u00e0 sa\u00fade -","robots":{"index":"index","follow":"follow","max-snippet":"max-snippet:-1","max-image-preview":"max-image-preview:large","max-video-preview":"max-video-preview:-1"},"canonical":"https:\/\/inclusivenews.com.br\/?p=23824","og_locale":"pt_PT","og_type":"article","og_title":"O racismo faz mal \u00e0 sa\u00fade -","og_description":"Entre a emerg\u00eancia de uma parturiente negra e uma branca, o m\u00e9dico brasileiro escolhe a branca porque \u201cas negras s\u00e3o mais resistentes \u00e0 dor e est\u00e3o acostumadas a parir\u201d. Reportagem da IPS.","og_url":"https:\/\/inclusivenews.com.br\/?p=23824","article_publisher":"https:\/\/www.facebook.com\/agenciainclusive\/","article_published_time":"2012-11-21T17:11:43+00:00","og_image":[{"url":"http:\/\/inclusivenews.com.br\/wp-content\/uploads\/2011\/02\/racismo.jpg","type":"","width":"","height":""}],"author":"inclusivenews2024","twitter_card":"summary_large_image","twitter_misc":{"Escrito por":"inclusivenews2024","Tempo estimado de leitura":"5 minutos"},"schema":{"@context":"https:\/\/schema.org","@graph":[{"@type":"Article","@id":"https:\/\/inclusivenews.com.br\/?p=23824#article","isPartOf":{"@id":"https:\/\/inclusivenews.com.br\/?p=23824"},"author":{"name":"inclusivenews2024","@id":"https:\/\/inclusivenews.com.br\/#\/schema\/person\/ae4ec7087559b8692fb33b6fffd2273b"},"headline":"O racismo faz mal \u00e0 sa\u00fade","datePublished":"2012-11-21T17:11:43+00:00","mainEntityOfPage":{"@id":"https:\/\/inclusivenews.com.br\/?p=23824"},"wordCount":1078,"commentCount":0,"publisher":{"@id":"https:\/\/inclusivenews.com.br\/#organization"},"image":{"@id":"https:\/\/inclusivenews.com.br\/?p=23824#primaryimage"},"thumbnailUrl":"http:\/\/inclusivenews.com.br\/wp-content\/uploads\/2011\/02\/racismo.jpg","articleSection":["DIREITOS HUMANOS","NOT\u00cdCIAS"],"inLanguage":"pt-PT","potentialAction":[{"@type":"CommentAction","name":"Comment","target":["https:\/\/inclusivenews.com.br\/?p=23824#respond"]}]},{"@type":"WebPage","@id":"https:\/\/inclusivenews.com.br\/?p=23824","url":"https:\/\/inclusivenews.com.br\/?p=23824","name":"O racismo faz mal \u00e0 sa\u00fade -","isPartOf":{"@id":"https:\/\/inclusivenews.com.br\/#website"},"primaryImageOfPage":{"@id":"https:\/\/inclusivenews.com.br\/?p=23824#primaryimage"},"image":{"@id":"https:\/\/inclusivenews.com.br\/?p=23824#primaryimage"},"thumbnailUrl":"http:\/\/inclusivenews.com.br\/wp-content\/uploads\/2011\/02\/racismo.jpg","datePublished":"2012-11-21T17:11:43+00:00","breadcrumb":{"@id":"https:\/\/inclusivenews.com.br\/?p=23824#breadcrumb"},"inLanguage":"pt-PT","potentialAction":[{"@type":"ReadAction","target":["https:\/\/inclusivenews.com.br\/?p=23824"]}]},{"@type":"ImageObject","inLanguage":"pt-PT","@id":"https:\/\/inclusivenews.com.br\/?p=23824#primaryimage","url":"","contentUrl":""},{"@type":"BreadcrumbList","@id":"https:\/\/inclusivenews.com.br\/?p=23824#breadcrumb","itemListElement":[{"@type":"ListItem","position":1,"name":"In\u00edcio","item":"https:\/\/inclusivenews.com.br\/"},{"@type":"ListItem","position":2,"name":"O racismo faz mal \u00e0 sa\u00fade"}]},{"@type":"WebSite","@id":"https:\/\/inclusivenews.com.br\/#website","url":"https:\/\/inclusivenews.com.br\/","name":"Inclusive News","description":"Inclusive News","publisher":{"@id":"https:\/\/inclusivenews.com.br\/#organization"},"potentialAction":[{"@type":"SearchAction","target":{"@type":"EntryPoint","urlTemplate":"https:\/\/inclusivenews.com.br\/?s={search_term_string}"},"query-input":{"@type":"PropertyValueSpecification","valueRequired":true,"valueName":"search_term_string"}}],"inLanguage":"pt-PT"},{"@type":"Organization","@id":"https:\/\/inclusivenews.com.br\/#organization","name":"Inclusive - inclus\u00e3o e cidadania","url":"https:\/\/inclusivenews.com.br\/","logo":{"@type":"ImageObject","inLanguage":"pt-PT","@id":"https:\/\/inclusivenews.com.br\/#\/schema\/logo\/image\/","url":"https:\/\/inclusivenews.com.br\/wp-content\/uploads\/2024\/03\/@grandesite.png","contentUrl":"https:\/\/inclusivenews.com.br\/wp-content\/uploads\/2024\/03\/@grandesite.png","width":1080,"height":1080,"caption":"Inclusive - inclus\u00e3o e cidadania"},"image":{"@id":"https:\/\/inclusivenews.com.br\/#\/schema\/logo\/image\/"},"sameAs":["https:\/\/www.facebook.com\/agenciainclusive\/","https:\/\/www.instagram.com\/newsinclusive\/"]},{"@type":"Person","@id":"https:\/\/inclusivenews.com.br\/#\/schema\/person\/ae4ec7087559b8692fb33b6fffd2273b","name":"inclusivenews2024","image":{"@type":"ImageObject","inLanguage":"pt-PT","@id":"https:\/\/secure.gravatar.com\/avatar\/c5a7ef84c66fa914f55bc4f7ce26cfa275a3b9a1c5568b907bd184fb4dde7b40?s=96&d=mm&r=g","url":"https:\/\/secure.gravatar.com\/avatar\/c5a7ef84c66fa914f55bc4f7ce26cfa275a3b9a1c5568b907bd184fb4dde7b40?s=96&d=mm&r=g","contentUrl":"https:\/\/secure.gravatar.com\/avatar\/c5a7ef84c66fa914f55bc4f7ce26cfa275a3b9a1c5568b907bd184fb4dde7b40?s=96&d=mm&r=g","caption":"inclusivenews2024"},"sameAs":["https:\/\/inclusivenews.com.br"],"url":"https:\/\/inclusivenews.com.br\/?author=1"}]}},"_links":{"self":[{"href":"https:\/\/inclusivenews.com.br\/index.php?rest_route=\/wp\/v2\/posts\/23824","targetHints":{"allow":["GET"]}}],"collection":[{"href":"https:\/\/inclusivenews.com.br\/index.php?rest_route=\/wp\/v2\/posts"}],"about":[{"href":"https:\/\/inclusivenews.com.br\/index.php?rest_route=\/wp\/v2\/types\/post"}],"author":[{"embeddable":true,"href":"https:\/\/inclusivenews.com.br\/index.php?rest_route=\/wp\/v2\/users\/1"}],"replies":[{"embeddable":true,"href":"https:\/\/inclusivenews.com.br\/index.php?rest_route=%2Fwp%2Fv2%2Fcomments&post=23824"}],"version-history":[{"count":0,"href":"https:\/\/inclusivenews.com.br\/index.php?rest_route=\/wp\/v2\/posts\/23824\/revisions"}],"wp:attachment":[{"href":"https:\/\/inclusivenews.com.br\/index.php?rest_route=%2Fwp%2Fv2%2Fmedia&parent=23824"}],"wp:term":[{"taxonomy":"category","embeddable":true,"href":"https:\/\/inclusivenews.com.br\/index.php?rest_route=%2Fwp%2Fv2%2Fcategories&post=23824"},{"taxonomy":"post_tag","embeddable":true,"href":"https:\/\/inclusivenews.com.br\/index.php?rest_route=%2Fwp%2Fv2%2Ftags&post=23824"}],"curies":[{"name":"wp","href":"https:\/\/api.w.org\/{rel}","templated":true}]}}