{"id":23832,"date":"2012-11-21T14:11:50","date_gmt":"2012-11-21T17:11:50","guid":{"rendered":"http:\/\/www.inclusive.org.br\/?p=23832"},"modified":"2012-11-21T14:11:50","modified_gmt":"2012-11-21T17:11:50","slug":"consumismo-infantil-na-contramao-da-sustentabilidade","status":"publish","type":"post","link":"https:\/\/inclusivenews.com.br\/?p=23832","title":{"rendered":"Consumismo infantil na contram\u00e3o da sustentabilidade"},"content":{"rendered":"<figure id=\"attachment_18556\" aria-describedby=\"caption-attachment-18556\" style=\"width: 300px\" class=\"wp-caption alignleft\"><img loading=\"lazy\" decoding=\"async\" class=\"size-full wp-image-18556\" title=\"Inclusive - consumismo infantil - crian\u00e7a com a pele carimbada por marcas de produtos\" src=\"http:\/\/inclusivenews.com.br\/wp-content\/uploads\/2011\/02\/consumismo_infantil.jpg\" alt=\"Inclusive - consumismo infantil - crian\u00e7a com a pele carimbada por marcas de produtos\" width=\"300\" height=\"210\" \/><figcaption id=\"caption-attachment-18556\" class=\"wp-caption-text\"> <\/figcaption><\/figure>\n<p><em>Instituto Alana e Minist\u00e9rio do Meio Ambiente lan\u00e7am cartilha sobre rela\u00e7\u00e3o entre consumismo infantil e sustentabilidade com dicas e sugest\u00f5es para pais e educadores.<\/em><\/p>\n<p>Um evento em Bras\u00edlia marcou o lan\u00e7amento do caderno &#8220;Consumismo infantil: na contram\u00e3o da sustentabilidade&#8221;, uma parceria do Instituto Alana com o Minist\u00e9rio do Meio Ambiente (MMA). O objetivo da publica\u00e7\u00e3o \u00e9 ajudar os pais e educadores a trabalharem com as crian\u00e7as a diferen\u00e7a entre o &#8220;querer&#8221; e o &#8220;precisar&#8221;, al\u00e9m de abordar temas como sustentabilidade, descarte e consumo.<\/p>\n<p>Medidas como o consumo de lanches feitos em casa, mais saud\u00e1veis e que geram menos lixo e descarte de embalagens, s\u00e3o incentivadas. O material tamb\u00e9m traz alguns dados preocupantes sobre a influ\u00eancia da publicidade no consumismo infantil. Dados do Ibope mostram que, hoje, as crian\u00e7as passam mais de cinco horas por dia na frente da televis\u00e3o. E que 64% de todos os an\u00fancios veiculados nas emissoras de TV, monitoradas \u00e0s v\u00e9speras do Dia das Crian\u00e7as de 2011, foram direcionados ao p\u00fablico infantil (Alana\/UFES).<\/p>\n<p>O livreto \u00e9 o terceiro volume da s\u00e9rie Cadernos de Consumo Sustent\u00e1vel, publicada pelo Minist\u00e9rio do Meio Ambiente. Durante 2013, o Minist\u00e9rio da Educa\u00e7\u00e3o dever\u00e1 distribuir 70 mil exemplares da obra; o Minist\u00e9rio do Meio Ambiente, 10 mil e a Federa\u00e7\u00e3o Nacional das Escolas Particulares (FENEP), mais 15 mil em todo o territ\u00f3rio brasileiro.<\/p>\n<p>Que tal aproveitar as dicas da cartilha e come\u00e7ar a ensinar a seus filhos alternativas ao consumo sem reflex\u00e3o? O documento est\u00e1 dispon\u00edvel para download <a href=\"http:\/\/biblioteca.alana.org.br\/banco_arquivos\/Arquivos\/downloads\/ebooks\/caderno.pdf\" target=\"_blank\" rel=\"noopener\">neste link<\/a>.<\/p>\n<p>O evento de lan\u00e7amento do caderno em Bras\u00edlia contou com as presen\u00e7as de Gabriela Vuolo, Coordenadora de Mobiliza\u00e7\u00e3o do Alana; Samyra Crespo, Secret\u00e1ria de Articula\u00e7\u00e3o Institucional e Cidadania Ambiental do Minist\u00e9rio do Meio Ambiente; Ang\u00e9lica Goulart, Secret\u00e1ria Nacional da Crian\u00e7a e Adolescente da Secretaria de Direitos Humanos da Presid\u00eancia da Rep\u00fablica; e Juliana Pereira, Secret\u00e1ria Nacional do Consumidor do Minist\u00e9rio da Justi\u00e7a.<\/p>\n","protected":false},"excerpt":{"rendered":"<p>Instituto Alana e Minist\u00e9rio do Meio Ambiente lan\u00e7am cartilha sobre rela\u00e7\u00e3o entre consumismo infantil e sustentabilidade com dicas e sugest\u00f5es para pais e educadores.<\/p>\n","protected":false},"author":1,"featured_media":0,"comment_status":"open","ping_status":"open","sticky":false,"template":"","format":"standard","meta":{"site-container-style":"default","site-container-layout":"default","site-sidebar-layout":"default","disable-article-header":"default","disable-site-header":"default","disable-site-footer":"default","disable-content-area-spacing":"default","footnotes":""},"categories":[53,52,4,10],"tags":[],"class_list":["post-23832","post","type-post","status-publish","format-standard","hentry","category-cartilhas-e-manuais","category-downloadables","category-noticias","category-publicacoes"],"yoast_head":"<!-- This site is optimized with the Yoast SEO plugin v27.4 - https:\/\/yoast.com\/product\/yoast-seo-wordpress\/ -->\n<title>Consumismo infantil na contram\u00e3o da sustentabilidade -<\/title>\n<meta name=\"robots\" content=\"index, follow, max-snippet:-1, max-image-preview:large, max-video-preview:-1\" \/>\n<link rel=\"canonical\" href=\"https:\/\/inclusivenews.com.br\/?p=23832\" \/>\n<meta property=\"og:locale\" content=\"pt_PT\" \/>\n<meta property=\"og:type\" content=\"article\" \/>\n<meta property=\"og:title\" content=\"Consumismo infantil na contram\u00e3o da sustentabilidade -\" \/>\n<meta property=\"og:description\" content=\"Instituto Alana e Minist\u00e9rio do Meio Ambiente lan\u00e7am cartilha sobre rela\u00e7\u00e3o entre consumismo infantil e sustentabilidade com dicas e sugest\u00f5es para pais e educadores.\" \/>\n<meta property=\"og:url\" content=\"https:\/\/inclusivenews.com.br\/?p=23832\" \/>\n<meta property=\"article:publisher\" content=\"https:\/\/www.facebook.com\/agenciainclusive\/\" \/>\n<meta property=\"article:published_time\" content=\"2012-11-21T17:11:50+00:00\" \/>\n<meta property=\"og:image\" content=\"http:\/\/inclusivenews.com.br\/wp-content\/uploads\/2011\/02\/consumismo_infantil.jpg\" \/>\n<meta name=\"author\" content=\"inclusivenews2024\" \/>\n<meta name=\"twitter:card\" content=\"summary_large_image\" \/>\n<meta name=\"twitter:label1\" content=\"Escrito por\" \/>\n\t<meta name=\"twitter:data1\" content=\"inclusivenews2024\" \/>\n\t<meta name=\"twitter:label2\" content=\"Tempo estimado de leitura\" \/>\n\t<meta name=\"twitter:data2\" content=\"2 minutos\" \/>\n<script type=\"application\/ld+json\" class=\"yoast-schema-graph\">{\"@context\":\"https:\\\/\\\/schema.org\",\"@graph\":[{\"@type\":\"Article\",\"@id\":\"https:\\\/\\\/inclusivenews.com.br\\\/?p=23832#article\",\"isPartOf\":{\"@id\":\"https:\\\/\\\/inclusivenews.com.br\\\/?p=23832\"},\"author\":{\"name\":\"inclusivenews2024\",\"@id\":\"https:\\\/\\\/inclusivenews.com.br\\\/#\\\/schema\\\/person\\\/ae4ec7087559b8692fb33b6fffd2273b\"},\"headline\":\"Consumismo infantil na contram\u00e3o da sustentabilidade\",\"datePublished\":\"2012-11-21T17:11:50+00:00\",\"mainEntityOfPage\":{\"@id\":\"https:\\\/\\\/inclusivenews.com.br\\\/?p=23832\"},\"wordCount\":365,\"commentCount\":0,\"publisher\":{\"@id\":\"https:\\\/\\\/inclusivenews.com.br\\\/#organization\"},\"image\":{\"@id\":\"https:\\\/\\\/inclusivenews.com.br\\\/?p=23832#primaryimage\"},\"thumbnailUrl\":\"http:\\\/\\\/inclusivenews.com.br\\\/wp-content\\\/uploads\\\/2011\\\/02\\\/consumismo_infantil.jpg\",\"articleSection\":[\"Cartilhas e manuais\",\"Downloadables\",\"NOT\u00cdCIAS\",\"PUBLICA\u00c7\u00d5ES\"],\"inLanguage\":\"pt-PT\",\"potentialAction\":[{\"@type\":\"CommentAction\",\"name\":\"Comment\",\"target\":[\"https:\\\/\\\/inclusivenews.com.br\\\/?p=23832#respond\"]}]},{\"@type\":\"WebPage\",\"@id\":\"https:\\\/\\\/inclusivenews.com.br\\\/?p=23832\",\"url\":\"https:\\\/\\\/inclusivenews.com.br\\\/?p=23832\",\"name\":\"Consumismo infantil na contram\u00e3o da sustentabilidade -\",\"isPartOf\":{\"@id\":\"https:\\\/\\\/inclusivenews.com.br\\\/#website\"},\"primaryImageOfPage\":{\"@id\":\"https:\\\/\\\/inclusivenews.com.br\\\/?p=23832#primaryimage\"},\"image\":{\"@id\":\"https:\\\/\\\/inclusivenews.com.br\\\/?p=23832#primaryimage\"},\"thumbnailUrl\":\"http:\\\/\\\/inclusivenews.com.br\\\/wp-content\\\/uploads\\\/2011\\\/02\\\/consumismo_infantil.jpg\",\"datePublished\":\"2012-11-21T17:11:50+00:00\",\"breadcrumb\":{\"@id\":\"https:\\\/\\\/inclusivenews.com.br\\\/?p=23832#breadcrumb\"},\"inLanguage\":\"pt-PT\",\"potentialAction\":[{\"@type\":\"ReadAction\",\"target\":[\"https:\\\/\\\/inclusivenews.com.br\\\/?p=23832\"]}]},{\"@type\":\"ImageObject\",\"inLanguage\":\"pt-PT\",\"@id\":\"https:\\\/\\\/inclusivenews.com.br\\\/?p=23832#primaryimage\",\"url\":\"\",\"contentUrl\":\"\"},{\"@type\":\"BreadcrumbList\",\"@id\":\"https:\\\/\\\/inclusivenews.com.br\\\/?p=23832#breadcrumb\",\"itemListElement\":[{\"@type\":\"ListItem\",\"position\":1,\"name\":\"In\u00edcio\",\"item\":\"https:\\\/\\\/inclusivenews.com.br\\\/\"},{\"@type\":\"ListItem\",\"position\":2,\"name\":\"Consumismo infantil na contram\u00e3o da sustentabilidade\"}]},{\"@type\":\"WebSite\",\"@id\":\"https:\\\/\\\/inclusivenews.com.br\\\/#website\",\"url\":\"https:\\\/\\\/inclusivenews.com.br\\\/\",\"name\":\"Inclusive News\",\"description\":\"Inclusive News\",\"publisher\":{\"@id\":\"https:\\\/\\\/inclusivenews.com.br\\\/#organization\"},\"potentialAction\":[{\"@type\":\"SearchAction\",\"target\":{\"@type\":\"EntryPoint\",\"urlTemplate\":\"https:\\\/\\\/inclusivenews.com.br\\\/?s={search_term_string}\"},\"query-input\":{\"@type\":\"PropertyValueSpecification\",\"valueRequired\":true,\"valueName\":\"search_term_string\"}}],\"inLanguage\":\"pt-PT\"},{\"@type\":\"Organization\",\"@id\":\"https:\\\/\\\/inclusivenews.com.br\\\/#organization\",\"name\":\"Inclusive - inclus\u00e3o e cidadania\",\"url\":\"https:\\\/\\\/inclusivenews.com.br\\\/\",\"logo\":{\"@type\":\"ImageObject\",\"inLanguage\":\"pt-PT\",\"@id\":\"https:\\\/\\\/inclusivenews.com.br\\\/#\\\/schema\\\/logo\\\/image\\\/\",\"url\":\"https:\\\/\\\/inclusivenews.com.br\\\/wp-content\\\/uploads\\\/2024\\\/03\\\/@grandesite.png\",\"contentUrl\":\"https:\\\/\\\/inclusivenews.com.br\\\/wp-content\\\/uploads\\\/2024\\\/03\\\/@grandesite.png\",\"width\":1080,\"height\":1080,\"caption\":\"Inclusive - inclus\u00e3o e cidadania\"},\"image\":{\"@id\":\"https:\\\/\\\/inclusivenews.com.br\\\/#\\\/schema\\\/logo\\\/image\\\/\"},\"sameAs\":[\"https:\\\/\\\/www.facebook.com\\\/agenciainclusive\\\/\",\"https:\\\/\\\/www.instagram.com\\\/newsinclusive\\\/\"]},{\"@type\":\"Person\",\"@id\":\"https:\\\/\\\/inclusivenews.com.br\\\/#\\\/schema\\\/person\\\/ae4ec7087559b8692fb33b6fffd2273b\",\"name\":\"inclusivenews2024\",\"image\":{\"@type\":\"ImageObject\",\"inLanguage\":\"pt-PT\",\"@id\":\"https:\\\/\\\/secure.gravatar.com\\\/avatar\\\/c5a7ef84c66fa914f55bc4f7ce26cfa275a3b9a1c5568b907bd184fb4dde7b40?s=96&d=mm&r=g\",\"url\":\"https:\\\/\\\/secure.gravatar.com\\\/avatar\\\/c5a7ef84c66fa914f55bc4f7ce26cfa275a3b9a1c5568b907bd184fb4dde7b40?s=96&d=mm&r=g\",\"contentUrl\":\"https:\\\/\\\/secure.gravatar.com\\\/avatar\\\/c5a7ef84c66fa914f55bc4f7ce26cfa275a3b9a1c5568b907bd184fb4dde7b40?s=96&d=mm&r=g\",\"caption\":\"inclusivenews2024\"},\"sameAs\":[\"https:\\\/\\\/inclusivenews.com.br\"],\"url\":\"https:\\\/\\\/inclusivenews.com.br\\\/?author=1\"}]}<\/script>\n<!-- \/ Yoast SEO plugin. -->","yoast_head_json":{"title":"Consumismo infantil na contram\u00e3o da sustentabilidade -","robots":{"index":"index","follow":"follow","max-snippet":"max-snippet:-1","max-image-preview":"max-image-preview:large","max-video-preview":"max-video-preview:-1"},"canonical":"https:\/\/inclusivenews.com.br\/?p=23832","og_locale":"pt_PT","og_type":"article","og_title":"Consumismo infantil na contram\u00e3o da sustentabilidade -","og_description":"Instituto Alana e Minist\u00e9rio do Meio Ambiente lan\u00e7am cartilha sobre rela\u00e7\u00e3o entre consumismo infantil e sustentabilidade com dicas e sugest\u00f5es para pais e educadores.","og_url":"https:\/\/inclusivenews.com.br\/?p=23832","article_publisher":"https:\/\/www.facebook.com\/agenciainclusive\/","article_published_time":"2012-11-21T17:11:50+00:00","og_image":[{"url":"http:\/\/inclusivenews.com.br\/wp-content\/uploads\/2011\/02\/consumismo_infantil.jpg","type":"","width":"","height":""}],"author":"inclusivenews2024","twitter_card":"summary_large_image","twitter_misc":{"Escrito por":"inclusivenews2024","Tempo estimado de leitura":"2 minutos"},"schema":{"@context":"https:\/\/schema.org","@graph":[{"@type":"Article","@id":"https:\/\/inclusivenews.com.br\/?p=23832#article","isPartOf":{"@id":"https:\/\/inclusivenews.com.br\/?p=23832"},"author":{"name":"inclusivenews2024","@id":"https:\/\/inclusivenews.com.br\/#\/schema\/person\/ae4ec7087559b8692fb33b6fffd2273b"},"headline":"Consumismo infantil na contram\u00e3o da sustentabilidade","datePublished":"2012-11-21T17:11:50+00:00","mainEntityOfPage":{"@id":"https:\/\/inclusivenews.com.br\/?p=23832"},"wordCount":365,"commentCount":0,"publisher":{"@id":"https:\/\/inclusivenews.com.br\/#organization"},"image":{"@id":"https:\/\/inclusivenews.com.br\/?p=23832#primaryimage"},"thumbnailUrl":"http:\/\/inclusivenews.com.br\/wp-content\/uploads\/2011\/02\/consumismo_infantil.jpg","articleSection":["Cartilhas e manuais","Downloadables","NOT\u00cdCIAS","PUBLICA\u00c7\u00d5ES"],"inLanguage":"pt-PT","potentialAction":[{"@type":"CommentAction","name":"Comment","target":["https:\/\/inclusivenews.com.br\/?p=23832#respond"]}]},{"@type":"WebPage","@id":"https:\/\/inclusivenews.com.br\/?p=23832","url":"https:\/\/inclusivenews.com.br\/?p=23832","name":"Consumismo infantil na contram\u00e3o da sustentabilidade -","isPartOf":{"@id":"https:\/\/inclusivenews.com.br\/#website"},"primaryImageOfPage":{"@id":"https:\/\/inclusivenews.com.br\/?p=23832#primaryimage"},"image":{"@id":"https:\/\/inclusivenews.com.br\/?p=23832#primaryimage"},"thumbnailUrl":"http:\/\/inclusivenews.com.br\/wp-content\/uploads\/2011\/02\/consumismo_infantil.jpg","datePublished":"2012-11-21T17:11:50+00:00","breadcrumb":{"@id":"https:\/\/inclusivenews.com.br\/?p=23832#breadcrumb"},"inLanguage":"pt-PT","potentialAction":[{"@type":"ReadAction","target":["https:\/\/inclusivenews.com.br\/?p=23832"]}]},{"@type":"ImageObject","inLanguage":"pt-PT","@id":"https:\/\/inclusivenews.com.br\/?p=23832#primaryimage","url":"","contentUrl":""},{"@type":"BreadcrumbList","@id":"https:\/\/inclusivenews.com.br\/?p=23832#breadcrumb","itemListElement":[{"@type":"ListItem","position":1,"name":"In\u00edcio","item":"https:\/\/inclusivenews.com.br\/"},{"@type":"ListItem","position":2,"name":"Consumismo infantil na contram\u00e3o da sustentabilidade"}]},{"@type":"WebSite","@id":"https:\/\/inclusivenews.com.br\/#website","url":"https:\/\/inclusivenews.com.br\/","name":"Inclusive News","description":"Inclusive News","publisher":{"@id":"https:\/\/inclusivenews.com.br\/#organization"},"potentialAction":[{"@type":"SearchAction","target":{"@type":"EntryPoint","urlTemplate":"https:\/\/inclusivenews.com.br\/?s={search_term_string}"},"query-input":{"@type":"PropertyValueSpecification","valueRequired":true,"valueName":"search_term_string"}}],"inLanguage":"pt-PT"},{"@type":"Organization","@id":"https:\/\/inclusivenews.com.br\/#organization","name":"Inclusive - inclus\u00e3o e cidadania","url":"https:\/\/inclusivenews.com.br\/","logo":{"@type":"ImageObject","inLanguage":"pt-PT","@id":"https:\/\/inclusivenews.com.br\/#\/schema\/logo\/image\/","url":"https:\/\/inclusivenews.com.br\/wp-content\/uploads\/2024\/03\/@grandesite.png","contentUrl":"https:\/\/inclusivenews.com.br\/wp-content\/uploads\/2024\/03\/@grandesite.png","width":1080,"height":1080,"caption":"Inclusive - inclus\u00e3o e cidadania"},"image":{"@id":"https:\/\/inclusivenews.com.br\/#\/schema\/logo\/image\/"},"sameAs":["https:\/\/www.facebook.com\/agenciainclusive\/","https:\/\/www.instagram.com\/newsinclusive\/"]},{"@type":"Person","@id":"https:\/\/inclusivenews.com.br\/#\/schema\/person\/ae4ec7087559b8692fb33b6fffd2273b","name":"inclusivenews2024","image":{"@type":"ImageObject","inLanguage":"pt-PT","@id":"https:\/\/secure.gravatar.com\/avatar\/c5a7ef84c66fa914f55bc4f7ce26cfa275a3b9a1c5568b907bd184fb4dde7b40?s=96&d=mm&r=g","url":"https:\/\/secure.gravatar.com\/avatar\/c5a7ef84c66fa914f55bc4f7ce26cfa275a3b9a1c5568b907bd184fb4dde7b40?s=96&d=mm&r=g","contentUrl":"https:\/\/secure.gravatar.com\/avatar\/c5a7ef84c66fa914f55bc4f7ce26cfa275a3b9a1c5568b907bd184fb4dde7b40?s=96&d=mm&r=g","caption":"inclusivenews2024"},"sameAs":["https:\/\/inclusivenews.com.br"],"url":"https:\/\/inclusivenews.com.br\/?author=1"}]}},"_links":{"self":[{"href":"https:\/\/inclusivenews.com.br\/index.php?rest_route=\/wp\/v2\/posts\/23832","targetHints":{"allow":["GET"]}}],"collection":[{"href":"https:\/\/inclusivenews.com.br\/index.php?rest_route=\/wp\/v2\/posts"}],"about":[{"href":"https:\/\/inclusivenews.com.br\/index.php?rest_route=\/wp\/v2\/types\/post"}],"author":[{"embeddable":true,"href":"https:\/\/inclusivenews.com.br\/index.php?rest_route=\/wp\/v2\/users\/1"}],"replies":[{"embeddable":true,"href":"https:\/\/inclusivenews.com.br\/index.php?rest_route=%2Fwp%2Fv2%2Fcomments&post=23832"}],"version-history":[{"count":0,"href":"https:\/\/inclusivenews.com.br\/index.php?rest_route=\/wp\/v2\/posts\/23832\/revisions"}],"wp:attachment":[{"href":"https:\/\/inclusivenews.com.br\/index.php?rest_route=%2Fwp%2Fv2%2Fmedia&parent=23832"}],"wp:term":[{"taxonomy":"category","embeddable":true,"href":"https:\/\/inclusivenews.com.br\/index.php?rest_route=%2Fwp%2Fv2%2Fcategories&post=23832"},{"taxonomy":"post_tag","embeddable":true,"href":"https:\/\/inclusivenews.com.br\/index.php?rest_route=%2Fwp%2Fv2%2Ftags&post=23832"}],"curies":[{"name":"wp","href":"https:\/\/api.w.org\/{rel}","templated":true}]}}