{"id":23853,"date":"2012-11-20T13:21:31","date_gmt":"2012-11-20T16:21:31","guid":{"rendered":"http:\/\/www.inclusive.org.br\/?p=23853"},"modified":"2012-11-20T13:21:31","modified_gmt":"2012-11-20T16:21:31","slug":"tinha-que-ser-preto-mesmo-e-a-nossa-ignorancia-diaria","status":"publish","type":"post","link":"https:\/\/inclusivenews.com.br\/?p=23853","title":{"rendered":"\u201cTinha que ser preto mesmo!\u201d e a nossa ignor\u00e2ncia di\u00e1ria"},"content":{"rendered":"<p><img loading=\"lazy\" decoding=\"async\" class=\"alignleft size-full wp-image-23859\" title=\"NeGRO\" src=\"http:\/\/inclusivenews.com.br\/wp-content\/uploads\/NeGRO.jpg\" alt=\"Parte de foto saturada de rosto de homem negro com olhos fechados, olhando para baixo e uma m\u00e3o na testa e face.\" width=\"274\" height=\"184\" \/>Tinha que ser preto mesmo!<\/p>\n<p>Preto quando n\u00e3o faz na entrada faz na sa\u00edda.<\/p>\n<p>Sabe quando preto toma laranjada? Quando rola briga na feira.<\/p>\n<p>Amor, fecha r\u00e1pido o vidro que t\u00e1 vindo um escurinho mal encarado.<\/p>\n<p>Olha, meu filho, n\u00e3o sou preconceituoso, n\u00e3o. At\u00e9 tenho amigos negros.<\/p>\n<p>Ouviu aquele batuque? \u00c9 um terreiro de macumba. Logo aqui na nossa rua! Mas o Jo\u00e3o V\u00edtor vai dar um jeito nisso, ele conhece uma pessoa na subprefeitura que vai tirar essa gente da\u00ed. Essas coisas do diabo me d\u00e3o arrepios.<\/p>\n<p>Eu adoro o Brasil porque \u00e9 um pa\u00eds onde n\u00e3o existe racismo como nos Estados Unidos. Aqui, brancos e negros vivem em harmonia. Todos com as mesmas oportunidades e desfrutando dos mesmos direitos.<\/p>\n<p>Se eu deixaria minha filha casar-se com um negro? Claro! Se ela conhecer um, poderia sem sombra de d\u00favida.<\/p>\n<p>T\u00e1 t\u00e3o dif\u00edcil encontrar uma empregada decente ultimamente. Ainda bem que achei a Maria. Ela \u00e9 de cor, mas super honesta.<\/p>\n<p>Quilombolas s\u00e3o pessoas indolentes. Erra o governo ao mant\u00ea-los naquele estado de selvageria.<br \/>\n A terra poderia estar sendo usada para produzir algo, sabe? \u00c9 o Brasil\u2026<\/p>\n<p>V\u00ea se me entende que eu vou explicar uma vez s\u00f3. A pol\u00edtica de cotas \u00e9 perigosa e ruim para os pr\u00f3prios negros, pois passar\u00e3o a se sentir discriminados na sociedade \u2013 fato que n\u00e3o ocorre hoje.<\/p>\n<p>Meu filho n\u00e3o vai fazer um projeto de escola sobre coisas da \u00c1frica. A gente \u00e9 evang\u00e9lico e queremos que ele leia a b\u00edblia e n\u00e3o esses satanismos como\u2026 como\u2026como era o nome daquele livro mesmo? Sim, Macuna\u00edma.<\/p>\n<p>Cotas amea\u00e7am o princ\u00edpio de que todos s\u00e3o iguais perante a lei, o que temos conseguido cumprir, apesar das adversidades.<\/p>\n<p>Ele \u00e9 um exemplo. \u00c9 negro e, mesmo assim, virou ministro do Supremo Tribunal Federal sem ajuda de ningu\u00e9m.<\/p>\n<p><em>No 20 de novembro, quando se rememora a morte de Zumbi dos Palmares, \u00e9 celebrado o Dia da Consci\u00eancia Negra em v\u00e1rias cidades do pa\u00eds. Um momento de reflex\u00e3o e de resist\u00eancia sobre os frutos da escravid\u00e3o, de um 13 de maio incompleto (que significou mais uma mudan\u00e7a na metodologia de explora\u00e7\u00e3o da for\u00e7a de trabalho do que uma aboli\u00e7\u00e3o de fato), sentido no dia a dia. Dia que deveria ser aproveitado por todos aqueles que t\u00eam seus direitos fundamentais rasgados para uma an\u00e1lise mais profunda do que t\u00eam feito para sair da condi\u00e7\u00e3o de gado.<\/em><\/p>\n<p><em>Alguns v\u00e3o dizer que o tema \u00e9 repetido neste blog. Mas era preciso.<\/em><\/p>\n<p><em>Porque a nossa idiotice n\u00e3o tem limites. E a ignor\u00e2ncia \u00e9 um lugar quentinho.<\/em><\/p>\n<p><em><strong>* Leonardo Sakamoto<\/strong> \u00e9 jornalista e doutor em Ci\u00eancia Pol\u00edtica.<\/em><\/p>\n<p><em>** Publicado originalmente no\u00a0<a href=\"http:\/\/blogdosakamoto.blogosfera.uol.com.br\/2012\/11\/20\/tinha-que-ser-preto-mesmo-e-a-nossa-ignorancia-diaria\/\" target=\"_blank\" rel=\"noopener\">Blog do Sakamoto<\/a>.<\/em><\/p>\n<p>(Blog do Sakamoto)<\/p>\n","protected":false},"excerpt":{"rendered":"<p>Tinha que ser preto mesmo! Preto quando n\u00e3o faz na entrada faz na sa\u00edda. Sabe quando preto toma laranjada? Quando rola briga na feira. Amor, fecha r\u00e1pido o vidro que t\u00e1 vindo um escurinho mal encarado. Olha, meu filho, n\u00e3o sou preconceituoso, n\u00e3o. At\u00e9 tenho amigos negros. Ouviu aquele batuque? \u00c9 um terreiro de macumba. [&hellip;]<\/p>\n","protected":false},"author":1,"featured_media":0,"comment_status":"open","ping_status":"open","sticky":false,"template":"","format":"standard","meta":{"site-container-style":"default","site-container-layout":"default","site-sidebar-layout":"default","disable-article-header":"default","disable-site-header":"default","disable-site-footer":"default","disable-content-area-spacing":"default","footnotes":""},"categories":[29,11,39,41],"tags":[],"class_list":["post-23853","post","type-post","status-publish","format-standard","hentry","category-cultura","category-direitos-humanos","category-discriminacao","category-preconceito"],"yoast_head":"<!-- This site is optimized with the Yoast SEO plugin v27.4 - https:\/\/yoast.com\/product\/yoast-seo-wordpress\/ -->\n<title>\u201cTinha que ser preto mesmo!\u201d e a nossa ignor\u00e2ncia di\u00e1ria -<\/title>\n<meta name=\"robots\" content=\"index, follow, max-snippet:-1, max-image-preview:large, max-video-preview:-1\" \/>\n<link rel=\"canonical\" href=\"https:\/\/inclusivenews.com.br\/?p=23853\" \/>\n<meta property=\"og:locale\" content=\"pt_PT\" \/>\n<meta property=\"og:type\" content=\"article\" \/>\n<meta property=\"og:title\" content=\"\u201cTinha que ser preto mesmo!\u201d e a nossa ignor\u00e2ncia di\u00e1ria -\" \/>\n<meta property=\"og:description\" content=\"Tinha que ser preto mesmo! Preto quando n\u00e3o faz na entrada faz na sa\u00edda. Sabe quando preto toma laranjada? Quando rola briga na feira. Amor, fecha r\u00e1pido o vidro que t\u00e1 vindo um escurinho mal encarado. Olha, meu filho, n\u00e3o sou preconceituoso, n\u00e3o. At\u00e9 tenho amigos negros. Ouviu aquele batuque? \u00c9 um terreiro de macumba. [&hellip;]\" \/>\n<meta property=\"og:url\" content=\"https:\/\/inclusivenews.com.br\/?p=23853\" \/>\n<meta property=\"article:publisher\" content=\"https:\/\/www.facebook.com\/agenciainclusive\/\" \/>\n<meta property=\"article:published_time\" content=\"2012-11-20T16:21:31+00:00\" \/>\n<meta property=\"og:image\" content=\"http:\/\/inclusivenews.com.br\/wp-content\/uploads\/NeGRO.jpg\" \/>\n<meta name=\"author\" content=\"inclusivenews2024\" \/>\n<meta name=\"twitter:card\" content=\"summary_large_image\" \/>\n<meta name=\"twitter:label1\" content=\"Escrito por\" \/>\n\t<meta name=\"twitter:data1\" content=\"inclusivenews2024\" \/>\n\t<meta name=\"twitter:label2\" content=\"Tempo estimado de leitura\" \/>\n\t<meta name=\"twitter:data2\" content=\"2 minutos\" \/>\n<script type=\"application\/ld+json\" class=\"yoast-schema-graph\">{\"@context\":\"https:\\\/\\\/schema.org\",\"@graph\":[{\"@type\":\"Article\",\"@id\":\"https:\\\/\\\/inclusivenews.com.br\\\/?p=23853#article\",\"isPartOf\":{\"@id\":\"https:\\\/\\\/inclusivenews.com.br\\\/?p=23853\"},\"author\":{\"name\":\"inclusivenews2024\",\"@id\":\"https:\\\/\\\/inclusivenews.com.br\\\/#\\\/schema\\\/person\\\/ae4ec7087559b8692fb33b6fffd2273b\"},\"headline\":\"\u201cTinha que ser preto mesmo!\u201d e a nossa ignor\u00e2ncia di\u00e1ria\",\"datePublished\":\"2012-11-20T16:21:31+00:00\",\"mainEntityOfPage\":{\"@id\":\"https:\\\/\\\/inclusivenews.com.br\\\/?p=23853\"},\"wordCount\":487,\"commentCount\":1,\"publisher\":{\"@id\":\"https:\\\/\\\/inclusivenews.com.br\\\/#organization\"},\"image\":{\"@id\":\"https:\\\/\\\/inclusivenews.com.br\\\/?p=23853#primaryimage\"},\"thumbnailUrl\":\"http:\\\/\\\/inclusivenews.com.br\\\/wp-content\\\/uploads\\\/NeGRO.jpg\",\"articleSection\":[\"Cultura\",\"DIREITOS HUMANOS\",\"Discrimina\u00e7\u00e3o\",\"Preconceito\"],\"inLanguage\":\"pt-PT\",\"potentialAction\":[{\"@type\":\"CommentAction\",\"name\":\"Comment\",\"target\":[\"https:\\\/\\\/inclusivenews.com.br\\\/?p=23853#respond\"]}]},{\"@type\":\"WebPage\",\"@id\":\"https:\\\/\\\/inclusivenews.com.br\\\/?p=23853\",\"url\":\"https:\\\/\\\/inclusivenews.com.br\\\/?p=23853\",\"name\":\"\u201cTinha que ser preto mesmo!\u201d e a nossa ignor\u00e2ncia di\u00e1ria -\",\"isPartOf\":{\"@id\":\"https:\\\/\\\/inclusivenews.com.br\\\/#website\"},\"primaryImageOfPage\":{\"@id\":\"https:\\\/\\\/inclusivenews.com.br\\\/?p=23853#primaryimage\"},\"image\":{\"@id\":\"https:\\\/\\\/inclusivenews.com.br\\\/?p=23853#primaryimage\"},\"thumbnailUrl\":\"http:\\\/\\\/inclusivenews.com.br\\\/wp-content\\\/uploads\\\/NeGRO.jpg\",\"datePublished\":\"2012-11-20T16:21:31+00:00\",\"breadcrumb\":{\"@id\":\"https:\\\/\\\/inclusivenews.com.br\\\/?p=23853#breadcrumb\"},\"inLanguage\":\"pt-PT\",\"potentialAction\":[{\"@type\":\"ReadAction\",\"target\":[\"https:\\\/\\\/inclusivenews.com.br\\\/?p=23853\"]}]},{\"@type\":\"ImageObject\",\"inLanguage\":\"pt-PT\",\"@id\":\"https:\\\/\\\/inclusivenews.com.br\\\/?p=23853#primaryimage\",\"url\":\"\",\"contentUrl\":\"\"},{\"@type\":\"BreadcrumbList\",\"@id\":\"https:\\\/\\\/inclusivenews.com.br\\\/?p=23853#breadcrumb\",\"itemListElement\":[{\"@type\":\"ListItem\",\"position\":1,\"name\":\"In\u00edcio\",\"item\":\"https:\\\/\\\/inclusivenews.com.br\\\/\"},{\"@type\":\"ListItem\",\"position\":2,\"name\":\"\u201cTinha que ser preto mesmo!\u201d e a nossa ignor\u00e2ncia di\u00e1ria\"}]},{\"@type\":\"WebSite\",\"@id\":\"https:\\\/\\\/inclusivenews.com.br\\\/#website\",\"url\":\"https:\\\/\\\/inclusivenews.com.br\\\/\",\"name\":\"Inclusive News\",\"description\":\"Inclusive News\",\"publisher\":{\"@id\":\"https:\\\/\\\/inclusivenews.com.br\\\/#organization\"},\"potentialAction\":[{\"@type\":\"SearchAction\",\"target\":{\"@type\":\"EntryPoint\",\"urlTemplate\":\"https:\\\/\\\/inclusivenews.com.br\\\/?s={search_term_string}\"},\"query-input\":{\"@type\":\"PropertyValueSpecification\",\"valueRequired\":true,\"valueName\":\"search_term_string\"}}],\"inLanguage\":\"pt-PT\"},{\"@type\":\"Organization\",\"@id\":\"https:\\\/\\\/inclusivenews.com.br\\\/#organization\",\"name\":\"Inclusive - inclus\u00e3o e cidadania\",\"url\":\"https:\\\/\\\/inclusivenews.com.br\\\/\",\"logo\":{\"@type\":\"ImageObject\",\"inLanguage\":\"pt-PT\",\"@id\":\"https:\\\/\\\/inclusivenews.com.br\\\/#\\\/schema\\\/logo\\\/image\\\/\",\"url\":\"https:\\\/\\\/inclusivenews.com.br\\\/wp-content\\\/uploads\\\/2024\\\/03\\\/@grandesite.png\",\"contentUrl\":\"https:\\\/\\\/inclusivenews.com.br\\\/wp-content\\\/uploads\\\/2024\\\/03\\\/@grandesite.png\",\"width\":1080,\"height\":1080,\"caption\":\"Inclusive - inclus\u00e3o e cidadania\"},\"image\":{\"@id\":\"https:\\\/\\\/inclusivenews.com.br\\\/#\\\/schema\\\/logo\\\/image\\\/\"},\"sameAs\":[\"https:\\\/\\\/www.facebook.com\\\/agenciainclusive\\\/\",\"https:\\\/\\\/www.instagram.com\\\/newsinclusive\\\/\"]},{\"@type\":\"Person\",\"@id\":\"https:\\\/\\\/inclusivenews.com.br\\\/#\\\/schema\\\/person\\\/ae4ec7087559b8692fb33b6fffd2273b\",\"name\":\"inclusivenews2024\",\"image\":{\"@type\":\"ImageObject\",\"inLanguage\":\"pt-PT\",\"@id\":\"https:\\\/\\\/secure.gravatar.com\\\/avatar\\\/c5a7ef84c66fa914f55bc4f7ce26cfa275a3b9a1c5568b907bd184fb4dde7b40?s=96&d=mm&r=g\",\"url\":\"https:\\\/\\\/secure.gravatar.com\\\/avatar\\\/c5a7ef84c66fa914f55bc4f7ce26cfa275a3b9a1c5568b907bd184fb4dde7b40?s=96&d=mm&r=g\",\"contentUrl\":\"https:\\\/\\\/secure.gravatar.com\\\/avatar\\\/c5a7ef84c66fa914f55bc4f7ce26cfa275a3b9a1c5568b907bd184fb4dde7b40?s=96&d=mm&r=g\",\"caption\":\"inclusivenews2024\"},\"sameAs\":[\"https:\\\/\\\/inclusivenews.com.br\"],\"url\":\"https:\\\/\\\/inclusivenews.com.br\\\/?author=1\"}]}<\/script>\n<!-- \/ Yoast SEO plugin. -->","yoast_head_json":{"title":"\u201cTinha que ser preto mesmo!\u201d e a nossa ignor\u00e2ncia di\u00e1ria -","robots":{"index":"index","follow":"follow","max-snippet":"max-snippet:-1","max-image-preview":"max-image-preview:large","max-video-preview":"max-video-preview:-1"},"canonical":"https:\/\/inclusivenews.com.br\/?p=23853","og_locale":"pt_PT","og_type":"article","og_title":"\u201cTinha que ser preto mesmo!\u201d e a nossa ignor\u00e2ncia di\u00e1ria -","og_description":"Tinha que ser preto mesmo! Preto quando n\u00e3o faz na entrada faz na sa\u00edda. Sabe quando preto toma laranjada? Quando rola briga na feira. Amor, fecha r\u00e1pido o vidro que t\u00e1 vindo um escurinho mal encarado. Olha, meu filho, n\u00e3o sou preconceituoso, n\u00e3o. At\u00e9 tenho amigos negros. Ouviu aquele batuque? \u00c9 um terreiro de macumba. [&hellip;]","og_url":"https:\/\/inclusivenews.com.br\/?p=23853","article_publisher":"https:\/\/www.facebook.com\/agenciainclusive\/","article_published_time":"2012-11-20T16:21:31+00:00","og_image":[{"url":"http:\/\/inclusivenews.com.br\/wp-content\/uploads\/NeGRO.jpg","type":"","width":"","height":""}],"author":"inclusivenews2024","twitter_card":"summary_large_image","twitter_misc":{"Escrito por":"inclusivenews2024","Tempo estimado de leitura":"2 minutos"},"schema":{"@context":"https:\/\/schema.org","@graph":[{"@type":"Article","@id":"https:\/\/inclusivenews.com.br\/?p=23853#article","isPartOf":{"@id":"https:\/\/inclusivenews.com.br\/?p=23853"},"author":{"name":"inclusivenews2024","@id":"https:\/\/inclusivenews.com.br\/#\/schema\/person\/ae4ec7087559b8692fb33b6fffd2273b"},"headline":"\u201cTinha que ser preto mesmo!\u201d e a nossa ignor\u00e2ncia di\u00e1ria","datePublished":"2012-11-20T16:21:31+00:00","mainEntityOfPage":{"@id":"https:\/\/inclusivenews.com.br\/?p=23853"},"wordCount":487,"commentCount":1,"publisher":{"@id":"https:\/\/inclusivenews.com.br\/#organization"},"image":{"@id":"https:\/\/inclusivenews.com.br\/?p=23853#primaryimage"},"thumbnailUrl":"http:\/\/inclusivenews.com.br\/wp-content\/uploads\/NeGRO.jpg","articleSection":["Cultura","DIREITOS HUMANOS","Discrimina\u00e7\u00e3o","Preconceito"],"inLanguage":"pt-PT","potentialAction":[{"@type":"CommentAction","name":"Comment","target":["https:\/\/inclusivenews.com.br\/?p=23853#respond"]}]},{"@type":"WebPage","@id":"https:\/\/inclusivenews.com.br\/?p=23853","url":"https:\/\/inclusivenews.com.br\/?p=23853","name":"\u201cTinha que ser preto mesmo!\u201d e a nossa ignor\u00e2ncia di\u00e1ria -","isPartOf":{"@id":"https:\/\/inclusivenews.com.br\/#website"},"primaryImageOfPage":{"@id":"https:\/\/inclusivenews.com.br\/?p=23853#primaryimage"},"image":{"@id":"https:\/\/inclusivenews.com.br\/?p=23853#primaryimage"},"thumbnailUrl":"http:\/\/inclusivenews.com.br\/wp-content\/uploads\/NeGRO.jpg","datePublished":"2012-11-20T16:21:31+00:00","breadcrumb":{"@id":"https:\/\/inclusivenews.com.br\/?p=23853#breadcrumb"},"inLanguage":"pt-PT","potentialAction":[{"@type":"ReadAction","target":["https:\/\/inclusivenews.com.br\/?p=23853"]}]},{"@type":"ImageObject","inLanguage":"pt-PT","@id":"https:\/\/inclusivenews.com.br\/?p=23853#primaryimage","url":"","contentUrl":""},{"@type":"BreadcrumbList","@id":"https:\/\/inclusivenews.com.br\/?p=23853#breadcrumb","itemListElement":[{"@type":"ListItem","position":1,"name":"In\u00edcio","item":"https:\/\/inclusivenews.com.br\/"},{"@type":"ListItem","position":2,"name":"\u201cTinha que ser preto mesmo!\u201d e a nossa ignor\u00e2ncia di\u00e1ria"}]},{"@type":"WebSite","@id":"https:\/\/inclusivenews.com.br\/#website","url":"https:\/\/inclusivenews.com.br\/","name":"Inclusive News","description":"Inclusive News","publisher":{"@id":"https:\/\/inclusivenews.com.br\/#organization"},"potentialAction":[{"@type":"SearchAction","target":{"@type":"EntryPoint","urlTemplate":"https:\/\/inclusivenews.com.br\/?s={search_term_string}"},"query-input":{"@type":"PropertyValueSpecification","valueRequired":true,"valueName":"search_term_string"}}],"inLanguage":"pt-PT"},{"@type":"Organization","@id":"https:\/\/inclusivenews.com.br\/#organization","name":"Inclusive - inclus\u00e3o e cidadania","url":"https:\/\/inclusivenews.com.br\/","logo":{"@type":"ImageObject","inLanguage":"pt-PT","@id":"https:\/\/inclusivenews.com.br\/#\/schema\/logo\/image\/","url":"https:\/\/inclusivenews.com.br\/wp-content\/uploads\/2024\/03\/@grandesite.png","contentUrl":"https:\/\/inclusivenews.com.br\/wp-content\/uploads\/2024\/03\/@grandesite.png","width":1080,"height":1080,"caption":"Inclusive - inclus\u00e3o e cidadania"},"image":{"@id":"https:\/\/inclusivenews.com.br\/#\/schema\/logo\/image\/"},"sameAs":["https:\/\/www.facebook.com\/agenciainclusive\/","https:\/\/www.instagram.com\/newsinclusive\/"]},{"@type":"Person","@id":"https:\/\/inclusivenews.com.br\/#\/schema\/person\/ae4ec7087559b8692fb33b6fffd2273b","name":"inclusivenews2024","image":{"@type":"ImageObject","inLanguage":"pt-PT","@id":"https:\/\/secure.gravatar.com\/avatar\/c5a7ef84c66fa914f55bc4f7ce26cfa275a3b9a1c5568b907bd184fb4dde7b40?s=96&d=mm&r=g","url":"https:\/\/secure.gravatar.com\/avatar\/c5a7ef84c66fa914f55bc4f7ce26cfa275a3b9a1c5568b907bd184fb4dde7b40?s=96&d=mm&r=g","contentUrl":"https:\/\/secure.gravatar.com\/avatar\/c5a7ef84c66fa914f55bc4f7ce26cfa275a3b9a1c5568b907bd184fb4dde7b40?s=96&d=mm&r=g","caption":"inclusivenews2024"},"sameAs":["https:\/\/inclusivenews.com.br"],"url":"https:\/\/inclusivenews.com.br\/?author=1"}]}},"_links":{"self":[{"href":"https:\/\/inclusivenews.com.br\/index.php?rest_route=\/wp\/v2\/posts\/23853","targetHints":{"allow":["GET"]}}],"collection":[{"href":"https:\/\/inclusivenews.com.br\/index.php?rest_route=\/wp\/v2\/posts"}],"about":[{"href":"https:\/\/inclusivenews.com.br\/index.php?rest_route=\/wp\/v2\/types\/post"}],"author":[{"embeddable":true,"href":"https:\/\/inclusivenews.com.br\/index.php?rest_route=\/wp\/v2\/users\/1"}],"replies":[{"embeddable":true,"href":"https:\/\/inclusivenews.com.br\/index.php?rest_route=%2Fwp%2Fv2%2Fcomments&post=23853"}],"version-history":[{"count":0,"href":"https:\/\/inclusivenews.com.br\/index.php?rest_route=\/wp\/v2\/posts\/23853\/revisions"}],"wp:attachment":[{"href":"https:\/\/inclusivenews.com.br\/index.php?rest_route=%2Fwp%2Fv2%2Fmedia&parent=23853"}],"wp:term":[{"taxonomy":"category","embeddable":true,"href":"https:\/\/inclusivenews.com.br\/index.php?rest_route=%2Fwp%2Fv2%2Fcategories&post=23853"},{"taxonomy":"post_tag","embeddable":true,"href":"https:\/\/inclusivenews.com.br\/index.php?rest_route=%2Fwp%2Fv2%2Ftags&post=23853"}],"curies":[{"name":"wp","href":"https:\/\/api.w.org\/{rel}","templated":true}]}}