{"id":23856,"date":"2012-11-21T14:12:43","date_gmt":"2012-11-21T17:12:43","guid":{"rendered":"http:\/\/www.inclusive.org.br\/?p=23856"},"modified":"2012-11-21T14:12:43","modified_gmt":"2012-11-21T17:12:43","slug":"viaje-ate-recife-e-conheca-o-projeto-casa-da-crianca","status":"publish","type":"post","link":"https:\/\/inclusivenews.com.br\/?p=23856","title":{"rendered":"Viaje at\u00e9 Recife e conhe\u00e7a o Projeto Casa da Crian\u00e7a"},"content":{"rendered":"<figure style=\"width: 300px\" class=\"wp-caption alignnone\"><img loading=\"lazy\" decoding=\"async\" src=\"http:\/\/www.avidaeumaviagem.com.br\/blog\/wp-content\/uploads\/2012\/11\/Casa-da-crianca-e-Cacadores-de-bons-exemplos-300x198.jpg\" alt=\"\" width=\"300\" height=\"198\" \/><figcaption class=\"wp-caption-text\">Foto: Iara Xavier\/Ca\u00e7adores de Bons Exemplos<\/figcaption><\/figure>\n<p><a href=\"http:\/\/www.avidaeumaviagem.com.br\/blog\/wp-content\/uploads\/2012\/11\/Casa-da-crianca-e-Cacadores-de-bons-exemplos-300x198.jpg\"><\/a><\/p>\n<p><em>A\u00e7\u00e3o:<\/em> Projeto Casa da Crian\u00e7a<br \/>\n<em>Objetivo:<\/em> Reformar institui\u00e7\u00f5es que atendem crian\u00e7as<br \/>\n<em>Cidade:<\/em> Recife \u2013 PE<br \/>\n<em>Como ajudar:<\/em> <a href=\"http:\/\/www.projetocasadacrianca.com.br\" target=\"_blank\" rel=\"noopener\">www.projetocasadacrianca.com.br<\/a><br \/>\n<a href=\"http:\/\/www.avidaeumaviagem.com.br\" target=\"_blank\" rel=\"noopener\">Saiba mais em A Vida \u00e9 Uma Viagem.<\/a><\/p>\n<p>Que del\u00edcia foi conhecer Patr\u00edcia!!! Apesar de todos os compromissos, ela parou um pouco para nos atender e para preencher nossos cora\u00e7\u00f5es com sua alegria por fazer o bem.<\/p>\n<p>Com o objetivo de desenvolver um trabalho social e beneficente para crian\u00e7as, os arquitetos Patr\u00edcia Chala\u00e7a e Marcelo Souza Le\u00e3o reuniram, em 1999, arquitetos e decoradores no Recife (PE) e promoveram o Projeto CASA DA CRIAN\u00c7A.<\/p>\n<p>O Projeto CASA DA CRIAN\u00c7A \u00e9 uma organiza\u00e7\u00e3o que defende os direitos das crian\u00e7as e adolescentes em territ\u00f3rio nacional atrav\u00e9s de a\u00e7\u00f5es que v\u00e3o desde reformas e constru\u00e7\u00f5es a a\u00e7\u00f5es de interesse nacional que primam pela qualidade do atendimento a exemplo do Programa CIA DOS ANJOS (que fortalece as unidades ap\u00f3s as interven\u00e7\u00f5es). Tamb\u00e9m trabalha para a influ\u00eancia nas pol\u00edticas p\u00fablicas cobrando junto aos governos suas responsabilidades para com a inf\u00e2ncia e na melhoria do atendimento ao c\u00e2ncer infantil, junto com o Parceiro Instituto Ronald McDonald.<\/p>\n<p>Desde a realiza\u00e7\u00e3o da a\u00e7\u00e3o no abrigo p\u00fablico Casa de Carolina, no Recife (PE), onde atuaram 60 arquitetos e decoradores, 27 construtores e mais de 500 empresas beneficiando 100 crian\u00e7as, o Projeto vem sendo refer\u00eancia em outros Estados. Hoje, o Projeto CASA DA CRIAN\u00c7A est\u00e1 presente em 15 estados brasileiros (mais o Distrito Federal), em todas as regi\u00f5es do pa\u00eds. S\u00e3o mais de 2 mil arquitetos e decoradores, 1000 construtoras e 20 mil empresas que participam do CASA DA CRIAN\u00c7A, contribuindo com a transforma\u00e7\u00e3o de abrigos, creches, espa\u00e7os para adolescentes, atendimento ao c\u00e2ncer infanto-juvenil e portadores de necessidades especiais. S\u00e3o mais de 20 mil crian\u00e7as e adolescentes atendidos nas 35 institui\u00e7\u00f5es beneficiadas.<\/p>\n<p>F\u00edsica (Obras) \u2013 Franquia Social<\/p>\n<p>O Projeto CASA DA CRIAN\u00c7A vem ampliando suas a\u00e7\u00f5es e multiplicando ideias atrav\u00e9s da sua Franquia Social, uma equipe de volunt\u00e1rios que representam o Projeto nos diferentes estados brasileiros. Os grupos recebem treinamento at\u00e9 estarem aptos a integrar a rede, hoje composta por mais de 50 profissionais ativos em 16 estados, espalhados em todas as regi\u00f5es do Pa\u00eds. Os volunt\u00e1rios ainda recebem assessoria permanente.<\/p>\n<p>O grupo de Franqueados Sociais \u00e9 formado por quatro profissionais em cada cidade. Dois deles devem ter forma\u00e7\u00e3o em arquitetura. Os franqueados aplicam a tecnologia desenvolvida \u201cFranquia Social do Projeto Casa da Crian\u00e7a\u201d e recebem assessoria permanente durante todo o processo de implanta\u00e7\u00e3o. A Franquia Social \u00e9 cedida sem qualquer custo, e, para adquiri-la, o grupo deve participar de treinamento realizado anualmente, que envolve entrevista individual dos participantes, apresenta\u00e7\u00e3o do Projeto CASA DA CRIAN\u00c7A e avalia\u00e7\u00e3o dos participantes. A ideia \u00e9 padronizar as v\u00e1rias a\u00e7\u00f5es dos franqueados localizados nas diferentes regi\u00f5es do Pa\u00eds, com o objetivo de aumentar a credibilidade e efic\u00e1cia do Projeto. A coordena\u00e7\u00e3o nacional est\u00e1 sediada no Recife (PE) e acompanha todas as etapas do trabalho, desde a an\u00e1lise e defini\u00e7\u00e3o da institui\u00e7\u00e3o, at\u00e9 a aprova\u00e7\u00e3o do projeto arquitet\u00f4nico geral, lan\u00e7amento do Projeto, acompanhamento da obra e inaugura\u00e7\u00e3o do espa\u00e7o. Ap\u00f3s um ano de trabalhos bem sucedidos, os franqueados podem renovar o contrato com o Projeto, realizar reformas e dar continuidade ao processo de multiplica\u00e7\u00e3o das equipes, atrav\u00e9s de treinamento e supervis\u00e3o de novos grupos que implantar\u00e3o o Projeto em outras cidades.<\/p>\n","protected":false},"excerpt":{"rendered":"<p>Os Ca\u00e7adores de Bons Exemplos foram at\u00e9 Recife para conhecer e mostrar um pouco mais do Projeto Casa da Crian\u00e7a.<\/p>\n","protected":false},"author":1,"featured_media":0,"comment_status":"open","ping_status":"open","sticky":false,"template":"","format":"standard","meta":{"site-container-style":"default","site-container-layout":"default","site-sidebar-layout":"default","disable-article-header":"default","disable-site-header":"default","disable-site-footer":"default","disable-content-area-spacing":"default","footnotes":""},"categories":[1],"tags":[],"class_list":["post-23856","post","type-post","status-publish","format-standard","hentry","category-blog"],"yoast_head":"<!-- This site is optimized with the Yoast SEO plugin v27.4 - https:\/\/yoast.com\/product\/yoast-seo-wordpress\/ -->\n<title>Viaje at\u00e9 Recife e conhe\u00e7a o Projeto Casa da Crian\u00e7a -<\/title>\n<meta name=\"robots\" content=\"index, follow, max-snippet:-1, max-image-preview:large, max-video-preview:-1\" \/>\n<link rel=\"canonical\" href=\"https:\/\/inclusivenews.com.br\/?p=23856\" \/>\n<meta property=\"og:locale\" content=\"pt_PT\" \/>\n<meta property=\"og:type\" content=\"article\" \/>\n<meta property=\"og:title\" content=\"Viaje at\u00e9 Recife e conhe\u00e7a o Projeto Casa da Crian\u00e7a -\" \/>\n<meta property=\"og:description\" content=\"Os Ca\u00e7adores de Bons Exemplos foram at\u00e9 Recife para conhecer e mostrar um pouco mais do Projeto Casa da Crian\u00e7a.\" \/>\n<meta property=\"og:url\" content=\"https:\/\/inclusivenews.com.br\/?p=23856\" \/>\n<meta property=\"article:publisher\" content=\"https:\/\/www.facebook.com\/agenciainclusive\/\" \/>\n<meta property=\"article:published_time\" content=\"2012-11-21T17:12:43+00:00\" \/>\n<meta property=\"og:image\" content=\"http:\/\/www.avidaeumaviagem.com.br\/blog\/wp-content\/uploads\/2012\/11\/Casa-da-crianca-e-Cacadores-de-bons-exemplos-300x198.jpg\" \/>\n<meta name=\"author\" content=\"inclusivenews2024\" \/>\n<meta name=\"twitter:card\" content=\"summary_large_image\" \/>\n<meta name=\"twitter:label1\" content=\"Escrito por\" \/>\n\t<meta name=\"twitter:data1\" content=\"inclusivenews2024\" \/>\n\t<meta name=\"twitter:label2\" content=\"Tempo estimado de leitura\" \/>\n\t<meta name=\"twitter:data2\" content=\"3 minutos\" \/>\n<script type=\"application\/ld+json\" class=\"yoast-schema-graph\">{\"@context\":\"https:\\\/\\\/schema.org\",\"@graph\":[{\"@type\":\"Article\",\"@id\":\"https:\\\/\\\/inclusivenews.com.br\\\/?p=23856#article\",\"isPartOf\":{\"@id\":\"https:\\\/\\\/inclusivenews.com.br\\\/?p=23856\"},\"author\":{\"name\":\"inclusivenews2024\",\"@id\":\"https:\\\/\\\/inclusivenews.com.br\\\/#\\\/schema\\\/person\\\/ae4ec7087559b8692fb33b6fffd2273b\"},\"headline\":\"Viaje at\u00e9 Recife e conhe\u00e7a o Projeto Casa da Crian\u00e7a\",\"datePublished\":\"2012-11-21T17:12:43+00:00\",\"mainEntityOfPage\":{\"@id\":\"https:\\\/\\\/inclusivenews.com.br\\\/?p=23856\"},\"wordCount\":631,\"commentCount\":1,\"publisher\":{\"@id\":\"https:\\\/\\\/inclusivenews.com.br\\\/#organization\"},\"image\":{\"@id\":\"https:\\\/\\\/inclusivenews.com.br\\\/?p=23856#primaryimage\"},\"thumbnailUrl\":\"http:\\\/\\\/www.avidaeumaviagem.com.br\\\/blog\\\/wp-content\\\/uploads\\\/2012\\\/11\\\/Casa-da-crianca-e-Cacadores-de-bons-exemplos-300x198.jpg\",\"articleSection\":[\"Blog\"],\"inLanguage\":\"pt-PT\",\"potentialAction\":[{\"@type\":\"CommentAction\",\"name\":\"Comment\",\"target\":[\"https:\\\/\\\/inclusivenews.com.br\\\/?p=23856#respond\"]}]},{\"@type\":\"WebPage\",\"@id\":\"https:\\\/\\\/inclusivenews.com.br\\\/?p=23856\",\"url\":\"https:\\\/\\\/inclusivenews.com.br\\\/?p=23856\",\"name\":\"Viaje at\u00e9 Recife e conhe\u00e7a o Projeto Casa da Crian\u00e7a -\",\"isPartOf\":{\"@id\":\"https:\\\/\\\/inclusivenews.com.br\\\/#website\"},\"primaryImageOfPage\":{\"@id\":\"https:\\\/\\\/inclusivenews.com.br\\\/?p=23856#primaryimage\"},\"image\":{\"@id\":\"https:\\\/\\\/inclusivenews.com.br\\\/?p=23856#primaryimage\"},\"thumbnailUrl\":\"http:\\\/\\\/www.avidaeumaviagem.com.br\\\/blog\\\/wp-content\\\/uploads\\\/2012\\\/11\\\/Casa-da-crianca-e-Cacadores-de-bons-exemplos-300x198.jpg\",\"datePublished\":\"2012-11-21T17:12:43+00:00\",\"breadcrumb\":{\"@id\":\"https:\\\/\\\/inclusivenews.com.br\\\/?p=23856#breadcrumb\"},\"inLanguage\":\"pt-PT\",\"potentialAction\":[{\"@type\":\"ReadAction\",\"target\":[\"https:\\\/\\\/inclusivenews.com.br\\\/?p=23856\"]}]},{\"@type\":\"ImageObject\",\"inLanguage\":\"pt-PT\",\"@id\":\"https:\\\/\\\/inclusivenews.com.br\\\/?p=23856#primaryimage\",\"url\":\"http:\\\/\\\/www.avidaeumaviagem.com.br\\\/blog\\\/wp-content\\\/uploads\\\/2012\\\/11\\\/Casa-da-crianca-e-Cacadores-de-bons-exemplos-300x198.jpg\",\"contentUrl\":\"http:\\\/\\\/www.avidaeumaviagem.com.br\\\/blog\\\/wp-content\\\/uploads\\\/2012\\\/11\\\/Casa-da-crianca-e-Cacadores-de-bons-exemplos-300x198.jpg\"},{\"@type\":\"BreadcrumbList\",\"@id\":\"https:\\\/\\\/inclusivenews.com.br\\\/?p=23856#breadcrumb\",\"itemListElement\":[{\"@type\":\"ListItem\",\"position\":1,\"name\":\"In\u00edcio\",\"item\":\"https:\\\/\\\/inclusivenews.com.br\\\/\"},{\"@type\":\"ListItem\",\"position\":2,\"name\":\"Viaje at\u00e9 Recife e conhe\u00e7a o Projeto Casa da Crian\u00e7a\"}]},{\"@type\":\"WebSite\",\"@id\":\"https:\\\/\\\/inclusivenews.com.br\\\/#website\",\"url\":\"https:\\\/\\\/inclusivenews.com.br\\\/\",\"name\":\"Inclusive News\",\"description\":\"Inclusive News\",\"publisher\":{\"@id\":\"https:\\\/\\\/inclusivenews.com.br\\\/#organization\"},\"potentialAction\":[{\"@type\":\"SearchAction\",\"target\":{\"@type\":\"EntryPoint\",\"urlTemplate\":\"https:\\\/\\\/inclusivenews.com.br\\\/?s={search_term_string}\"},\"query-input\":{\"@type\":\"PropertyValueSpecification\",\"valueRequired\":true,\"valueName\":\"search_term_string\"}}],\"inLanguage\":\"pt-PT\"},{\"@type\":\"Organization\",\"@id\":\"https:\\\/\\\/inclusivenews.com.br\\\/#organization\",\"name\":\"Inclusive - inclus\u00e3o e cidadania\",\"url\":\"https:\\\/\\\/inclusivenews.com.br\\\/\",\"logo\":{\"@type\":\"ImageObject\",\"inLanguage\":\"pt-PT\",\"@id\":\"https:\\\/\\\/inclusivenews.com.br\\\/#\\\/schema\\\/logo\\\/image\\\/\",\"url\":\"https:\\\/\\\/inclusivenews.com.br\\\/wp-content\\\/uploads\\\/2024\\\/03\\\/@grandesite.png\",\"contentUrl\":\"https:\\\/\\\/inclusivenews.com.br\\\/wp-content\\\/uploads\\\/2024\\\/03\\\/@grandesite.png\",\"width\":1080,\"height\":1080,\"caption\":\"Inclusive - inclus\u00e3o e cidadania\"},\"image\":{\"@id\":\"https:\\\/\\\/inclusivenews.com.br\\\/#\\\/schema\\\/logo\\\/image\\\/\"},\"sameAs\":[\"https:\\\/\\\/www.facebook.com\\\/agenciainclusive\\\/\",\"https:\\\/\\\/www.instagram.com\\\/newsinclusive\\\/\"]},{\"@type\":\"Person\",\"@id\":\"https:\\\/\\\/inclusivenews.com.br\\\/#\\\/schema\\\/person\\\/ae4ec7087559b8692fb33b6fffd2273b\",\"name\":\"inclusivenews2024\",\"image\":{\"@type\":\"ImageObject\",\"inLanguage\":\"pt-PT\",\"@id\":\"https:\\\/\\\/secure.gravatar.com\\\/avatar\\\/c5a7ef84c66fa914f55bc4f7ce26cfa275a3b9a1c5568b907bd184fb4dde7b40?s=96&d=mm&r=g\",\"url\":\"https:\\\/\\\/secure.gravatar.com\\\/avatar\\\/c5a7ef84c66fa914f55bc4f7ce26cfa275a3b9a1c5568b907bd184fb4dde7b40?s=96&d=mm&r=g\",\"contentUrl\":\"https:\\\/\\\/secure.gravatar.com\\\/avatar\\\/c5a7ef84c66fa914f55bc4f7ce26cfa275a3b9a1c5568b907bd184fb4dde7b40?s=96&d=mm&r=g\",\"caption\":\"inclusivenews2024\"},\"sameAs\":[\"https:\\\/\\\/inclusivenews.com.br\"],\"url\":\"https:\\\/\\\/inclusivenews.com.br\\\/?author=1\"}]}<\/script>\n<!-- \/ Yoast SEO plugin. -->","yoast_head_json":{"title":"Viaje at\u00e9 Recife e conhe\u00e7a o Projeto Casa da Crian\u00e7a -","robots":{"index":"index","follow":"follow","max-snippet":"max-snippet:-1","max-image-preview":"max-image-preview:large","max-video-preview":"max-video-preview:-1"},"canonical":"https:\/\/inclusivenews.com.br\/?p=23856","og_locale":"pt_PT","og_type":"article","og_title":"Viaje at\u00e9 Recife e conhe\u00e7a o Projeto Casa da Crian\u00e7a -","og_description":"Os Ca\u00e7adores de Bons Exemplos foram at\u00e9 Recife para conhecer e mostrar um pouco mais do Projeto Casa da Crian\u00e7a.","og_url":"https:\/\/inclusivenews.com.br\/?p=23856","article_publisher":"https:\/\/www.facebook.com\/agenciainclusive\/","article_published_time":"2012-11-21T17:12:43+00:00","og_image":[{"url":"http:\/\/www.avidaeumaviagem.com.br\/blog\/wp-content\/uploads\/2012\/11\/Casa-da-crianca-e-Cacadores-de-bons-exemplos-300x198.jpg","type":"","width":"","height":""}],"author":"inclusivenews2024","twitter_card":"summary_large_image","twitter_misc":{"Escrito por":"inclusivenews2024","Tempo estimado de leitura":"3 minutos"},"schema":{"@context":"https:\/\/schema.org","@graph":[{"@type":"Article","@id":"https:\/\/inclusivenews.com.br\/?p=23856#article","isPartOf":{"@id":"https:\/\/inclusivenews.com.br\/?p=23856"},"author":{"name":"inclusivenews2024","@id":"https:\/\/inclusivenews.com.br\/#\/schema\/person\/ae4ec7087559b8692fb33b6fffd2273b"},"headline":"Viaje at\u00e9 Recife e conhe\u00e7a o Projeto Casa da Crian\u00e7a","datePublished":"2012-11-21T17:12:43+00:00","mainEntityOfPage":{"@id":"https:\/\/inclusivenews.com.br\/?p=23856"},"wordCount":631,"commentCount":1,"publisher":{"@id":"https:\/\/inclusivenews.com.br\/#organization"},"image":{"@id":"https:\/\/inclusivenews.com.br\/?p=23856#primaryimage"},"thumbnailUrl":"http:\/\/www.avidaeumaviagem.com.br\/blog\/wp-content\/uploads\/2012\/11\/Casa-da-crianca-e-Cacadores-de-bons-exemplos-300x198.jpg","articleSection":["Blog"],"inLanguage":"pt-PT","potentialAction":[{"@type":"CommentAction","name":"Comment","target":["https:\/\/inclusivenews.com.br\/?p=23856#respond"]}]},{"@type":"WebPage","@id":"https:\/\/inclusivenews.com.br\/?p=23856","url":"https:\/\/inclusivenews.com.br\/?p=23856","name":"Viaje at\u00e9 Recife e conhe\u00e7a o Projeto Casa da Crian\u00e7a -","isPartOf":{"@id":"https:\/\/inclusivenews.com.br\/#website"},"primaryImageOfPage":{"@id":"https:\/\/inclusivenews.com.br\/?p=23856#primaryimage"},"image":{"@id":"https:\/\/inclusivenews.com.br\/?p=23856#primaryimage"},"thumbnailUrl":"http:\/\/www.avidaeumaviagem.com.br\/blog\/wp-content\/uploads\/2012\/11\/Casa-da-crianca-e-Cacadores-de-bons-exemplos-300x198.jpg","datePublished":"2012-11-21T17:12:43+00:00","breadcrumb":{"@id":"https:\/\/inclusivenews.com.br\/?p=23856#breadcrumb"},"inLanguage":"pt-PT","potentialAction":[{"@type":"ReadAction","target":["https:\/\/inclusivenews.com.br\/?p=23856"]}]},{"@type":"ImageObject","inLanguage":"pt-PT","@id":"https:\/\/inclusivenews.com.br\/?p=23856#primaryimage","url":"http:\/\/www.avidaeumaviagem.com.br\/blog\/wp-content\/uploads\/2012\/11\/Casa-da-crianca-e-Cacadores-de-bons-exemplos-300x198.jpg","contentUrl":"http:\/\/www.avidaeumaviagem.com.br\/blog\/wp-content\/uploads\/2012\/11\/Casa-da-crianca-e-Cacadores-de-bons-exemplos-300x198.jpg"},{"@type":"BreadcrumbList","@id":"https:\/\/inclusivenews.com.br\/?p=23856#breadcrumb","itemListElement":[{"@type":"ListItem","position":1,"name":"In\u00edcio","item":"https:\/\/inclusivenews.com.br\/"},{"@type":"ListItem","position":2,"name":"Viaje at\u00e9 Recife e conhe\u00e7a o Projeto Casa da Crian\u00e7a"}]},{"@type":"WebSite","@id":"https:\/\/inclusivenews.com.br\/#website","url":"https:\/\/inclusivenews.com.br\/","name":"Inclusive News","description":"Inclusive News","publisher":{"@id":"https:\/\/inclusivenews.com.br\/#organization"},"potentialAction":[{"@type":"SearchAction","target":{"@type":"EntryPoint","urlTemplate":"https:\/\/inclusivenews.com.br\/?s={search_term_string}"},"query-input":{"@type":"PropertyValueSpecification","valueRequired":true,"valueName":"search_term_string"}}],"inLanguage":"pt-PT"},{"@type":"Organization","@id":"https:\/\/inclusivenews.com.br\/#organization","name":"Inclusive - inclus\u00e3o e cidadania","url":"https:\/\/inclusivenews.com.br\/","logo":{"@type":"ImageObject","inLanguage":"pt-PT","@id":"https:\/\/inclusivenews.com.br\/#\/schema\/logo\/image\/","url":"https:\/\/inclusivenews.com.br\/wp-content\/uploads\/2024\/03\/@grandesite.png","contentUrl":"https:\/\/inclusivenews.com.br\/wp-content\/uploads\/2024\/03\/@grandesite.png","width":1080,"height":1080,"caption":"Inclusive - inclus\u00e3o e cidadania"},"image":{"@id":"https:\/\/inclusivenews.com.br\/#\/schema\/logo\/image\/"},"sameAs":["https:\/\/www.facebook.com\/agenciainclusive\/","https:\/\/www.instagram.com\/newsinclusive\/"]},{"@type":"Person","@id":"https:\/\/inclusivenews.com.br\/#\/schema\/person\/ae4ec7087559b8692fb33b6fffd2273b","name":"inclusivenews2024","image":{"@type":"ImageObject","inLanguage":"pt-PT","@id":"https:\/\/secure.gravatar.com\/avatar\/c5a7ef84c66fa914f55bc4f7ce26cfa275a3b9a1c5568b907bd184fb4dde7b40?s=96&d=mm&r=g","url":"https:\/\/secure.gravatar.com\/avatar\/c5a7ef84c66fa914f55bc4f7ce26cfa275a3b9a1c5568b907bd184fb4dde7b40?s=96&d=mm&r=g","contentUrl":"https:\/\/secure.gravatar.com\/avatar\/c5a7ef84c66fa914f55bc4f7ce26cfa275a3b9a1c5568b907bd184fb4dde7b40?s=96&d=mm&r=g","caption":"inclusivenews2024"},"sameAs":["https:\/\/inclusivenews.com.br"],"url":"https:\/\/inclusivenews.com.br\/?author=1"}]}},"_links":{"self":[{"href":"https:\/\/inclusivenews.com.br\/index.php?rest_route=\/wp\/v2\/posts\/23856","targetHints":{"allow":["GET"]}}],"collection":[{"href":"https:\/\/inclusivenews.com.br\/index.php?rest_route=\/wp\/v2\/posts"}],"about":[{"href":"https:\/\/inclusivenews.com.br\/index.php?rest_route=\/wp\/v2\/types\/post"}],"author":[{"embeddable":true,"href":"https:\/\/inclusivenews.com.br\/index.php?rest_route=\/wp\/v2\/users\/1"}],"replies":[{"embeddable":true,"href":"https:\/\/inclusivenews.com.br\/index.php?rest_route=%2Fwp%2Fv2%2Fcomments&post=23856"}],"version-history":[{"count":0,"href":"https:\/\/inclusivenews.com.br\/index.php?rest_route=\/wp\/v2\/posts\/23856\/revisions"}],"wp:attachment":[{"href":"https:\/\/inclusivenews.com.br\/index.php?rest_route=%2Fwp%2Fv2%2Fmedia&parent=23856"}],"wp:term":[{"taxonomy":"category","embeddable":true,"href":"https:\/\/inclusivenews.com.br\/index.php?rest_route=%2Fwp%2Fv2%2Fcategories&post=23856"},{"taxonomy":"post_tag","embeddable":true,"href":"https:\/\/inclusivenews.com.br\/index.php?rest_route=%2Fwp%2Fv2%2Ftags&post=23856"}],"curies":[{"name":"wp","href":"https:\/\/api.w.org\/{rel}","templated":true}]}}