{"id":23862,"date":"2012-11-21T14:12:04","date_gmt":"2012-11-21T17:12:04","guid":{"rendered":"http:\/\/www.inclusive.org.br\/?p=23862"},"modified":"2012-11-21T14:12:04","modified_gmt":"2012-11-21T17:12:04","slug":"o-beneficio-de-prestacao-continuada-como-forma-de-inclusao-social-e-expressao-do-principio-constitucional-da-dignidade-da-pessoa-humana","status":"publish","type":"post","link":"https:\/\/inclusivenews.com.br\/?p=23862","title":{"rendered":"O benef\u00edcio de presta\u00e7\u00e3o continuada como forma de inclus\u00e3o social e express\u00e3o do princ\u00edpio constitucional da dignidade da pessoa humana"},"content":{"rendered":"<p><img loading=\"lazy\" decoding=\"async\" class=\"size-full wp-image-20165 alignnone\" title=\"Exclus\u00e3o - roda de bonecos brancos, um vermelho destaca-se\" src=\"http:\/\/inclusivenews.com.br\/wp-content\/uploads\/exclusao.jpg\" alt=\"Exclus\u00e3o - roda de bonecos brancos, um vermelho destaca-se\" width=\"300\" height=\"229\" \/><\/p>\n<p>O benef\u00edcio de presta\u00e7\u00e3o continuada como forma de inclus\u00e3o social e express\u00e3o do princ\u00edpio constitucional da dignidade da pessoa humana, por Anne Jacqueline Soares de Salles. PUCSP. S\u00e3o Paulo, 2010.<\/p>\n<p><a href=\"http:\/\/www.sapientia.pucsp.br\/\/tde_busca\/arquivo.php?codArquivo=12294\" target=\"_blank\" rel=\"noopener\">Link para download.<\/a><\/p>\n<p><strong>RESUMO\/ABSTRACT<\/strong><\/p>\n<p>Este trabalho tem como objetivo geral analisar o Benef\u00edcio de Presta\u00e7\u00e3o Continuada (BPC), programa tempor\u00e1rio de transfer\u00eancia de renda, no valor mensal de 01 (um) sal\u00e1rio m\u00ednimo, para idosos de 65 (sessenta e cinco) anos ou mais e pessoas com defici\u00eancia incapacitante para o trabalho e a vida independente, cuja renda per capita familiar seja inferior a 1\/4 do sal\u00e1rio m\u00ednimo. Para tanto, busca conhecer o modo pelo qual este benef\u00edcio promove a inclus\u00e3o social das pessoas menos favorecidas, tendo em vista este ser muitas vezes a \u00fanica renda do indiv\u00edduo e de toda sua fam\u00edlia. Diante disso, procura-se verificar se esse benef\u00edcio atinge seus principais objetivos, quais sejam: construir a cidadania, resguardar direitos sociais m\u00ednimos de uma parcela consider\u00e1vel da popula\u00e7\u00e3o brasileira &#8211; que, de outra forma, n\u00e3o poderia subsistir -, contribuir para que se minimizem as desigualdades sociais, a fim de favorecer a inclus\u00e3o social dos desassistidos e bem como afirmar o princ\u00edpio fundamental da dignidade da pessoa humana, consoante o artigo 5\u00b0 da Constitui\u00e7\u00e3o Federal. A metodologia segue o modelo de pesquisa explicativa e bibliogr\u00e1fica.<\/p>\n","protected":false},"excerpt":{"rendered":"<p>Procura-se verificar se esse benef\u00edcio atinge seus principais objetivos, quais sejam: construir a cidadania, resguardar direitos sociais m\u00ednimos de uma parcela consider\u00e1vel da popula\u00e7\u00e3o brasileira &#8211; que, de outra forma, n\u00e3o poderia subsistir -, contribuir para que se minimizem as desigualdades sociais, a fim de favorecer a inclus\u00e3o social dos desassistidos e bem como afirmar o princ\u00edpio fundamental da dignidade da pessoa humana, consoante o artigo 5\u00b0 da Constitui\u00e7\u00e3o Federal (produ\u00e7\u00e3o acad\u00eamica).<\/p>\n","protected":false},"author":1,"featured_media":0,"comment_status":"open","ping_status":"open","sticky":false,"template":"","format":"standard","meta":{"site-container-style":"default","site-container-layout":"default","site-sidebar-layout":"default","disable-article-header":"default","disable-site-header":"default","disable-site-footer":"default","disable-content-area-spacing":"default","footnotes":""},"categories":[24],"tags":[],"class_list":["post-23862","post","type-post","status-publish","format-standard","hentry","category-producao-academica"],"yoast_head":"<!-- This site is optimized with the Yoast SEO plugin v27.4 - https:\/\/yoast.com\/product\/yoast-seo-wordpress\/ -->\n<title>O benef\u00edcio de presta\u00e7\u00e3o continuada como forma de inclus\u00e3o social e express\u00e3o do princ\u00edpio constitucional da dignidade da pessoa humana -<\/title>\n<meta name=\"robots\" content=\"index, follow, max-snippet:-1, max-image-preview:large, max-video-preview:-1\" \/>\n<link rel=\"canonical\" href=\"https:\/\/inclusivenews.com.br\/?p=23862\" \/>\n<meta property=\"og:locale\" content=\"pt_PT\" \/>\n<meta property=\"og:type\" content=\"article\" \/>\n<meta property=\"og:title\" content=\"O benef\u00edcio de presta\u00e7\u00e3o continuada como forma de inclus\u00e3o social e express\u00e3o do princ\u00edpio constitucional da dignidade da pessoa humana -\" \/>\n<meta property=\"og:description\" content=\"Procura-se verificar se esse benef\u00edcio atinge seus principais objetivos, quais sejam: construir a cidadania, resguardar direitos sociais m\u00ednimos de uma parcela consider\u00e1vel da popula\u00e7\u00e3o brasileira - que, de outra forma, n\u00e3o poderia subsistir -, contribuir para que se minimizem as desigualdades sociais, a fim de favorecer a inclus\u00e3o social dos desassistidos e bem como afirmar o princ\u00edpio fundamental da dignidade da pessoa humana, consoante o artigo 5\u00b0 da Constitui\u00e7\u00e3o Federal (produ\u00e7\u00e3o acad\u00eamica).\" \/>\n<meta property=\"og:url\" content=\"https:\/\/inclusivenews.com.br\/?p=23862\" \/>\n<meta property=\"article:publisher\" content=\"https:\/\/www.facebook.com\/agenciainclusive\/\" \/>\n<meta property=\"article:published_time\" content=\"2012-11-21T17:12:04+00:00\" \/>\n<meta property=\"og:image\" content=\"http:\/\/inclusivenews.com.br\/wp-content\/uploads\/exclusao.jpg\" \/>\n<meta name=\"author\" content=\"inclusivenews2024\" \/>\n<meta name=\"twitter:card\" content=\"summary_large_image\" \/>\n<meta name=\"twitter:label1\" content=\"Escrito por\" \/>\n\t<meta name=\"twitter:data1\" content=\"inclusivenews2024\" \/>\n\t<meta name=\"twitter:label2\" content=\"Tempo estimado de leitura\" \/>\n\t<meta name=\"twitter:data2\" content=\"1 minuto\" \/>\n<script type=\"application\/ld+json\" class=\"yoast-schema-graph\">{\"@context\":\"https:\\\/\\\/schema.org\",\"@graph\":[{\"@type\":\"Article\",\"@id\":\"https:\\\/\\\/inclusivenews.com.br\\\/?p=23862#article\",\"isPartOf\":{\"@id\":\"https:\\\/\\\/inclusivenews.com.br\\\/?p=23862\"},\"author\":{\"name\":\"inclusivenews2024\",\"@id\":\"https:\\\/\\\/inclusivenews.com.br\\\/#\\\/schema\\\/person\\\/ae4ec7087559b8692fb33b6fffd2273b\"},\"headline\":\"O benef\u00edcio de presta\u00e7\u00e3o continuada como forma de inclus\u00e3o social e express\u00e3o do princ\u00edpio constitucional da dignidade da pessoa humana\",\"datePublished\":\"2012-11-21T17:12:04+00:00\",\"mainEntityOfPage\":{\"@id\":\"https:\\\/\\\/inclusivenews.com.br\\\/?p=23862\"},\"wordCount\":261,\"commentCount\":0,\"publisher\":{\"@id\":\"https:\\\/\\\/inclusivenews.com.br\\\/#organization\"},\"image\":{\"@id\":\"https:\\\/\\\/inclusivenews.com.br\\\/?p=23862#primaryimage\"},\"thumbnailUrl\":\"http:\\\/\\\/inclusivenews.com.br\\\/wp-content\\\/uploads\\\/exclusao.jpg\",\"articleSection\":[\"Produ\u00e7\u00e3o acad\u00eamica\"],\"inLanguage\":\"pt-PT\",\"potentialAction\":[{\"@type\":\"CommentAction\",\"name\":\"Comment\",\"target\":[\"https:\\\/\\\/inclusivenews.com.br\\\/?p=23862#respond\"]}]},{\"@type\":\"WebPage\",\"@id\":\"https:\\\/\\\/inclusivenews.com.br\\\/?p=23862\",\"url\":\"https:\\\/\\\/inclusivenews.com.br\\\/?p=23862\",\"name\":\"O benef\u00edcio de presta\u00e7\u00e3o continuada como forma de inclus\u00e3o social e express\u00e3o do princ\u00edpio constitucional da dignidade da pessoa humana -\",\"isPartOf\":{\"@id\":\"https:\\\/\\\/inclusivenews.com.br\\\/#website\"},\"primaryImageOfPage\":{\"@id\":\"https:\\\/\\\/inclusivenews.com.br\\\/?p=23862#primaryimage\"},\"image\":{\"@id\":\"https:\\\/\\\/inclusivenews.com.br\\\/?p=23862#primaryimage\"},\"thumbnailUrl\":\"http:\\\/\\\/inclusivenews.com.br\\\/wp-content\\\/uploads\\\/exclusao.jpg\",\"datePublished\":\"2012-11-21T17:12:04+00:00\",\"breadcrumb\":{\"@id\":\"https:\\\/\\\/inclusivenews.com.br\\\/?p=23862#breadcrumb\"},\"inLanguage\":\"pt-PT\",\"potentialAction\":[{\"@type\":\"ReadAction\",\"target\":[\"https:\\\/\\\/inclusivenews.com.br\\\/?p=23862\"]}]},{\"@type\":\"ImageObject\",\"inLanguage\":\"pt-PT\",\"@id\":\"https:\\\/\\\/inclusivenews.com.br\\\/?p=23862#primaryimage\",\"url\":\"\",\"contentUrl\":\"\"},{\"@type\":\"BreadcrumbList\",\"@id\":\"https:\\\/\\\/inclusivenews.com.br\\\/?p=23862#breadcrumb\",\"itemListElement\":[{\"@type\":\"ListItem\",\"position\":1,\"name\":\"In\u00edcio\",\"item\":\"https:\\\/\\\/inclusivenews.com.br\\\/\"},{\"@type\":\"ListItem\",\"position\":2,\"name\":\"O benef\u00edcio de presta\u00e7\u00e3o continuada como forma de inclus\u00e3o social e express\u00e3o do princ\u00edpio constitucional da dignidade da pessoa humana\"}]},{\"@type\":\"WebSite\",\"@id\":\"https:\\\/\\\/inclusivenews.com.br\\\/#website\",\"url\":\"https:\\\/\\\/inclusivenews.com.br\\\/\",\"name\":\"Inclusive News\",\"description\":\"Inclusive News\",\"publisher\":{\"@id\":\"https:\\\/\\\/inclusivenews.com.br\\\/#organization\"},\"potentialAction\":[{\"@type\":\"SearchAction\",\"target\":{\"@type\":\"EntryPoint\",\"urlTemplate\":\"https:\\\/\\\/inclusivenews.com.br\\\/?s={search_term_string}\"},\"query-input\":{\"@type\":\"PropertyValueSpecification\",\"valueRequired\":true,\"valueName\":\"search_term_string\"}}],\"inLanguage\":\"pt-PT\"},{\"@type\":\"Organization\",\"@id\":\"https:\\\/\\\/inclusivenews.com.br\\\/#organization\",\"name\":\"Inclusive - inclus\u00e3o e cidadania\",\"url\":\"https:\\\/\\\/inclusivenews.com.br\\\/\",\"logo\":{\"@type\":\"ImageObject\",\"inLanguage\":\"pt-PT\",\"@id\":\"https:\\\/\\\/inclusivenews.com.br\\\/#\\\/schema\\\/logo\\\/image\\\/\",\"url\":\"https:\\\/\\\/inclusivenews.com.br\\\/wp-content\\\/uploads\\\/2024\\\/03\\\/@grandesite.png\",\"contentUrl\":\"https:\\\/\\\/inclusivenews.com.br\\\/wp-content\\\/uploads\\\/2024\\\/03\\\/@grandesite.png\",\"width\":1080,\"height\":1080,\"caption\":\"Inclusive - inclus\u00e3o e cidadania\"},\"image\":{\"@id\":\"https:\\\/\\\/inclusivenews.com.br\\\/#\\\/schema\\\/logo\\\/image\\\/\"},\"sameAs\":[\"https:\\\/\\\/www.facebook.com\\\/agenciainclusive\\\/\",\"https:\\\/\\\/www.instagram.com\\\/newsinclusive\\\/\"]},{\"@type\":\"Person\",\"@id\":\"https:\\\/\\\/inclusivenews.com.br\\\/#\\\/schema\\\/person\\\/ae4ec7087559b8692fb33b6fffd2273b\",\"name\":\"inclusivenews2024\",\"image\":{\"@type\":\"ImageObject\",\"inLanguage\":\"pt-PT\",\"@id\":\"https:\\\/\\\/secure.gravatar.com\\\/avatar\\\/c5a7ef84c66fa914f55bc4f7ce26cfa275a3b9a1c5568b907bd184fb4dde7b40?s=96&d=mm&r=g\",\"url\":\"https:\\\/\\\/secure.gravatar.com\\\/avatar\\\/c5a7ef84c66fa914f55bc4f7ce26cfa275a3b9a1c5568b907bd184fb4dde7b40?s=96&d=mm&r=g\",\"contentUrl\":\"https:\\\/\\\/secure.gravatar.com\\\/avatar\\\/c5a7ef84c66fa914f55bc4f7ce26cfa275a3b9a1c5568b907bd184fb4dde7b40?s=96&d=mm&r=g\",\"caption\":\"inclusivenews2024\"},\"sameAs\":[\"https:\\\/\\\/inclusivenews.com.br\"],\"url\":\"https:\\\/\\\/inclusivenews.com.br\\\/?author=1\"}]}<\/script>\n<!-- \/ Yoast SEO plugin. -->","yoast_head_json":{"title":"O benef\u00edcio de presta\u00e7\u00e3o continuada como forma de inclus\u00e3o social e express\u00e3o do princ\u00edpio constitucional da dignidade da pessoa humana -","robots":{"index":"index","follow":"follow","max-snippet":"max-snippet:-1","max-image-preview":"max-image-preview:large","max-video-preview":"max-video-preview:-1"},"canonical":"https:\/\/inclusivenews.com.br\/?p=23862","og_locale":"pt_PT","og_type":"article","og_title":"O benef\u00edcio de presta\u00e7\u00e3o continuada como forma de inclus\u00e3o social e express\u00e3o do princ\u00edpio constitucional da dignidade da pessoa humana -","og_description":"Procura-se verificar se esse benef\u00edcio atinge seus principais objetivos, quais sejam: construir a cidadania, resguardar direitos sociais m\u00ednimos de uma parcela consider\u00e1vel da popula\u00e7\u00e3o brasileira - que, de outra forma, n\u00e3o poderia subsistir -, contribuir para que se minimizem as desigualdades sociais, a fim de favorecer a inclus\u00e3o social dos desassistidos e bem como afirmar o princ\u00edpio fundamental da dignidade da pessoa humana, consoante o artigo 5\u00b0 da Constitui\u00e7\u00e3o Federal (produ\u00e7\u00e3o acad\u00eamica).","og_url":"https:\/\/inclusivenews.com.br\/?p=23862","article_publisher":"https:\/\/www.facebook.com\/agenciainclusive\/","article_published_time":"2012-11-21T17:12:04+00:00","og_image":[{"url":"http:\/\/inclusivenews.com.br\/wp-content\/uploads\/exclusao.jpg","type":"","width":"","height":""}],"author":"inclusivenews2024","twitter_card":"summary_large_image","twitter_misc":{"Escrito por":"inclusivenews2024","Tempo estimado de leitura":"1 minuto"},"schema":{"@context":"https:\/\/schema.org","@graph":[{"@type":"Article","@id":"https:\/\/inclusivenews.com.br\/?p=23862#article","isPartOf":{"@id":"https:\/\/inclusivenews.com.br\/?p=23862"},"author":{"name":"inclusivenews2024","@id":"https:\/\/inclusivenews.com.br\/#\/schema\/person\/ae4ec7087559b8692fb33b6fffd2273b"},"headline":"O benef\u00edcio de presta\u00e7\u00e3o continuada como forma de inclus\u00e3o social e express\u00e3o do princ\u00edpio constitucional da dignidade da pessoa humana","datePublished":"2012-11-21T17:12:04+00:00","mainEntityOfPage":{"@id":"https:\/\/inclusivenews.com.br\/?p=23862"},"wordCount":261,"commentCount":0,"publisher":{"@id":"https:\/\/inclusivenews.com.br\/#organization"},"image":{"@id":"https:\/\/inclusivenews.com.br\/?p=23862#primaryimage"},"thumbnailUrl":"http:\/\/inclusivenews.com.br\/wp-content\/uploads\/exclusao.jpg","articleSection":["Produ\u00e7\u00e3o acad\u00eamica"],"inLanguage":"pt-PT","potentialAction":[{"@type":"CommentAction","name":"Comment","target":["https:\/\/inclusivenews.com.br\/?p=23862#respond"]}]},{"@type":"WebPage","@id":"https:\/\/inclusivenews.com.br\/?p=23862","url":"https:\/\/inclusivenews.com.br\/?p=23862","name":"O benef\u00edcio de presta\u00e7\u00e3o continuada como forma de inclus\u00e3o social e express\u00e3o do princ\u00edpio constitucional da dignidade da pessoa humana -","isPartOf":{"@id":"https:\/\/inclusivenews.com.br\/#website"},"primaryImageOfPage":{"@id":"https:\/\/inclusivenews.com.br\/?p=23862#primaryimage"},"image":{"@id":"https:\/\/inclusivenews.com.br\/?p=23862#primaryimage"},"thumbnailUrl":"http:\/\/inclusivenews.com.br\/wp-content\/uploads\/exclusao.jpg","datePublished":"2012-11-21T17:12:04+00:00","breadcrumb":{"@id":"https:\/\/inclusivenews.com.br\/?p=23862#breadcrumb"},"inLanguage":"pt-PT","potentialAction":[{"@type":"ReadAction","target":["https:\/\/inclusivenews.com.br\/?p=23862"]}]},{"@type":"ImageObject","inLanguage":"pt-PT","@id":"https:\/\/inclusivenews.com.br\/?p=23862#primaryimage","url":"","contentUrl":""},{"@type":"BreadcrumbList","@id":"https:\/\/inclusivenews.com.br\/?p=23862#breadcrumb","itemListElement":[{"@type":"ListItem","position":1,"name":"In\u00edcio","item":"https:\/\/inclusivenews.com.br\/"},{"@type":"ListItem","position":2,"name":"O benef\u00edcio de presta\u00e7\u00e3o continuada como forma de inclus\u00e3o social e express\u00e3o do princ\u00edpio constitucional da dignidade da pessoa humana"}]},{"@type":"WebSite","@id":"https:\/\/inclusivenews.com.br\/#website","url":"https:\/\/inclusivenews.com.br\/","name":"Inclusive News","description":"Inclusive News","publisher":{"@id":"https:\/\/inclusivenews.com.br\/#organization"},"potentialAction":[{"@type":"SearchAction","target":{"@type":"EntryPoint","urlTemplate":"https:\/\/inclusivenews.com.br\/?s={search_term_string}"},"query-input":{"@type":"PropertyValueSpecification","valueRequired":true,"valueName":"search_term_string"}}],"inLanguage":"pt-PT"},{"@type":"Organization","@id":"https:\/\/inclusivenews.com.br\/#organization","name":"Inclusive - inclus\u00e3o e cidadania","url":"https:\/\/inclusivenews.com.br\/","logo":{"@type":"ImageObject","inLanguage":"pt-PT","@id":"https:\/\/inclusivenews.com.br\/#\/schema\/logo\/image\/","url":"https:\/\/inclusivenews.com.br\/wp-content\/uploads\/2024\/03\/@grandesite.png","contentUrl":"https:\/\/inclusivenews.com.br\/wp-content\/uploads\/2024\/03\/@grandesite.png","width":1080,"height":1080,"caption":"Inclusive - inclus\u00e3o e cidadania"},"image":{"@id":"https:\/\/inclusivenews.com.br\/#\/schema\/logo\/image\/"},"sameAs":["https:\/\/www.facebook.com\/agenciainclusive\/","https:\/\/www.instagram.com\/newsinclusive\/"]},{"@type":"Person","@id":"https:\/\/inclusivenews.com.br\/#\/schema\/person\/ae4ec7087559b8692fb33b6fffd2273b","name":"inclusivenews2024","image":{"@type":"ImageObject","inLanguage":"pt-PT","@id":"https:\/\/secure.gravatar.com\/avatar\/c5a7ef84c66fa914f55bc4f7ce26cfa275a3b9a1c5568b907bd184fb4dde7b40?s=96&d=mm&r=g","url":"https:\/\/secure.gravatar.com\/avatar\/c5a7ef84c66fa914f55bc4f7ce26cfa275a3b9a1c5568b907bd184fb4dde7b40?s=96&d=mm&r=g","contentUrl":"https:\/\/secure.gravatar.com\/avatar\/c5a7ef84c66fa914f55bc4f7ce26cfa275a3b9a1c5568b907bd184fb4dde7b40?s=96&d=mm&r=g","caption":"inclusivenews2024"},"sameAs":["https:\/\/inclusivenews.com.br"],"url":"https:\/\/inclusivenews.com.br\/?author=1"}]}},"_links":{"self":[{"href":"https:\/\/inclusivenews.com.br\/index.php?rest_route=\/wp\/v2\/posts\/23862","targetHints":{"allow":["GET"]}}],"collection":[{"href":"https:\/\/inclusivenews.com.br\/index.php?rest_route=\/wp\/v2\/posts"}],"about":[{"href":"https:\/\/inclusivenews.com.br\/index.php?rest_route=\/wp\/v2\/types\/post"}],"author":[{"embeddable":true,"href":"https:\/\/inclusivenews.com.br\/index.php?rest_route=\/wp\/v2\/users\/1"}],"replies":[{"embeddable":true,"href":"https:\/\/inclusivenews.com.br\/index.php?rest_route=%2Fwp%2Fv2%2Fcomments&post=23862"}],"version-history":[{"count":0,"href":"https:\/\/inclusivenews.com.br\/index.php?rest_route=\/wp\/v2\/posts\/23862\/revisions"}],"wp:attachment":[{"href":"https:\/\/inclusivenews.com.br\/index.php?rest_route=%2Fwp%2Fv2%2Fmedia&parent=23862"}],"wp:term":[{"taxonomy":"category","embeddable":true,"href":"https:\/\/inclusivenews.com.br\/index.php?rest_route=%2Fwp%2Fv2%2Fcategories&post=23862"},{"taxonomy":"post_tag","embeddable":true,"href":"https:\/\/inclusivenews.com.br\/index.php?rest_route=%2Fwp%2Fv2%2Ftags&post=23862"}],"curies":[{"name":"wp","href":"https:\/\/api.w.org\/{rel}","templated":true}]}}