{"id":23880,"date":"2012-12-04T09:37:23","date_gmt":"2012-12-04T12:37:23","guid":{"rendered":"http:\/\/www.inclusive.org.br\/?p=23880"},"modified":"2012-12-04T09:37:23","modified_gmt":"2012-12-04T12:37:23","slug":"eu-nao-me-importo","status":"publish","type":"post","link":"https:\/\/inclusivenews.com.br\/?p=23880","title":{"rendered":"Eu n\u00e3o me importo"},"content":{"rendered":"<figure id=\"attachment_21164\" aria-describedby=\"caption-attachment-21164\" style=\"width: 225px\" class=\"wp-caption alignleft\"><img loading=\"lazy\" decoding=\"async\" class=\"size-full wp-image-21164\" title=\"Exclus\u00e3o - um c\u00edrculo de prendedores de roupas iguais deixa de fora um diferente\" src=\"http:\/\/inclusivenews.com.br\/wp-content\/uploads\/exclusao.png\" alt=\"Exclus\u00e3o - um c\u00edrculo de prendedores de roupas iguais deixa de fora um diferente\" width=\"225\" height=\"169\" \/><figcaption id=\"caption-attachment-21164\" class=\"wp-caption-text\"> <\/figcaption><\/figure>\n<p><em>Por Andrei Bastos *<\/em><\/p>\n<p>Os n\u00fameros do Censo 2010 do IBGE relativos \u00e0s pessoas com defici\u00eancia no Brasil foram questionados por alguns, e at\u00e9 j\u00e1 se fez a defesa deles, como no artigo \u201cDados consistentes\u201d, de Andrea Borges, publicado no Globo. Se o percentual dessas pessoas \u00e9 de 23,9% ou de 6,7%, eu n\u00e3o me importo. Se a quantidade de deficientes inclu\u00eddos na educa\u00e7\u00e3o, no mercado de trabalho e no lazer ainda \u00e9 pequena, se o preconceito e a discrimina\u00e7\u00e3o em rela\u00e7\u00e3o a eles ainda prevalecem e suas vagas de estacionamento e prioridades de atendimento n\u00e3o s\u00e3o respeitadas, eu n\u00e3o me importo.<\/p>\n<p>Eu n\u00e3o me importo porque o respeito \u00e0s vagas e prioridades de atendimento, que j\u00e1 existe em boa medida, inevitavelmente resultar\u00e1 da ocupa\u00e7\u00e3o incans\u00e1vel pelas pr\u00f3prias pessoas com defici\u00eancia, e n\u00e3o por interpostas pessoas, dos seus espa\u00e7os na sociedade, que s\u00f3 h\u00e1 poucos anos vivencia os novos paradigmas da inclus\u00e3o. Mesmo os que ainda consideram deficientes como coitadinhos j\u00e1 se ajustam \u00e0 nova realidade dessas pessoas circulando em todos os lugares, fora do confinamento de institui\u00e7\u00f5es exclusivistas e segregadoras.<\/p>\n<p>N\u00e3o ser\u00e1 duvidando de estat\u00edsticas que se promover\u00e1 a conscientiza\u00e7\u00e3o da sociedade, das diferentes gera\u00e7\u00f5es, e at\u00e9 de n\u00f3s mesmos. Somos todos filhos do preconceito e da discrimina\u00e7\u00e3o de quando os velhos, os doentes e os deficientes eram abandonados para morrer, o que ainda acontece nos rinc\u00f5es brasileiros e mundiais.<\/p>\n<p>Se n\u00f3s n\u00e3o t\u00ednhamos e, em muitos casos, ainda n\u00e3o temos nem direito \u00e0 vida, o que dizer do direito \u00e0 educa\u00e7\u00e3o, ao lazer e ao trabalho? Uma coisa emenda na outra, e se a crian\u00e7a com defici\u00eancia n\u00e3o frequenta a escola ou, mais tarde, um curso de qualifica\u00e7\u00e3o profissional, como exigir que na idade adulta lhe seja oferecido um emprego? Duvidando de estat\u00edsticas ou trabalhando com honestidade e transpar\u00eancia por pol\u00edticas p\u00fablicas de largo alcance?<\/p>\n<p>Por menor que seja o percentual de pessoas com defici\u00eancia brasileiras, o que importa \u00e9 que seus direitos sejam respeitados e suas necessidades espec\u00edficas atendidas. Todos se beneficiar\u00e3o com a boa qualidade de vida resultante, e idosos, obesos, mulheres gr\u00e1vidas etc. se juntar\u00e3o ao percentual que seja de deficientes, estabelecendo par\u00e2metros amplos de inclus\u00e3o, o que pode acontecer agora com a Conven\u00e7\u00e3o sobre os Direitos das Pessoas com Defici\u00eancia da ONU, ratificada como emenda constitucional no Brasil e sendo o foco da Confer\u00eancia Nacional dos Direitos da Pessoa com Defici\u00eancia deste ano, e pol\u00edticas p\u00fablicas nacionais.<\/p>\n<p>Em sentido contr\u00e1rio, os guetos excludentes resultam de interesses inconfess\u00e1veis e constituem um \u201cnicho de mercado\u201d que favorece a poucos, particularmente a n\u00e3o deficientes, reduzindo perversamente o alcance de uma inclus\u00e3o ampla geral e irrestrita e preservando os bons rendimentos eleitorais ou financeiros de pol\u00edticos, institui\u00e7\u00f5es e pessoas que se apresentam como defensoras de coitadinhos. Como deficiente nada coitadinho, com isso eu me importo!<\/p>\n<p><em>* Andrei Bastos \u00e9 jornalista e integra a Comiss\u00e3o de Direitos Humanos da OAB\/RJ<\/em><\/p>\n<p>Fonte: O Globo, Opini\u00e3o, 28\/11\/2012<\/p>\n","protected":false},"excerpt":{"rendered":"<p>Por Andrei Bastos &#8211; Por menor que seja o percentual de pessoas com defici\u00eancia brasileiras, o que importa \u00e9 que seus direitos sejam respeitados e suas necessidades espec\u00edficas atendidas.<\/p>\n","protected":false},"author":1,"featured_media":0,"comment_status":"open","ping_status":"open","sticky":false,"template":"","format":"standard","meta":{"site-container-style":"default","site-container-layout":"default","site-sidebar-layout":"default","disable-article-header":"default","disable-site-header":"default","disable-site-footer":"default","disable-content-area-spacing":"default","footnotes":""},"categories":[8],"tags":[],"class_list":["post-23880","post","type-post","status-publish","format-standard","hentry","category-textos-e-artigos"],"yoast_head":"<!-- This site is optimized with the Yoast SEO plugin v27.4 - https:\/\/yoast.com\/product\/yoast-seo-wordpress\/ -->\n<title>Eu n\u00e3o me importo -<\/title>\n<meta name=\"robots\" content=\"index, follow, max-snippet:-1, max-image-preview:large, max-video-preview:-1\" \/>\n<link rel=\"canonical\" href=\"https:\/\/inclusivenews.com.br\/?p=23880\" \/>\n<meta property=\"og:locale\" content=\"pt_PT\" \/>\n<meta property=\"og:type\" content=\"article\" \/>\n<meta property=\"og:title\" content=\"Eu n\u00e3o me importo -\" \/>\n<meta property=\"og:description\" content=\"Por Andrei Bastos - Por menor que seja o percentual de pessoas com defici\u00eancia brasileiras, o que importa \u00e9 que seus direitos sejam respeitados e suas necessidades espec\u00edficas atendidas.\" \/>\n<meta property=\"og:url\" content=\"https:\/\/inclusivenews.com.br\/?p=23880\" \/>\n<meta property=\"article:publisher\" content=\"https:\/\/www.facebook.com\/agenciainclusive\/\" \/>\n<meta property=\"article:published_time\" content=\"2012-12-04T12:37:23+00:00\" \/>\n<meta property=\"og:image\" content=\"http:\/\/inclusivenews.com.br\/wp-content\/uploads\/exclusao.png\" \/>\n<meta name=\"author\" content=\"inclusivenews2024\" \/>\n<meta name=\"twitter:card\" content=\"summary_large_image\" \/>\n<meta name=\"twitter:label1\" content=\"Escrito por\" \/>\n\t<meta name=\"twitter:data1\" content=\"inclusivenews2024\" \/>\n\t<meta name=\"twitter:label2\" content=\"Tempo estimado de leitura\" \/>\n\t<meta name=\"twitter:data2\" content=\"3 minutos\" \/>\n<script type=\"application\/ld+json\" class=\"yoast-schema-graph\">{\"@context\":\"https:\\\/\\\/schema.org\",\"@graph\":[{\"@type\":\"Article\",\"@id\":\"https:\\\/\\\/inclusivenews.com.br\\\/?p=23880#article\",\"isPartOf\":{\"@id\":\"https:\\\/\\\/inclusivenews.com.br\\\/?p=23880\"},\"author\":{\"name\":\"inclusivenews2024\",\"@id\":\"https:\\\/\\\/inclusivenews.com.br\\\/#\\\/schema\\\/person\\\/ae4ec7087559b8692fb33b6fffd2273b\"},\"headline\":\"Eu n\u00e3o me importo\",\"datePublished\":\"2012-12-04T12:37:23+00:00\",\"mainEntityOfPage\":{\"@id\":\"https:\\\/\\\/inclusivenews.com.br\\\/?p=23880\"},\"wordCount\":547,\"commentCount\":0,\"publisher\":{\"@id\":\"https:\\\/\\\/inclusivenews.com.br\\\/#organization\"},\"image\":{\"@id\":\"https:\\\/\\\/inclusivenews.com.br\\\/?p=23880#primaryimage\"},\"thumbnailUrl\":\"http:\\\/\\\/inclusivenews.com.br\\\/wp-content\\\/uploads\\\/exclusao.png\",\"articleSection\":[\"OPINI\u00c3O\"],\"inLanguage\":\"pt-PT\",\"potentialAction\":[{\"@type\":\"CommentAction\",\"name\":\"Comment\",\"target\":[\"https:\\\/\\\/inclusivenews.com.br\\\/?p=23880#respond\"]}]},{\"@type\":\"WebPage\",\"@id\":\"https:\\\/\\\/inclusivenews.com.br\\\/?p=23880\",\"url\":\"https:\\\/\\\/inclusivenews.com.br\\\/?p=23880\",\"name\":\"Eu n\u00e3o me importo -\",\"isPartOf\":{\"@id\":\"https:\\\/\\\/inclusivenews.com.br\\\/#website\"},\"primaryImageOfPage\":{\"@id\":\"https:\\\/\\\/inclusivenews.com.br\\\/?p=23880#primaryimage\"},\"image\":{\"@id\":\"https:\\\/\\\/inclusivenews.com.br\\\/?p=23880#primaryimage\"},\"thumbnailUrl\":\"http:\\\/\\\/inclusivenews.com.br\\\/wp-content\\\/uploads\\\/exclusao.png\",\"datePublished\":\"2012-12-04T12:37:23+00:00\",\"breadcrumb\":{\"@id\":\"https:\\\/\\\/inclusivenews.com.br\\\/?p=23880#breadcrumb\"},\"inLanguage\":\"pt-PT\",\"potentialAction\":[{\"@type\":\"ReadAction\",\"target\":[\"https:\\\/\\\/inclusivenews.com.br\\\/?p=23880\"]}]},{\"@type\":\"ImageObject\",\"inLanguage\":\"pt-PT\",\"@id\":\"https:\\\/\\\/inclusivenews.com.br\\\/?p=23880#primaryimage\",\"url\":\"\",\"contentUrl\":\"\"},{\"@type\":\"BreadcrumbList\",\"@id\":\"https:\\\/\\\/inclusivenews.com.br\\\/?p=23880#breadcrumb\",\"itemListElement\":[{\"@type\":\"ListItem\",\"position\":1,\"name\":\"In\u00edcio\",\"item\":\"https:\\\/\\\/inclusivenews.com.br\\\/\"},{\"@type\":\"ListItem\",\"position\":2,\"name\":\"Eu n\u00e3o me importo\"}]},{\"@type\":\"WebSite\",\"@id\":\"https:\\\/\\\/inclusivenews.com.br\\\/#website\",\"url\":\"https:\\\/\\\/inclusivenews.com.br\\\/\",\"name\":\"Inclusive News\",\"description\":\"Inclusive News\",\"publisher\":{\"@id\":\"https:\\\/\\\/inclusivenews.com.br\\\/#organization\"},\"potentialAction\":[{\"@type\":\"SearchAction\",\"target\":{\"@type\":\"EntryPoint\",\"urlTemplate\":\"https:\\\/\\\/inclusivenews.com.br\\\/?s={search_term_string}\"},\"query-input\":{\"@type\":\"PropertyValueSpecification\",\"valueRequired\":true,\"valueName\":\"search_term_string\"}}],\"inLanguage\":\"pt-PT\"},{\"@type\":\"Organization\",\"@id\":\"https:\\\/\\\/inclusivenews.com.br\\\/#organization\",\"name\":\"Inclusive - inclus\u00e3o e cidadania\",\"url\":\"https:\\\/\\\/inclusivenews.com.br\\\/\",\"logo\":{\"@type\":\"ImageObject\",\"inLanguage\":\"pt-PT\",\"@id\":\"https:\\\/\\\/inclusivenews.com.br\\\/#\\\/schema\\\/logo\\\/image\\\/\",\"url\":\"https:\\\/\\\/inclusivenews.com.br\\\/wp-content\\\/uploads\\\/2024\\\/03\\\/@grandesite.png\",\"contentUrl\":\"https:\\\/\\\/inclusivenews.com.br\\\/wp-content\\\/uploads\\\/2024\\\/03\\\/@grandesite.png\",\"width\":1080,\"height\":1080,\"caption\":\"Inclusive - inclus\u00e3o e cidadania\"},\"image\":{\"@id\":\"https:\\\/\\\/inclusivenews.com.br\\\/#\\\/schema\\\/logo\\\/image\\\/\"},\"sameAs\":[\"https:\\\/\\\/www.facebook.com\\\/agenciainclusive\\\/\",\"https:\\\/\\\/www.instagram.com\\\/newsinclusive\\\/\"]},{\"@type\":\"Person\",\"@id\":\"https:\\\/\\\/inclusivenews.com.br\\\/#\\\/schema\\\/person\\\/ae4ec7087559b8692fb33b6fffd2273b\",\"name\":\"inclusivenews2024\",\"image\":{\"@type\":\"ImageObject\",\"inLanguage\":\"pt-PT\",\"@id\":\"https:\\\/\\\/secure.gravatar.com\\\/avatar\\\/c5a7ef84c66fa914f55bc4f7ce26cfa275a3b9a1c5568b907bd184fb4dde7b40?s=96&d=mm&r=g\",\"url\":\"https:\\\/\\\/secure.gravatar.com\\\/avatar\\\/c5a7ef84c66fa914f55bc4f7ce26cfa275a3b9a1c5568b907bd184fb4dde7b40?s=96&d=mm&r=g\",\"contentUrl\":\"https:\\\/\\\/secure.gravatar.com\\\/avatar\\\/c5a7ef84c66fa914f55bc4f7ce26cfa275a3b9a1c5568b907bd184fb4dde7b40?s=96&d=mm&r=g\",\"caption\":\"inclusivenews2024\"},\"sameAs\":[\"https:\\\/\\\/inclusivenews.com.br\"],\"url\":\"https:\\\/\\\/inclusivenews.com.br\\\/?author=1\"}]}<\/script>\n<!-- \/ Yoast SEO plugin. -->","yoast_head_json":{"title":"Eu n\u00e3o me importo -","robots":{"index":"index","follow":"follow","max-snippet":"max-snippet:-1","max-image-preview":"max-image-preview:large","max-video-preview":"max-video-preview:-1"},"canonical":"https:\/\/inclusivenews.com.br\/?p=23880","og_locale":"pt_PT","og_type":"article","og_title":"Eu n\u00e3o me importo -","og_description":"Por Andrei Bastos - Por menor que seja o percentual de pessoas com defici\u00eancia brasileiras, o que importa \u00e9 que seus direitos sejam respeitados e suas necessidades espec\u00edficas atendidas.","og_url":"https:\/\/inclusivenews.com.br\/?p=23880","article_publisher":"https:\/\/www.facebook.com\/agenciainclusive\/","article_published_time":"2012-12-04T12:37:23+00:00","og_image":[{"url":"http:\/\/inclusivenews.com.br\/wp-content\/uploads\/exclusao.png","type":"","width":"","height":""}],"author":"inclusivenews2024","twitter_card":"summary_large_image","twitter_misc":{"Escrito por":"inclusivenews2024","Tempo estimado de leitura":"3 minutos"},"schema":{"@context":"https:\/\/schema.org","@graph":[{"@type":"Article","@id":"https:\/\/inclusivenews.com.br\/?p=23880#article","isPartOf":{"@id":"https:\/\/inclusivenews.com.br\/?p=23880"},"author":{"name":"inclusivenews2024","@id":"https:\/\/inclusivenews.com.br\/#\/schema\/person\/ae4ec7087559b8692fb33b6fffd2273b"},"headline":"Eu n\u00e3o me importo","datePublished":"2012-12-04T12:37:23+00:00","mainEntityOfPage":{"@id":"https:\/\/inclusivenews.com.br\/?p=23880"},"wordCount":547,"commentCount":0,"publisher":{"@id":"https:\/\/inclusivenews.com.br\/#organization"},"image":{"@id":"https:\/\/inclusivenews.com.br\/?p=23880#primaryimage"},"thumbnailUrl":"http:\/\/inclusivenews.com.br\/wp-content\/uploads\/exclusao.png","articleSection":["OPINI\u00c3O"],"inLanguage":"pt-PT","potentialAction":[{"@type":"CommentAction","name":"Comment","target":["https:\/\/inclusivenews.com.br\/?p=23880#respond"]}]},{"@type":"WebPage","@id":"https:\/\/inclusivenews.com.br\/?p=23880","url":"https:\/\/inclusivenews.com.br\/?p=23880","name":"Eu n\u00e3o me importo -","isPartOf":{"@id":"https:\/\/inclusivenews.com.br\/#website"},"primaryImageOfPage":{"@id":"https:\/\/inclusivenews.com.br\/?p=23880#primaryimage"},"image":{"@id":"https:\/\/inclusivenews.com.br\/?p=23880#primaryimage"},"thumbnailUrl":"http:\/\/inclusivenews.com.br\/wp-content\/uploads\/exclusao.png","datePublished":"2012-12-04T12:37:23+00:00","breadcrumb":{"@id":"https:\/\/inclusivenews.com.br\/?p=23880#breadcrumb"},"inLanguage":"pt-PT","potentialAction":[{"@type":"ReadAction","target":["https:\/\/inclusivenews.com.br\/?p=23880"]}]},{"@type":"ImageObject","inLanguage":"pt-PT","@id":"https:\/\/inclusivenews.com.br\/?p=23880#primaryimage","url":"","contentUrl":""},{"@type":"BreadcrumbList","@id":"https:\/\/inclusivenews.com.br\/?p=23880#breadcrumb","itemListElement":[{"@type":"ListItem","position":1,"name":"In\u00edcio","item":"https:\/\/inclusivenews.com.br\/"},{"@type":"ListItem","position":2,"name":"Eu n\u00e3o me importo"}]},{"@type":"WebSite","@id":"https:\/\/inclusivenews.com.br\/#website","url":"https:\/\/inclusivenews.com.br\/","name":"Inclusive News","description":"Inclusive News","publisher":{"@id":"https:\/\/inclusivenews.com.br\/#organization"},"potentialAction":[{"@type":"SearchAction","target":{"@type":"EntryPoint","urlTemplate":"https:\/\/inclusivenews.com.br\/?s={search_term_string}"},"query-input":{"@type":"PropertyValueSpecification","valueRequired":true,"valueName":"search_term_string"}}],"inLanguage":"pt-PT"},{"@type":"Organization","@id":"https:\/\/inclusivenews.com.br\/#organization","name":"Inclusive - inclus\u00e3o e cidadania","url":"https:\/\/inclusivenews.com.br\/","logo":{"@type":"ImageObject","inLanguage":"pt-PT","@id":"https:\/\/inclusivenews.com.br\/#\/schema\/logo\/image\/","url":"https:\/\/inclusivenews.com.br\/wp-content\/uploads\/2024\/03\/@grandesite.png","contentUrl":"https:\/\/inclusivenews.com.br\/wp-content\/uploads\/2024\/03\/@grandesite.png","width":1080,"height":1080,"caption":"Inclusive - inclus\u00e3o e cidadania"},"image":{"@id":"https:\/\/inclusivenews.com.br\/#\/schema\/logo\/image\/"},"sameAs":["https:\/\/www.facebook.com\/agenciainclusive\/","https:\/\/www.instagram.com\/newsinclusive\/"]},{"@type":"Person","@id":"https:\/\/inclusivenews.com.br\/#\/schema\/person\/ae4ec7087559b8692fb33b6fffd2273b","name":"inclusivenews2024","image":{"@type":"ImageObject","inLanguage":"pt-PT","@id":"https:\/\/secure.gravatar.com\/avatar\/c5a7ef84c66fa914f55bc4f7ce26cfa275a3b9a1c5568b907bd184fb4dde7b40?s=96&d=mm&r=g","url":"https:\/\/secure.gravatar.com\/avatar\/c5a7ef84c66fa914f55bc4f7ce26cfa275a3b9a1c5568b907bd184fb4dde7b40?s=96&d=mm&r=g","contentUrl":"https:\/\/secure.gravatar.com\/avatar\/c5a7ef84c66fa914f55bc4f7ce26cfa275a3b9a1c5568b907bd184fb4dde7b40?s=96&d=mm&r=g","caption":"inclusivenews2024"},"sameAs":["https:\/\/inclusivenews.com.br"],"url":"https:\/\/inclusivenews.com.br\/?author=1"}]}},"_links":{"self":[{"href":"https:\/\/inclusivenews.com.br\/index.php?rest_route=\/wp\/v2\/posts\/23880","targetHints":{"allow":["GET"]}}],"collection":[{"href":"https:\/\/inclusivenews.com.br\/index.php?rest_route=\/wp\/v2\/posts"}],"about":[{"href":"https:\/\/inclusivenews.com.br\/index.php?rest_route=\/wp\/v2\/types\/post"}],"author":[{"embeddable":true,"href":"https:\/\/inclusivenews.com.br\/index.php?rest_route=\/wp\/v2\/users\/1"}],"replies":[{"embeddable":true,"href":"https:\/\/inclusivenews.com.br\/index.php?rest_route=%2Fwp%2Fv2%2Fcomments&post=23880"}],"version-history":[{"count":0,"href":"https:\/\/inclusivenews.com.br\/index.php?rest_route=\/wp\/v2\/posts\/23880\/revisions"}],"wp:attachment":[{"href":"https:\/\/inclusivenews.com.br\/index.php?rest_route=%2Fwp%2Fv2%2Fmedia&parent=23880"}],"wp:term":[{"taxonomy":"category","embeddable":true,"href":"https:\/\/inclusivenews.com.br\/index.php?rest_route=%2Fwp%2Fv2%2Fcategories&post=23880"},{"taxonomy":"post_tag","embeddable":true,"href":"https:\/\/inclusivenews.com.br\/index.php?rest_route=%2Fwp%2Fv2%2Ftags&post=23880"}],"curies":[{"name":"wp","href":"https:\/\/api.w.org\/{rel}","templated":true}]}}