{"id":23885,"date":"2012-12-04T09:36:27","date_gmt":"2012-12-04T12:36:27","guid":{"rendered":"http:\/\/www.inclusive.org.br\/?p=23885"},"modified":"2012-12-04T09:36:27","modified_gmt":"2012-12-04T12:36:27","slug":"analfabetismo-cai-no-pais","status":"publish","type":"post","link":"https:\/\/inclusivenews.com.br\/?p=23885","title":{"rendered":"Analfabetismo cai no pa\u00eds"},"content":{"rendered":"<figure id=\"attachment_13969\" aria-describedby=\"caption-attachment-13969\" style=\"width: 265px\" class=\"wp-caption alignleft\"><img loading=\"lazy\" decoding=\"async\" class=\"size-full wp-image-13969\" title=\"Inclusive - problemas na educa\u00e7\u00e3o. A palavra educa\u00e7\u00e3o escrita com as letras invertidas e um aluno desolado em frente ao quadro negro.\" src=\"http:\/\/inclusivenews.com.br\/wp-content\/uploads\/2010\/02\/inclusive_educacao.jpg\" alt=\"Inclusive - problemas na educa\u00e7\u00e3o. A palavra educa\u00e7\u00e3o escrita com as letras invertidas e um aluno desolado em frente ao quadro negro.\" width=\"265\" height=\"200\" \/><figcaption id=\"caption-attachment-13969\" class=\"wp-caption-text\"> <\/figcaption><\/figure>\n<p>Os \u00edndices de analfabetismo v\u00eam caindo no Brasil nos \u00faltimos dez anos, mas ainda s\u00e3o altos na camada da popula\u00e7\u00e3o com mais de 60 anos, que registra 24,8% de analfabetos, praticamente um quarto do total nessa faixa et\u00e1ria. O dado faz parte da pesquisa S\u00edntese de Indicadores Sociais 2012, divulgada nesta quarta-feira (28) pelo Instituto Brasileiro de Geografia e Estat\u00edstica (IBGE), comparando-se o intervalo de dez anos, entre 2001 e 2011.<\/p>\n<p>De acordo com os dados da pesquisa, a propor\u00e7\u00e3o de pessoas com 15 anos ou mais que n\u00e3o sabia ler nem escrever caiu de 12,1%, em 2001, para 8,6% em 2011. No ano passado, 8,8% dos homens nessa faixa et\u00e1ria eram analfabetos. Entre as pessoas de cor preta ou parda, 11,8% n\u00e3o sabiam ler nem escrever, enquanto entre as de cor branca, esse percentual cai para menos da metade: 5,3%. Na Regi\u00e3o Nordeste, do total da popula\u00e7\u00e3o acima de 15 anos, 16,9% eram analfabetos. Na Regi\u00e3o Norte, o \u00edndice chegou a 10,2%, e nas \u00e1reas rurais do pa\u00eds, a 21,2%.<\/p>\n<p>Para o educador Mozart Neves Ramos, que foi reitor da Universidade Federal de Pernambuco (UFPE) e j\u00e1 ocupou a secretaria de Educa\u00e7\u00e3o do estado, a queda nas taxas de analfabetismo precisa ser mais expressiva. \u201cDe fato, o analfabetismo pleno vem caindo, mas n\u00e3o na velocidade que o pa\u00eds precisa para alcan\u00e7ar a meta de chegar a 6,7% na faixa de 15 anos ou mais em 2015. Na propor\u00e7\u00e3o que vem caindo, na base de 0,3% a 0,4%, nos \u00faltimos anos, a gente observa que o esfor\u00e7o tem sido grande, mas ainda \u00e9 insuficiente.\u201d<\/p>\n<p>Membro do conselho de governan\u00e7a da organiza\u00e7\u00e3o civil Todos pela Educa\u00e7\u00e3o, Mozart diz que \u00e9 necess\u00e1rio haver um investimento maior em professores especializados em alfabetiza\u00e7\u00e3o, principalmente para ensinar o p\u00fablico adulto, que n\u00e3o tem a mesma facilidade de aprendizado de um estudante jovem.<\/p>\n<p>\u201cNo percentual de 15 anos de idade para baixo, o Brasil vem atingindo resultados expressivos. As crian\u00e7as de hoje est\u00e3o muito mais alfabetizadas do que as de 20 ou 30 anos atr\u00e1s. O problema \u00e9 no grupo de 45 anos ou mais, nas regi\u00f5es Norte e Nordeste, e nos grot\u00f5es. \u00c9 dific\u00edlimo pegar o homem do campo, que trabalha durante o dia, e fazer com que ele se desloque para a escola. \u00c9 um grande desafio alfabetizar essas pessoas adultas. Qualquer que seja o m\u00e9todo, \u00e9 preciso ter um professor bem formado.Mas \u00e9 dif\u00edcil recrutar bons alfabetizadores, porque o sal\u00e1rio pago \u00e9 muito baixo.\u201d<\/p>\n<p>Outro dado demonstrado na pesquisa do IBGE \u00e9 a queda na inadequa\u00e7\u00e3o da rela\u00e7\u00e3o idade-s\u00e9rie. Em 2001, 36,9% dos jovens de 15 a 17 anos estavam na s\u00e9rie correspondente \u00e0 faixa et\u00e1ria. Dez anos depois, em 2011, o percentual teve um forte crescimento, chegando a 51,6%. O avan\u00e7o foi maior justamente entre a popula\u00e7\u00e3o de menor renda, que registrava apenas 13% de adequa\u00e7\u00e3o idade-s\u00e9rie em 2001 e praticamente triplicou em uma d\u00e9cada, saltando para 36,8% em 2011.<\/p>\n<p>Fonte: Ag\u00eancia Brasil<\/p>\n","protected":false},"excerpt":{"rendered":"<p>Os \u00edndices de analfabetismo v\u00eam caindo no Brasil nos \u00faltimos dez anos, mas ainda s\u00e3o altos na camada da popula\u00e7\u00e3o com mais de 60 anos, que registra 24,8% de analfabetos, praticamente um quarto do total nessa faixa et\u00e1ria. Da Ag\u00eancia Brasil.<\/p>\n","protected":false},"author":1,"featured_media":0,"comment_status":"open","ping_status":"open","sticky":false,"template":"","format":"standard","meta":{"site-container-style":"default","site-container-layout":"default","site-sidebar-layout":"default","disable-article-header":"default","disable-site-header":"default","disable-site-footer":"default","disable-content-area-spacing":"default","footnotes":""},"categories":[6,4],"tags":[],"class_list":["post-23885","post","type-post","status-publish","format-standard","hentry","category-educacao","category-noticias"],"yoast_head":"<!-- This site is optimized with the Yoast SEO plugin v27.4 - https:\/\/yoast.com\/product\/yoast-seo-wordpress\/ -->\n<title>Analfabetismo cai no pa\u00eds -<\/title>\n<meta name=\"robots\" content=\"index, follow, max-snippet:-1, max-image-preview:large, max-video-preview:-1\" \/>\n<link rel=\"canonical\" href=\"https:\/\/inclusivenews.com.br\/?p=23885\" \/>\n<meta property=\"og:locale\" content=\"pt_PT\" \/>\n<meta property=\"og:type\" content=\"article\" \/>\n<meta property=\"og:title\" content=\"Analfabetismo cai no pa\u00eds -\" \/>\n<meta property=\"og:description\" content=\"Os \u00edndices de analfabetismo v\u00eam caindo no Brasil nos \u00faltimos dez anos, mas ainda s\u00e3o altos na camada da popula\u00e7\u00e3o com mais de 60 anos, que registra 24,8% de analfabetos, praticamente um quarto do total nessa faixa et\u00e1ria. Da Ag\u00eancia Brasil.\" \/>\n<meta property=\"og:url\" content=\"https:\/\/inclusivenews.com.br\/?p=23885\" \/>\n<meta property=\"article:publisher\" content=\"https:\/\/www.facebook.com\/agenciainclusive\/\" \/>\n<meta property=\"article:published_time\" content=\"2012-12-04T12:36:27+00:00\" \/>\n<meta property=\"og:image\" content=\"http:\/\/inclusivenews.com.br\/wp-content\/uploads\/2010\/02\/inclusive_educacao.jpg\" \/>\n<meta name=\"author\" content=\"inclusivenews2024\" \/>\n<meta name=\"twitter:card\" content=\"summary_large_image\" \/>\n<meta name=\"twitter:label1\" content=\"Escrito por\" \/>\n\t<meta name=\"twitter:data1\" content=\"inclusivenews2024\" \/>\n\t<meta name=\"twitter:label2\" content=\"Tempo estimado de leitura\" \/>\n\t<meta name=\"twitter:data2\" content=\"3 minutos\" \/>\n<script type=\"application\/ld+json\" class=\"yoast-schema-graph\">{\"@context\":\"https:\\\/\\\/schema.org\",\"@graph\":[{\"@type\":\"Article\",\"@id\":\"https:\\\/\\\/inclusivenews.com.br\\\/?p=23885#article\",\"isPartOf\":{\"@id\":\"https:\\\/\\\/inclusivenews.com.br\\\/?p=23885\"},\"author\":{\"name\":\"inclusivenews2024\",\"@id\":\"https:\\\/\\\/inclusivenews.com.br\\\/#\\\/schema\\\/person\\\/ae4ec7087559b8692fb33b6fffd2273b\"},\"headline\":\"Analfabetismo cai no pa\u00eds\",\"datePublished\":\"2012-12-04T12:36:27+00:00\",\"mainEntityOfPage\":{\"@id\":\"https:\\\/\\\/inclusivenews.com.br\\\/?p=23885\"},\"wordCount\":505,\"commentCount\":0,\"publisher\":{\"@id\":\"https:\\\/\\\/inclusivenews.com.br\\\/#organization\"},\"image\":{\"@id\":\"https:\\\/\\\/inclusivenews.com.br\\\/?p=23885#primaryimage\"},\"thumbnailUrl\":\"http:\\\/\\\/inclusivenews.com.br\\\/wp-content\\\/uploads\\\/2010\\\/02\\\/inclusive_educacao.jpg\",\"articleSection\":[\"EDUCA\u00c7\u00c3O\",\"NOT\u00cdCIAS\"],\"inLanguage\":\"pt-PT\",\"potentialAction\":[{\"@type\":\"CommentAction\",\"name\":\"Comment\",\"target\":[\"https:\\\/\\\/inclusivenews.com.br\\\/?p=23885#respond\"]}]},{\"@type\":\"WebPage\",\"@id\":\"https:\\\/\\\/inclusivenews.com.br\\\/?p=23885\",\"url\":\"https:\\\/\\\/inclusivenews.com.br\\\/?p=23885\",\"name\":\"Analfabetismo cai no pa\u00eds -\",\"isPartOf\":{\"@id\":\"https:\\\/\\\/inclusivenews.com.br\\\/#website\"},\"primaryImageOfPage\":{\"@id\":\"https:\\\/\\\/inclusivenews.com.br\\\/?p=23885#primaryimage\"},\"image\":{\"@id\":\"https:\\\/\\\/inclusivenews.com.br\\\/?p=23885#primaryimage\"},\"thumbnailUrl\":\"http:\\\/\\\/inclusivenews.com.br\\\/wp-content\\\/uploads\\\/2010\\\/02\\\/inclusive_educacao.jpg\",\"datePublished\":\"2012-12-04T12:36:27+00:00\",\"breadcrumb\":{\"@id\":\"https:\\\/\\\/inclusivenews.com.br\\\/?p=23885#breadcrumb\"},\"inLanguage\":\"pt-PT\",\"potentialAction\":[{\"@type\":\"ReadAction\",\"target\":[\"https:\\\/\\\/inclusivenews.com.br\\\/?p=23885\"]}]},{\"@type\":\"ImageObject\",\"inLanguage\":\"pt-PT\",\"@id\":\"https:\\\/\\\/inclusivenews.com.br\\\/?p=23885#primaryimage\",\"url\":\"\",\"contentUrl\":\"\"},{\"@type\":\"BreadcrumbList\",\"@id\":\"https:\\\/\\\/inclusivenews.com.br\\\/?p=23885#breadcrumb\",\"itemListElement\":[{\"@type\":\"ListItem\",\"position\":1,\"name\":\"In\u00edcio\",\"item\":\"https:\\\/\\\/inclusivenews.com.br\\\/\"},{\"@type\":\"ListItem\",\"position\":2,\"name\":\"Analfabetismo cai no pa\u00eds\"}]},{\"@type\":\"WebSite\",\"@id\":\"https:\\\/\\\/inclusivenews.com.br\\\/#website\",\"url\":\"https:\\\/\\\/inclusivenews.com.br\\\/\",\"name\":\"Inclusive News\",\"description\":\"Inclusive News\",\"publisher\":{\"@id\":\"https:\\\/\\\/inclusivenews.com.br\\\/#organization\"},\"potentialAction\":[{\"@type\":\"SearchAction\",\"target\":{\"@type\":\"EntryPoint\",\"urlTemplate\":\"https:\\\/\\\/inclusivenews.com.br\\\/?s={search_term_string}\"},\"query-input\":{\"@type\":\"PropertyValueSpecification\",\"valueRequired\":true,\"valueName\":\"search_term_string\"}}],\"inLanguage\":\"pt-PT\"},{\"@type\":\"Organization\",\"@id\":\"https:\\\/\\\/inclusivenews.com.br\\\/#organization\",\"name\":\"Inclusive - inclus\u00e3o e cidadania\",\"url\":\"https:\\\/\\\/inclusivenews.com.br\\\/\",\"logo\":{\"@type\":\"ImageObject\",\"inLanguage\":\"pt-PT\",\"@id\":\"https:\\\/\\\/inclusivenews.com.br\\\/#\\\/schema\\\/logo\\\/image\\\/\",\"url\":\"https:\\\/\\\/inclusivenews.com.br\\\/wp-content\\\/uploads\\\/2024\\\/03\\\/@grandesite.png\",\"contentUrl\":\"https:\\\/\\\/inclusivenews.com.br\\\/wp-content\\\/uploads\\\/2024\\\/03\\\/@grandesite.png\",\"width\":1080,\"height\":1080,\"caption\":\"Inclusive - inclus\u00e3o e cidadania\"},\"image\":{\"@id\":\"https:\\\/\\\/inclusivenews.com.br\\\/#\\\/schema\\\/logo\\\/image\\\/\"},\"sameAs\":[\"https:\\\/\\\/www.facebook.com\\\/agenciainclusive\\\/\",\"https:\\\/\\\/www.instagram.com\\\/newsinclusive\\\/\"]},{\"@type\":\"Person\",\"@id\":\"https:\\\/\\\/inclusivenews.com.br\\\/#\\\/schema\\\/person\\\/ae4ec7087559b8692fb33b6fffd2273b\",\"name\":\"inclusivenews2024\",\"image\":{\"@type\":\"ImageObject\",\"inLanguage\":\"pt-PT\",\"@id\":\"https:\\\/\\\/secure.gravatar.com\\\/avatar\\\/c5a7ef84c66fa914f55bc4f7ce26cfa275a3b9a1c5568b907bd184fb4dde7b40?s=96&d=mm&r=g\",\"url\":\"https:\\\/\\\/secure.gravatar.com\\\/avatar\\\/c5a7ef84c66fa914f55bc4f7ce26cfa275a3b9a1c5568b907bd184fb4dde7b40?s=96&d=mm&r=g\",\"contentUrl\":\"https:\\\/\\\/secure.gravatar.com\\\/avatar\\\/c5a7ef84c66fa914f55bc4f7ce26cfa275a3b9a1c5568b907bd184fb4dde7b40?s=96&d=mm&r=g\",\"caption\":\"inclusivenews2024\"},\"sameAs\":[\"https:\\\/\\\/inclusivenews.com.br\"],\"url\":\"https:\\\/\\\/inclusivenews.com.br\\\/?author=1\"}]}<\/script>\n<!-- \/ Yoast SEO plugin. -->","yoast_head_json":{"title":"Analfabetismo cai no pa\u00eds -","robots":{"index":"index","follow":"follow","max-snippet":"max-snippet:-1","max-image-preview":"max-image-preview:large","max-video-preview":"max-video-preview:-1"},"canonical":"https:\/\/inclusivenews.com.br\/?p=23885","og_locale":"pt_PT","og_type":"article","og_title":"Analfabetismo cai no pa\u00eds -","og_description":"Os \u00edndices de analfabetismo v\u00eam caindo no Brasil nos \u00faltimos dez anos, mas ainda s\u00e3o altos na camada da popula\u00e7\u00e3o com mais de 60 anos, que registra 24,8% de analfabetos, praticamente um quarto do total nessa faixa et\u00e1ria. Da Ag\u00eancia Brasil.","og_url":"https:\/\/inclusivenews.com.br\/?p=23885","article_publisher":"https:\/\/www.facebook.com\/agenciainclusive\/","article_published_time":"2012-12-04T12:36:27+00:00","og_image":[{"url":"http:\/\/inclusivenews.com.br\/wp-content\/uploads\/2010\/02\/inclusive_educacao.jpg","type":"","width":"","height":""}],"author":"inclusivenews2024","twitter_card":"summary_large_image","twitter_misc":{"Escrito por":"inclusivenews2024","Tempo estimado de leitura":"3 minutos"},"schema":{"@context":"https:\/\/schema.org","@graph":[{"@type":"Article","@id":"https:\/\/inclusivenews.com.br\/?p=23885#article","isPartOf":{"@id":"https:\/\/inclusivenews.com.br\/?p=23885"},"author":{"name":"inclusivenews2024","@id":"https:\/\/inclusivenews.com.br\/#\/schema\/person\/ae4ec7087559b8692fb33b6fffd2273b"},"headline":"Analfabetismo cai no pa\u00eds","datePublished":"2012-12-04T12:36:27+00:00","mainEntityOfPage":{"@id":"https:\/\/inclusivenews.com.br\/?p=23885"},"wordCount":505,"commentCount":0,"publisher":{"@id":"https:\/\/inclusivenews.com.br\/#organization"},"image":{"@id":"https:\/\/inclusivenews.com.br\/?p=23885#primaryimage"},"thumbnailUrl":"http:\/\/inclusivenews.com.br\/wp-content\/uploads\/2010\/02\/inclusive_educacao.jpg","articleSection":["EDUCA\u00c7\u00c3O","NOT\u00cdCIAS"],"inLanguage":"pt-PT","potentialAction":[{"@type":"CommentAction","name":"Comment","target":["https:\/\/inclusivenews.com.br\/?p=23885#respond"]}]},{"@type":"WebPage","@id":"https:\/\/inclusivenews.com.br\/?p=23885","url":"https:\/\/inclusivenews.com.br\/?p=23885","name":"Analfabetismo cai no pa\u00eds -","isPartOf":{"@id":"https:\/\/inclusivenews.com.br\/#website"},"primaryImageOfPage":{"@id":"https:\/\/inclusivenews.com.br\/?p=23885#primaryimage"},"image":{"@id":"https:\/\/inclusivenews.com.br\/?p=23885#primaryimage"},"thumbnailUrl":"http:\/\/inclusivenews.com.br\/wp-content\/uploads\/2010\/02\/inclusive_educacao.jpg","datePublished":"2012-12-04T12:36:27+00:00","breadcrumb":{"@id":"https:\/\/inclusivenews.com.br\/?p=23885#breadcrumb"},"inLanguage":"pt-PT","potentialAction":[{"@type":"ReadAction","target":["https:\/\/inclusivenews.com.br\/?p=23885"]}]},{"@type":"ImageObject","inLanguage":"pt-PT","@id":"https:\/\/inclusivenews.com.br\/?p=23885#primaryimage","url":"","contentUrl":""},{"@type":"BreadcrumbList","@id":"https:\/\/inclusivenews.com.br\/?p=23885#breadcrumb","itemListElement":[{"@type":"ListItem","position":1,"name":"In\u00edcio","item":"https:\/\/inclusivenews.com.br\/"},{"@type":"ListItem","position":2,"name":"Analfabetismo cai no pa\u00eds"}]},{"@type":"WebSite","@id":"https:\/\/inclusivenews.com.br\/#website","url":"https:\/\/inclusivenews.com.br\/","name":"Inclusive News","description":"Inclusive News","publisher":{"@id":"https:\/\/inclusivenews.com.br\/#organization"},"potentialAction":[{"@type":"SearchAction","target":{"@type":"EntryPoint","urlTemplate":"https:\/\/inclusivenews.com.br\/?s={search_term_string}"},"query-input":{"@type":"PropertyValueSpecification","valueRequired":true,"valueName":"search_term_string"}}],"inLanguage":"pt-PT"},{"@type":"Organization","@id":"https:\/\/inclusivenews.com.br\/#organization","name":"Inclusive - inclus\u00e3o e cidadania","url":"https:\/\/inclusivenews.com.br\/","logo":{"@type":"ImageObject","inLanguage":"pt-PT","@id":"https:\/\/inclusivenews.com.br\/#\/schema\/logo\/image\/","url":"https:\/\/inclusivenews.com.br\/wp-content\/uploads\/2024\/03\/@grandesite.png","contentUrl":"https:\/\/inclusivenews.com.br\/wp-content\/uploads\/2024\/03\/@grandesite.png","width":1080,"height":1080,"caption":"Inclusive - inclus\u00e3o e cidadania"},"image":{"@id":"https:\/\/inclusivenews.com.br\/#\/schema\/logo\/image\/"},"sameAs":["https:\/\/www.facebook.com\/agenciainclusive\/","https:\/\/www.instagram.com\/newsinclusive\/"]},{"@type":"Person","@id":"https:\/\/inclusivenews.com.br\/#\/schema\/person\/ae4ec7087559b8692fb33b6fffd2273b","name":"inclusivenews2024","image":{"@type":"ImageObject","inLanguage":"pt-PT","@id":"https:\/\/secure.gravatar.com\/avatar\/c5a7ef84c66fa914f55bc4f7ce26cfa275a3b9a1c5568b907bd184fb4dde7b40?s=96&d=mm&r=g","url":"https:\/\/secure.gravatar.com\/avatar\/c5a7ef84c66fa914f55bc4f7ce26cfa275a3b9a1c5568b907bd184fb4dde7b40?s=96&d=mm&r=g","contentUrl":"https:\/\/secure.gravatar.com\/avatar\/c5a7ef84c66fa914f55bc4f7ce26cfa275a3b9a1c5568b907bd184fb4dde7b40?s=96&d=mm&r=g","caption":"inclusivenews2024"},"sameAs":["https:\/\/inclusivenews.com.br"],"url":"https:\/\/inclusivenews.com.br\/?author=1"}]}},"_links":{"self":[{"href":"https:\/\/inclusivenews.com.br\/index.php?rest_route=\/wp\/v2\/posts\/23885","targetHints":{"allow":["GET"]}}],"collection":[{"href":"https:\/\/inclusivenews.com.br\/index.php?rest_route=\/wp\/v2\/posts"}],"about":[{"href":"https:\/\/inclusivenews.com.br\/index.php?rest_route=\/wp\/v2\/types\/post"}],"author":[{"embeddable":true,"href":"https:\/\/inclusivenews.com.br\/index.php?rest_route=\/wp\/v2\/users\/1"}],"replies":[{"embeddable":true,"href":"https:\/\/inclusivenews.com.br\/index.php?rest_route=%2Fwp%2Fv2%2Fcomments&post=23885"}],"version-history":[{"count":0,"href":"https:\/\/inclusivenews.com.br\/index.php?rest_route=\/wp\/v2\/posts\/23885\/revisions"}],"wp:attachment":[{"href":"https:\/\/inclusivenews.com.br\/index.php?rest_route=%2Fwp%2Fv2%2Fmedia&parent=23885"}],"wp:term":[{"taxonomy":"category","embeddable":true,"href":"https:\/\/inclusivenews.com.br\/index.php?rest_route=%2Fwp%2Fv2%2Fcategories&post=23885"},{"taxonomy":"post_tag","embeddable":true,"href":"https:\/\/inclusivenews.com.br\/index.php?rest_route=%2Fwp%2Fv2%2Ftags&post=23885"}],"curies":[{"name":"wp","href":"https:\/\/api.w.org\/{rel}","templated":true}]}}