{"id":23888,"date":"2012-12-04T09:36:17","date_gmt":"2012-12-04T12:36:17","guid":{"rendered":"http:\/\/www.inclusive.org.br\/?p=23888"},"modified":"2012-12-04T09:36:17","modified_gmt":"2012-12-04T12:36:17","slug":"jovens-barrados-na-prova-do-enem-denunciam-desrespeito-e-kemp-aciona-mec-e-mpf","status":"publish","type":"post","link":"https:\/\/inclusivenews.com.br\/?p=23888","title":{"rendered":"Jovens barrados na prova do Enem, denunciam desrespeito e Kemp aciona MEC e MPF"},"content":{"rendered":"<figure id=\"attachment_19938\" aria-describedby=\"caption-attachment-19938\" style=\"width: 219px\" class=\"wp-caption alignleft\"><img loading=\"lazy\" decoding=\"async\" class=\"size-medium wp-image-19938 \" title=\"Exclus\u00e3o - 5 bonecos de papel fazem roda enquanto um boneco fica de fora.\" src=\"http:\/\/inclusivenews.com.br\/wp-content\/uploads\/exclus\u00e3o-219x300.jpg\" alt=\"\" width=\"219\" height=\"300\" \/><figcaption id=\"caption-attachment-19938\" class=\"wp-caption-text\"> <\/figcaption><\/figure>\n<p><span style=\"font-family: Verdana; color: #000000;\"><span style=\"font-family: Verdana; color: #000000;\">O deputado estadual Pedro Kemp (PT) acionou o MEC (Minist\u00e9rio da Educa\u00e7\u00e3o) e MPF (Minist\u00e9rio P\u00fablico Federal) para que tomem provid\u00eancias necess\u00e1rias e garantam aos estudantes ind\u00edgenas, portadores do documento de identifica\u00e7\u00e3o RANI (Registro Administrativo de Nascimento e \u00d3bito de Ind\u00edgenas), o direito de acesso \u00e0s provas do ENEM (Exame Nacional do Ensino M\u00e9dio). Nesta quarta-feira (28), durante a sess\u00e3o na Assembleia Legislativa, o parlamentar apresentou indica\u00e7\u00e3o e disse que as den\u00fancias n\u00e3o param de ser registradas na UCDB (Universidade Cat\u00f3lica Dom Bosco). <\/span><\/span><\/p>\n<p><span style=\"font-family: Verdana; color: #000000;\"><span style=\"font-family: Verdana; color: #000000;\">De acordo com Kemp, Mato Grosso do Sul tem a segunda maior popula\u00e7\u00e3o ind\u00edgena do Pa\u00eds e \u00e9 o maior em n\u00famero de acad\u00eamicos \u00edndios. \u201cNas comunidades, j\u00e1 faz parte do objetivo dos jovens o ingresso em uma universidade. O ENEM tornou-se nos \u00faltimos anos mecanismo de acesso ao ensino superior, sen\u00e3o o exclusivo em v\u00e1rias institui\u00e7\u00f5es\u201d.<\/span><\/span><\/p>\n<p><span style=\"font-family: Verdana; color: #000000;\"><span style=\"font-family: Verdana; color: #000000;\">Durante o exame de 2012, muitos ind\u00edgenas foram impedidos de realizar as provas por portarem somente o documento de identifica\u00e7\u00e3o do \u00edndio. Na maior dos casos, os estudantes fizeram as provas no primeiro dia (3\/11 s\u00e1bado). Por\u00e9m, no dia seguinte, afirmam que foram v\u00edtimas de posturas discriminat\u00f3rias por parte dos fiscais e foram impedidos de terminar as provas. Entre os jovens est\u00e3o Gislaine Dias Bernardes (terena), \u00c9lice Messias Silva (terena), Eliete da Silva (terena), Ariane Sol (terena), Cl\u00e9ia Severino Gon\u00e7alves (guarani-kaiow\u00e1), Taiane Regina Castro Jos\u00e9 (guarani-kaiow\u00e1) e Kellen Natalice Veron (guarani-kaiow\u00e1).<\/span><\/span><\/p>\n<p><span style=\"font-family: Verdana; color: #000000;\"><span style=\"font-family: Verdana; color: #000000;\">Conforme a legisla\u00e7\u00e3o (lei federal 6001\/73 \u2013 artigos 12 e 13), a Funai emite o RANI, previsto no artigo 13 e regulamentado pela portaria n\u00famero 003\/Pres. de 14 de janeiro de 2002), e prev\u00ea: \u201cregistro administrativo constituir\u00e1 quando couber, documento h\u00e1bil para proceder ao registro civil do ato correspondente, admitido na falta deste, como meio subsidi\u00e1rio de prova\u201d. \u201cO INEP (\u00f3rg\u00e3o do MEC respons\u00e1vel pelo ENEM) deveria aceitar o RANI como documento para a identifica\u00e7\u00e3o do \u00edndio, uma vez que a maioria dos ind\u00edgenas s\u00f3 possuem esse documento expedido pela FUNAI\u201d, conclui Kemp. <\/span><\/span><\/p>\n<p><span style=\"font-family: Verdana; color: #000000;\"><span style=\"font-family: Verdana; color: #000000;\">Fonte: <\/span><\/span>http:\/\/www.midiamax.com\/noticias\/827038-jovens+barrados+prova+enem+denunciam+desrespeito+kemp+aciona+mec+mpf.html<\/p>\n","protected":false},"excerpt":{"rendered":"<p>Durante o exame de 2012, muitos ind\u00edgenas foram impedidos de realizar as provas por portarem somente o documento de identifica\u00e7\u00e3o do \u00edndio. Na maior dos casos, os estudantes fizeram as provas no primeiro dia (3\/11 s\u00e1bado). Por\u00e9m, no dia seguinte, afirmam que foram v\u00edtimas de posturas discriminat\u00f3rias por parte dos fiscais e foram impedidos de terminar as provas.<\/p>\n","protected":false},"author":1,"featured_media":0,"comment_status":"open","ping_status":"open","sticky":false,"template":"","format":"standard","meta":{"site-container-style":"default","site-container-layout":"default","site-sidebar-layout":"default","disable-article-header":"default","disable-site-header":"default","disable-site-footer":"default","disable-content-area-spacing":"default","footnotes":""},"categories":[39,4],"tags":[],"class_list":["post-23888","post","type-post","status-publish","format-standard","hentry","category-discriminacao","category-noticias"],"yoast_head":"<!-- This site is optimized with the Yoast SEO plugin v27.4 - https:\/\/yoast.com\/product\/yoast-seo-wordpress\/ -->\n<title>Jovens barrados na prova do Enem, denunciam desrespeito e Kemp aciona MEC e MPF -<\/title>\n<meta name=\"robots\" content=\"index, follow, max-snippet:-1, max-image-preview:large, max-video-preview:-1\" \/>\n<link rel=\"canonical\" href=\"https:\/\/inclusivenews.com.br\/?p=23888\" \/>\n<meta property=\"og:locale\" content=\"pt_PT\" \/>\n<meta property=\"og:type\" content=\"article\" \/>\n<meta property=\"og:title\" content=\"Jovens barrados na prova do Enem, denunciam desrespeito e Kemp aciona MEC e MPF -\" \/>\n<meta property=\"og:description\" content=\"Durante o exame de 2012, muitos ind\u00edgenas foram impedidos de realizar as provas por portarem somente o documento de identifica\u00e7\u00e3o do \u00edndio. Na maior dos casos, os estudantes fizeram as provas no primeiro dia (3\/11 s\u00e1bado). Por\u00e9m, no dia seguinte, afirmam que foram v\u00edtimas de posturas discriminat\u00f3rias por parte dos fiscais e foram impedidos de terminar as provas.\" \/>\n<meta property=\"og:url\" content=\"https:\/\/inclusivenews.com.br\/?p=23888\" \/>\n<meta property=\"article:publisher\" content=\"https:\/\/www.facebook.com\/agenciainclusive\/\" \/>\n<meta property=\"article:published_time\" content=\"2012-12-04T12:36:17+00:00\" \/>\n<meta name=\"author\" content=\"inclusivenews2024\" \/>\n<meta name=\"twitter:card\" content=\"summary_large_image\" \/>\n<meta name=\"twitter:label1\" content=\"Escrito por\" \/>\n\t<meta name=\"twitter:data1\" content=\"inclusivenews2024\" \/>\n\t<meta name=\"twitter:label2\" content=\"Tempo estimado de leitura\" \/>\n\t<meta name=\"twitter:data2\" content=\"2 minutos\" \/>\n<script type=\"application\/ld+json\" class=\"yoast-schema-graph\">{\"@context\":\"https:\\\/\\\/schema.org\",\"@graph\":[{\"@type\":\"Article\",\"@id\":\"https:\\\/\\\/inclusivenews.com.br\\\/?p=23888#article\",\"isPartOf\":{\"@id\":\"https:\\\/\\\/inclusivenews.com.br\\\/?p=23888\"},\"author\":{\"name\":\"inclusivenews2024\",\"@id\":\"https:\\\/\\\/inclusivenews.com.br\\\/#\\\/schema\\\/person\\\/ae4ec7087559b8692fb33b6fffd2273b\"},\"headline\":\"Jovens barrados na prova do Enem, denunciam desrespeito e Kemp aciona MEC e MPF\",\"datePublished\":\"2012-12-04T12:36:17+00:00\",\"mainEntityOfPage\":{\"@id\":\"https:\\\/\\\/inclusivenews.com.br\\\/?p=23888\"},\"wordCount\":392,\"commentCount\":0,\"publisher\":{\"@id\":\"https:\\\/\\\/inclusivenews.com.br\\\/#organization\"},\"articleSection\":[\"Discrimina\u00e7\u00e3o\",\"NOT\u00cdCIAS\"],\"inLanguage\":\"pt-PT\",\"potentialAction\":[{\"@type\":\"CommentAction\",\"name\":\"Comment\",\"target\":[\"https:\\\/\\\/inclusivenews.com.br\\\/?p=23888#respond\"]}]},{\"@type\":\"WebPage\",\"@id\":\"https:\\\/\\\/inclusivenews.com.br\\\/?p=23888\",\"url\":\"https:\\\/\\\/inclusivenews.com.br\\\/?p=23888\",\"name\":\"Jovens barrados na prova do Enem, denunciam desrespeito e Kemp aciona MEC e MPF -\",\"isPartOf\":{\"@id\":\"https:\\\/\\\/inclusivenews.com.br\\\/#website\"},\"datePublished\":\"2012-12-04T12:36:17+00:00\",\"breadcrumb\":{\"@id\":\"https:\\\/\\\/inclusivenews.com.br\\\/?p=23888#breadcrumb\"},\"inLanguage\":\"pt-PT\",\"potentialAction\":[{\"@type\":\"ReadAction\",\"target\":[\"https:\\\/\\\/inclusivenews.com.br\\\/?p=23888\"]}]},{\"@type\":\"BreadcrumbList\",\"@id\":\"https:\\\/\\\/inclusivenews.com.br\\\/?p=23888#breadcrumb\",\"itemListElement\":[{\"@type\":\"ListItem\",\"position\":1,\"name\":\"In\u00edcio\",\"item\":\"https:\\\/\\\/inclusivenews.com.br\\\/\"},{\"@type\":\"ListItem\",\"position\":2,\"name\":\"Jovens barrados na prova do Enem, denunciam desrespeito e Kemp aciona MEC e MPF\"}]},{\"@type\":\"WebSite\",\"@id\":\"https:\\\/\\\/inclusivenews.com.br\\\/#website\",\"url\":\"https:\\\/\\\/inclusivenews.com.br\\\/\",\"name\":\"Inclusive News\",\"description\":\"Inclusive News\",\"publisher\":{\"@id\":\"https:\\\/\\\/inclusivenews.com.br\\\/#organization\"},\"potentialAction\":[{\"@type\":\"SearchAction\",\"target\":{\"@type\":\"EntryPoint\",\"urlTemplate\":\"https:\\\/\\\/inclusivenews.com.br\\\/?s={search_term_string}\"},\"query-input\":{\"@type\":\"PropertyValueSpecification\",\"valueRequired\":true,\"valueName\":\"search_term_string\"}}],\"inLanguage\":\"pt-PT\"},{\"@type\":\"Organization\",\"@id\":\"https:\\\/\\\/inclusivenews.com.br\\\/#organization\",\"name\":\"Inclusive - inclus\u00e3o e cidadania\",\"url\":\"https:\\\/\\\/inclusivenews.com.br\\\/\",\"logo\":{\"@type\":\"ImageObject\",\"inLanguage\":\"pt-PT\",\"@id\":\"https:\\\/\\\/inclusivenews.com.br\\\/#\\\/schema\\\/logo\\\/image\\\/\",\"url\":\"https:\\\/\\\/inclusivenews.com.br\\\/wp-content\\\/uploads\\\/2024\\\/03\\\/@grandesite.png\",\"contentUrl\":\"https:\\\/\\\/inclusivenews.com.br\\\/wp-content\\\/uploads\\\/2024\\\/03\\\/@grandesite.png\",\"width\":1080,\"height\":1080,\"caption\":\"Inclusive - inclus\u00e3o e cidadania\"},\"image\":{\"@id\":\"https:\\\/\\\/inclusivenews.com.br\\\/#\\\/schema\\\/logo\\\/image\\\/\"},\"sameAs\":[\"https:\\\/\\\/www.facebook.com\\\/agenciainclusive\\\/\",\"https:\\\/\\\/www.instagram.com\\\/newsinclusive\\\/\"]},{\"@type\":\"Person\",\"@id\":\"https:\\\/\\\/inclusivenews.com.br\\\/#\\\/schema\\\/person\\\/ae4ec7087559b8692fb33b6fffd2273b\",\"name\":\"inclusivenews2024\",\"image\":{\"@type\":\"ImageObject\",\"inLanguage\":\"pt-PT\",\"@id\":\"https:\\\/\\\/secure.gravatar.com\\\/avatar\\\/c5a7ef84c66fa914f55bc4f7ce26cfa275a3b9a1c5568b907bd184fb4dde7b40?s=96&d=mm&r=g\",\"url\":\"https:\\\/\\\/secure.gravatar.com\\\/avatar\\\/c5a7ef84c66fa914f55bc4f7ce26cfa275a3b9a1c5568b907bd184fb4dde7b40?s=96&d=mm&r=g\",\"contentUrl\":\"https:\\\/\\\/secure.gravatar.com\\\/avatar\\\/c5a7ef84c66fa914f55bc4f7ce26cfa275a3b9a1c5568b907bd184fb4dde7b40?s=96&d=mm&r=g\",\"caption\":\"inclusivenews2024\"},\"sameAs\":[\"https:\\\/\\\/inclusivenews.com.br\"],\"url\":\"https:\\\/\\\/inclusivenews.com.br\\\/?author=1\"}]}<\/script>\n<!-- \/ Yoast SEO plugin. -->","yoast_head_json":{"title":"Jovens barrados na prova do Enem, denunciam desrespeito e Kemp aciona MEC e MPF -","robots":{"index":"index","follow":"follow","max-snippet":"max-snippet:-1","max-image-preview":"max-image-preview:large","max-video-preview":"max-video-preview:-1"},"canonical":"https:\/\/inclusivenews.com.br\/?p=23888","og_locale":"pt_PT","og_type":"article","og_title":"Jovens barrados na prova do Enem, denunciam desrespeito e Kemp aciona MEC e MPF -","og_description":"Durante o exame de 2012, muitos ind\u00edgenas foram impedidos de realizar as provas por portarem somente o documento de identifica\u00e7\u00e3o do \u00edndio. Na maior dos casos, os estudantes fizeram as provas no primeiro dia (3\/11 s\u00e1bado). Por\u00e9m, no dia seguinte, afirmam que foram v\u00edtimas de posturas discriminat\u00f3rias por parte dos fiscais e foram impedidos de terminar as provas.","og_url":"https:\/\/inclusivenews.com.br\/?p=23888","article_publisher":"https:\/\/www.facebook.com\/agenciainclusive\/","article_published_time":"2012-12-04T12:36:17+00:00","author":"inclusivenews2024","twitter_card":"summary_large_image","twitter_misc":{"Escrito por":"inclusivenews2024","Tempo estimado de leitura":"2 minutos"},"schema":{"@context":"https:\/\/schema.org","@graph":[{"@type":"Article","@id":"https:\/\/inclusivenews.com.br\/?p=23888#article","isPartOf":{"@id":"https:\/\/inclusivenews.com.br\/?p=23888"},"author":{"name":"inclusivenews2024","@id":"https:\/\/inclusivenews.com.br\/#\/schema\/person\/ae4ec7087559b8692fb33b6fffd2273b"},"headline":"Jovens barrados na prova do Enem, denunciam desrespeito e Kemp aciona MEC e MPF","datePublished":"2012-12-04T12:36:17+00:00","mainEntityOfPage":{"@id":"https:\/\/inclusivenews.com.br\/?p=23888"},"wordCount":392,"commentCount":0,"publisher":{"@id":"https:\/\/inclusivenews.com.br\/#organization"},"articleSection":["Discrimina\u00e7\u00e3o","NOT\u00cdCIAS"],"inLanguage":"pt-PT","potentialAction":[{"@type":"CommentAction","name":"Comment","target":["https:\/\/inclusivenews.com.br\/?p=23888#respond"]}]},{"@type":"WebPage","@id":"https:\/\/inclusivenews.com.br\/?p=23888","url":"https:\/\/inclusivenews.com.br\/?p=23888","name":"Jovens barrados na prova do Enem, denunciam desrespeito e Kemp aciona MEC e MPF -","isPartOf":{"@id":"https:\/\/inclusivenews.com.br\/#website"},"datePublished":"2012-12-04T12:36:17+00:00","breadcrumb":{"@id":"https:\/\/inclusivenews.com.br\/?p=23888#breadcrumb"},"inLanguage":"pt-PT","potentialAction":[{"@type":"ReadAction","target":["https:\/\/inclusivenews.com.br\/?p=23888"]}]},{"@type":"BreadcrumbList","@id":"https:\/\/inclusivenews.com.br\/?p=23888#breadcrumb","itemListElement":[{"@type":"ListItem","position":1,"name":"In\u00edcio","item":"https:\/\/inclusivenews.com.br\/"},{"@type":"ListItem","position":2,"name":"Jovens barrados na prova do Enem, denunciam desrespeito e Kemp aciona MEC e MPF"}]},{"@type":"WebSite","@id":"https:\/\/inclusivenews.com.br\/#website","url":"https:\/\/inclusivenews.com.br\/","name":"Inclusive News","description":"Inclusive News","publisher":{"@id":"https:\/\/inclusivenews.com.br\/#organization"},"potentialAction":[{"@type":"SearchAction","target":{"@type":"EntryPoint","urlTemplate":"https:\/\/inclusivenews.com.br\/?s={search_term_string}"},"query-input":{"@type":"PropertyValueSpecification","valueRequired":true,"valueName":"search_term_string"}}],"inLanguage":"pt-PT"},{"@type":"Organization","@id":"https:\/\/inclusivenews.com.br\/#organization","name":"Inclusive - inclus\u00e3o e cidadania","url":"https:\/\/inclusivenews.com.br\/","logo":{"@type":"ImageObject","inLanguage":"pt-PT","@id":"https:\/\/inclusivenews.com.br\/#\/schema\/logo\/image\/","url":"https:\/\/inclusivenews.com.br\/wp-content\/uploads\/2024\/03\/@grandesite.png","contentUrl":"https:\/\/inclusivenews.com.br\/wp-content\/uploads\/2024\/03\/@grandesite.png","width":1080,"height":1080,"caption":"Inclusive - inclus\u00e3o e cidadania"},"image":{"@id":"https:\/\/inclusivenews.com.br\/#\/schema\/logo\/image\/"},"sameAs":["https:\/\/www.facebook.com\/agenciainclusive\/","https:\/\/www.instagram.com\/newsinclusive\/"]},{"@type":"Person","@id":"https:\/\/inclusivenews.com.br\/#\/schema\/person\/ae4ec7087559b8692fb33b6fffd2273b","name":"inclusivenews2024","image":{"@type":"ImageObject","inLanguage":"pt-PT","@id":"https:\/\/secure.gravatar.com\/avatar\/c5a7ef84c66fa914f55bc4f7ce26cfa275a3b9a1c5568b907bd184fb4dde7b40?s=96&d=mm&r=g","url":"https:\/\/secure.gravatar.com\/avatar\/c5a7ef84c66fa914f55bc4f7ce26cfa275a3b9a1c5568b907bd184fb4dde7b40?s=96&d=mm&r=g","contentUrl":"https:\/\/secure.gravatar.com\/avatar\/c5a7ef84c66fa914f55bc4f7ce26cfa275a3b9a1c5568b907bd184fb4dde7b40?s=96&d=mm&r=g","caption":"inclusivenews2024"},"sameAs":["https:\/\/inclusivenews.com.br"],"url":"https:\/\/inclusivenews.com.br\/?author=1"}]}},"_links":{"self":[{"href":"https:\/\/inclusivenews.com.br\/index.php?rest_route=\/wp\/v2\/posts\/23888","targetHints":{"allow":["GET"]}}],"collection":[{"href":"https:\/\/inclusivenews.com.br\/index.php?rest_route=\/wp\/v2\/posts"}],"about":[{"href":"https:\/\/inclusivenews.com.br\/index.php?rest_route=\/wp\/v2\/types\/post"}],"author":[{"embeddable":true,"href":"https:\/\/inclusivenews.com.br\/index.php?rest_route=\/wp\/v2\/users\/1"}],"replies":[{"embeddable":true,"href":"https:\/\/inclusivenews.com.br\/index.php?rest_route=%2Fwp%2Fv2%2Fcomments&post=23888"}],"version-history":[{"count":0,"href":"https:\/\/inclusivenews.com.br\/index.php?rest_route=\/wp\/v2\/posts\/23888\/revisions"}],"wp:attachment":[{"href":"https:\/\/inclusivenews.com.br\/index.php?rest_route=%2Fwp%2Fv2%2Fmedia&parent=23888"}],"wp:term":[{"taxonomy":"category","embeddable":true,"href":"https:\/\/inclusivenews.com.br\/index.php?rest_route=%2Fwp%2Fv2%2Fcategories&post=23888"},{"taxonomy":"post_tag","embeddable":true,"href":"https:\/\/inclusivenews.com.br\/index.php?rest_route=%2Fwp%2Fv2%2Ftags&post=23888"}],"curies":[{"name":"wp","href":"https:\/\/api.w.org\/{rel}","templated":true}]}}