{"id":23892,"date":"2012-12-01T21:43:41","date_gmt":"2012-12-02T00:43:41","guid":{"rendered":"http:\/\/www.inclusive.org.br\/?p=23892"},"modified":"2012-12-01T21:43:41","modified_gmt":"2012-12-02T00:43:41","slug":"estudante-com-sindrome-de-down-e-a-1%c2%aa-do-brasil-a-se-matricular-em-curso-de-direito","status":"publish","type":"post","link":"https:\/\/inclusivenews.com.br\/?p=23892","title":{"rendered":"Estudante com s\u00edndrome de Down \u00e9 a 1\u00aa do Brasil a se matricular em curso de direito"},"content":{"rendered":"<p><img loading=\"lazy\" decoding=\"async\" class=\"alignleft size-full wp-image-23894\" title=\"aline2\" src=\"http:\/\/inclusivenews.com.br\/wp-content\/uploads\/aline2.jpeg\" alt=\"A jovem Aline sentada em sofa ao lado da m\u00e3e.\" width=\"200\" height=\"109\" \/>Jovem mineira portadora de s\u00edndrome, que trabalha como caixa de supermercado, \u00e9 a a 21\u00aa pessoa no Brasil e a primeira em Minas Gerais a se matricular em uma faculdade<\/p>\n<p>\u201cAs pessoas me olham de um jeito estranho, como se eu fosse diferente\u201d, percebe Aline. A professora se admirou quando, ainda crian\u00e7a, ela foi a primeira a aprender a ler em uma turma de escola regular. Muita gente se espanta ao descobrir que a mo\u00e7a acorda antes de o sol nascer e, sozinha, pega dois \u00f4nibus para chegar ao trabalho. Quem a conhece, por\u00e9m, n\u00e3o se surpreende ao saber que ela quer estudar para ser advogada. Aos 25 anos, Aline H\u00e9lio Figueiredo Terrinha \u00e9 a primeira pessoa com s\u00edndrome de Down a se matricular em um curso de direito no Brasil.<\/p>\n<p>At\u00e9 hoje, apenas 20 pessoas com a s\u00edndrome, classificada como doen\u00e7a pela Organiza\u00e7\u00e3o Mundial da Sa\u00fade (OMS), ingressaram no ensino superior no pa\u00eds, segundo levantamento da Federa\u00e7\u00e3o Brasileira das Associa\u00e7\u00f5es de S\u00edndrome de Down (Febasd). Os cursos mais procurados foram educa\u00e7\u00e3o f\u00edsica (quatro estudantes) e pedagogia (tr\u00eas). O Rio Grande do Sul \u00e9 o estado campe\u00e3o em n\u00famero de universit\u00e1rios (quatro), seguido por S\u00e3o Paulo (tr\u00eas). Aline ser\u00e1 a 21\u00aa da lista, a primeira mineira. \u201cDireito \u00e9 um curso mais exigente, o estudante tem que ler muito. Ficamos felizes com a iniciativa da Aline\u201d, diz a presidente da Febasd, Maria de Lourdes Marques Lima.<\/p>\n<p>Em seu primeiro vestibular, Aline foi aprovada para ingressar em uma faculdade particular em Belo Horizonte. As aulas come\u00e7am em 1\u00ba de fevereiro de 2013. No entanto, a mo\u00e7a n\u00e3o conseguiria pagar a mensalidade de R$ 650. \u201c\u00c9 quase meu sal\u00e1rio\u201d, explica. Ela tentar\u00e1 obter uma bolsa pelo Fundo de Financiamento ao Estudante do Ensino Superior (Fies), programa federal mantido pelo Minist\u00e9rio da Educa\u00e7\u00e3o. Se tudo der certo, frequentar\u00e1 as aulas \u00e0 noite, depois de sair do supermercado no qual \u00e9 atendente de caixa. Ela precisaria abandonar o curso de auxiliar administrativo, iniciado em maio, pois passaria a ter poucas horas de sono, j\u00e1 que precisa acordar \u00e0s 5h para chegar ao trabalho.<\/p>\n<p>A mo\u00e7a mora com os pais e uma irm\u00e3 em uma casa simples no Bairro Bela Vit\u00f3ria, Regi\u00e3o Nordeste. Por volta das 5h40, pega o primeiro \u00f4nibus e desce no Centro, onde toma outro at\u00e9 o supermercado, no Bairro Funcion\u00e1rios, Regi\u00e3o Centro-Sul. O expediente n\u00e3o tem hor\u00e1rio exato para terminar, geralmente entre as 18h e as 19h. Por causa da rotina corrida, a m\u00e3e, Regina Figueiredo Terrinha, n\u00e3o queria que a filha estudasse \u00e0 noite. \u201cPra ser sincera, sou contra. Fico com muito d\u00f3 de ela trabalhar o dia todo e depois ainda ter aula. Vai ser uma maratona muito puxada. Mas ela \u00e9 bem cabe\u00e7a dura: quando quer, quer mesmo\u201d, resigna-se a mulher, que tem 56 anos e \u00e9 auxiliar de enfermagem. Aline est\u00e1 decidida: \u201cSei que \u00e9 um curso dif\u00edcil, mas se tiver for\u00e7a de vontade, perseveran\u00e7a, a gente consegue, na for\u00e7a de Deus\u201d.<\/p>\n<p>Ca\u00e7ula de quatro irm\u00e3os, Aline poder\u00e1 ser primeira da fam\u00edlia a ter diploma de n\u00edvel superior. Ela nasceu em Montes Claros, no Norte de Minas, a 424 quil\u00f4metros da capital. Com 4,6 quilos e 56 cent\u00edmetros, era maior do que costumam ser beb\u00eas com s\u00edndrome de Down. O diagn\u00f3stico da doen\u00e7a foi dif\u00edcil. \u201cUm pediatra chegou a dizer que ela n\u00e3o tinha Down\u201d, lembra a m\u00e3e. Os cabelos, geralmente finos e lisos, s\u00e3o crespos em Aline. Com o tempo, por\u00e9m, algumas das caracter\u00edsticas t\u00edpicas se tornaram evidentes, como os olhos com p\u00e1lpebras obl\u00edquas para cima e a face mais plana. Manifestou tamb\u00e9m outro tra\u00e7o habitual: um problema na vis\u00e3o. \u201cO olho direito quase n\u00e3o enxergava. Ela fez uma cirurgia, mas, por causa de um erro m\u00e9dico, precisou retirar (o globo ocular)\u201d, conta Regina. No lugar, implantou-se uma pr\u00f3tese de silicone.<\/p>\n<p>Conviv\u00eancia com o preconceito<\/p>\n<p>Todavia, n\u00e3o se notou em Aline um dos sintomas mais corriqueiros: o d\u00e9ficit de desenvolvimento intelectual. \u201cNunca a diferenciei dos outros filhos. Cuidei dela sem frescura. Nunca tive tempo de ficar paparicando ningu\u00e9m; trabalhava demais\u201d, conta a m\u00e3e. Matriculada em uma escola regular, ela foi a primeira da sala a aprender a ler. \u201cA professora se surpreendeu. At\u00e9 eu me surpreendi. N\u00e3o era t\u00e3o estudiosa, mas nunca levou bomba, sempre teve boas notas\u201d, ressalta Regina. No hist\u00f3rico escolar, as melhores notas era alcan\u00e7adas em hist\u00f3ria, portugu\u00eas, filosofia e sociologia. Apesar do bom desempenho, sofria preconceito dos colegas. \u201cEles me tratavam mal, me humilhavam, falavam que eu tinha problema, que era feia, que era dem\u00f4nio. Ser rejeitado \u00e9 ruim demais\u201d, diz Aline.<\/p>\n<p>Ela concluiu o ensino m\u00e9dio em 2005, chegou a fazer cursinho pr\u00e9-vestibular, pensava em tentar entrar na Universidade Federal de Minas Gerais (UFMG). \u201cMas n\u00e3o me preparei muito bem. N\u00e3o estava muito interessada. Quis descansar um pouco a cabe\u00e7a depois de tantos anos de escola\u201d, explica. Em 2008, ela decidiu procurar um emprego. \u201cQueria minha independ\u00eancia financeira, conhecer pessoas diferentes.\u201d Indicada pelo Servi\u00e7o de Prote\u00e7\u00e3o Social \u00e0 Pessoa com Defici\u00eancia, mantido pela Secretaria Municipal Adjunta de Assist\u00eancia Social de BH, Aline conseguiu uma vaga em um supermercado. Come\u00e7ou na salsicharia, embalando embutidos. Depois, tornou-se empacotado e, afinal, foi para o caixa.<\/p>\n<p>No trabalho, apesar de a funcion\u00e1ria ser eficiente, o preconceito persiste. \u201cUma vez, uma cliente disse que eu era lerda, tinha problema, n\u00e3o podia trabalhar ali. Foi at\u00e9 reclamar com o gerente\u201d, recorda. Sem querer se identificar, uma colega confirma a discrimina\u00e7\u00e3o. Alguns clientes do supermercado, quando podem escolher, evitam usar o caixa da mo\u00e7a. \u201cMal sabem eles que a Aline, mesmo sendo especial, \u00e9 a \u00fanica entre as caixas com conhecimento e preparo suficiente para fazer uma faculdade\u201d, diz a colega. Aline chegou a pensar em cursar medicina veterin\u00e1ria, mas acabou se decidindo pelo direito. \u201cQuero advogar. Quando estiver bem fera na \u00e1rea, quero entrar na Promotoria de Justi\u00e7a\u201d, ambiciona.<\/p>\n<p>LIVROS<br \/>\nAline tem qualidades caras a um bom advogado. Expressa-se com seguran\u00e7a, tem cuidado ao escolher as palavras. No come\u00e7o da conversa, ela parecia t\u00edmida, mas logo desandou a falar. \u201cEssa fala mesmo, igual pobre na chuva\u201d, brinca a m\u00e3e, rindo. Nas horas vagas, a filha gosta de ler, sobretudo livros de hist\u00f3ria. Atualmente, est\u00e1 lendo Cartas para Hitler, de Henrik Eberle, que reproduz a correspond\u00eancia enviada ao ditador e narra, a partir dela, a ascens\u00e3o e a queda do nazismo. Foi um dos cinco livros que ela ganhou de presente de um cliente do supermercado. Aline \u00e9 f\u00e3 dos enredos misteriosos de Agatha Christie e adora o romance Capit\u00e3es da areia, de Jorge Amado. \u201cA hist\u00f3ria me chamou a aten\u00e7\u00e3o. As crian\u00e7as que viviam na rua eram humilhadas, tratadas pior do que bicho\u201d, narra.<\/p>\n<p>Outra paix\u00e3o s\u00e3o as artes pl\u00e1sticas. Ela frequenta o Pal\u00e1cio das Artes, no Centro, cujos funcion\u00e1rios j\u00e1 a reconhecem. Nas \u00faltimas f\u00e9rias, em outra galeria, visitou a exposi\u00e7\u00e3o Caravaggio e seus seguidores e se deliciou com as obras do pintor italiano. Tamb\u00e9m gosta muito de ouvir m\u00fasica sertaneja e de torcer pelo Atl\u00e9tico. Satisfeita, sorri ao descobrir que seria a primeira pessoa com s\u00edndrome de Down a cursar direito, mas enfatiza n\u00e3o querer provar nada: \u201cSei o que sou, n\u00e3o tenho que dar satisfa\u00e7\u00e3o. N\u00e3o sou diferente de ningu\u00e9m\u201d. A iniciativa de Aline deve \u201cabrir caminhos\u201d, avalia Maria de Lourdes, presidente da Febasd: \u201cEla serve de exemplo para toda a sociedade, que deve respeitar mais quem tem a s\u00edndrome. Queremos parabenizar Aline. Que ela desempenhe bem suas atividades e brilhe muito, para orgulho de todos n\u00f3s\u201d.<\/p>\n<p>Fonte: <a href=\"http:\/\/www.jornalcco.com.br\/noticia\/3120\/Estudante-com-sindrome-de-Down-e-a-1--do-Brasil-a-se-matricular-em-curso-de-direito\">http:\/\/www.jornalcco.com.br\/noticia\/3120\/Estudante-com-sindrome-de-Down-e-a-1&#8211;do-Brasil-a-se-matricular-em-curso-de-direito<\/a><\/p>\n<p>Leia tamb\u00e9m:<\/p>\n<p><a href=\"http:\/\/www.inclusive.org.br\/?p=22184\">Inclus\u00e3o leva \u00e0 universidade. E al\u00e9m.<\/a><\/p>\n","protected":false},"excerpt":{"rendered":"<p>Jovem mineira portadora de s\u00edndrome, que trabalha como caixa de supermercado, \u00e9 a a 21\u00aa pessoa no Brasil e a primeira em Minas Gerais a se matricular em uma faculdade.<\/p>\n","protected":false},"author":1,"featured_media":0,"comment_status":"open","ping_status":"open","sticky":false,"template":"","format":"standard","meta":{"site-container-style":"default","site-container-layout":"default","site-sidebar-layout":"default","disable-article-header":"default","disable-site-header":"default","disable-site-footer":"default","disable-content-area-spacing":"default","footnotes":""},"categories":[38,6,48],"tags":[],"class_list":["post-23892","post","type-post","status-publish","format-standard","hentry","category-deficiencia","category-educacao","category-inclusao"],"yoast_head":"<!-- This site is optimized with the Yoast SEO plugin v27.4 - https:\/\/yoast.com\/product\/yoast-seo-wordpress\/ -->\n<title>Estudante com s\u00edndrome de Down \u00e9 a 1\u00aa do Brasil a se matricular em curso de direito -<\/title>\n<meta name=\"robots\" content=\"index, follow, max-snippet:-1, max-image-preview:large, max-video-preview:-1\" \/>\n<link rel=\"canonical\" href=\"https:\/\/inclusivenews.com.br\/?p=23892\" \/>\n<meta property=\"og:locale\" content=\"pt_PT\" \/>\n<meta property=\"og:type\" content=\"article\" \/>\n<meta property=\"og:title\" content=\"Estudante com s\u00edndrome de Down \u00e9 a 1\u00aa do Brasil a se matricular em curso de direito -\" \/>\n<meta property=\"og:description\" content=\"Jovem mineira portadora de s\u00edndrome, que trabalha como caixa de supermercado, \u00e9 a a 21\u00aa pessoa no Brasil e a primeira em Minas Gerais a se matricular em uma faculdade.\" \/>\n<meta property=\"og:url\" content=\"https:\/\/inclusivenews.com.br\/?p=23892\" \/>\n<meta property=\"article:publisher\" content=\"https:\/\/www.facebook.com\/agenciainclusive\/\" \/>\n<meta property=\"article:published_time\" content=\"2012-12-02T00:43:41+00:00\" \/>\n<meta property=\"og:image\" content=\"http:\/\/inclusivenews.com.br\/wp-content\/uploads\/aline2.jpeg\" \/>\n<meta name=\"author\" content=\"inclusivenews2024\" \/>\n<meta name=\"twitter:card\" content=\"summary_large_image\" \/>\n<meta name=\"twitter:label1\" content=\"Escrito por\" \/>\n\t<meta name=\"twitter:data1\" content=\"inclusivenews2024\" \/>\n\t<meta name=\"twitter:label2\" content=\"Tempo estimado de leitura\" \/>\n\t<meta name=\"twitter:data2\" content=\"7 minutos\" \/>\n<script type=\"application\/ld+json\" class=\"yoast-schema-graph\">{\"@context\":\"https:\\\/\\\/schema.org\",\"@graph\":[{\"@type\":\"Article\",\"@id\":\"https:\\\/\\\/inclusivenews.com.br\\\/?p=23892#article\",\"isPartOf\":{\"@id\":\"https:\\\/\\\/inclusivenews.com.br\\\/?p=23892\"},\"author\":{\"name\":\"inclusivenews2024\",\"@id\":\"https:\\\/\\\/inclusivenews.com.br\\\/#\\\/schema\\\/person\\\/ae4ec7087559b8692fb33b6fffd2273b\"},\"headline\":\"Estudante com s\u00edndrome de Down \u00e9 a 1\u00aa do Brasil a se matricular em curso de direito\",\"datePublished\":\"2012-12-02T00:43:41+00:00\",\"mainEntityOfPage\":{\"@id\":\"https:\\\/\\\/inclusivenews.com.br\\\/?p=23892\"},\"wordCount\":1375,\"commentCount\":2,\"publisher\":{\"@id\":\"https:\\\/\\\/inclusivenews.com.br\\\/#organization\"},\"image\":{\"@id\":\"https:\\\/\\\/inclusivenews.com.br\\\/?p=23892#primaryimage\"},\"thumbnailUrl\":\"http:\\\/\\\/inclusivenews.com.br\\\/wp-content\\\/uploads\\\/aline2.jpeg\",\"articleSection\":[\"Defici\u00eancia\",\"EDUCA\u00c7\u00c3O\",\"INCLUS\u00c3O SOCIAL\"],\"inLanguage\":\"pt-PT\",\"potentialAction\":[{\"@type\":\"CommentAction\",\"name\":\"Comment\",\"target\":[\"https:\\\/\\\/inclusivenews.com.br\\\/?p=23892#respond\"]}]},{\"@type\":\"WebPage\",\"@id\":\"https:\\\/\\\/inclusivenews.com.br\\\/?p=23892\",\"url\":\"https:\\\/\\\/inclusivenews.com.br\\\/?p=23892\",\"name\":\"Estudante com s\u00edndrome de Down \u00e9 a 1\u00aa do Brasil a se matricular em curso de direito -\",\"isPartOf\":{\"@id\":\"https:\\\/\\\/inclusivenews.com.br\\\/#website\"},\"primaryImageOfPage\":{\"@id\":\"https:\\\/\\\/inclusivenews.com.br\\\/?p=23892#primaryimage\"},\"image\":{\"@id\":\"https:\\\/\\\/inclusivenews.com.br\\\/?p=23892#primaryimage\"},\"thumbnailUrl\":\"http:\\\/\\\/inclusivenews.com.br\\\/wp-content\\\/uploads\\\/aline2.jpeg\",\"datePublished\":\"2012-12-02T00:43:41+00:00\",\"breadcrumb\":{\"@id\":\"https:\\\/\\\/inclusivenews.com.br\\\/?p=23892#breadcrumb\"},\"inLanguage\":\"pt-PT\",\"potentialAction\":[{\"@type\":\"ReadAction\",\"target\":[\"https:\\\/\\\/inclusivenews.com.br\\\/?p=23892\"]}]},{\"@type\":\"ImageObject\",\"inLanguage\":\"pt-PT\",\"@id\":\"https:\\\/\\\/inclusivenews.com.br\\\/?p=23892#primaryimage\",\"url\":\"\",\"contentUrl\":\"\"},{\"@type\":\"BreadcrumbList\",\"@id\":\"https:\\\/\\\/inclusivenews.com.br\\\/?p=23892#breadcrumb\",\"itemListElement\":[{\"@type\":\"ListItem\",\"position\":1,\"name\":\"In\u00edcio\",\"item\":\"https:\\\/\\\/inclusivenews.com.br\\\/\"},{\"@type\":\"ListItem\",\"position\":2,\"name\":\"Estudante com s\u00edndrome de Down \u00e9 a 1\u00aa do Brasil a se matricular em curso de direito\"}]},{\"@type\":\"WebSite\",\"@id\":\"https:\\\/\\\/inclusivenews.com.br\\\/#website\",\"url\":\"https:\\\/\\\/inclusivenews.com.br\\\/\",\"name\":\"Inclusive News\",\"description\":\"Inclusive News\",\"publisher\":{\"@id\":\"https:\\\/\\\/inclusivenews.com.br\\\/#organization\"},\"potentialAction\":[{\"@type\":\"SearchAction\",\"target\":{\"@type\":\"EntryPoint\",\"urlTemplate\":\"https:\\\/\\\/inclusivenews.com.br\\\/?s={search_term_string}\"},\"query-input\":{\"@type\":\"PropertyValueSpecification\",\"valueRequired\":true,\"valueName\":\"search_term_string\"}}],\"inLanguage\":\"pt-PT\"},{\"@type\":\"Organization\",\"@id\":\"https:\\\/\\\/inclusivenews.com.br\\\/#organization\",\"name\":\"Inclusive - inclus\u00e3o e cidadania\",\"url\":\"https:\\\/\\\/inclusivenews.com.br\\\/\",\"logo\":{\"@type\":\"ImageObject\",\"inLanguage\":\"pt-PT\",\"@id\":\"https:\\\/\\\/inclusivenews.com.br\\\/#\\\/schema\\\/logo\\\/image\\\/\",\"url\":\"https:\\\/\\\/inclusivenews.com.br\\\/wp-content\\\/uploads\\\/2024\\\/03\\\/@grandesite.png\",\"contentUrl\":\"https:\\\/\\\/inclusivenews.com.br\\\/wp-content\\\/uploads\\\/2024\\\/03\\\/@grandesite.png\",\"width\":1080,\"height\":1080,\"caption\":\"Inclusive - inclus\u00e3o e cidadania\"},\"image\":{\"@id\":\"https:\\\/\\\/inclusivenews.com.br\\\/#\\\/schema\\\/logo\\\/image\\\/\"},\"sameAs\":[\"https:\\\/\\\/www.facebook.com\\\/agenciainclusive\\\/\",\"https:\\\/\\\/www.instagram.com\\\/newsinclusive\\\/\"]},{\"@type\":\"Person\",\"@id\":\"https:\\\/\\\/inclusivenews.com.br\\\/#\\\/schema\\\/person\\\/ae4ec7087559b8692fb33b6fffd2273b\",\"name\":\"inclusivenews2024\",\"image\":{\"@type\":\"ImageObject\",\"inLanguage\":\"pt-PT\",\"@id\":\"https:\\\/\\\/secure.gravatar.com\\\/avatar\\\/c5a7ef84c66fa914f55bc4f7ce26cfa275a3b9a1c5568b907bd184fb4dde7b40?s=96&d=mm&r=g\",\"url\":\"https:\\\/\\\/secure.gravatar.com\\\/avatar\\\/c5a7ef84c66fa914f55bc4f7ce26cfa275a3b9a1c5568b907bd184fb4dde7b40?s=96&d=mm&r=g\",\"contentUrl\":\"https:\\\/\\\/secure.gravatar.com\\\/avatar\\\/c5a7ef84c66fa914f55bc4f7ce26cfa275a3b9a1c5568b907bd184fb4dde7b40?s=96&d=mm&r=g\",\"caption\":\"inclusivenews2024\"},\"sameAs\":[\"https:\\\/\\\/inclusivenews.com.br\"],\"url\":\"https:\\\/\\\/inclusivenews.com.br\\\/?author=1\"}]}<\/script>\n<!-- \/ Yoast SEO plugin. -->","yoast_head_json":{"title":"Estudante com s\u00edndrome de Down \u00e9 a 1\u00aa do Brasil a se matricular em curso de direito -","robots":{"index":"index","follow":"follow","max-snippet":"max-snippet:-1","max-image-preview":"max-image-preview:large","max-video-preview":"max-video-preview:-1"},"canonical":"https:\/\/inclusivenews.com.br\/?p=23892","og_locale":"pt_PT","og_type":"article","og_title":"Estudante com s\u00edndrome de Down \u00e9 a 1\u00aa do Brasil a se matricular em curso de direito -","og_description":"Jovem mineira portadora de s\u00edndrome, que trabalha como caixa de supermercado, \u00e9 a a 21\u00aa pessoa no Brasil e a primeira em Minas Gerais a se matricular em uma faculdade.","og_url":"https:\/\/inclusivenews.com.br\/?p=23892","article_publisher":"https:\/\/www.facebook.com\/agenciainclusive\/","article_published_time":"2012-12-02T00:43:41+00:00","og_image":[{"url":"http:\/\/inclusivenews.com.br\/wp-content\/uploads\/aline2.jpeg","type":"","width":"","height":""}],"author":"inclusivenews2024","twitter_card":"summary_large_image","twitter_misc":{"Escrito por":"inclusivenews2024","Tempo estimado de leitura":"7 minutos"},"schema":{"@context":"https:\/\/schema.org","@graph":[{"@type":"Article","@id":"https:\/\/inclusivenews.com.br\/?p=23892#article","isPartOf":{"@id":"https:\/\/inclusivenews.com.br\/?p=23892"},"author":{"name":"inclusivenews2024","@id":"https:\/\/inclusivenews.com.br\/#\/schema\/person\/ae4ec7087559b8692fb33b6fffd2273b"},"headline":"Estudante com s\u00edndrome de Down \u00e9 a 1\u00aa do Brasil a se matricular em curso de direito","datePublished":"2012-12-02T00:43:41+00:00","mainEntityOfPage":{"@id":"https:\/\/inclusivenews.com.br\/?p=23892"},"wordCount":1375,"commentCount":2,"publisher":{"@id":"https:\/\/inclusivenews.com.br\/#organization"},"image":{"@id":"https:\/\/inclusivenews.com.br\/?p=23892#primaryimage"},"thumbnailUrl":"http:\/\/inclusivenews.com.br\/wp-content\/uploads\/aline2.jpeg","articleSection":["Defici\u00eancia","EDUCA\u00c7\u00c3O","INCLUS\u00c3O SOCIAL"],"inLanguage":"pt-PT","potentialAction":[{"@type":"CommentAction","name":"Comment","target":["https:\/\/inclusivenews.com.br\/?p=23892#respond"]}]},{"@type":"WebPage","@id":"https:\/\/inclusivenews.com.br\/?p=23892","url":"https:\/\/inclusivenews.com.br\/?p=23892","name":"Estudante com s\u00edndrome de Down \u00e9 a 1\u00aa do Brasil a se matricular em curso de direito -","isPartOf":{"@id":"https:\/\/inclusivenews.com.br\/#website"},"primaryImageOfPage":{"@id":"https:\/\/inclusivenews.com.br\/?p=23892#primaryimage"},"image":{"@id":"https:\/\/inclusivenews.com.br\/?p=23892#primaryimage"},"thumbnailUrl":"http:\/\/inclusivenews.com.br\/wp-content\/uploads\/aline2.jpeg","datePublished":"2012-12-02T00:43:41+00:00","breadcrumb":{"@id":"https:\/\/inclusivenews.com.br\/?p=23892#breadcrumb"},"inLanguage":"pt-PT","potentialAction":[{"@type":"ReadAction","target":["https:\/\/inclusivenews.com.br\/?p=23892"]}]},{"@type":"ImageObject","inLanguage":"pt-PT","@id":"https:\/\/inclusivenews.com.br\/?p=23892#primaryimage","url":"","contentUrl":""},{"@type":"BreadcrumbList","@id":"https:\/\/inclusivenews.com.br\/?p=23892#breadcrumb","itemListElement":[{"@type":"ListItem","position":1,"name":"In\u00edcio","item":"https:\/\/inclusivenews.com.br\/"},{"@type":"ListItem","position":2,"name":"Estudante com s\u00edndrome de Down \u00e9 a 1\u00aa do Brasil a se matricular em curso de direito"}]},{"@type":"WebSite","@id":"https:\/\/inclusivenews.com.br\/#website","url":"https:\/\/inclusivenews.com.br\/","name":"Inclusive News","description":"Inclusive News","publisher":{"@id":"https:\/\/inclusivenews.com.br\/#organization"},"potentialAction":[{"@type":"SearchAction","target":{"@type":"EntryPoint","urlTemplate":"https:\/\/inclusivenews.com.br\/?s={search_term_string}"},"query-input":{"@type":"PropertyValueSpecification","valueRequired":true,"valueName":"search_term_string"}}],"inLanguage":"pt-PT"},{"@type":"Organization","@id":"https:\/\/inclusivenews.com.br\/#organization","name":"Inclusive - inclus\u00e3o e cidadania","url":"https:\/\/inclusivenews.com.br\/","logo":{"@type":"ImageObject","inLanguage":"pt-PT","@id":"https:\/\/inclusivenews.com.br\/#\/schema\/logo\/image\/","url":"https:\/\/inclusivenews.com.br\/wp-content\/uploads\/2024\/03\/@grandesite.png","contentUrl":"https:\/\/inclusivenews.com.br\/wp-content\/uploads\/2024\/03\/@grandesite.png","width":1080,"height":1080,"caption":"Inclusive - inclus\u00e3o e cidadania"},"image":{"@id":"https:\/\/inclusivenews.com.br\/#\/schema\/logo\/image\/"},"sameAs":["https:\/\/www.facebook.com\/agenciainclusive\/","https:\/\/www.instagram.com\/newsinclusive\/"]},{"@type":"Person","@id":"https:\/\/inclusivenews.com.br\/#\/schema\/person\/ae4ec7087559b8692fb33b6fffd2273b","name":"inclusivenews2024","image":{"@type":"ImageObject","inLanguage":"pt-PT","@id":"https:\/\/secure.gravatar.com\/avatar\/c5a7ef84c66fa914f55bc4f7ce26cfa275a3b9a1c5568b907bd184fb4dde7b40?s=96&d=mm&r=g","url":"https:\/\/secure.gravatar.com\/avatar\/c5a7ef84c66fa914f55bc4f7ce26cfa275a3b9a1c5568b907bd184fb4dde7b40?s=96&d=mm&r=g","contentUrl":"https:\/\/secure.gravatar.com\/avatar\/c5a7ef84c66fa914f55bc4f7ce26cfa275a3b9a1c5568b907bd184fb4dde7b40?s=96&d=mm&r=g","caption":"inclusivenews2024"},"sameAs":["https:\/\/inclusivenews.com.br"],"url":"https:\/\/inclusivenews.com.br\/?author=1"}]}},"_links":{"self":[{"href":"https:\/\/inclusivenews.com.br\/index.php?rest_route=\/wp\/v2\/posts\/23892","targetHints":{"allow":["GET"]}}],"collection":[{"href":"https:\/\/inclusivenews.com.br\/index.php?rest_route=\/wp\/v2\/posts"}],"about":[{"href":"https:\/\/inclusivenews.com.br\/index.php?rest_route=\/wp\/v2\/types\/post"}],"author":[{"embeddable":true,"href":"https:\/\/inclusivenews.com.br\/index.php?rest_route=\/wp\/v2\/users\/1"}],"replies":[{"embeddable":true,"href":"https:\/\/inclusivenews.com.br\/index.php?rest_route=%2Fwp%2Fv2%2Fcomments&post=23892"}],"version-history":[{"count":0,"href":"https:\/\/inclusivenews.com.br\/index.php?rest_route=\/wp\/v2\/posts\/23892\/revisions"}],"wp:attachment":[{"href":"https:\/\/inclusivenews.com.br\/index.php?rest_route=%2Fwp%2Fv2%2Fmedia&parent=23892"}],"wp:term":[{"taxonomy":"category","embeddable":true,"href":"https:\/\/inclusivenews.com.br\/index.php?rest_route=%2Fwp%2Fv2%2Fcategories&post=23892"},{"taxonomy":"post_tag","embeddable":true,"href":"https:\/\/inclusivenews.com.br\/index.php?rest_route=%2Fwp%2Fv2%2Ftags&post=23892"}],"curies":[{"name":"wp","href":"https:\/\/api.w.org\/{rel}","templated":true}]}}