{"id":23907,"date":"2012-12-04T09:37:32","date_gmt":"2012-12-04T12:37:32","guid":{"rendered":"http:\/\/www.inclusive.org.br\/?p=23907"},"modified":"2012-12-04T09:37:32","modified_gmt":"2012-12-04T12:37:32","slug":"o-importante-e-dar-o-primeiro-passo","status":"publish","type":"post","link":"https:\/\/inclusivenews.com.br\/?p=23907","title":{"rendered":"O importante \u00e9 dar o primeiro passo"},"content":{"rendered":"<div class=\"MsoNormal\" style=\"line-height: 150%; text-align: justify;\"><span style=\"font-family: Arial;\"><em>Bacharel em Servi\u00e7o Social, Francelene Rodrigues fala sobre a import\u00e2ncia da participa\u00e7\u00e3o na cria\u00e7\u00e3o do Interconselho da Coordenadoria Regional de Sa\u00fade Leste de SP.<\/p>\n<p><\/em><em> <\/em><em> <\/em><em> <\/em><\/p>\n<p><\/span><\/div>\n<div class=\"MsoNormal\" style=\"line-height: 150%; text-align: justify;\"><strong><span style=\"font-family: Arial;\">Entrevistadora<\/span><\/strong><span style=\"font-family: Arial;\">: Leandra Migotto Certeza \u2013 jornalista *<\/span><\/div>\n<div class=\"MsoNormal\" style=\"line-height: 150%; text-align: justify;\"><strong><span style=\"font-family: Arial;\">Fotos:<\/span><\/strong><span style=\"font-family: Arial;\"> arquivo pessoal<\/span><\/div>\n<div class=\"MsoNormal\" style=\"line-height: 150%; text-align: justify;\"><span style=\"font-family: Arial;\"><br \/>\n<\/span><\/div>\n<div class=\"separator\" style=\"clear: both; text-align: center;\"><img loading=\"lazy\" decoding=\"async\" style=\"border: 0px none currentColor;\" src=\"http:\/\/3.bp.blogspot.com\/-hhJ-37l3yDs\/ULysmLxOgmI\/AAAAAAAACko\/FDPeqcI48m0\/s320\/Francelene+close.jpg\" border=\"0\" alt=\"Descri\u00e7\u00e3o da imagem: foto do rosto de Francelene\" width=\"144\" height=\"192\" \/><\/p>\n<\/div>\n<div class=\"MsoNormal\" style=\"line-height: 150%; text-align: left;\"><span style=\"font-family: Arial; line-height: 150%;\">Francelene Rodrigues, 39 anos, sempre morou na comunidade do bairro Itaim Paulista, na zona lesta cidade de S\u00e3o Paulo. Tem quatro filhas e netos. Sua defici\u00eancia f\u00edsica, a paraplegia, foi adquirida ap\u00f3s uma viol\u00eancia dom\u00e9stica do seu ex-marido, em 1998. <\/span><span style=\"font-family: Arial;\">Atualmente, atua como l\u00edder comunit\u00e1ria onde vive e concluiu o curso de Bacharel em Servi\u00e7o Social pela <\/span><span style=\"font-family: Arial;\">Universidade Camilo Castelo Branco do campus de Itaquera. <\/span><\/div>\n<div class=\"MsoNormal\" style=\"line-height: 150%; text-align: justify;\"><span style=\"font-family: Arial;\"><br \/>\n<\/span><\/div>\n<div class=\"MsoNormal\" style=\"line-height: 150%; text-align: justify;\"><span style=\"font-family: Arial;\">A publica\u00e7\u00e3o de 110 p\u00e1ginas do seu Trabalho de Conclus\u00e3o de Curso &#8211; TCC:\u00a0<strong><br \/>\n\u201cA Cria\u00e7\u00e3o do Interconselho de Sa\u00fade na Coordenadoria Regional da Zona<br \/>\nLeste\u201d<\/strong> (defendido dia 05 de dezembro de 2012) pode ser adquirido no Clube<br \/>\ndos Autores (ver link abaixo), e serve de grande incentivo a todos os<br \/>\nestudantes, e principalmente, aos com alguma defici\u00eancia que lutam por<br \/>\nrealizarem seus sonhos. <\/span><\/div>\n<div class=\"MsoNormal\" style=\"line-height: 150%; text-align: justify;\"><span style=\"font-family: Arial;\"><br \/>\n<\/span><\/div>\n<div style=\"background: white; line-height: 150%; text-align: justify;\"><span style=\"font-family: Arial;\">Francelene tamb\u00e9m palestra sobre inclus\u00e3o<br \/>\nsocial em organiza\u00e7\u00f5es n\u00e3o-governamentais, se diverte, cuida da casa e dos<br \/>\nfilhos, e namora quando se identifica com algu\u00e9m. \u201cN\u00e3o me curvo frente aos<br \/>\nerros, nem admito sentimentos de pena. Hoje sou feliz assim como sou. Cres\u00e7o<br \/>\ncom minhas experi\u00eancias e sou um instrumento de inclus\u00e3o!\u201d.<\/span><\/div>\n<div style=\"background: white; line-height: 150%; text-align: justify;\"><span style=\"font-family: Arial;\"><br \/>\n<\/span><\/div>\n<div style=\"background: white; line-height: 150%; text-align: justify;\"><strong><span style=\"font-family: Arial;\">Conte um pouco como foi o seu processo de inclus\u00e3o educacional. Quais foram os<br \/>\nmaiores desafios e conquistas?<\/span><\/strong><\/div>\n<div style=\"background: white; line-height: 150%; text-align: justify;\"><strong><span style=\"font-family: Arial;\"><br \/>\n<\/span><\/strong><\/div>\n<div style=\"background: white; line-height: 150%; text-align: justify;\"><span style=\"font-family: Arial;\">Amo estudar. O processo educacional foi<br \/>\ntranq\u00fcilo, at\u00e9 adquirir a defici\u00eancia f\u00edsica. Sempre estudei em escolas<br \/>\np\u00fablicas e conclui o magist\u00e9rio. Complicado foi quando decidi voltar aos<br \/>\nestudos, pois a minha matricula no ensino m\u00e9dio supletivo foi recusada. Precisei<br \/>\nadquirir outros conte\u00fados para prestar vestibular. Mas insisti e venci, e logo<br \/>\ndepois ingressei na faculdade, com algumas barreiras que ao decorrer do curso<br \/>\nuniversit\u00e1rio foram superadas a cada dia. Mas muitos outros obst\u00e1culos<br \/>\napareceram pelo caminho at\u00e9 eu terminar o curso este em dezembro de 2012. Sei<br \/>\nque eles precisam ser sempre ultrapassados.<\/span><\/div>\n<div style=\"background: white; line-height: 150%; text-align: justify;\"><span style=\"font-family: Arial;\"><br \/>\n<\/span><\/div>\n<div style=\"background: white; line-height: 150%; text-align: justify;\"><strong><span style=\"font-family: Arial;\">Passou por preconceitos e discrimina\u00e7\u00f5es?<\/span><\/strong><\/div>\n<div style=\"background: white; line-height: 150%; text-align: justify;\"><strong><span style=\"font-family: Arial;\"><br \/>\n<\/span><\/strong><\/div>\n<div style=\"background: white; line-height: 150%; text-align: justify;\"><span style=\"font-family: Arial;\">Uma barreira inquebrant\u00e1vel sempre ser\u00e1 o<br \/>\npreconceito, que ainda existem em rela\u00e7\u00e3o \u00e0s pessoas com quaisquer tipos de<br \/>\ndefici\u00eancia no mundo, n\u00e3o s\u00f3 na faculdade. Esse sentimento, muitas vezes, vem<br \/>\nda fam\u00edlia; e \u00e9 indiscut\u00edvel que esse tema ainda seja uma barreira para muita<br \/>\ngente. O maior preconceito foi em entender que eu mesma era preconceituosa com<br \/>\nas pessoas e n\u00e3o elas comigo. <\/span><\/div>\n<div style=\"background: white; line-height: 150%; text-align: justify;\"><span style=\"font-family: Arial;\"><br \/>\n<\/span><\/div>\n<div style=\"background: white; line-height: 150%; text-align: justify;\"><strong><span style=\"font-family: Arial;\">Sempre quis ser assistente social? Qual a import\u00e2ncia dessa profiss\u00e3o em sua vida?<\/span><\/strong><\/div>\n<div style=\"background: white; line-height: 150%; text-align: justify;\"><strong><span style=\"font-family: Arial;\"><br \/>\n<\/span><\/strong><\/div>\n<div style=\"background: white; line-height: 150%; text-align: justify;\"><span style=\"font-family: Arial;\">Decidi pela profiss\u00e3o, devido ao<br \/>\nenvolvimento dentro de minha pr\u00f3pria comunidade na qual sou l\u00edder, e<br \/>\nConselheira de Sa\u00fade desde 2001. Sempre trabalhei em prol de melhorias para o<br \/>\nbairro onde vivo. Amo a profiss\u00e3o que escolhi, e sei que mercado de trabalho<br \/>\nest\u00e1 aberto, pela amplitude em conhecimentos, desafios e compet\u00eancias, que a<br \/>\n\u00e1rea possui. Ser assistente social para mim \u00e9 primeiramente ser cidad\u00e3, capaz de<br \/>\ngarantir direitos ao pr\u00f3ximo e a si mesmo. Logo que cheguei \u00e0 faculdade, foram<br \/>\nfeitas adapta\u00e7\u00f5es para garantir a acessibilidade em quase todos os espa\u00e7os. Mas<br \/>\nhoje as pessoas com defici\u00eancia podem se sentir livre para se locomoverem, pois<br \/>\nfizeram rampas e instalaram dois elevadores. Fiquei muito feliz pelas mudan\u00e7as.<\/span><\/div>\n<div style=\"background: white; line-height: 150%; text-align: justify;\"><span style=\"font-family: Arial;\"><br \/>\n<\/span><\/div>\n<div class=\"separator\" style=\"clear: both; text-align: center;\"><img loading=\"lazy\" decoding=\"async\" style=\"border: 0px none currentColor;\" src=\"http:\/\/3.bp.blogspot.com\/-jOlpmn9HPRM\/ULyuMa2mzXI\/AAAAAAAAClA\/ncGrEcel8fo\/s320\/Fran+TCC.JPG\" border=\"0\" alt=\"Descri\u00e7\u00e3o da imagem: foto de Francelene segurando a capa do seu TCC\" width=\"180\" height=\"320\" \/><br \/>\n<em> <\/em><span style=\"font-family: Arial;\"><br \/>\n<\/span><\/div>\n<div style=\"background: white; line-height: 150%; text-align: justify;\"><strong><span style=\"font-family: Arial;\">Qual a import\u00e2ncia da participa\u00e7\u00e3o popular nos Movimentos Sociais, nos Conselhos<br \/>\nGestores das Unidades B\u00e1sicas de Sa\u00fade (UBS); e nos Conselhos Gestores de<br \/>\nSupervis\u00f5es T\u00e9cnicas de Sa\u00fade (STS) da zona leste de SP, interligados direta ou<br \/>\nindiretamente \u00e0s decis\u00f5es regionalizadas do Sistema \u00danico de Sa\u00fade (SUS), de<br \/>\nacordo com suas especificidades?<\/span><\/strong><\/div>\n<div class=\"MsoNormal\" style=\"line-height: 150%; text-align: justify;\"><strong><span style=\"font-family: Arial;\"> <\/span><\/strong><span style=\"font-family: Arial;\"><br \/>\nA import\u00e2ncia desta participa\u00e7\u00e3o popular atribui-se<br \/>\nhoje ao envolvimento e articula\u00e7\u00e3o de forma organizada, que atualmente \u00e9<br \/>\nrepresentado pelos Movimentos Sociais e Conselhos de Direito como mecanismos de<br \/>\ngest\u00e3o das pol\u00edticas p\u00fablicas na interven\u00e7\u00e3o e media\u00e7\u00e3o parit\u00e1ria junto ao<br \/>\nEstado e ao pr\u00f3prio controle social, de acordo com suas especificidades e necessidades<br \/>\nlocais, ou seja, nas UBS\u00b4s, distritais STS\u00b4s &#8211; Conselhos Gestores de<br \/>\nSupervis\u00f5es T\u00e9cnicas de Sa\u00fade Regionais (norte, sul, sudeste e centro-oeste). <\/span><\/div>\n<div class=\"MsoNormal\" style=\"line-height: 150%; text-align: justify;\"><strong><span style=\"font-family: Arial;\">Esta participa\u00e7\u00e3o vem ocorrendo com que freq\u00fc\u00eancia?<\/span><\/strong><\/div>\n<div class=\"MsoNormal\" style=\"line-height: 150%; text-align: justify;\"><span style=\"font-family: Arial;\">Esta participa\u00e7\u00e3o acontece de acordo com as diretrizes<br \/>\ndo SUS \u2013 Sistema \u00danico de Sa\u00fade, mensalmente em cada inst\u00e2ncia com datas e<br \/>\npautas j\u00e1 pr\u00e9-agendadas junto aos representantes por segmentos.<\/span><\/div>\n<div class=\"MsoNormal\" style=\"line-height: 150%; text-align: justify;\"><strong><span style=\"font-family: Arial;\">Quais os principais problemas enfrentados pela popula\u00e7\u00e3o em geral da zona lesta para conseguir<br \/>\nparticipar ativamente das reuni\u00f5es e a\u00e7\u00f5es dos Conselhos Gestores?<\/span><\/strong><\/div>\n<div class=\"MsoNormal\" style=\"line-height: 150%; text-align: justify;\"><span style=\"font-family: Arial;\">Neste caso n\u00e3o vejo problemas, porque a participa\u00e7\u00e3o<br \/>\nlocal acontece nas UBS\u00b4s, que geralmente est\u00e3o localizadas pr\u00f3ximas \u00e0 resid\u00eancia<br \/>\ndas pessoas e das STS`s. E o transporte \u00e9 garantido para todos os \u00a0Conselheiros e seus representantes, atrav\u00e9s de<br \/>\npasses livres ou de carro. Suas a\u00e7\u00f5es s\u00e3o realmente discutidas da melhor maneira,<br \/>\ne os problemas resolvidos na medida do poss\u00edvel em cada inst\u00e2ncia, seja local,<br \/>\ndistrital ou regional. E sempre ocorre de comum acordo com os seus representantes.<\/span><\/div>\n<div class=\"MsoNormal\" style=\"line-height: 150%; text-align: justify;\"><strong><span style=\"font-family: Arial;\"><br \/>\nQuais foram \u00e0s principais especificidades e necessidades encontradas na zona leste da<br \/>\ncidade de S\u00e3o Paulo que culminaram com a cria\u00e7\u00e3o do Interconselho na Coordenadoria<br \/>\nRegional de Sa\u00fade Leste de SP em 2006?<\/span><\/strong><\/div>\n<div class=\"MsoNormal\" style=\"line-height: 150%; text-align: justify;\"><strong><span style=\"font-family: Arial;\"> <\/span><\/strong><span style=\"font-family: Arial;\">O Interconselho Coordenadoria Regional de Sa\u00fade Leste<br \/>\nde SP<strong> <\/strong>teve suas discuss\u00f5es preliminares no Conselho Gestor de Sa\u00fade de Itaquera. Durante alguns meses,<br \/>\nesse coletivo discutiu a import\u00e2ncia do controle social democr\u00e1tico nas<br \/>\ncoordenadorias, entendendo que a cria\u00e7\u00e3o desse espa\u00e7o seria necess\u00e1rio devido \u00e0<br \/>\nconstata\u00e7\u00e3o que as decis\u00f5es e o poder pol\u00edtico estariam nessa inst\u00e2ncia. Al\u00e9m disso,<br \/>\na cada mandato, o Conselho deparava-se com novas pol\u00edticas e a\u00e7\u00f5es, naquele<br \/>\nmomento PT e PSDB, ou seja, com troca de gest\u00f5es e novos comandos, aos quais<br \/>\nteriam que se adaptar. Como forma de intera\u00e7\u00e3o e inter-rela\u00e7\u00e3o, o grupo resolveu<br \/>\ncriar um mecanismo por meio do qual passou a ter acesso direto e interligado \u00e0 Coordenadoria<br \/>\nRegional de Sa\u00fade Leste em suas decis\u00f5es regionais. Assim nasce o Interconselho<br \/>\nde Sa\u00fade.<\/span><\/div>\n<div class=\"MsoNormal\" style=\"line-height: 150%; text-align: justify;\"><strong><span style=\"font-family: Arial;\">Fa\u00e7a um breve resumo do atual diagn\u00f3stico encontrado nos Conselhos Gestores de Sa\u00fade da<br \/>\nzona leste de SP. Quais s\u00e3o os principais desafios a serem vencidos? <\/span><\/strong><\/div>\n<div class=\"MsoNormal\" style=\"line-height: 150%; text-align: justify;\"><span style=\"font-family: Arial;\">Foi constado aus\u00eancia das pessoas nas reuni\u00f5es do<br \/>\nConselho Popular e apatia na participa\u00e7\u00e3o; al\u00e9m da necessidade de ter um<br \/>\nregimento interno efetivo e criar e\/ou melhorar os canais de comunica\u00e7\u00e3o<br \/>\ndivulga\u00e7\u00e3o das informa\u00e7\u00f5es. Por isso, verificamos que \u00e9 preciso divulgar para a<br \/>\npopula\u00e7\u00e3o e seus Conselhos, as leis e os decretos, garantir a convoca\u00e7\u00e3o dos<br \/>\nseus membros atrav\u00e9s de meios de comunica\u00e7\u00e3o; al\u00e9m da participa\u00e7\u00e3o do<br \/>\ntrabalhador, gestor e usu\u00e1rios, tanto nas reuni\u00f5es quanto nos eventos. Tamb\u00e9m \u00e9<br \/>\npreciso acompanhar os demais Conselhos (locais e supervis\u00e3o) atrav\u00e9s das atas e<br \/>\nvisitas; calend\u00e1rios anuais das reuni\u00f5es de todos os conselhos; e a garantia do<br \/>\ncurso de capacita\u00e7\u00e3o para conselheiros gestores. O principal desafio no momento<br \/>\nainda \u00e9 a capacita\u00e7\u00e3o desses conselheiros para que se apropriem das leis,<br \/>\ndecretos e possam disseminar um bom trabalho em cada segmento.<\/p>\n<p><\/span><\/div>\n<div class=\"MsoNormal\" style=\"line-height: 150%; text-align: justify;\"><strong><span style=\"font-family: Arial;\">E as conquistas alcan\u00e7adas? <\/span><\/strong><strong> <\/strong><\/p>\n<\/div>\n<div class=\"MsoNormal\" style=\"line-height: 150%; text-align: justify;\"><span style=\"font-family: Arial;\">As conquistas que alcan\u00e7amos foram em rela\u00e7\u00e3o \u00e0<br \/>\nconscientiza\u00e7\u00e3o da import\u00e2ncia desta participa\u00e7\u00e3o popular organizada para que realmente<br \/>\no trabalho \u00e1rduo dos conselheiros seja bem elaborado e posto em pr\u00e1tica para<br \/>\nmelhorias de cada regi\u00e3o.<\/span><\/div>\n<div class=\"MsoNormal\" style=\"line-height: 150%; text-align: justify;\"><strong><span style=\"font-family: Arial;\">Uma das propostas do seu Trabalho de Conclus\u00e3o de Curso \u00e9 servir de reflex\u00e3o sobre a<br \/>\nimplanta\u00e7\u00e3o de novas a\u00e7\u00f5es coletivas e decisivas num determinado grupo que respondam<br \/>\n\u00e0s necessidades de uma regi\u00e3o, al\u00e9m de ser um registro hist\u00f3rico sobre a suma<br \/>\nimport\u00e2ncia da participa\u00e7\u00e3o popular no controle social. Explique como os<br \/>\nestudantes e\/ou bachar\u00e9is em Servi\u00e7o Social ir\u00e3o utilizar os resultados apresentados em seu<br \/>\ntrabalho.<\/span><\/strong><\/div>\n<div class=\"MsoNormal\" style=\"line-height: 150%; text-align: justify;\"><span style=\"font-family: Arial;\">Ressalto que em nosso c\u00f3digo de \u00e9tica profissional,<br \/>\ndefendemos o aprofundamento da democracia, enquanto socializa\u00e7\u00e3o da<br \/>\nparticipa\u00e7\u00e3o pol\u00edtica e da riqueza socialmente produzida; al\u00e9m de nos<br \/>\nposicionarmos em favor da equidade e da justi\u00e7a social, que assegure<br \/>\nuniversalidade de acesso aos bens e servi\u00e7os relativos aos programas e pol\u00edticas<br \/>\nsociais. Com isso, espero, que os estudantes e\/ou bachar\u00e9is em Servi\u00e7o Social,<br \/>\natrav\u00e9s deste Trabalho de Conclus\u00e3o de Curso possam se apropriar de novos<br \/>\nmecanismos de gest\u00e3o, e at\u00e9 mesmo contribuir para criar outros os quais n\u00e3o se<br \/>\nlimitam \u00e0s regras j\u00e1 existentes; levando-os a pensar, discutir, mediar e ir<br \/>\nal\u00e9m das quest\u00f5es sociais postas neste trabalho. <\/span><\/div>\n<div class=\"MsoNormal\" style=\"line-height: 150%; text-align: justify;\"><span style=\"font-family: Arial;\">O meu objetivo foi mostrar que o profissional do<br \/>\nServi\u00e7o Social tamb\u00e9m \u00e9 importante neste contexto e pode contribuir muito em<br \/>\nnovas pol\u00edticas e a\u00e7\u00f5es capazes de articular o controle democr\u00e1tico e o projeto<br \/>\n\u00e9tico-pol\u00edtico do Servi\u00e7o Social, que na verdade consolida a cidadania; a<br \/>\ngarantia dos direitos civis, sociais e pol\u00edticos das classes trabalhadoras. <\/span><\/div>\n<div class=\"MsoNormal\" style=\"line-height: 150%; text-align: justify;\"><strong><span style=\"font-family: Arial;\">Conte um pouco sobre sua atua\u00e7\u00e3o nos movimentos sociais em prol dos Direitos Humanos das<br \/>\nPessoas com Defici\u00eancia com \u00eanfase na \u00e1rea da sa\u00fade. Quando voc\u00ea come\u00e7ou?<br \/>\n<\/span><\/strong><span style=\"font-family: Arial;\"><br \/>\nBom, minha atua\u00e7\u00e3o come\u00e7ou em 2001 por necessidades<br \/>\npr\u00f3prias, tr\u00eas anos ap\u00f3s eu ter adquirido a defici\u00eancia f\u00edsica. Depois pude constatar<br \/>\nque n\u00e3o existia s\u00f3 eu neste mundo com defici\u00eancia f\u00edsica, e muitas outras<br \/>\npessoas que eu nunca imaginava, principalmente, na regi\u00e3o em que moro at\u00e9 hoje.<br \/>\nNo in\u00edcio a batalha foi \u00e1rdua; recebi muitos \u201cn\u00e3os\u201d pela frente, mas nunca<br \/>\ndesisti de lutar em prol dos direitos das pessoas com defici\u00eancias. Primeiro lutei foi por mim mesma, mas devido a minha garra, o que aprendi serviu para ajudar mais<br \/>\nde cinco mil pessoas na regi\u00e3o onde vivo. Isso me fortalece a cada dia que me lembro<br \/>\nde como tudo come\u00e7ou; minhas participa\u00e7\u00f5es nas reuni\u00f5es de pais nas escolas de<br \/>\nminhas filhas, depois no conselho gestor da UBS Jd. Campos; e no Or\u00e7amento Participativo<br \/>\nonde dei o pontap\u00e9 inicial de toda minha trajet\u00f3ria.<\/p>\n<p><\/span><\/div>\n<div class=\"MsoNormal\" style=\"line-height: 150%; text-align: justify;\"><strong><span style=\"font-family: Arial;\">Em quantos \u00f3rg\u00e3os p\u00fablicos atuou? Quais foram os cargos que ocupou? <\/span><\/strong><br \/>\n<strong> <\/strong><\/p>\n<\/div>\n<div class=\"MsoNormal\" style=\"line-height: 150%; text-align: justify;\"><span style=\"font-family: Arial;\">Naquele momento fiz minha primeira reivindica\u00e7\u00e3o<br \/>\np\u00fablica solicitando a aprova\u00e7\u00e3o da acessibilidade nas escolas do distrito do<br \/>\nItaim Paulista \/ Curu\u00e7\u00e1. Quando n\u00e3o vi aprovado e posto em pr\u00e1tica esta<br \/>\nnecessidade, n\u00e3o parei de cobrar o gestor local. E logo depois j\u00e1 estava eleita<br \/>\ncomo Conselheira de Sa\u00fade na UBS Jd. Campo; e depois no pr\u00f3prio CMPD \u2013 Conselho<br \/>\nMunicipal da Pessoa com Defici\u00eancia e no CIC &#8211; Centro de Integra\u00e7\u00e3o e Cidadania<br \/>\nem Defesa da Cidadania e Abertura de Espa\u00e7o \u00e0s Pessoas com Defici\u00eancia da zona<br \/>\nLesta. Tamb\u00e9m atuei no CTA S\u00e9rgio Arouca em rela\u00e7\u00e3o \u00e0 preven\u00e7\u00e3o das DSTs e da AIDS,<br \/>\nabordando a sexualidade da pessoa com defici\u00eancia, e participando de uma<br \/>\npesquisa pelo Instituto Amankai. Fui contratada pela Secretaria de Sa\u00fade como Agente<br \/>\nde Preven\u00e7\u00e3o para orientar as pessoas com defici\u00eancias f\u00edsicas, auditivos e<br \/>\nvisuais sobre o uso dos preservativos a conscientiza\u00e7\u00e3o da sa\u00fade sexual. <\/span><\/div>\n<div class=\"MsoNormal\" style=\"line-height: 150%; text-align: justify;\"><span style=\"font-family: Arial;\">Logo ap\u00f3s j\u00e1 estava defendendo os direitos humanos,<br \/>\nenquanto usu\u00e1ria dos servi\u00e7os de sa\u00fade prestados a popula\u00e7\u00e3o, em Bras\u00edlia como<br \/>\nDelegada Eleita pelo segmento de pessoa com defici\u00eancia. Assumi o t\u00edtulo de<br \/>\nConselheira Gestora, representante do segmento usu\u00e1rio local, distrital e<br \/>\nregional de sa\u00fade, nas UBS\u00b4s Jd.Campos\/AMA, CTA Sergio Arouca, STS do Itaim \/ Curu\u00e7\u00e1<br \/>\ne na Coordenadoria Regional de Sa\u00fade para a cria\u00e7\u00e3o e atua\u00e7\u00e3o na regi\u00e3o Leste do<br \/>\nInterconselho. <\/span><\/div>\n<div class=\"MsoNormal\" style=\"line-height: 150%; text-align: justify;\"><span style=\"font-family: Arial;\"><br \/>\n<\/span><\/div>\n<div class=\"separator\" style=\"clear: both; text-align: center;\"><img loading=\"lazy\" decoding=\"async\" style=\"border: 0px none currentColor;\" src=\"http:\/\/3.bp.blogspot.com\/-ePnShiVo2Y8\/ULytdgoIxOI\/AAAAAAAACk4\/DzSYsB4eakw\/s200\/Fran+rosto.jpg\" border=\"0\" alt=\"Descri\u00e7\u00e3o da imagem: foto de perfil de Fracelene\" width=\"200\" height=\"150\" \/><\/div>\n<div class=\"MsoNormal\" style=\"line-height: 150%; text-align: justify;\"><strong><span style=\"font-family: Arial;\">Quais foram \u00e0s principais dificuldades enfrentadas e as conquistas alcan\u00e7adas? <\/span><\/strong><\/div>\n<div class=\"MsoNormal\" style=\"line-height: 150%; text-align: justify;\"><span style=\"font-family: Arial;\">Foram muitas as dificuldades pelas quais passei,<br \/>\nporque a princ\u00edpio, me locomovia em cadeira de rodas comum e precisava sempre<br \/>\nde acompanhante. Mas logo tudo foi se ajeitando, e a Supervis\u00e3o, a Coordenadoria<br \/>\ne a pr\u00f3pria Prefeitura, j\u00e1 fornecia o transporte quando eu ia represent\u00e1-los.<br \/>\nLogo ap\u00f3s, comecei a estudar e j\u00e1 utilizava o transporte do Atende da<br \/>\nPrefeitura de SP (que leva de porta a porta as pessoas com defici\u00eancia), depois<br \/>\nobtive o triciclo motorizado e comecei a sair mais sozinha para todos os<br \/>\nlocais. <\/span><\/div>\n<div class=\"MsoNormal\" style=\"line-height: 150%; text-align: justify;\"><span style=\"font-family: Arial;\">Bom, por dificuldades todos n\u00f3s passamos todos os<br \/>\ndias enquanto pessoas com defici\u00eancia, mas tudo tem jeito, tudo passa e se<br \/>\nresolve; basta s\u00f3 ter for\u00e7a, garra e determina\u00e7\u00e3o em alcan\u00e7ar nossos objetivos.<br \/>\nIsso eu tenho como li\u00e7\u00e3o de vida e sempre sigo \u00e0 risca este meu pensamento. Sou<br \/>\ndeterminada em tudo o que fa\u00e7o e dificilmente me arrependo do que fiz. <\/span><\/div>\n<div class=\"MsoNormal\" style=\"line-height: 150%; text-align: justify;\"><strong><span style=\"font-family: Arial;\"><br \/>\nSua hist\u00f3ria de vida pessoal tamb\u00e9m foi marcada por diversos obst\u00e1culos, dificuldades,<br \/>\ndesafios e at\u00e9 graves problemas familiares. Conte um pouco dessa hist\u00f3ria.<br \/>\n<\/span><\/strong><span style=\"font-family: Arial;\"><br \/>\nBom, acabei relatando um pouco de minha hist\u00f3ria na<br \/>\npergunta anterior; mas tenho paraplegia h\u00e1 15 anos, devido \u00e0 viol\u00eancia dom\u00e9stica.<br \/>\nSofri um ferimento de arma de fogo pelo meu ex-marido e hoje uso uma cadeira de<br \/>\nrodas. Este acontecimento foi muito triste a princ\u00edpio, mas foi de onde tirei<br \/>\nfor\u00e7as para chegar aonde cheguei hoje, com a conclus\u00e3o de meu curso em Bacharel<br \/>\nem Servi\u00e7o Social. E tamb\u00e9m acredito que devido a todas as minhas dificuldades em particular, pude<br \/>\nconquistar v\u00e1rios benef\u00edcios em prol de muitas pessoas com defici\u00eancias; e a<br \/>\nmaioria delas, foi em rela\u00e7\u00e3o \u00e0 sa\u00fade, onde atuo com muito orgulho at\u00e9 hoje,<br \/>\nsempre em defesa deste segmento e suas necessidades b\u00e1sicas, al\u00e9m de defender<br \/>\ntamb\u00e9m a viol\u00eancia contra mulheres ao qual tamb\u00e9m fui v\u00edtima. <\/span><\/div>\n<div class=\"MsoNormal\" style=\"line-height: 150%; text-align: justify;\"><strong><span style=\"font-family: Arial;\"><br \/>\nE em que momento voc\u00ea percebeu que era chegada a hora de come\u00e7ar a lutar tamb\u00e9m por<br \/>\noutras pessoas com defici\u00eancia que passaram por situa\u00e7\u00f5es iguais ou parecidas<br \/>\ncom as que voc\u00ea viveu? E quando voc\u00ea sentiu a necessidade de ampliar seu<br \/>\nativismo social de forma mais ampla?<\/span><\/strong><\/div>\n<div class=\"MsoNormal\" style=\"line-height: 150%; text-align: justify;\"><span style=\"font-family: Arial;\"><br \/>\nCom tantas participa\u00e7\u00f5es sociais acabei reconhecendo<br \/>\nque poderia ir mais longe, como cursar uma faculdade, a qual, concluo com muito<br \/>\norgulho agora e agrego a teoria do meu aprendizado \u00e0 pr\u00e1tica com toda esta<br \/>\nminha bagagem enquanto lideran\u00e7a comunit\u00e1ria, representante da ONG ACADF e<br \/>\nEx-Conselheira nos Conselhos Gestores de Sa\u00fade nas UBS\u00b4s, na STS, na CRS &#8211; Leste,<br \/>\nno CMPD, dentre outros locais os quais atuei com muito empenho e determina\u00e7\u00e3o<br \/>\nobtendo \u00eaxito em minhas defesas em prol dos usu\u00e1rios dos servi\u00e7os prestados n\u00e3o<br \/>\ns\u00f3 pela sa\u00fade, mas por outros tamb\u00e9m em rela\u00e7\u00e3o ao transporte, lazer, educa\u00e7\u00e3o,<br \/>\nseguran\u00e7a e habita\u00e7\u00e3o. Sinto-me realizada em tudo o que fa\u00e7o, porque fa\u00e7o com<br \/>\npropriedade do assunto e com muito orgulho de poder contribuir para melhorias<br \/>\nem prol de tal segmento.<\/span><\/div>\n<div class=\"MsoNormal\" style=\"line-height: 150%; text-align: justify;\"><span style=\"font-family: Arial;\"><br \/>\n<\/span><\/div>\n<div style=\"background: white; line-height: 150%; text-align: justify;\"><strong><span style=\"font-family: Arial;\">Como est\u00e1 a educa\u00e7\u00e3o inclusiva no Brasil? O que precisa ser incentivado e o que \u00e9<br \/>\nnecess\u00e1rio mudar?<\/span><\/strong><\/div>\n<div style=\"background: white; line-height: 150%; text-align: justify;\"><strong><span style=\"font-family: Arial;\"><br \/>\n<\/span><\/strong><\/div>\n<div style=\"background: white; line-height: 150%; text-align: justify;\"><span style=\"font-family: Arial;\">Em linhas gerais, no Brasil, a educa\u00e7\u00e3o<br \/>\ninclusiva ainda deixa muito a desejar; primeiro porque os professores da rede<br \/>\np\u00fablica, e mesmo da particular necessitam com urg\u00eancia de capacita\u00e7\u00e3o,<br \/>\noferecida pelos seus pr\u00f3prios \u00f3rg\u00e3os competentes. Os professores precisam<br \/>\ntamb\u00e9m ter dedica\u00e7\u00e3o, paci\u00eancia, consci\u00eancia, compet\u00eancia; e o mais importante:<br \/>\nter aptid\u00e3o e envolvimento n\u00e3o s\u00f3 porque a inclus\u00e3o est\u00e1 na moda, e sim porque<br \/>\n\u00e9 urgentemente necess\u00e1ria em pleno s\u00e9culo XXI. Mas ainda h\u00e1 barreiras e<br \/>\nresist\u00eancia desses profissionais. Acredito que s\u00f3 se faz educa\u00e7\u00e3o se educando,<br \/>\ne ela come\u00e7a em casa.<\/span><\/div>\n<div style=\"background: white; line-height: 150%; text-align: justify;\"><span style=\"font-family: Arial;\"><br \/>\n<\/span><\/div>\n<div class=\"MsoNormal\" style=\"line-height: 150%; text-align: justify;\"><strong><span style=\"font-family: Arial;\">Qual a mensagem que voc\u00ea deixa aos leitores?<\/p>\n<p><\/span><\/strong><strong> <\/strong><strong> <\/strong><strong> <\/strong><strong> <\/strong><\/p>\n<\/div>\n<div class=\"MsoNormal\" style=\"line-height: 150%; text-align: justify;\"><span style=\"font-family: Arial;\">Deixo a mensagem que as pessoas devem jamais desistir<br \/>\nde seus sonhos, pois eles podem sim se tornar realidade. Desde que cada um<br \/>\nprocure se especializar no que melhor possa desempenhar. Que procurem algo que<br \/>\nagrade primeiro a si pr\u00f3prio e tome gosto por tudo o que fizer, fazendo direito<br \/>\ne com muita garra, for\u00e7a, vontade e determina\u00e7\u00e3o no objetivo desejado. E que<br \/>\nnada \u00e9 imposs\u00edvel para aquele que cr\u00ea no seu pr\u00f3prio potencial enquanto ser<br \/>\nhumano, por que na verdade somos todos iguais em nossa diversidade inata. E<br \/>\ncomo bem disse Vin\u00edcius de Moraes: \u201cPor mais longe que seja a caminhada, o mais<br \/>\nimportante \u00e9 dar o primeiro passo\u201d.<\/span><\/div>\n<div class=\"MsoNormal\" style=\"line-height: 150%; text-align: justify;\"><span style=\"font-family: Arial;\"><br \/>\n<\/span><\/div>\n<div class=\"separator\" style=\"clear: both; text-align: center;\"><img loading=\"lazy\" decoding=\"async\" class=\"alignnone\" style=\"border: 0px none currentColor;\" src=\"http:\/\/4.bp.blogspot.com\/-23Zw_6j4cQo\/ULyuvKflwhI\/AAAAAAAAClU\/EXfbfKffGsY\/s320\/Fran+cadeira.jpg\" border=\"0\" alt=\"Descri\u00e7\u00e3o da imagem: Francelene andando pelas ruas com sua cadeira motorizada.\" width=\"125\" height=\"320\" \/><\/div>\n<div class=\"MsoNormal\" style=\"line-height: 150%; text-align: justify;\"><span style=\"font-family: Arial;\"><em><span style=\"font-size: x-small;\"><br \/>\n<\/span><\/em><\/span><\/div>\n<div class=\"MsoNormal\" style=\"line-height: 150%; text-align: justify;\"><strong><span style=\"font-family: Arial;\">Conhe\u00e7a mais sobre Fracelene:<\/span><\/strong><a href=\"http:\/\/www.facebook.com\/francelene.rodrigues\" target=\"_blank\" rel=\"noopener\"><span style=\"font-family: Arial;\"> http:\/\/www.facebook.com\/francelene.rodrigues<\/span><\/a><\/div>\n<div class=\"MsoNormal\" style=\"line-height: 150%; text-align: justify;\"><strong><span style=\"font-family: Arial;\">Link para comprar a publica\u00e7\u00e3o do TCC: <\/span><\/strong><\/div>\n<div class=\"MsoNormal\" style=\"line-height: 150%; text-align: justify;\"><strong><span style=\"font-family: Arial;\"><br \/>\n<\/span><\/strong><\/div>\n<div class=\"separator\" style=\"clear: both; text-align: center;\"><img loading=\"lazy\" decoding=\"async\" style=\"border: 0px none currentColor;\" src=\"http:\/\/2.bp.blogspot.com\/-ZbF-SFTMWrg\/ULytD55OnUI\/AAAAAAAACkw\/5TLHragQcKY\/s1600\/Fran+capa+TCC.jpg\" border=\"0\" alt=\"Descri\u00e7\u00e3o da imagem: capa do TCC de Frencelene\" width=\"158\" height=\"224\" \/><\/div>\n<div class=\"MsoNormal\" style=\"line-height: 150%; text-align: justify;\"><strong><span style=\"font-family: Arial;\"><br \/>\n<\/span><\/strong><\/div>\n<div class=\"MsoNormal\" style=\"line-height: 150%; text-align: justify;\"><span style=\"font-family: Arial;\"><br \/>\n<\/span><\/div>\n<div class=\"MsoNormal\" style=\"line-height: 150%; text-align: justify;\"><span style=\"font-family: Arial;\"><a href=\"https:\/\/www.clubedeautores.com.br\/book\/137342--A_CRIACAO_DO_INTERCONSELHO_DE_SAUDE_NA_COORDENADORIA_REGIONAL_DE_SAUDE_LESTE\" target=\"_blank\" rel=\"noopener\">https:\/\/www.clubedeautores.com.br\/book\/137342&#8211;A_CRIACAO_DO_INTERCONSELHO_DE_SAUDE_NA_COORDENADORIA_REGIONAL_DE_SAUDE_LESTE<\/a><\/span><\/div>\n<div class=\"MsoNormal\" style=\"text-align: justify;\"><strong><span style=\"font-family: Arial; font-size: 11.0pt;\"><br \/>\n*Leandra Migotto Certeza<\/span><\/strong><span style=\"font-family: Arial; font-size: 11.0pt;\"> \u00e9 jornalista e rep\u00f3rter volunt\u00e1ria da Revista S\u00edndromes. Ela tem defici\u00eancia<br \/>\nf\u00edsica (Osteogenesis Inperfecta), \u00e9 assessora de imprensa volunt\u00e1ria da ABSW, e<br \/>\nmant\u00e9m o blog \u201cCaleidosc\u00f3pio \u2013 Uma janela para refletir sobre a diversidade da<br \/>\nvida\u201d &#8211; <\/span><span style=\"font-family: Arial; font-size: 11.0pt;\"><a href=\"\/\/leandramigottocerteza.blogspot.com\/.\" target=\"_blank\" rel=\"noopener\">http:\/\/leandramigottocerteza.blogspot.com\/<\/a><\/span><span style=\"font-family: Arial; font-size: 11.0pt;\">.<br \/>\nConhe\u00e7am os modelos de palestras, oficinas, cursos e treinamentos sem fins<br \/>\nlucrativos sobre diversidade, realizados em empresas, escolas, ONGs, centros<br \/>\nculturais e grupos de pessoas no site: <a href=\"https:\/\/sites.google.com\/site\/leandramigotto\/\" target=\"_blank\" rel=\"noopener\">https:\/\/sites.google.com\/site\/leandramigotto\/<\/a><\/span><\/div>\n<p>br \/<\/p>\n","protected":false},"excerpt":{"rendered":"<p>Bacharel em Servi\u00e7o Social, Francelene Rodrigues fala sobre a import\u00e2ncia da participa\u00e7\u00e3o na cria\u00e7\u00e3o do Interconselho da Coordenadoria Regional de Sa\u00fade Leste de SP. Entrevista \u00e9 de Leandra Migotto Certeza.<\/p>\n","protected":false},"author":1,"featured_media":0,"comment_status":"open","ping_status":"open","sticky":false,"template":"","format":"standard","meta":{"site-container-style":"default","site-container-layout":"default","site-sidebar-layout":"default","disable-article-header":"default","disable-site-header":"default","disable-site-footer":"default","disable-content-area-spacing":"default","footnotes":""},"categories":[42,48],"tags":[],"class_list":["post-23907","post","type-post","status-publish","format-standard","hentry","category-entrevista","category-inclusao"],"yoast_head":"<!-- This site is optimized with the Yoast SEO plugin v27.4 - https:\/\/yoast.com\/product\/yoast-seo-wordpress\/ -->\n<title>O importante \u00e9 dar o primeiro passo -<\/title>\n<meta name=\"robots\" content=\"index, follow, max-snippet:-1, max-image-preview:large, max-video-preview:-1\" \/>\n<link rel=\"canonical\" href=\"https:\/\/inclusivenews.com.br\/?p=23907\" \/>\n<meta property=\"og:locale\" content=\"pt_PT\" \/>\n<meta property=\"og:type\" content=\"article\" \/>\n<meta property=\"og:title\" content=\"O importante \u00e9 dar o primeiro passo -\" \/>\n<meta property=\"og:description\" content=\"Bacharel em Servi\u00e7o Social, Francelene Rodrigues fala sobre a import\u00e2ncia da participa\u00e7\u00e3o na cria\u00e7\u00e3o do Interconselho da Coordenadoria Regional de Sa\u00fade Leste de SP. Entrevista \u00e9 de Leandra Migotto Certeza.\" \/>\n<meta property=\"og:url\" content=\"https:\/\/inclusivenews.com.br\/?p=23907\" \/>\n<meta property=\"article:publisher\" content=\"https:\/\/www.facebook.com\/agenciainclusive\/\" \/>\n<meta property=\"article:published_time\" content=\"2012-12-04T12:37:32+00:00\" \/>\n<meta property=\"og:image\" content=\"http:\/\/3.bp.blogspot.com\/-hhJ-37l3yDs\/ULysmLxOgmI\/AAAAAAAACko\/FDPeqcI48m0\/s320\/Francelene+close.jpg\" \/>\n<meta name=\"author\" content=\"inclusivenews2024\" \/>\n<meta name=\"twitter:card\" content=\"summary_large_image\" \/>\n<meta name=\"twitter:label1\" content=\"Escrito por\" \/>\n\t<meta name=\"twitter:data1\" content=\"inclusivenews2024\" \/>\n\t<meta name=\"twitter:label2\" content=\"Tempo estimado de leitura\" \/>\n\t<meta name=\"twitter:data2\" content=\"15 minutos\" \/>\n<script type=\"application\/ld+json\" class=\"yoast-schema-graph\">{\"@context\":\"https:\\\/\\\/schema.org\",\"@graph\":[{\"@type\":\"Article\",\"@id\":\"https:\\\/\\\/inclusivenews.com.br\\\/?p=23907#article\",\"isPartOf\":{\"@id\":\"https:\\\/\\\/inclusivenews.com.br\\\/?p=23907\"},\"author\":{\"name\":\"inclusivenews2024\",\"@id\":\"https:\\\/\\\/inclusivenews.com.br\\\/#\\\/schema\\\/person\\\/ae4ec7087559b8692fb33b6fffd2273b\"},\"headline\":\"O importante \u00e9 dar o primeiro passo\",\"datePublished\":\"2012-12-04T12:37:32+00:00\",\"mainEntityOfPage\":{\"@id\":\"https:\\\/\\\/inclusivenews.com.br\\\/?p=23907\"},\"wordCount\":2925,\"commentCount\":2,\"publisher\":{\"@id\":\"https:\\\/\\\/inclusivenews.com.br\\\/#organization\"},\"image\":{\"@id\":\"https:\\\/\\\/inclusivenews.com.br\\\/?p=23907#primaryimage\"},\"thumbnailUrl\":\"http:\\\/\\\/3.bp.blogspot.com\\\/-hhJ-37l3yDs\\\/ULysmLxOgmI\\\/AAAAAAAACko\\\/FDPeqcI48m0\\\/s320\\\/Francelene+close.jpg\",\"articleSection\":[\"ENTREVISTAS\",\"INCLUS\u00c3O SOCIAL\"],\"inLanguage\":\"pt-PT\",\"potentialAction\":[{\"@type\":\"CommentAction\",\"name\":\"Comment\",\"target\":[\"https:\\\/\\\/inclusivenews.com.br\\\/?p=23907#respond\"]}]},{\"@type\":\"WebPage\",\"@id\":\"https:\\\/\\\/inclusivenews.com.br\\\/?p=23907\",\"url\":\"https:\\\/\\\/inclusivenews.com.br\\\/?p=23907\",\"name\":\"O importante \u00e9 dar o primeiro passo -\",\"isPartOf\":{\"@id\":\"https:\\\/\\\/inclusivenews.com.br\\\/#website\"},\"primaryImageOfPage\":{\"@id\":\"https:\\\/\\\/inclusivenews.com.br\\\/?p=23907#primaryimage\"},\"image\":{\"@id\":\"https:\\\/\\\/inclusivenews.com.br\\\/?p=23907#primaryimage\"},\"thumbnailUrl\":\"http:\\\/\\\/3.bp.blogspot.com\\\/-hhJ-37l3yDs\\\/ULysmLxOgmI\\\/AAAAAAAACko\\\/FDPeqcI48m0\\\/s320\\\/Francelene+close.jpg\",\"datePublished\":\"2012-12-04T12:37:32+00:00\",\"breadcrumb\":{\"@id\":\"https:\\\/\\\/inclusivenews.com.br\\\/?p=23907#breadcrumb\"},\"inLanguage\":\"pt-PT\",\"potentialAction\":[{\"@type\":\"ReadAction\",\"target\":[\"https:\\\/\\\/inclusivenews.com.br\\\/?p=23907\"]}]},{\"@type\":\"ImageObject\",\"inLanguage\":\"pt-PT\",\"@id\":\"https:\\\/\\\/inclusivenews.com.br\\\/?p=23907#primaryimage\",\"url\":\"http:\\\/\\\/3.bp.blogspot.com\\\/-hhJ-37l3yDs\\\/ULysmLxOgmI\\\/AAAAAAAACko\\\/FDPeqcI48m0\\\/s320\\\/Francelene+close.jpg\",\"contentUrl\":\"http:\\\/\\\/3.bp.blogspot.com\\\/-hhJ-37l3yDs\\\/ULysmLxOgmI\\\/AAAAAAAACko\\\/FDPeqcI48m0\\\/s320\\\/Francelene+close.jpg\"},{\"@type\":\"BreadcrumbList\",\"@id\":\"https:\\\/\\\/inclusivenews.com.br\\\/?p=23907#breadcrumb\",\"itemListElement\":[{\"@type\":\"ListItem\",\"position\":1,\"name\":\"In\u00edcio\",\"item\":\"https:\\\/\\\/inclusivenews.com.br\\\/\"},{\"@type\":\"ListItem\",\"position\":2,\"name\":\"O importante \u00e9 dar o primeiro passo\"}]},{\"@type\":\"WebSite\",\"@id\":\"https:\\\/\\\/inclusivenews.com.br\\\/#website\",\"url\":\"https:\\\/\\\/inclusivenews.com.br\\\/\",\"name\":\"Inclusive News\",\"description\":\"Inclusive News\",\"publisher\":{\"@id\":\"https:\\\/\\\/inclusivenews.com.br\\\/#organization\"},\"potentialAction\":[{\"@type\":\"SearchAction\",\"target\":{\"@type\":\"EntryPoint\",\"urlTemplate\":\"https:\\\/\\\/inclusivenews.com.br\\\/?s={search_term_string}\"},\"query-input\":{\"@type\":\"PropertyValueSpecification\",\"valueRequired\":true,\"valueName\":\"search_term_string\"}}],\"inLanguage\":\"pt-PT\"},{\"@type\":\"Organization\",\"@id\":\"https:\\\/\\\/inclusivenews.com.br\\\/#organization\",\"name\":\"Inclusive - inclus\u00e3o e cidadania\",\"url\":\"https:\\\/\\\/inclusivenews.com.br\\\/\",\"logo\":{\"@type\":\"ImageObject\",\"inLanguage\":\"pt-PT\",\"@id\":\"https:\\\/\\\/inclusivenews.com.br\\\/#\\\/schema\\\/logo\\\/image\\\/\",\"url\":\"https:\\\/\\\/inclusivenews.com.br\\\/wp-content\\\/uploads\\\/2024\\\/03\\\/@grandesite.png\",\"contentUrl\":\"https:\\\/\\\/inclusivenews.com.br\\\/wp-content\\\/uploads\\\/2024\\\/03\\\/@grandesite.png\",\"width\":1080,\"height\":1080,\"caption\":\"Inclusive - inclus\u00e3o e cidadania\"},\"image\":{\"@id\":\"https:\\\/\\\/inclusivenews.com.br\\\/#\\\/schema\\\/logo\\\/image\\\/\"},\"sameAs\":[\"https:\\\/\\\/www.facebook.com\\\/agenciainclusive\\\/\",\"https:\\\/\\\/www.instagram.com\\\/newsinclusive\\\/\"]},{\"@type\":\"Person\",\"@id\":\"https:\\\/\\\/inclusivenews.com.br\\\/#\\\/schema\\\/person\\\/ae4ec7087559b8692fb33b6fffd2273b\",\"name\":\"inclusivenews2024\",\"image\":{\"@type\":\"ImageObject\",\"inLanguage\":\"pt-PT\",\"@id\":\"https:\\\/\\\/secure.gravatar.com\\\/avatar\\\/c5a7ef84c66fa914f55bc4f7ce26cfa275a3b9a1c5568b907bd184fb4dde7b40?s=96&d=mm&r=g\",\"url\":\"https:\\\/\\\/secure.gravatar.com\\\/avatar\\\/c5a7ef84c66fa914f55bc4f7ce26cfa275a3b9a1c5568b907bd184fb4dde7b40?s=96&d=mm&r=g\",\"contentUrl\":\"https:\\\/\\\/secure.gravatar.com\\\/avatar\\\/c5a7ef84c66fa914f55bc4f7ce26cfa275a3b9a1c5568b907bd184fb4dde7b40?s=96&d=mm&r=g\",\"caption\":\"inclusivenews2024\"},\"sameAs\":[\"https:\\\/\\\/inclusivenews.com.br\"],\"url\":\"https:\\\/\\\/inclusivenews.com.br\\\/?author=1\"}]}<\/script>\n<!-- \/ Yoast SEO plugin. -->","yoast_head_json":{"title":"O importante \u00e9 dar o primeiro passo -","robots":{"index":"index","follow":"follow","max-snippet":"max-snippet:-1","max-image-preview":"max-image-preview:large","max-video-preview":"max-video-preview:-1"},"canonical":"https:\/\/inclusivenews.com.br\/?p=23907","og_locale":"pt_PT","og_type":"article","og_title":"O importante \u00e9 dar o primeiro passo -","og_description":"Bacharel em Servi\u00e7o Social, Francelene Rodrigues fala sobre a import\u00e2ncia da participa\u00e7\u00e3o na cria\u00e7\u00e3o do Interconselho da Coordenadoria Regional de Sa\u00fade Leste de SP. Entrevista \u00e9 de Leandra Migotto Certeza.","og_url":"https:\/\/inclusivenews.com.br\/?p=23907","article_publisher":"https:\/\/www.facebook.com\/agenciainclusive\/","article_published_time":"2012-12-04T12:37:32+00:00","og_image":[{"url":"http:\/\/3.bp.blogspot.com\/-hhJ-37l3yDs\/ULysmLxOgmI\/AAAAAAAACko\/FDPeqcI48m0\/s320\/Francelene+close.jpg","type":"","width":"","height":""}],"author":"inclusivenews2024","twitter_card":"summary_large_image","twitter_misc":{"Escrito por":"inclusivenews2024","Tempo estimado de leitura":"15 minutos"},"schema":{"@context":"https:\/\/schema.org","@graph":[{"@type":"Article","@id":"https:\/\/inclusivenews.com.br\/?p=23907#article","isPartOf":{"@id":"https:\/\/inclusivenews.com.br\/?p=23907"},"author":{"name":"inclusivenews2024","@id":"https:\/\/inclusivenews.com.br\/#\/schema\/person\/ae4ec7087559b8692fb33b6fffd2273b"},"headline":"O importante \u00e9 dar o primeiro passo","datePublished":"2012-12-04T12:37:32+00:00","mainEntityOfPage":{"@id":"https:\/\/inclusivenews.com.br\/?p=23907"},"wordCount":2925,"commentCount":2,"publisher":{"@id":"https:\/\/inclusivenews.com.br\/#organization"},"image":{"@id":"https:\/\/inclusivenews.com.br\/?p=23907#primaryimage"},"thumbnailUrl":"http:\/\/3.bp.blogspot.com\/-hhJ-37l3yDs\/ULysmLxOgmI\/AAAAAAAACko\/FDPeqcI48m0\/s320\/Francelene+close.jpg","articleSection":["ENTREVISTAS","INCLUS\u00c3O SOCIAL"],"inLanguage":"pt-PT","potentialAction":[{"@type":"CommentAction","name":"Comment","target":["https:\/\/inclusivenews.com.br\/?p=23907#respond"]}]},{"@type":"WebPage","@id":"https:\/\/inclusivenews.com.br\/?p=23907","url":"https:\/\/inclusivenews.com.br\/?p=23907","name":"O importante \u00e9 dar o primeiro passo -","isPartOf":{"@id":"https:\/\/inclusivenews.com.br\/#website"},"primaryImageOfPage":{"@id":"https:\/\/inclusivenews.com.br\/?p=23907#primaryimage"},"image":{"@id":"https:\/\/inclusivenews.com.br\/?p=23907#primaryimage"},"thumbnailUrl":"http:\/\/3.bp.blogspot.com\/-hhJ-37l3yDs\/ULysmLxOgmI\/AAAAAAAACko\/FDPeqcI48m0\/s320\/Francelene+close.jpg","datePublished":"2012-12-04T12:37:32+00:00","breadcrumb":{"@id":"https:\/\/inclusivenews.com.br\/?p=23907#breadcrumb"},"inLanguage":"pt-PT","potentialAction":[{"@type":"ReadAction","target":["https:\/\/inclusivenews.com.br\/?p=23907"]}]},{"@type":"ImageObject","inLanguage":"pt-PT","@id":"https:\/\/inclusivenews.com.br\/?p=23907#primaryimage","url":"http:\/\/3.bp.blogspot.com\/-hhJ-37l3yDs\/ULysmLxOgmI\/AAAAAAAACko\/FDPeqcI48m0\/s320\/Francelene+close.jpg","contentUrl":"http:\/\/3.bp.blogspot.com\/-hhJ-37l3yDs\/ULysmLxOgmI\/AAAAAAAACko\/FDPeqcI48m0\/s320\/Francelene+close.jpg"},{"@type":"BreadcrumbList","@id":"https:\/\/inclusivenews.com.br\/?p=23907#breadcrumb","itemListElement":[{"@type":"ListItem","position":1,"name":"In\u00edcio","item":"https:\/\/inclusivenews.com.br\/"},{"@type":"ListItem","position":2,"name":"O importante \u00e9 dar o primeiro passo"}]},{"@type":"WebSite","@id":"https:\/\/inclusivenews.com.br\/#website","url":"https:\/\/inclusivenews.com.br\/","name":"Inclusive News","description":"Inclusive News","publisher":{"@id":"https:\/\/inclusivenews.com.br\/#organization"},"potentialAction":[{"@type":"SearchAction","target":{"@type":"EntryPoint","urlTemplate":"https:\/\/inclusivenews.com.br\/?s={search_term_string}"},"query-input":{"@type":"PropertyValueSpecification","valueRequired":true,"valueName":"search_term_string"}}],"inLanguage":"pt-PT"},{"@type":"Organization","@id":"https:\/\/inclusivenews.com.br\/#organization","name":"Inclusive - inclus\u00e3o e cidadania","url":"https:\/\/inclusivenews.com.br\/","logo":{"@type":"ImageObject","inLanguage":"pt-PT","@id":"https:\/\/inclusivenews.com.br\/#\/schema\/logo\/image\/","url":"https:\/\/inclusivenews.com.br\/wp-content\/uploads\/2024\/03\/@grandesite.png","contentUrl":"https:\/\/inclusivenews.com.br\/wp-content\/uploads\/2024\/03\/@grandesite.png","width":1080,"height":1080,"caption":"Inclusive - inclus\u00e3o e cidadania"},"image":{"@id":"https:\/\/inclusivenews.com.br\/#\/schema\/logo\/image\/"},"sameAs":["https:\/\/www.facebook.com\/agenciainclusive\/","https:\/\/www.instagram.com\/newsinclusive\/"]},{"@type":"Person","@id":"https:\/\/inclusivenews.com.br\/#\/schema\/person\/ae4ec7087559b8692fb33b6fffd2273b","name":"inclusivenews2024","image":{"@type":"ImageObject","inLanguage":"pt-PT","@id":"https:\/\/secure.gravatar.com\/avatar\/c5a7ef84c66fa914f55bc4f7ce26cfa275a3b9a1c5568b907bd184fb4dde7b40?s=96&d=mm&r=g","url":"https:\/\/secure.gravatar.com\/avatar\/c5a7ef84c66fa914f55bc4f7ce26cfa275a3b9a1c5568b907bd184fb4dde7b40?s=96&d=mm&r=g","contentUrl":"https:\/\/secure.gravatar.com\/avatar\/c5a7ef84c66fa914f55bc4f7ce26cfa275a3b9a1c5568b907bd184fb4dde7b40?s=96&d=mm&r=g","caption":"inclusivenews2024"},"sameAs":["https:\/\/inclusivenews.com.br"],"url":"https:\/\/inclusivenews.com.br\/?author=1"}]}},"_links":{"self":[{"href":"https:\/\/inclusivenews.com.br\/index.php?rest_route=\/wp\/v2\/posts\/23907","targetHints":{"allow":["GET"]}}],"collection":[{"href":"https:\/\/inclusivenews.com.br\/index.php?rest_route=\/wp\/v2\/posts"}],"about":[{"href":"https:\/\/inclusivenews.com.br\/index.php?rest_route=\/wp\/v2\/types\/post"}],"author":[{"embeddable":true,"href":"https:\/\/inclusivenews.com.br\/index.php?rest_route=\/wp\/v2\/users\/1"}],"replies":[{"embeddable":true,"href":"https:\/\/inclusivenews.com.br\/index.php?rest_route=%2Fwp%2Fv2%2Fcomments&post=23907"}],"version-history":[{"count":0,"href":"https:\/\/inclusivenews.com.br\/index.php?rest_route=\/wp\/v2\/posts\/23907\/revisions"}],"wp:attachment":[{"href":"https:\/\/inclusivenews.com.br\/index.php?rest_route=%2Fwp%2Fv2%2Fmedia&parent=23907"}],"wp:term":[{"taxonomy":"category","embeddable":true,"href":"https:\/\/inclusivenews.com.br\/index.php?rest_route=%2Fwp%2Fv2%2Fcategories&post=23907"},{"taxonomy":"post_tag","embeddable":true,"href":"https:\/\/inclusivenews.com.br\/index.php?rest_route=%2Fwp%2Fv2%2Ftags&post=23907"}],"curies":[{"name":"wp","href":"https:\/\/api.w.org\/{rel}","templated":true}]}}