{"id":23921,"date":"2012-12-05T07:52:41","date_gmt":"2012-12-05T10:52:41","guid":{"rendered":"http:\/\/www.inclusive.org.br\/?p=23921"},"modified":"2012-12-05T07:52:41","modified_gmt":"2012-12-05T10:52:41","slug":"em-conferencia-dilma-defende-combinacao-da-educacao-inclusiva-com-escolas-especiais","status":"publish","type":"post","link":"https:\/\/inclusivenews.com.br\/?p=23921","title":{"rendered":"Em confer\u00eancia, Dilma defende combina\u00e7\u00e3o da educa\u00e7\u00e3o inclusiva com escolas especiais"},"content":{"rendered":"<figure style=\"width: 348px\" class=\"wp-caption alignnone\"><img loading=\"lazy\" decoding=\"async\" src=\"http:\/\/blog.planalto.gov.br\/wp-content\/uploads\/2012\/12\/ETO6348-Editar1.jpg\" alt=\"Dilma cercada de militantes\" width=\"348\" height=\"232\" \/><figcaption class=\"wp-caption-text\">Foto: Roberto Stuckert Filho\/PR<\/figcaption><\/figure>\n<p>A presidenta Dilma Rousseff fez um balan\u00e7o das a\u00e7\u00f5es do Plano Nacional dos Direitos da Pessoa com Defici\u00eancia \u2013 Viver sem Limite, em discurso (veja v\u00eddeo abaixo) na 3\u00aa Confer\u00eancia Nacional dos Direitos da Pessoa com Defici\u00eancia, nesta ter\u00e7a-feira (4), em Bras\u00edlia. A a\u00e7\u00e3o prev\u00ea R$ 7,6 bilh\u00f5es em investimentos para sa\u00fade, educa\u00e7\u00e3o, acessibilidade e capacita\u00e7\u00e3o para o trabalho. Entre as medidas, ela destacou a adapta\u00e7\u00e3o de escolas e do transporte para favorecer a inclus\u00e3o na rede de ensino regular.<\/p>\n<blockquote><p>\u201cTodos ganham quando as crian\u00e7as com defici\u00eancia frequentam as escolas regulares\u201d, defende Dilma, que ainda destacou a import\u00e2ncia das escolas especiais, que passaram a receber recursos do Fundo de Manuten\u00e7\u00e3o e Desenvolvimento da Educa\u00e7\u00e3o B\u00e1sica e de Valoriza\u00e7\u00e3o dos Profissionais da Educa\u00e7\u00e3o (Fundeb) para efetivar matr\u00edculas. Precisamos agradecer e reconhecer o papel que desempenharam e desempenham, pois elas precederam o estado e foram essenciais para a visibilidade das pessoas com defici\u00eancia\u201d, completou.<\/p><\/blockquote>\n<p>Segundo a presidenta, ser\u00e3o entregues 741 \u00f4nibus para o transporte escolar adaptado at\u00e9 mar\u00e7o de 2013, e as reforma das escolas para pessoas com defici\u00eancia tiveram in\u00edcio, com 20 mil escolas com recursos para obras e outras 13 mil com verbas para salas com capacidades multifuncionais. Em habita\u00e7\u00e3o, foram entregues, pelo programa Minha casa Minha Vida, 170,1 mil moradias adapt\u00e1veis para quem tem renda de at\u00e9 R$ 1,6 mil.<\/p>\n<p>Outras medidas destacadas por Dilma foram a desonera\u00e7\u00e3o de PIS e Confins para produtos de tecnologia assistida, al\u00e9m de linha de microcr\u00e9dito do Banco do Brasil que j\u00e1 financiou R$ 9,4 milh\u00f5es para compra de 250 itens.<\/p>\n<p><object classid=\"clsid:d27cdb6e-ae6d-11cf-96b8-444553540000\" width=\"425\" height=\"350\" codebase=\"http:\/\/download.macromedia.com\/pub\/shockwave\/cabs\/flash\/swflash.cab#version=6,0,40,0\"><param name=\"src\" value=\"http:\/\/www.youtube.com\/v\/JlDUuwgMKkE\" \/><embed type=\"application\/x-shockwave-flash\" width=\"425\" height=\"350\" src=\"http:\/\/www.youtube.com\/v\/JlDUuwgMKkE\"><\/embed><\/object><\/p>\n<p>Fonte: Blog do Planalto<\/p>\n","protected":false},"excerpt":{"rendered":"<p>Todos ganham quando as crian\u00e7as com defici\u00eancia frequentam as escolas regulares, diz Dilma, ao mesmo tempo que defende escolas especiais.<\/p>\n","protected":false},"author":1,"featured_media":0,"comment_status":"open","ping_status":"open","sticky":false,"template":"","format":"standard","meta":{"site-container-style":"default","site-container-layout":"default","site-sidebar-layout":"default","disable-article-header":"default","disable-site-header":"default","disable-site-footer":"default","disable-content-area-spacing":"default","footnotes":""},"categories":[38,6,48],"tags":[],"class_list":["post-23921","post","type-post","status-publish","format-standard","hentry","category-deficiencia","category-educacao","category-inclusao"],"yoast_head":"<!-- This site is optimized with the Yoast SEO plugin v27.5 - https:\/\/yoast.com\/product\/yoast-seo-wordpress\/ -->\n<title>Em confer\u00eancia, Dilma defende combina\u00e7\u00e3o da educa\u00e7\u00e3o inclusiva com escolas especiais -<\/title>\n<meta name=\"robots\" content=\"index, follow, max-snippet:-1, max-image-preview:large, max-video-preview:-1\" \/>\n<link rel=\"canonical\" href=\"https:\/\/inclusivenews.com.br\/?p=23921\" \/>\n<meta property=\"og:locale\" content=\"pt_PT\" \/>\n<meta property=\"og:type\" content=\"article\" \/>\n<meta property=\"og:title\" content=\"Em confer\u00eancia, Dilma defende combina\u00e7\u00e3o da educa\u00e7\u00e3o inclusiva com escolas especiais -\" \/>\n<meta property=\"og:description\" content=\"Todos ganham quando as crian\u00e7as com defici\u00eancia frequentam as escolas regulares, diz Dilma, ao mesmo tempo que defende escolas especiais.\" \/>\n<meta property=\"og:url\" content=\"https:\/\/inclusivenews.com.br\/?p=23921\" \/>\n<meta property=\"article:publisher\" content=\"https:\/\/www.facebook.com\/agenciainclusive\/\" \/>\n<meta property=\"article:published_time\" content=\"2012-12-05T10:52:41+00:00\" \/>\n<meta property=\"og:image\" content=\"http:\/\/blog.planalto.gov.br\/wp-content\/uploads\/2012\/12\/ETO6348-Editar1.jpg\" \/>\n<meta name=\"author\" content=\"inclusivenews2024\" \/>\n<meta name=\"twitter:card\" content=\"summary_large_image\" \/>\n<meta name=\"twitter:label1\" content=\"Escrito por\" \/>\n\t<meta name=\"twitter:data1\" content=\"inclusivenews2024\" \/>\n\t<meta name=\"twitter:label2\" content=\"Tempo estimado de leitura\" \/>\n\t<meta name=\"twitter:data2\" content=\"1 minuto\" \/>\n<script type=\"application\/ld+json\" class=\"yoast-schema-graph\">{\"@context\":\"https:\\\/\\\/schema.org\",\"@graph\":[{\"@type\":\"Article\",\"@id\":\"https:\\\/\\\/inclusivenews.com.br\\\/?p=23921#article\",\"isPartOf\":{\"@id\":\"https:\\\/\\\/inclusivenews.com.br\\\/?p=23921\"},\"author\":{\"name\":\"inclusivenews2024\",\"@id\":\"https:\\\/\\\/inclusivenews.com.br\\\/#\\\/schema\\\/person\\\/ae4ec7087559b8692fb33b6fffd2273b\"},\"headline\":\"Em confer\u00eancia, Dilma defende combina\u00e7\u00e3o da educa\u00e7\u00e3o inclusiva com escolas especiais\",\"datePublished\":\"2012-12-05T10:52:41+00:00\",\"mainEntityOfPage\":{\"@id\":\"https:\\\/\\\/inclusivenews.com.br\\\/?p=23921\"},\"wordCount\":311,\"commentCount\":2,\"publisher\":{\"@id\":\"https:\\\/\\\/inclusivenews.com.br\\\/#organization\"},\"image\":{\"@id\":\"https:\\\/\\\/inclusivenews.com.br\\\/?p=23921#primaryimage\"},\"thumbnailUrl\":\"http:\\\/\\\/blog.planalto.gov.br\\\/wp-content\\\/uploads\\\/2012\\\/12\\\/ETO6348-Editar1.jpg\",\"articleSection\":[\"Defici\u00eancia\",\"EDUCA\u00c7\u00c3O\",\"INCLUS\u00c3O SOCIAL\"],\"inLanguage\":\"pt-PT\",\"potentialAction\":[{\"@type\":\"CommentAction\",\"name\":\"Comment\",\"target\":[\"https:\\\/\\\/inclusivenews.com.br\\\/?p=23921#respond\"]}]},{\"@type\":\"WebPage\",\"@id\":\"https:\\\/\\\/inclusivenews.com.br\\\/?p=23921\",\"url\":\"https:\\\/\\\/inclusivenews.com.br\\\/?p=23921\",\"name\":\"Em confer\u00eancia, Dilma defende combina\u00e7\u00e3o da educa\u00e7\u00e3o inclusiva com escolas especiais -\",\"isPartOf\":{\"@id\":\"https:\\\/\\\/inclusivenews.com.br\\\/#website\"},\"primaryImageOfPage\":{\"@id\":\"https:\\\/\\\/inclusivenews.com.br\\\/?p=23921#primaryimage\"},\"image\":{\"@id\":\"https:\\\/\\\/inclusivenews.com.br\\\/?p=23921#primaryimage\"},\"thumbnailUrl\":\"http:\\\/\\\/blog.planalto.gov.br\\\/wp-content\\\/uploads\\\/2012\\\/12\\\/ETO6348-Editar1.jpg\",\"datePublished\":\"2012-12-05T10:52:41+00:00\",\"breadcrumb\":{\"@id\":\"https:\\\/\\\/inclusivenews.com.br\\\/?p=23921#breadcrumb\"},\"inLanguage\":\"pt-PT\",\"potentialAction\":[{\"@type\":\"ReadAction\",\"target\":[\"https:\\\/\\\/inclusivenews.com.br\\\/?p=23921\"]}]},{\"@type\":\"ImageObject\",\"inLanguage\":\"pt-PT\",\"@id\":\"https:\\\/\\\/inclusivenews.com.br\\\/?p=23921#primaryimage\",\"url\":\"http:\\\/\\\/blog.planalto.gov.br\\\/wp-content\\\/uploads\\\/2012\\\/12\\\/ETO6348-Editar1.jpg\",\"contentUrl\":\"http:\\\/\\\/blog.planalto.gov.br\\\/wp-content\\\/uploads\\\/2012\\\/12\\\/ETO6348-Editar1.jpg\"},{\"@type\":\"BreadcrumbList\",\"@id\":\"https:\\\/\\\/inclusivenews.com.br\\\/?p=23921#breadcrumb\",\"itemListElement\":[{\"@type\":\"ListItem\",\"position\":1,\"name\":\"In\u00edcio\",\"item\":\"https:\\\/\\\/inclusivenews.com.br\\\/\"},{\"@type\":\"ListItem\",\"position\":2,\"name\":\"Em confer\u00eancia, Dilma defende combina\u00e7\u00e3o da educa\u00e7\u00e3o inclusiva com escolas especiais\"}]},{\"@type\":\"WebSite\",\"@id\":\"https:\\\/\\\/inclusivenews.com.br\\\/#website\",\"url\":\"https:\\\/\\\/inclusivenews.com.br\\\/\",\"name\":\"Inclusive News\",\"description\":\"Inclusive News\",\"publisher\":{\"@id\":\"https:\\\/\\\/inclusivenews.com.br\\\/#organization\"},\"potentialAction\":[{\"@type\":\"SearchAction\",\"target\":{\"@type\":\"EntryPoint\",\"urlTemplate\":\"https:\\\/\\\/inclusivenews.com.br\\\/?s={search_term_string}\"},\"query-input\":{\"@type\":\"PropertyValueSpecification\",\"valueRequired\":true,\"valueName\":\"search_term_string\"}}],\"inLanguage\":\"pt-PT\"},{\"@type\":\"Organization\",\"@id\":\"https:\\\/\\\/inclusivenews.com.br\\\/#organization\",\"name\":\"Inclusive - inclus\u00e3o e cidadania\",\"url\":\"https:\\\/\\\/inclusivenews.com.br\\\/\",\"logo\":{\"@type\":\"ImageObject\",\"inLanguage\":\"pt-PT\",\"@id\":\"https:\\\/\\\/inclusivenews.com.br\\\/#\\\/schema\\\/logo\\\/image\\\/\",\"url\":\"https:\\\/\\\/inclusivenews.com.br\\\/wp-content\\\/uploads\\\/2024\\\/03\\\/@grandesite.png\",\"contentUrl\":\"https:\\\/\\\/inclusivenews.com.br\\\/wp-content\\\/uploads\\\/2024\\\/03\\\/@grandesite.png\",\"width\":1080,\"height\":1080,\"caption\":\"Inclusive - inclus\u00e3o e cidadania\"},\"image\":{\"@id\":\"https:\\\/\\\/inclusivenews.com.br\\\/#\\\/schema\\\/logo\\\/image\\\/\"},\"sameAs\":[\"https:\\\/\\\/www.facebook.com\\\/agenciainclusive\\\/\",\"https:\\\/\\\/www.instagram.com\\\/newsinclusive\\\/\"]},{\"@type\":\"Person\",\"@id\":\"https:\\\/\\\/inclusivenews.com.br\\\/#\\\/schema\\\/person\\\/ae4ec7087559b8692fb33b6fffd2273b\",\"name\":\"inclusivenews2024\",\"image\":{\"@type\":\"ImageObject\",\"inLanguage\":\"pt-PT\",\"@id\":\"https:\\\/\\\/secure.gravatar.com\\\/avatar\\\/c5a7ef84c66fa914f55bc4f7ce26cfa275a3b9a1c5568b907bd184fb4dde7b40?s=96&d=mm&r=g\",\"url\":\"https:\\\/\\\/secure.gravatar.com\\\/avatar\\\/c5a7ef84c66fa914f55bc4f7ce26cfa275a3b9a1c5568b907bd184fb4dde7b40?s=96&d=mm&r=g\",\"contentUrl\":\"https:\\\/\\\/secure.gravatar.com\\\/avatar\\\/c5a7ef84c66fa914f55bc4f7ce26cfa275a3b9a1c5568b907bd184fb4dde7b40?s=96&d=mm&r=g\",\"caption\":\"inclusivenews2024\"},\"sameAs\":[\"https:\\\/\\\/inclusivenews.com.br\"],\"url\":\"https:\\\/\\\/inclusivenews.com.br\\\/?author=1\"}]}<\/script>\n<!-- \/ Yoast SEO plugin. -->","yoast_head_json":{"title":"Em confer\u00eancia, Dilma defende combina\u00e7\u00e3o da educa\u00e7\u00e3o inclusiva com escolas especiais -","robots":{"index":"index","follow":"follow","max-snippet":"max-snippet:-1","max-image-preview":"max-image-preview:large","max-video-preview":"max-video-preview:-1"},"canonical":"https:\/\/inclusivenews.com.br\/?p=23921","og_locale":"pt_PT","og_type":"article","og_title":"Em confer\u00eancia, Dilma defende combina\u00e7\u00e3o da educa\u00e7\u00e3o inclusiva com escolas especiais -","og_description":"Todos ganham quando as crian\u00e7as com defici\u00eancia frequentam as escolas regulares, diz Dilma, ao mesmo tempo que defende escolas especiais.","og_url":"https:\/\/inclusivenews.com.br\/?p=23921","article_publisher":"https:\/\/www.facebook.com\/agenciainclusive\/","article_published_time":"2012-12-05T10:52:41+00:00","og_image":[{"url":"http:\/\/blog.planalto.gov.br\/wp-content\/uploads\/2012\/12\/ETO6348-Editar1.jpg","type":"","width":"","height":""}],"author":"inclusivenews2024","twitter_card":"summary_large_image","twitter_misc":{"Escrito por":"inclusivenews2024","Tempo estimado de leitura":"1 minuto"},"schema":{"@context":"https:\/\/schema.org","@graph":[{"@type":"Article","@id":"https:\/\/inclusivenews.com.br\/?p=23921#article","isPartOf":{"@id":"https:\/\/inclusivenews.com.br\/?p=23921"},"author":{"name":"inclusivenews2024","@id":"https:\/\/inclusivenews.com.br\/#\/schema\/person\/ae4ec7087559b8692fb33b6fffd2273b"},"headline":"Em confer\u00eancia, Dilma defende combina\u00e7\u00e3o da educa\u00e7\u00e3o inclusiva com escolas especiais","datePublished":"2012-12-05T10:52:41+00:00","mainEntityOfPage":{"@id":"https:\/\/inclusivenews.com.br\/?p=23921"},"wordCount":311,"commentCount":2,"publisher":{"@id":"https:\/\/inclusivenews.com.br\/#organization"},"image":{"@id":"https:\/\/inclusivenews.com.br\/?p=23921#primaryimage"},"thumbnailUrl":"http:\/\/blog.planalto.gov.br\/wp-content\/uploads\/2012\/12\/ETO6348-Editar1.jpg","articleSection":["Defici\u00eancia","EDUCA\u00c7\u00c3O","INCLUS\u00c3O SOCIAL"],"inLanguage":"pt-PT","potentialAction":[{"@type":"CommentAction","name":"Comment","target":["https:\/\/inclusivenews.com.br\/?p=23921#respond"]}]},{"@type":"WebPage","@id":"https:\/\/inclusivenews.com.br\/?p=23921","url":"https:\/\/inclusivenews.com.br\/?p=23921","name":"Em confer\u00eancia, Dilma defende combina\u00e7\u00e3o da educa\u00e7\u00e3o inclusiva com escolas especiais -","isPartOf":{"@id":"https:\/\/inclusivenews.com.br\/#website"},"primaryImageOfPage":{"@id":"https:\/\/inclusivenews.com.br\/?p=23921#primaryimage"},"image":{"@id":"https:\/\/inclusivenews.com.br\/?p=23921#primaryimage"},"thumbnailUrl":"http:\/\/blog.planalto.gov.br\/wp-content\/uploads\/2012\/12\/ETO6348-Editar1.jpg","datePublished":"2012-12-05T10:52:41+00:00","breadcrumb":{"@id":"https:\/\/inclusivenews.com.br\/?p=23921#breadcrumb"},"inLanguage":"pt-PT","potentialAction":[{"@type":"ReadAction","target":["https:\/\/inclusivenews.com.br\/?p=23921"]}]},{"@type":"ImageObject","inLanguage":"pt-PT","@id":"https:\/\/inclusivenews.com.br\/?p=23921#primaryimage","url":"http:\/\/blog.planalto.gov.br\/wp-content\/uploads\/2012\/12\/ETO6348-Editar1.jpg","contentUrl":"http:\/\/blog.planalto.gov.br\/wp-content\/uploads\/2012\/12\/ETO6348-Editar1.jpg"},{"@type":"BreadcrumbList","@id":"https:\/\/inclusivenews.com.br\/?p=23921#breadcrumb","itemListElement":[{"@type":"ListItem","position":1,"name":"In\u00edcio","item":"https:\/\/inclusivenews.com.br\/"},{"@type":"ListItem","position":2,"name":"Em confer\u00eancia, Dilma defende combina\u00e7\u00e3o da educa\u00e7\u00e3o inclusiva com escolas especiais"}]},{"@type":"WebSite","@id":"https:\/\/inclusivenews.com.br\/#website","url":"https:\/\/inclusivenews.com.br\/","name":"Inclusive News","description":"Inclusive News","publisher":{"@id":"https:\/\/inclusivenews.com.br\/#organization"},"potentialAction":[{"@type":"SearchAction","target":{"@type":"EntryPoint","urlTemplate":"https:\/\/inclusivenews.com.br\/?s={search_term_string}"},"query-input":{"@type":"PropertyValueSpecification","valueRequired":true,"valueName":"search_term_string"}}],"inLanguage":"pt-PT"},{"@type":"Organization","@id":"https:\/\/inclusivenews.com.br\/#organization","name":"Inclusive - inclus\u00e3o e cidadania","url":"https:\/\/inclusivenews.com.br\/","logo":{"@type":"ImageObject","inLanguage":"pt-PT","@id":"https:\/\/inclusivenews.com.br\/#\/schema\/logo\/image\/","url":"https:\/\/inclusivenews.com.br\/wp-content\/uploads\/2024\/03\/@grandesite.png","contentUrl":"https:\/\/inclusivenews.com.br\/wp-content\/uploads\/2024\/03\/@grandesite.png","width":1080,"height":1080,"caption":"Inclusive - inclus\u00e3o e cidadania"},"image":{"@id":"https:\/\/inclusivenews.com.br\/#\/schema\/logo\/image\/"},"sameAs":["https:\/\/www.facebook.com\/agenciainclusive\/","https:\/\/www.instagram.com\/newsinclusive\/"]},{"@type":"Person","@id":"https:\/\/inclusivenews.com.br\/#\/schema\/person\/ae4ec7087559b8692fb33b6fffd2273b","name":"inclusivenews2024","image":{"@type":"ImageObject","inLanguage":"pt-PT","@id":"https:\/\/secure.gravatar.com\/avatar\/c5a7ef84c66fa914f55bc4f7ce26cfa275a3b9a1c5568b907bd184fb4dde7b40?s=96&d=mm&r=g","url":"https:\/\/secure.gravatar.com\/avatar\/c5a7ef84c66fa914f55bc4f7ce26cfa275a3b9a1c5568b907bd184fb4dde7b40?s=96&d=mm&r=g","contentUrl":"https:\/\/secure.gravatar.com\/avatar\/c5a7ef84c66fa914f55bc4f7ce26cfa275a3b9a1c5568b907bd184fb4dde7b40?s=96&d=mm&r=g","caption":"inclusivenews2024"},"sameAs":["https:\/\/inclusivenews.com.br"],"url":"https:\/\/inclusivenews.com.br\/?author=1"}]}},"_links":{"self":[{"href":"https:\/\/inclusivenews.com.br\/index.php?rest_route=\/wp\/v2\/posts\/23921","targetHints":{"allow":["GET"]}}],"collection":[{"href":"https:\/\/inclusivenews.com.br\/index.php?rest_route=\/wp\/v2\/posts"}],"about":[{"href":"https:\/\/inclusivenews.com.br\/index.php?rest_route=\/wp\/v2\/types\/post"}],"author":[{"embeddable":true,"href":"https:\/\/inclusivenews.com.br\/index.php?rest_route=\/wp\/v2\/users\/1"}],"replies":[{"embeddable":true,"href":"https:\/\/inclusivenews.com.br\/index.php?rest_route=%2Fwp%2Fv2%2Fcomments&post=23921"}],"version-history":[{"count":0,"href":"https:\/\/inclusivenews.com.br\/index.php?rest_route=\/wp\/v2\/posts\/23921\/revisions"}],"wp:attachment":[{"href":"https:\/\/inclusivenews.com.br\/index.php?rest_route=%2Fwp%2Fv2%2Fmedia&parent=23921"}],"wp:term":[{"taxonomy":"category","embeddable":true,"href":"https:\/\/inclusivenews.com.br\/index.php?rest_route=%2Fwp%2Fv2%2Fcategories&post=23921"},{"taxonomy":"post_tag","embeddable":true,"href":"https:\/\/inclusivenews.com.br\/index.php?rest_route=%2Fwp%2Fv2%2Ftags&post=23921"}],"curies":[{"name":"wp","href":"https:\/\/api.w.org\/{rel}","templated":true}]}}