{"id":23942,"date":"2012-12-07T14:50:44","date_gmt":"2012-12-07T17:50:44","guid":{"rendered":"http:\/\/www.inclusive.org.br\/?p=23942"},"modified":"2012-12-07T14:50:44","modified_gmt":"2012-12-07T17:50:44","slug":"relatorio-apresenta-panorama-dos-direitos-humanos-no-brasil","status":"publish","type":"post","link":"https:\/\/inclusivenews.com.br\/?p=23942","title":{"rendered":"Relat\u00f3rio apresenta panorama dos direitos humanos no Brasil"},"content":{"rendered":"<figure style=\"width: 300px\" class=\"wp-caption alignleft\"><img loading=\"lazy\" decoding=\"async\" src=\"http:\/\/www.ebc.com.br\/sites\/default\/files\/styles\/conteudo_ckeditor\/public\/agenciabrasil011212_mca4638.jpg\" alt=\"\" width=\"300\" height=\"200\" \/><figcaption class=\"wp-caption-text\">Foto: Marcello Casal Jr \/ ABr<\/figcaption><\/figure>\n<p>A Rede Social de Justi\u00e7a e Direitos Humanos lan\u00e7ou no \u00faltimo dia 5, no Sesc Consola\u00e7\u00e3o, em S\u00e3o Paulo, mais uma edi\u00e7\u00e3o do Relat\u00f3rio Direitos Humanos no Brasil. O relat\u00f3rio, que \u00e9 divulgado anualmente h\u00e1 13 anos, apresenta um panorama sobre os direitos humanos no pa\u00eds durante o ano de 2012, discutindo quest\u00f5es como o trabalho escravo, a viol\u00eancia contra os ind\u00edgenas, a homofobia, a Lei da Anistia e a onda de viol\u00eancia em S\u00e3o Paulo, entre v\u00e1rios outros temas. A partir do dia 6, o relat\u00f3rio j\u00e1 poder\u00e1 ser lido no <em><a href=\"http:\/\/www.social.org.br\/index.php\" target=\"_blank\" rel=\"noopener\">site da Rede Social<\/a><\/em>.<\/p>\n<p>O relat\u00f3rio foi elaborado com a colabora\u00e7\u00e3o de mais 30 organiza\u00e7\u00f5es sociais. \u201cNossa inten\u00e7\u00e3o \u00e9 ampliar a no\u00e7\u00e3o que as pessoas t\u00eam de direitos humanos, algumas vezes associada a uma imagem reacion\u00e1ria de defesa dos bandidos. Na realidade, mostramos que direitos humanos est\u00e3o relacionados ao dia a dia de todos n\u00f3s, ao direito ao trabalho, \u00e0 sa\u00fade, \u00e0 educa\u00e7\u00e3o e ao meio ambiente\u201d, disse Maria Luisa Mendon\u00e7a, codiretora da Rede Social de Justi\u00e7a e Direitos Humanos e uma das coordenadoras do relat\u00f3rio.<\/p>\n<p>No relat\u00f3rio deste ano, destacou Maria Luisa, aparecem temas relacionados \u00e0 quest\u00e3o rural do pa\u00eds. \u201cUm \u00e9 o aumento da viola\u00e7\u00e3o dos direitos contra povos ind\u00edgenas, principalmente em Mato Grosso do Sul. Percebemos que houve aumento da viol\u00eancia, com assassinatos brutais de lideran\u00e7as ind\u00edgenas que lutam para manter seu territ\u00f3rio tradicional. E h\u00e1 tamb\u00e9m os n\u00fameros decepcionantes em rela\u00e7\u00e3o \u00e0 demarca\u00e7\u00e3o de terras ind\u00edgenas e de quilombolas: nenhuma foi demarcada\u201d, disse ela.<\/p>\n<p>Outro problema discutido sobre a quest\u00e3o no campo, disse Maria Luisa, refere-se ao n\u00famero baixo de assentamentos feitos em 2012. \u201cEste ano registrou um dos piores \u00edndices em termos de novos assentamentos em reforma agr\u00e1ria. Vemos isso com preocupa\u00e7\u00e3o, porque h\u00e1 uma ofensiva do agroneg\u00f3cio para destruir pequenos produtores e o meio ambiente. Enquanto o mundo todo fala em prote\u00e7\u00e3o ambiental, o Brasil quer desmantelar sua legisla\u00e7\u00e3o ambiental. E isso tudo \u00e9 muito preocupante\u201d, falou.<\/p>\n<p>No relat\u00f3rio, conclu\u00eddo em outubro deste ano, o economista Jos\u00e9 Juliano de Carvalho Filho, diretor da Associa\u00e7\u00e3o Brasileira de Reforma Agr\u00e1ria (Abra), diz que a presidenta da Rep\u00fablica Dilma Rousseff apresentou o pior desempenho em assentamentos para o primeiro ano do mandato desde o governo de Fernando Henrique Cardoso, com 21,9 mil fam\u00edlias assentadas.<\/p>\n<p>Em 1995, houve o assentamento de 43 mil fam\u00edlias, enquanto que, em 2003, primeiro ano do governo de Luiz In\u00e1cio Lula da Silva, mais de 36 mil fam\u00edlias foram assentadas. \u201cPara 2012, as expectativas tamb\u00e9m n\u00e3o mostram recupera\u00e7\u00e3o. O discurso sobre a import\u00e2ncia dos instrumentos relativos \u00e0 produ\u00e7\u00e3o nos assentamentos em contraposi\u00e7\u00e3o (e desqualifica\u00e7\u00e3o) \u00e0s desapropria\u00e7\u00f5es de terras n\u00e3o apenas se manteve no governo Dilma como agora parece crescer em import\u00e2ncia, em detrimento da reforma agr\u00e1ria e da justi\u00e7a no campo\u201d, diz o economista no relat\u00f3rio. Para este ano, baseando-se em n\u00fameros do Instituto Nacional de Coloniza\u00e7\u00e3o e Reforma Agr\u00e1ria (Incra), o economista diz que n\u00e3o mais do que 35 mil fam\u00edlias dever\u00e3o ser assentadas.<\/p>\n<p>No meio urbano, ressaltou Maria Luisa, o relat\u00f3rio mostra, principalmente, \u201ca retomada de grupos de exterm\u00ednio, principalmente em S\u00e3o Paulo\u201d. No cap\u00edtulo chamado PM Paulista Tem Carta Branca para Matar, a jornalista e integrante da Comiss\u00e3o da Verdade do Estado de S\u00e3o Paulo Tatiana Merlino usa dados divulgados pela Secretaria de Seguran\u00e7a P\u00fablica de S\u00e3o Paulo para mostrar que o n\u00famero de homic\u00eddios este ano no estado cresceu em rela\u00e7\u00e3o ao ano passado.<\/p>\n<p>Usando dados divulgados em julho deste ano pela secretaria, o relat\u00f3rio informa que s\u00f3 na cidade de S\u00e3o Paulo ocorreram 586 homic\u00eddios no primeiro semestre, contra 482 no mesmo per\u00edodo do ano anterior. \u201cAl\u00e9m disso, dados da Corregedoria da Pol\u00edcia Militar apontam que julho registrou 54 casos de mortes provocadas pela PM. De janeiro a 24 de julho, foram 283 mortos pela pol\u00edcia, contra 272 em 2011 \u2013 um aumento de 4%\u201d, diz o relat\u00f3rio.<\/p>\n<p>\u201cNo meio urbano percebemos tamb\u00e9m, com preocupa\u00e7\u00e3o, o aumento no n\u00famero de conflitos. \u00c9 um momento muito delicado. A sociedade tem que olhar para tais quest\u00f5es\u201d, falou Maria Luisa.<\/p>\n<p>Para ela, h\u00e1 muitas quest\u00f5es hist\u00f3ricas envolvendo os direitos humanos que o Brasil ainda n\u00e3o conseguiu superar. \u201cFalamos em desenvolvimento, mas acho que o Brasil n\u00e3o chegou nem perto de um patamar de bem-estar social. H\u00e1 o descaso na sa\u00fade p\u00fablica, \u00edndices muito deficientes de qualidade na educa\u00e7\u00e3o. Ainda n\u00e3o temos uma escola e uma sa\u00fade p\u00fablica de qualidade. Ainda faltam direitos b\u00e1sicos em termos sociais e econ\u00f4micos que est\u00e3o na raiz do problema da viol\u00eancia. Temos que repensar que modelo de desenvolvimento queremos\u201d, disse ela.<\/p>\n<p>Fonte: Ag\u00eancia Brasil<\/p>\n","protected":false},"excerpt":{"rendered":"<p>O relat\u00f3rio, que \u00e9 divulgado anualmente h\u00e1 13 anos, apresenta um panorama sobre os direitos humanos no pa\u00eds durante o ano de 2012, discutindo quest\u00f5es como o trabalho escravo, a viol\u00eancia contra os ind\u00edgenas, a homofobia, a Lei da Anistia e a onda de viol\u00eancia em S\u00e3o Paulo, entre v\u00e1rios outros temas.<\/p>\n","protected":false},"author":1,"featured_media":0,"comment_status":"open","ping_status":"open","sticky":false,"template":"","format":"standard","meta":{"site-container-style":"default","site-container-layout":"default","site-sidebar-layout":"default","disable-article-header":"default","disable-site-header":"default","disable-site-footer":"default","disable-content-area-spacing":"default","footnotes":""},"categories":[11,117],"tags":[],"class_list":["post-23942","post","type-post","status-publish","format-standard","hentry","category-direitos-humanos","category-relatorios"],"yoast_head":"<!-- This site is optimized with the Yoast SEO plugin v27.4 - https:\/\/yoast.com\/product\/yoast-seo-wordpress\/ -->\n<title>Relat\u00f3rio apresenta panorama dos direitos humanos no Brasil -<\/title>\n<meta name=\"robots\" content=\"index, follow, max-snippet:-1, max-image-preview:large, max-video-preview:-1\" \/>\n<link rel=\"canonical\" href=\"https:\/\/inclusivenews.com.br\/?p=23942\" \/>\n<meta property=\"og:locale\" content=\"pt_PT\" \/>\n<meta property=\"og:type\" content=\"article\" \/>\n<meta property=\"og:title\" content=\"Relat\u00f3rio apresenta panorama dos direitos humanos no Brasil -\" \/>\n<meta property=\"og:description\" content=\"O relat\u00f3rio, que \u00e9 divulgado anualmente h\u00e1 13 anos, apresenta um panorama sobre os direitos humanos no pa\u00eds durante o ano de 2012, discutindo quest\u00f5es como o trabalho escravo, a viol\u00eancia contra os ind\u00edgenas, a homofobia, a Lei da Anistia e a onda de viol\u00eancia em S\u00e3o Paulo, entre v\u00e1rios outros temas.\" \/>\n<meta property=\"og:url\" content=\"https:\/\/inclusivenews.com.br\/?p=23942\" \/>\n<meta property=\"article:publisher\" content=\"https:\/\/www.facebook.com\/agenciainclusive\/\" \/>\n<meta property=\"article:published_time\" content=\"2012-12-07T17:50:44+00:00\" \/>\n<meta property=\"og:image\" content=\"http:\/\/www.ebc.com.br\/sites\/default\/files\/styles\/conteudo_ckeditor\/public\/agenciabrasil011212_mca4638.jpg\" \/>\n<meta name=\"author\" content=\"inclusivenews2024\" \/>\n<meta name=\"twitter:card\" content=\"summary_large_image\" \/>\n<meta name=\"twitter:label1\" content=\"Escrito por\" \/>\n\t<meta name=\"twitter:data1\" content=\"inclusivenews2024\" \/>\n\t<meta name=\"twitter:label2\" content=\"Tempo estimado de leitura\" \/>\n\t<meta name=\"twitter:data2\" content=\"4 minutos\" \/>\n<script type=\"application\/ld+json\" class=\"yoast-schema-graph\">{\"@context\":\"https:\\\/\\\/schema.org\",\"@graph\":[{\"@type\":\"Article\",\"@id\":\"https:\\\/\\\/inclusivenews.com.br\\\/?p=23942#article\",\"isPartOf\":{\"@id\":\"https:\\\/\\\/inclusivenews.com.br\\\/?p=23942\"},\"author\":{\"name\":\"inclusivenews2024\",\"@id\":\"https:\\\/\\\/inclusivenews.com.br\\\/#\\\/schema\\\/person\\\/ae4ec7087559b8692fb33b6fffd2273b\"},\"headline\":\"Relat\u00f3rio apresenta panorama dos direitos humanos no Brasil\",\"datePublished\":\"2012-12-07T17:50:44+00:00\",\"mainEntityOfPage\":{\"@id\":\"https:\\\/\\\/inclusivenews.com.br\\\/?p=23942\"},\"wordCount\":866,\"commentCount\":0,\"publisher\":{\"@id\":\"https:\\\/\\\/inclusivenews.com.br\\\/#organization\"},\"image\":{\"@id\":\"https:\\\/\\\/inclusivenews.com.br\\\/?p=23942#primaryimage\"},\"thumbnailUrl\":\"http:\\\/\\\/www.ebc.com.br\\\/sites\\\/default\\\/files\\\/styles\\\/conteudo_ckeditor\\\/public\\\/agenciabrasil011212_mca4638.jpg\",\"articleSection\":[\"DIREITOS HUMANOS\",\"Relat\u00f3rios\"],\"inLanguage\":\"pt-PT\",\"potentialAction\":[{\"@type\":\"CommentAction\",\"name\":\"Comment\",\"target\":[\"https:\\\/\\\/inclusivenews.com.br\\\/?p=23942#respond\"]}]},{\"@type\":\"WebPage\",\"@id\":\"https:\\\/\\\/inclusivenews.com.br\\\/?p=23942\",\"url\":\"https:\\\/\\\/inclusivenews.com.br\\\/?p=23942\",\"name\":\"Relat\u00f3rio apresenta panorama dos direitos humanos no Brasil -\",\"isPartOf\":{\"@id\":\"https:\\\/\\\/inclusivenews.com.br\\\/#website\"},\"primaryImageOfPage\":{\"@id\":\"https:\\\/\\\/inclusivenews.com.br\\\/?p=23942#primaryimage\"},\"image\":{\"@id\":\"https:\\\/\\\/inclusivenews.com.br\\\/?p=23942#primaryimage\"},\"thumbnailUrl\":\"http:\\\/\\\/www.ebc.com.br\\\/sites\\\/default\\\/files\\\/styles\\\/conteudo_ckeditor\\\/public\\\/agenciabrasil011212_mca4638.jpg\",\"datePublished\":\"2012-12-07T17:50:44+00:00\",\"breadcrumb\":{\"@id\":\"https:\\\/\\\/inclusivenews.com.br\\\/?p=23942#breadcrumb\"},\"inLanguage\":\"pt-PT\",\"potentialAction\":[{\"@type\":\"ReadAction\",\"target\":[\"https:\\\/\\\/inclusivenews.com.br\\\/?p=23942\"]}]},{\"@type\":\"ImageObject\",\"inLanguage\":\"pt-PT\",\"@id\":\"https:\\\/\\\/inclusivenews.com.br\\\/?p=23942#primaryimage\",\"url\":\"http:\\\/\\\/www.ebc.com.br\\\/sites\\\/default\\\/files\\\/styles\\\/conteudo_ckeditor\\\/public\\\/agenciabrasil011212_mca4638.jpg\",\"contentUrl\":\"http:\\\/\\\/www.ebc.com.br\\\/sites\\\/default\\\/files\\\/styles\\\/conteudo_ckeditor\\\/public\\\/agenciabrasil011212_mca4638.jpg\"},{\"@type\":\"BreadcrumbList\",\"@id\":\"https:\\\/\\\/inclusivenews.com.br\\\/?p=23942#breadcrumb\",\"itemListElement\":[{\"@type\":\"ListItem\",\"position\":1,\"name\":\"In\u00edcio\",\"item\":\"https:\\\/\\\/inclusivenews.com.br\\\/\"},{\"@type\":\"ListItem\",\"position\":2,\"name\":\"Relat\u00f3rio apresenta panorama dos direitos humanos no Brasil\"}]},{\"@type\":\"WebSite\",\"@id\":\"https:\\\/\\\/inclusivenews.com.br\\\/#website\",\"url\":\"https:\\\/\\\/inclusivenews.com.br\\\/\",\"name\":\"Inclusive News\",\"description\":\"Inclusive News\",\"publisher\":{\"@id\":\"https:\\\/\\\/inclusivenews.com.br\\\/#organization\"},\"potentialAction\":[{\"@type\":\"SearchAction\",\"target\":{\"@type\":\"EntryPoint\",\"urlTemplate\":\"https:\\\/\\\/inclusivenews.com.br\\\/?s={search_term_string}\"},\"query-input\":{\"@type\":\"PropertyValueSpecification\",\"valueRequired\":true,\"valueName\":\"search_term_string\"}}],\"inLanguage\":\"pt-PT\"},{\"@type\":\"Organization\",\"@id\":\"https:\\\/\\\/inclusivenews.com.br\\\/#organization\",\"name\":\"Inclusive - inclus\u00e3o e cidadania\",\"url\":\"https:\\\/\\\/inclusivenews.com.br\\\/\",\"logo\":{\"@type\":\"ImageObject\",\"inLanguage\":\"pt-PT\",\"@id\":\"https:\\\/\\\/inclusivenews.com.br\\\/#\\\/schema\\\/logo\\\/image\\\/\",\"url\":\"https:\\\/\\\/inclusivenews.com.br\\\/wp-content\\\/uploads\\\/2024\\\/03\\\/@grandesite.png\",\"contentUrl\":\"https:\\\/\\\/inclusivenews.com.br\\\/wp-content\\\/uploads\\\/2024\\\/03\\\/@grandesite.png\",\"width\":1080,\"height\":1080,\"caption\":\"Inclusive - inclus\u00e3o e cidadania\"},\"image\":{\"@id\":\"https:\\\/\\\/inclusivenews.com.br\\\/#\\\/schema\\\/logo\\\/image\\\/\"},\"sameAs\":[\"https:\\\/\\\/www.facebook.com\\\/agenciainclusive\\\/\",\"https:\\\/\\\/www.instagram.com\\\/newsinclusive\\\/\"]},{\"@type\":\"Person\",\"@id\":\"https:\\\/\\\/inclusivenews.com.br\\\/#\\\/schema\\\/person\\\/ae4ec7087559b8692fb33b6fffd2273b\",\"name\":\"inclusivenews2024\",\"image\":{\"@type\":\"ImageObject\",\"inLanguage\":\"pt-PT\",\"@id\":\"https:\\\/\\\/secure.gravatar.com\\\/avatar\\\/c5a7ef84c66fa914f55bc4f7ce26cfa275a3b9a1c5568b907bd184fb4dde7b40?s=96&d=mm&r=g\",\"url\":\"https:\\\/\\\/secure.gravatar.com\\\/avatar\\\/c5a7ef84c66fa914f55bc4f7ce26cfa275a3b9a1c5568b907bd184fb4dde7b40?s=96&d=mm&r=g\",\"contentUrl\":\"https:\\\/\\\/secure.gravatar.com\\\/avatar\\\/c5a7ef84c66fa914f55bc4f7ce26cfa275a3b9a1c5568b907bd184fb4dde7b40?s=96&d=mm&r=g\",\"caption\":\"inclusivenews2024\"},\"sameAs\":[\"https:\\\/\\\/inclusivenews.com.br\"],\"url\":\"https:\\\/\\\/inclusivenews.com.br\\\/?author=1\"}]}<\/script>\n<!-- \/ Yoast SEO plugin. -->","yoast_head_json":{"title":"Relat\u00f3rio apresenta panorama dos direitos humanos no Brasil -","robots":{"index":"index","follow":"follow","max-snippet":"max-snippet:-1","max-image-preview":"max-image-preview:large","max-video-preview":"max-video-preview:-1"},"canonical":"https:\/\/inclusivenews.com.br\/?p=23942","og_locale":"pt_PT","og_type":"article","og_title":"Relat\u00f3rio apresenta panorama dos direitos humanos no Brasil -","og_description":"O relat\u00f3rio, que \u00e9 divulgado anualmente h\u00e1 13 anos, apresenta um panorama sobre os direitos humanos no pa\u00eds durante o ano de 2012, discutindo quest\u00f5es como o trabalho escravo, a viol\u00eancia contra os ind\u00edgenas, a homofobia, a Lei da Anistia e a onda de viol\u00eancia em S\u00e3o Paulo, entre v\u00e1rios outros temas.","og_url":"https:\/\/inclusivenews.com.br\/?p=23942","article_publisher":"https:\/\/www.facebook.com\/agenciainclusive\/","article_published_time":"2012-12-07T17:50:44+00:00","og_image":[{"url":"http:\/\/www.ebc.com.br\/sites\/default\/files\/styles\/conteudo_ckeditor\/public\/agenciabrasil011212_mca4638.jpg","type":"","width":"","height":""}],"author":"inclusivenews2024","twitter_card":"summary_large_image","twitter_misc":{"Escrito por":"inclusivenews2024","Tempo estimado de leitura":"4 minutos"},"schema":{"@context":"https:\/\/schema.org","@graph":[{"@type":"Article","@id":"https:\/\/inclusivenews.com.br\/?p=23942#article","isPartOf":{"@id":"https:\/\/inclusivenews.com.br\/?p=23942"},"author":{"name":"inclusivenews2024","@id":"https:\/\/inclusivenews.com.br\/#\/schema\/person\/ae4ec7087559b8692fb33b6fffd2273b"},"headline":"Relat\u00f3rio apresenta panorama dos direitos humanos no Brasil","datePublished":"2012-12-07T17:50:44+00:00","mainEntityOfPage":{"@id":"https:\/\/inclusivenews.com.br\/?p=23942"},"wordCount":866,"commentCount":0,"publisher":{"@id":"https:\/\/inclusivenews.com.br\/#organization"},"image":{"@id":"https:\/\/inclusivenews.com.br\/?p=23942#primaryimage"},"thumbnailUrl":"http:\/\/www.ebc.com.br\/sites\/default\/files\/styles\/conteudo_ckeditor\/public\/agenciabrasil011212_mca4638.jpg","articleSection":["DIREITOS HUMANOS","Relat\u00f3rios"],"inLanguage":"pt-PT","potentialAction":[{"@type":"CommentAction","name":"Comment","target":["https:\/\/inclusivenews.com.br\/?p=23942#respond"]}]},{"@type":"WebPage","@id":"https:\/\/inclusivenews.com.br\/?p=23942","url":"https:\/\/inclusivenews.com.br\/?p=23942","name":"Relat\u00f3rio apresenta panorama dos direitos humanos no Brasil -","isPartOf":{"@id":"https:\/\/inclusivenews.com.br\/#website"},"primaryImageOfPage":{"@id":"https:\/\/inclusivenews.com.br\/?p=23942#primaryimage"},"image":{"@id":"https:\/\/inclusivenews.com.br\/?p=23942#primaryimage"},"thumbnailUrl":"http:\/\/www.ebc.com.br\/sites\/default\/files\/styles\/conteudo_ckeditor\/public\/agenciabrasil011212_mca4638.jpg","datePublished":"2012-12-07T17:50:44+00:00","breadcrumb":{"@id":"https:\/\/inclusivenews.com.br\/?p=23942#breadcrumb"},"inLanguage":"pt-PT","potentialAction":[{"@type":"ReadAction","target":["https:\/\/inclusivenews.com.br\/?p=23942"]}]},{"@type":"ImageObject","inLanguage":"pt-PT","@id":"https:\/\/inclusivenews.com.br\/?p=23942#primaryimage","url":"http:\/\/www.ebc.com.br\/sites\/default\/files\/styles\/conteudo_ckeditor\/public\/agenciabrasil011212_mca4638.jpg","contentUrl":"http:\/\/www.ebc.com.br\/sites\/default\/files\/styles\/conteudo_ckeditor\/public\/agenciabrasil011212_mca4638.jpg"},{"@type":"BreadcrumbList","@id":"https:\/\/inclusivenews.com.br\/?p=23942#breadcrumb","itemListElement":[{"@type":"ListItem","position":1,"name":"In\u00edcio","item":"https:\/\/inclusivenews.com.br\/"},{"@type":"ListItem","position":2,"name":"Relat\u00f3rio apresenta panorama dos direitos humanos no Brasil"}]},{"@type":"WebSite","@id":"https:\/\/inclusivenews.com.br\/#website","url":"https:\/\/inclusivenews.com.br\/","name":"Inclusive News","description":"Inclusive News","publisher":{"@id":"https:\/\/inclusivenews.com.br\/#organization"},"potentialAction":[{"@type":"SearchAction","target":{"@type":"EntryPoint","urlTemplate":"https:\/\/inclusivenews.com.br\/?s={search_term_string}"},"query-input":{"@type":"PropertyValueSpecification","valueRequired":true,"valueName":"search_term_string"}}],"inLanguage":"pt-PT"},{"@type":"Organization","@id":"https:\/\/inclusivenews.com.br\/#organization","name":"Inclusive - inclus\u00e3o e cidadania","url":"https:\/\/inclusivenews.com.br\/","logo":{"@type":"ImageObject","inLanguage":"pt-PT","@id":"https:\/\/inclusivenews.com.br\/#\/schema\/logo\/image\/","url":"https:\/\/inclusivenews.com.br\/wp-content\/uploads\/2024\/03\/@grandesite.png","contentUrl":"https:\/\/inclusivenews.com.br\/wp-content\/uploads\/2024\/03\/@grandesite.png","width":1080,"height":1080,"caption":"Inclusive - inclus\u00e3o e cidadania"},"image":{"@id":"https:\/\/inclusivenews.com.br\/#\/schema\/logo\/image\/"},"sameAs":["https:\/\/www.facebook.com\/agenciainclusive\/","https:\/\/www.instagram.com\/newsinclusive\/"]},{"@type":"Person","@id":"https:\/\/inclusivenews.com.br\/#\/schema\/person\/ae4ec7087559b8692fb33b6fffd2273b","name":"inclusivenews2024","image":{"@type":"ImageObject","inLanguage":"pt-PT","@id":"https:\/\/secure.gravatar.com\/avatar\/c5a7ef84c66fa914f55bc4f7ce26cfa275a3b9a1c5568b907bd184fb4dde7b40?s=96&d=mm&r=g","url":"https:\/\/secure.gravatar.com\/avatar\/c5a7ef84c66fa914f55bc4f7ce26cfa275a3b9a1c5568b907bd184fb4dde7b40?s=96&d=mm&r=g","contentUrl":"https:\/\/secure.gravatar.com\/avatar\/c5a7ef84c66fa914f55bc4f7ce26cfa275a3b9a1c5568b907bd184fb4dde7b40?s=96&d=mm&r=g","caption":"inclusivenews2024"},"sameAs":["https:\/\/inclusivenews.com.br"],"url":"https:\/\/inclusivenews.com.br\/?author=1"}]}},"_links":{"self":[{"href":"https:\/\/inclusivenews.com.br\/index.php?rest_route=\/wp\/v2\/posts\/23942","targetHints":{"allow":["GET"]}}],"collection":[{"href":"https:\/\/inclusivenews.com.br\/index.php?rest_route=\/wp\/v2\/posts"}],"about":[{"href":"https:\/\/inclusivenews.com.br\/index.php?rest_route=\/wp\/v2\/types\/post"}],"author":[{"embeddable":true,"href":"https:\/\/inclusivenews.com.br\/index.php?rest_route=\/wp\/v2\/users\/1"}],"replies":[{"embeddable":true,"href":"https:\/\/inclusivenews.com.br\/index.php?rest_route=%2Fwp%2Fv2%2Fcomments&post=23942"}],"version-history":[{"count":0,"href":"https:\/\/inclusivenews.com.br\/index.php?rest_route=\/wp\/v2\/posts\/23942\/revisions"}],"wp:attachment":[{"href":"https:\/\/inclusivenews.com.br\/index.php?rest_route=%2Fwp%2Fv2%2Fmedia&parent=23942"}],"wp:term":[{"taxonomy":"category","embeddable":true,"href":"https:\/\/inclusivenews.com.br\/index.php?rest_route=%2Fwp%2Fv2%2Fcategories&post=23942"},{"taxonomy":"post_tag","embeddable":true,"href":"https:\/\/inclusivenews.com.br\/index.php?rest_route=%2Fwp%2Fv2%2Ftags&post=23942"}],"curies":[{"name":"wp","href":"https:\/\/api.w.org\/{rel}","templated":true}]}}