{"id":24025,"date":"2013-02-21T09:05:25","date_gmt":"2013-02-21T12:05:25","guid":{"rendered":"http:\/\/www.inclusive.org.br\/?p=24025"},"modified":"2013-02-21T09:05:25","modified_gmt":"2013-02-21T12:05:25","slug":"escola-que-se-recusar-a-matricular-autista-sera-punida","status":"publish","type":"post","link":"https:\/\/inclusivenews.com.br\/?p=24025","title":{"rendered":"Escola que se recusar a matricular autista ser\u00e1 punida"},"content":{"rendered":"<p><a rel=\"attachment wp-att-16112\" href=\"http:\/\/www.inclusive.org.br\/?attachment_id=16112\"><img loading=\"lazy\" decoding=\"async\" class=\"size-medium wp-image-16112  alignleft\" src=\"http:\/\/inclusivenews.com.br\/wp-content\/uploads\/2010\/06\/autismo-fita-171x300.jpg\" alt=\"Fita feita de quebra-cabe\u00e7as coloridos - s\u00edmbolo do autismo\" width=\"171\" height=\"300\" \/><\/a><\/p>\n<p>Gestores de escolas que se recusarem a matricular alunos com transtorno de espectro autista ser\u00e3o punidos com multa e, em caso de reincid\u00eancia, poder\u00e3o perder o cargo. A regra integra a Pol\u00edtica de Prote\u00e7\u00e3o dos Direitos de Pessoa com Transtorno do Espectro Autista, sancionada semana passada pela presidente Dilma Rousseff.<\/p>\n<p>&#8220;A lei representa um passo importante, mas, agora, tem de ser colocada em pr\u00e1tica&#8221;, afirmou a presidente da Associa\u00e7\u00e3o Brasileira de Autismo, Marisa Furia Silva. O texto prev\u00ea a participa\u00e7\u00e3o da sociedade em todas as etapas da pol\u00edtica: desde a implanta\u00e7\u00e3o at\u00e9 o controle da execu\u00e7\u00e3o das a\u00e7\u00f5es.<\/p>\n<p>Para Marisa, um dos maiores avan\u00e7os do texto \u00e9 deixar claro que o autista deve ser considerado como deficiente. &#8220;At\u00e9 hoje, pessoas com transtorno estavam \u00e0 margem do sistema de aten\u00e7\u00e3o&#8221;, avaliou. Ela conta que em muitos casos havia d\u00favida se o tratamento deveria ser feito na \u00e1rea de sa\u00fade mental, se o autista deveria ter assegurada todas as garantias previstas na pol\u00edtica de pessoas deficientes. &#8220;Isso agora est\u00e1 resolvido.&#8221; O mesmo ocorre com o acesso \u00e0 educa\u00e7\u00e3o. &#8220;Como todo cidad\u00e3o, o autista deveria ter assegurado todo atendimento e assist\u00eancia. Mas isso, muitas vezes, ficava apenas no papel: incluindo as vagas nas escolas.&#8221;<\/p>\n<p>A lei assegura a participa\u00e7\u00e3o da comunidade na elabora\u00e7\u00e3o e controle da pol\u00edtica. As a\u00e7\u00f5es dever\u00e3o ser feitas de forma intersetorial. &#8220;A ideia \u00e9 criar estrat\u00e9gias dentro de v\u00e1rias \u00e1reas: sa\u00fade, educa\u00e7\u00e3o, previd\u00eancia&#8221;, completa a presidente da associa\u00e7\u00e3o.<\/p>\n<p>A lei foi batizada de Berenice Piana, em homenagem \u00e0 autora do projeto apresentado no Congresso, tamb\u00e9m m\u00e3e de autista. A ideia \u00e9 assegurar, com a norma, acesso a a\u00e7\u00f5es e servi\u00e7os de sa\u00fade, educa\u00e7\u00e3o, ensino profissionalizante, \u00e0 moradia, ao mercado de trabalho e \u00e0 previd\u00eancia e assist\u00eancia social.<\/p>\n<p>Marisa considera essencial garantir o diagn\u00f3stico precoce da doen\u00e7a. &#8220;H\u00e1 ainda muito o que se melhorar&#8221;, avalia. Ela observa, no entanto, que quanto melhor a qualidade da assist\u00eancia, menor o gasto, tanto do governo quanto das fam\u00edlias de autistas.<\/p>\n<p>Outro ponto importante, completa, \u00e9 a formula\u00e7\u00e3o de um sistema de tratamento para pacientes em todas as fases da vida: desde a inf\u00e2ncia at\u00e9 a terceira idade. &#8220;Quem vai cuidar do idoso autista? Os pais morrem, os irm\u00e3os possivelmente tamb\u00e9m j\u00e1 estar\u00e3o na terceira idade.&#8221;A\u00e7\u00f5es para crian\u00e7as, para estudantes, jovens e idosos&#8221;.<\/p>\n<p>De acordo com o governo, para cumprimento das diretrizes de sa\u00fade, educa\u00e7\u00e3o e ensino profissionalizante, o poder p\u00fablico poder\u00e1 firmar contrato de direito p\u00fablico ou conv\u00eanio com pessoas jur\u00eddicas de direito privado.<\/p>\n<p>Fonte: <a href=\"http:\/\/www.estadao.com.br\/noticias\/geral,escola-que-se-recusar-a-matricular-autista-sera-punida,980275,0.htm\">Ag\u00eancia Estado<\/a><\/p>\n","protected":false},"excerpt":{"rendered":"<p>Gestores de escolas que se recusarem a matricular alunos com transtorno de espectro autista ser\u00e3o punidos com multa e, em caso de reincid\u00eancia, poder\u00e3o perder o cargo.<\/p>\n","protected":false},"author":1,"featured_media":0,"comment_status":"open","ping_status":"open","sticky":false,"template":"","format":"standard","meta":{"site-container-style":"default","site-container-layout":"default","site-sidebar-layout":"default","disable-article-header":"default","disable-site-header":"default","disable-site-footer":"default","disable-content-area-spacing":"default","footnotes":""},"categories":[11,6,48],"tags":[],"class_list":["post-24025","post","type-post","status-publish","format-standard","hentry","category-direitos-humanos","category-educacao","category-inclusao"],"yoast_head":"<!-- This site is optimized with the Yoast SEO plugin v27.4 - https:\/\/yoast.com\/product\/yoast-seo-wordpress\/ -->\n<title>Escola que se recusar a matricular autista ser\u00e1 punida -<\/title>\n<meta name=\"robots\" content=\"index, follow, max-snippet:-1, max-image-preview:large, max-video-preview:-1\" \/>\n<link rel=\"canonical\" href=\"https:\/\/inclusivenews.com.br\/?p=24025\" \/>\n<meta property=\"og:locale\" content=\"pt_PT\" \/>\n<meta property=\"og:type\" content=\"article\" \/>\n<meta property=\"og:title\" content=\"Escola que se recusar a matricular autista ser\u00e1 punida -\" \/>\n<meta property=\"og:description\" content=\"Gestores de escolas que se recusarem a matricular alunos com transtorno de espectro autista ser\u00e3o punidos com multa e, em caso de reincid\u00eancia, poder\u00e3o perder o cargo.\" \/>\n<meta property=\"og:url\" content=\"https:\/\/inclusivenews.com.br\/?p=24025\" \/>\n<meta property=\"article:publisher\" content=\"https:\/\/www.facebook.com\/agenciainclusive\/\" \/>\n<meta property=\"article:published_time\" content=\"2013-02-21T12:05:25+00:00\" \/>\n<meta property=\"og:image\" content=\"http:\/\/inclusivenews.com.br\/wp-content\/uploads\/2010\/06\/autismo-fita-171x300.jpg\" \/>\n<meta name=\"author\" content=\"inclusivenews2024\" \/>\n<meta name=\"twitter:card\" content=\"summary_large_image\" \/>\n<meta name=\"twitter:label1\" content=\"Escrito por\" \/>\n\t<meta name=\"twitter:data1\" content=\"inclusivenews2024\" \/>\n\t<meta name=\"twitter:label2\" content=\"Tempo estimado de leitura\" \/>\n\t<meta name=\"twitter:data2\" content=\"2 minutos\" \/>\n<script type=\"application\/ld+json\" class=\"yoast-schema-graph\">{\"@context\":\"https:\\\/\\\/schema.org\",\"@graph\":[{\"@type\":\"Article\",\"@id\":\"https:\\\/\\\/inclusivenews.com.br\\\/?p=24025#article\",\"isPartOf\":{\"@id\":\"https:\\\/\\\/inclusivenews.com.br\\\/?p=24025\"},\"author\":{\"name\":\"inclusivenews2024\",\"@id\":\"https:\\\/\\\/inclusivenews.com.br\\\/#\\\/schema\\\/person\\\/ae4ec7087559b8692fb33b6fffd2273b\"},\"headline\":\"Escola que se recusar a matricular autista ser\u00e1 punida\",\"datePublished\":\"2013-02-21T12:05:25+00:00\",\"mainEntityOfPage\":{\"@id\":\"https:\\\/\\\/inclusivenews.com.br\\\/?p=24025\"},\"wordCount\":472,\"commentCount\":1,\"publisher\":{\"@id\":\"https:\\\/\\\/inclusivenews.com.br\\\/#organization\"},\"image\":{\"@id\":\"https:\\\/\\\/inclusivenews.com.br\\\/?p=24025#primaryimage\"},\"thumbnailUrl\":\"http:\\\/\\\/inclusivenews.com.br\\\/wp-content\\\/uploads\\\/2010\\\/06\\\/autismo-fita-171x300.jpg\",\"articleSection\":[\"DIREITOS HUMANOS\",\"EDUCA\u00c7\u00c3O\",\"INCLUS\u00c3O SOCIAL\"],\"inLanguage\":\"pt-PT\",\"potentialAction\":[{\"@type\":\"CommentAction\",\"name\":\"Comment\",\"target\":[\"https:\\\/\\\/inclusivenews.com.br\\\/?p=24025#respond\"]}]},{\"@type\":\"WebPage\",\"@id\":\"https:\\\/\\\/inclusivenews.com.br\\\/?p=24025\",\"url\":\"https:\\\/\\\/inclusivenews.com.br\\\/?p=24025\",\"name\":\"Escola que se recusar a matricular autista ser\u00e1 punida -\",\"isPartOf\":{\"@id\":\"https:\\\/\\\/inclusivenews.com.br\\\/#website\"},\"primaryImageOfPage\":{\"@id\":\"https:\\\/\\\/inclusivenews.com.br\\\/?p=24025#primaryimage\"},\"image\":{\"@id\":\"https:\\\/\\\/inclusivenews.com.br\\\/?p=24025#primaryimage\"},\"thumbnailUrl\":\"http:\\\/\\\/inclusivenews.com.br\\\/wp-content\\\/uploads\\\/2010\\\/06\\\/autismo-fita-171x300.jpg\",\"datePublished\":\"2013-02-21T12:05:25+00:00\",\"breadcrumb\":{\"@id\":\"https:\\\/\\\/inclusivenews.com.br\\\/?p=24025#breadcrumb\"},\"inLanguage\":\"pt-PT\",\"potentialAction\":[{\"@type\":\"ReadAction\",\"target\":[\"https:\\\/\\\/inclusivenews.com.br\\\/?p=24025\"]}]},{\"@type\":\"ImageObject\",\"inLanguage\":\"pt-PT\",\"@id\":\"https:\\\/\\\/inclusivenews.com.br\\\/?p=24025#primaryimage\",\"url\":\"\",\"contentUrl\":\"\"},{\"@type\":\"BreadcrumbList\",\"@id\":\"https:\\\/\\\/inclusivenews.com.br\\\/?p=24025#breadcrumb\",\"itemListElement\":[{\"@type\":\"ListItem\",\"position\":1,\"name\":\"In\u00edcio\",\"item\":\"https:\\\/\\\/inclusivenews.com.br\\\/\"},{\"@type\":\"ListItem\",\"position\":2,\"name\":\"Escola que se recusar a matricular autista ser\u00e1 punida\"}]},{\"@type\":\"WebSite\",\"@id\":\"https:\\\/\\\/inclusivenews.com.br\\\/#website\",\"url\":\"https:\\\/\\\/inclusivenews.com.br\\\/\",\"name\":\"Inclusive News\",\"description\":\"Inclusive News\",\"publisher\":{\"@id\":\"https:\\\/\\\/inclusivenews.com.br\\\/#organization\"},\"potentialAction\":[{\"@type\":\"SearchAction\",\"target\":{\"@type\":\"EntryPoint\",\"urlTemplate\":\"https:\\\/\\\/inclusivenews.com.br\\\/?s={search_term_string}\"},\"query-input\":{\"@type\":\"PropertyValueSpecification\",\"valueRequired\":true,\"valueName\":\"search_term_string\"}}],\"inLanguage\":\"pt-PT\"},{\"@type\":\"Organization\",\"@id\":\"https:\\\/\\\/inclusivenews.com.br\\\/#organization\",\"name\":\"Inclusive - inclus\u00e3o e cidadania\",\"url\":\"https:\\\/\\\/inclusivenews.com.br\\\/\",\"logo\":{\"@type\":\"ImageObject\",\"inLanguage\":\"pt-PT\",\"@id\":\"https:\\\/\\\/inclusivenews.com.br\\\/#\\\/schema\\\/logo\\\/image\\\/\",\"url\":\"https:\\\/\\\/inclusivenews.com.br\\\/wp-content\\\/uploads\\\/2024\\\/03\\\/@grandesite.png\",\"contentUrl\":\"https:\\\/\\\/inclusivenews.com.br\\\/wp-content\\\/uploads\\\/2024\\\/03\\\/@grandesite.png\",\"width\":1080,\"height\":1080,\"caption\":\"Inclusive - inclus\u00e3o e cidadania\"},\"image\":{\"@id\":\"https:\\\/\\\/inclusivenews.com.br\\\/#\\\/schema\\\/logo\\\/image\\\/\"},\"sameAs\":[\"https:\\\/\\\/www.facebook.com\\\/agenciainclusive\\\/\",\"https:\\\/\\\/www.instagram.com\\\/newsinclusive\\\/\"]},{\"@type\":\"Person\",\"@id\":\"https:\\\/\\\/inclusivenews.com.br\\\/#\\\/schema\\\/person\\\/ae4ec7087559b8692fb33b6fffd2273b\",\"name\":\"inclusivenews2024\",\"image\":{\"@type\":\"ImageObject\",\"inLanguage\":\"pt-PT\",\"@id\":\"https:\\\/\\\/secure.gravatar.com\\\/avatar\\\/c5a7ef84c66fa914f55bc4f7ce26cfa275a3b9a1c5568b907bd184fb4dde7b40?s=96&d=mm&r=g\",\"url\":\"https:\\\/\\\/secure.gravatar.com\\\/avatar\\\/c5a7ef84c66fa914f55bc4f7ce26cfa275a3b9a1c5568b907bd184fb4dde7b40?s=96&d=mm&r=g\",\"contentUrl\":\"https:\\\/\\\/secure.gravatar.com\\\/avatar\\\/c5a7ef84c66fa914f55bc4f7ce26cfa275a3b9a1c5568b907bd184fb4dde7b40?s=96&d=mm&r=g\",\"caption\":\"inclusivenews2024\"},\"sameAs\":[\"https:\\\/\\\/inclusivenews.com.br\"],\"url\":\"https:\\\/\\\/inclusivenews.com.br\\\/?author=1\"}]}<\/script>\n<!-- \/ Yoast SEO plugin. -->","yoast_head_json":{"title":"Escola que se recusar a matricular autista ser\u00e1 punida -","robots":{"index":"index","follow":"follow","max-snippet":"max-snippet:-1","max-image-preview":"max-image-preview:large","max-video-preview":"max-video-preview:-1"},"canonical":"https:\/\/inclusivenews.com.br\/?p=24025","og_locale":"pt_PT","og_type":"article","og_title":"Escola que se recusar a matricular autista ser\u00e1 punida -","og_description":"Gestores de escolas que se recusarem a matricular alunos com transtorno de espectro autista ser\u00e3o punidos com multa e, em caso de reincid\u00eancia, poder\u00e3o perder o cargo.","og_url":"https:\/\/inclusivenews.com.br\/?p=24025","article_publisher":"https:\/\/www.facebook.com\/agenciainclusive\/","article_published_time":"2013-02-21T12:05:25+00:00","og_image":[{"url":"http:\/\/inclusivenews.com.br\/wp-content\/uploads\/2010\/06\/autismo-fita-171x300.jpg","type":"","width":"","height":""}],"author":"inclusivenews2024","twitter_card":"summary_large_image","twitter_misc":{"Escrito por":"inclusivenews2024","Tempo estimado de leitura":"2 minutos"},"schema":{"@context":"https:\/\/schema.org","@graph":[{"@type":"Article","@id":"https:\/\/inclusivenews.com.br\/?p=24025#article","isPartOf":{"@id":"https:\/\/inclusivenews.com.br\/?p=24025"},"author":{"name":"inclusivenews2024","@id":"https:\/\/inclusivenews.com.br\/#\/schema\/person\/ae4ec7087559b8692fb33b6fffd2273b"},"headline":"Escola que se recusar a matricular autista ser\u00e1 punida","datePublished":"2013-02-21T12:05:25+00:00","mainEntityOfPage":{"@id":"https:\/\/inclusivenews.com.br\/?p=24025"},"wordCount":472,"commentCount":1,"publisher":{"@id":"https:\/\/inclusivenews.com.br\/#organization"},"image":{"@id":"https:\/\/inclusivenews.com.br\/?p=24025#primaryimage"},"thumbnailUrl":"http:\/\/inclusivenews.com.br\/wp-content\/uploads\/2010\/06\/autismo-fita-171x300.jpg","articleSection":["DIREITOS HUMANOS","EDUCA\u00c7\u00c3O","INCLUS\u00c3O SOCIAL"],"inLanguage":"pt-PT","potentialAction":[{"@type":"CommentAction","name":"Comment","target":["https:\/\/inclusivenews.com.br\/?p=24025#respond"]}]},{"@type":"WebPage","@id":"https:\/\/inclusivenews.com.br\/?p=24025","url":"https:\/\/inclusivenews.com.br\/?p=24025","name":"Escola que se recusar a matricular autista ser\u00e1 punida -","isPartOf":{"@id":"https:\/\/inclusivenews.com.br\/#website"},"primaryImageOfPage":{"@id":"https:\/\/inclusivenews.com.br\/?p=24025#primaryimage"},"image":{"@id":"https:\/\/inclusivenews.com.br\/?p=24025#primaryimage"},"thumbnailUrl":"http:\/\/inclusivenews.com.br\/wp-content\/uploads\/2010\/06\/autismo-fita-171x300.jpg","datePublished":"2013-02-21T12:05:25+00:00","breadcrumb":{"@id":"https:\/\/inclusivenews.com.br\/?p=24025#breadcrumb"},"inLanguage":"pt-PT","potentialAction":[{"@type":"ReadAction","target":["https:\/\/inclusivenews.com.br\/?p=24025"]}]},{"@type":"ImageObject","inLanguage":"pt-PT","@id":"https:\/\/inclusivenews.com.br\/?p=24025#primaryimage","url":"","contentUrl":""},{"@type":"BreadcrumbList","@id":"https:\/\/inclusivenews.com.br\/?p=24025#breadcrumb","itemListElement":[{"@type":"ListItem","position":1,"name":"In\u00edcio","item":"https:\/\/inclusivenews.com.br\/"},{"@type":"ListItem","position":2,"name":"Escola que se recusar a matricular autista ser\u00e1 punida"}]},{"@type":"WebSite","@id":"https:\/\/inclusivenews.com.br\/#website","url":"https:\/\/inclusivenews.com.br\/","name":"Inclusive News","description":"Inclusive News","publisher":{"@id":"https:\/\/inclusivenews.com.br\/#organization"},"potentialAction":[{"@type":"SearchAction","target":{"@type":"EntryPoint","urlTemplate":"https:\/\/inclusivenews.com.br\/?s={search_term_string}"},"query-input":{"@type":"PropertyValueSpecification","valueRequired":true,"valueName":"search_term_string"}}],"inLanguage":"pt-PT"},{"@type":"Organization","@id":"https:\/\/inclusivenews.com.br\/#organization","name":"Inclusive - inclus\u00e3o e cidadania","url":"https:\/\/inclusivenews.com.br\/","logo":{"@type":"ImageObject","inLanguage":"pt-PT","@id":"https:\/\/inclusivenews.com.br\/#\/schema\/logo\/image\/","url":"https:\/\/inclusivenews.com.br\/wp-content\/uploads\/2024\/03\/@grandesite.png","contentUrl":"https:\/\/inclusivenews.com.br\/wp-content\/uploads\/2024\/03\/@grandesite.png","width":1080,"height":1080,"caption":"Inclusive - inclus\u00e3o e cidadania"},"image":{"@id":"https:\/\/inclusivenews.com.br\/#\/schema\/logo\/image\/"},"sameAs":["https:\/\/www.facebook.com\/agenciainclusive\/","https:\/\/www.instagram.com\/newsinclusive\/"]},{"@type":"Person","@id":"https:\/\/inclusivenews.com.br\/#\/schema\/person\/ae4ec7087559b8692fb33b6fffd2273b","name":"inclusivenews2024","image":{"@type":"ImageObject","inLanguage":"pt-PT","@id":"https:\/\/secure.gravatar.com\/avatar\/c5a7ef84c66fa914f55bc4f7ce26cfa275a3b9a1c5568b907bd184fb4dde7b40?s=96&d=mm&r=g","url":"https:\/\/secure.gravatar.com\/avatar\/c5a7ef84c66fa914f55bc4f7ce26cfa275a3b9a1c5568b907bd184fb4dde7b40?s=96&d=mm&r=g","contentUrl":"https:\/\/secure.gravatar.com\/avatar\/c5a7ef84c66fa914f55bc4f7ce26cfa275a3b9a1c5568b907bd184fb4dde7b40?s=96&d=mm&r=g","caption":"inclusivenews2024"},"sameAs":["https:\/\/inclusivenews.com.br"],"url":"https:\/\/inclusivenews.com.br\/?author=1"}]}},"_links":{"self":[{"href":"https:\/\/inclusivenews.com.br\/index.php?rest_route=\/wp\/v2\/posts\/24025","targetHints":{"allow":["GET"]}}],"collection":[{"href":"https:\/\/inclusivenews.com.br\/index.php?rest_route=\/wp\/v2\/posts"}],"about":[{"href":"https:\/\/inclusivenews.com.br\/index.php?rest_route=\/wp\/v2\/types\/post"}],"author":[{"embeddable":true,"href":"https:\/\/inclusivenews.com.br\/index.php?rest_route=\/wp\/v2\/users\/1"}],"replies":[{"embeddable":true,"href":"https:\/\/inclusivenews.com.br\/index.php?rest_route=%2Fwp%2Fv2%2Fcomments&post=24025"}],"version-history":[{"count":0,"href":"https:\/\/inclusivenews.com.br\/index.php?rest_route=\/wp\/v2\/posts\/24025\/revisions"}],"wp:attachment":[{"href":"https:\/\/inclusivenews.com.br\/index.php?rest_route=%2Fwp%2Fv2%2Fmedia&parent=24025"}],"wp:term":[{"taxonomy":"category","embeddable":true,"href":"https:\/\/inclusivenews.com.br\/index.php?rest_route=%2Fwp%2Fv2%2Fcategories&post=24025"},{"taxonomy":"post_tag","embeddable":true,"href":"https:\/\/inclusivenews.com.br\/index.php?rest_route=%2Fwp%2Fv2%2Ftags&post=24025"}],"curies":[{"name":"wp","href":"https:\/\/api.w.org\/{rel}","templated":true}]}}