{"id":24029,"date":"2013-02-21T09:06:08","date_gmt":"2013-02-21T12:06:08","guid":{"rendered":"http:\/\/www.inclusive.org.br\/?p=24029"},"modified":"2013-02-21T09:06:08","modified_gmt":"2013-02-21T12:06:08","slug":"analistas-royalties-sao-insuficientes-para-cumprir-metas-da-educacao","status":"publish","type":"post","link":"https:\/\/inclusivenews.com.br\/?p=24029","title":{"rendered":"Analistas: royalties s\u00e3o insuficientes para cumprir metas da educa\u00e7\u00e3o"},"content":{"rendered":"<p><a rel=\"attachment wp-att-13969\" href=\"http:\/\/www.inclusive.org.br\/?attachment_id=13969\"><img loading=\"lazy\" decoding=\"async\" class=\"size-full wp-image-13969 alignleft\" src=\"http:\/\/inclusivenews.com.br\/wp-content\/uploads\/2010\/02\/inclusive_educacao.jpg\" alt=\"Inclusive - problemas na educa\u00e7\u00e3o. A palavra educa\u00e7\u00e3o escrita com as letras invertidas e um aluno desolado em frente ao quadro negro.\" width=\"265\" height=\"200\" \/><\/a><\/p>\n<p>No in\u00edcio de dezembro, a presidente Dilma Rousseff sinalizou que os royalties dos futuros contratos de concess\u00e3o para explora\u00e7\u00e3o do petr\u00f3leo repassados aos governos federal, estadual e municipal ser\u00e3o destinados integralmente \u00e0 educa\u00e7\u00e3o. A decis\u00e3o foi anunciada com a publica\u00e7\u00e3o da medida provis\u00f3ria que aplica a regra para contratos firmados a partir de 3 de dezembro de 2012. Para o ministro da Educa\u00e7\u00e3o, Aloizio Mercadante, trata-se de uma oportunidade para promover um salto na educa\u00e7\u00e3o brasileira. Economistas e especialistas em educa\u00e7\u00e3o tamb\u00e9m consideram importante a decis\u00e3o, mas afirmam que, apesar de necess\u00e1ria, a medida n\u00e3o \u00e9 suficiente.<\/p>\n<p>A considera\u00e7\u00e3o dos especialistas leva em conta outro projeto, que foi aprovado pela C\u00e2mara dos Deputados e segue para aprecia\u00e7\u00e3o no Senado. O Plano Nacional da Educa\u00e7\u00e3o (PNE) lista 20 metas a serem cumpridas no prazo de 10 anos, entre elas o investimento de 10% do Produto Interno Bruto (PIB) em educa\u00e7\u00e3o. Para se ter uma ideia, em 2011 o PIB ficou em R$ 4,143 trilh\u00f5es. No mesmo ano, o Instituto Nacional de Estudos e Pesquisas Educacionais An\u00edsio Teixeira (Inep) calculou que os recursos p\u00fablicos destinados \u00e0 \u00e1rea educacional equivaleram a 5,3% do PIB &#8211; cerca de R$ 220 bilh\u00f5es, desconsiderando investimentos privados, como o Financiamento Estudantil (Fies). Se o PNE j\u00e1 estivesse sancionado e a meta dos 10% fosse colocada em pr\u00e1tica, o Pa\u00eds deveria aplicar R$ 414 bilh\u00f5es na \u00e1rea.<\/p>\n<p>A MP tamb\u00e9m prev\u00ea o investimento de 50% do Fundo Social, que recebe recursos originados por b\u00f4nus de assinatura dos contratos de partilha de produ\u00e7\u00e3o, parcela dos royalties e participa\u00e7\u00e3o especial da Uni\u00e3o em blocos do pr\u00e9-sal que cabe \u00e0 Uni\u00e3o, fatia dos royalties de outros blocos que cabe \u00e0 Uni\u00e3o, al\u00e9m da receita gerada com a venda do petr\u00f3leo e do g\u00e1s natural. Todas essas receitas devem ser complementares ao m\u00ednimo estabelecido pela Constitui\u00e7\u00e3o &#8211; 18% dos impostos arrecadados pelo governo federal e 25% por estados e munic\u00edpios.<\/p>\n<p>Ainda assim, o professor da Faculdade de Educa\u00e7\u00e3o da Universidade de Bras\u00edlia (Unb) Remi Castioni, especializado na \u00e1rea de pol\u00edticas p\u00fablicas, considera que, com as medidas atuais, o Pa\u00eds n\u00e3o vai alcan\u00e7ar a meta. &#8220;\u00c9 evidente que n\u00f3s precisamos de mais recursos para a educa\u00e7\u00e3o. O governo est\u00e1 apostando que a amplia\u00e7\u00e3o dos recursos teriam como origem os royalties. A n\u00e3o concretiza\u00e7\u00e3o desse processo colocaria em d\u00favida de onde viria esse dinheiro&#8221;, analisa Castioni.<\/p>\n<p>Segundo a Ag\u00eancia Nacional de Petr\u00f3leo (ANP), foram creditados ao todo, em 2011, quase R$ 13 bilh\u00f5es oriundos de royalties de petr\u00f3leo. O valor engloba repasses para Estados, munic\u00edpios e outros benefici\u00e1rios previstos por lei. Em 2012, o balan\u00e7o divulgado em novembro j\u00e1 demonstrava o cr\u00e9dito de R$ 14,2 bilh\u00f5es. Os valores s\u00e3o aqu\u00e9m dos quase R$ 220 bilh\u00f5es necess\u00e1rios para suprir o d\u00e9ficit em investimentos, tomando como refer\u00eancia a meta do PNE.<\/p>\n<p>A ANP n\u00e3o divulga estimativas de quanto os contratos futuros de explora\u00e7\u00e3o de petr\u00f3leo poderiam render &#8211; a assessoria informa que o c\u00e1lculo dos royalties est\u00e1 sujeito a vari\u00e1veis como a al\u00edquota aplicada ao campo produtor, o volume de produ\u00e7\u00e3o mensal de petr\u00f3leo e g\u00e1s natural e o pre\u00e7o de refer\u00eancia mensal (que varia conforme a cota\u00e7\u00e3o do d\u00f3lar). Em dezembro do ano passado, contudo, o Instituto de Pesquisa Econ\u00f4mica Aplicada (Ipea) publicou comunicado elencando possibilidades de financiamento para a educa\u00e7\u00e3o. O documento lista o valor presente da riqueza em petr\u00f3leo do pr\u00e9-sal ao todo, que, em 2009, poderia gerar R$ 1,27 trilh\u00f5es em um cen\u00e1rio pessimista &#8211; equivalente a 39% do PIB daquele ano.<\/p>\n<p><strong>Na pr\u00e1tica, poucos recursos e car\u00eancia na gest\u00e3o da educa\u00e7\u00e3o<\/strong><br \/>\nO pesquisador Maur\u00edcio Can\u00eado Pinheiro, da \u00e1rea de Economia e Petr\u00f3leo do Instituto Brasileiro de Economia (IBRE) da Funda\u00e7\u00e3o Get\u00falio Vargas (FGV), explica que os contratos atuais v\u00e3o durar muito tempo at\u00e9 que tenham que ser renovados. At\u00e9 l\u00e1, essas \u00e1reas v\u00e3o perdendo produtividade, e os royalties para a educa\u00e7\u00e3o passam a depender de novos blocos licitados pelo governo. O coordenador da Campanha Nacional pelo Direito \u00e0 Educa\u00e7\u00e3o, Daniel Cara, aponta o mesmo problema. Segundo ele, os acordos firmados at\u00e9 2 de dezembro de 2012 s\u00e3o de longo prazo e abrangem uma \u00e1rea praticamente j\u00e1 explorada. &#8220;Na pr\u00e1tica, a MP n\u00e3o trouxe efetivamente os recursos do petr\u00f3leo para a educa\u00e7\u00e3o&#8221;, critica.<\/p>\n<p>Para contornar esse cen\u00e1rio, Cara enumera mudan\u00e7as necess\u00e1rias para beneficiar, de fato, a educa\u00e7\u00e3o. Entre elas, a destina\u00e7\u00e3o de 50% dos rendimentos dos contratos atuais e de 100% dos novos contratos para a educa\u00e7\u00e3o p\u00fablica &#8211; uma das reivindica\u00e7\u00f5es \u00e9 que o documento provis\u00f3rio n\u00e3o restringe a verba, possibilitando que ela seja investida na educa\u00e7\u00e3o privada, algo contestado por Cara.<\/p>\n<p>O professor da UnB Remi Castioni tamb\u00e9m afirma que a busca de outros mecanismos para ampliar os investimentos na educa\u00e7\u00e3o \u00e9 importante, caso a MP n\u00e3o se sustente. Ele sugere que o super\u00e1vit prim\u00e1rio &#8211; valor arrecadado pelo governo, descontadas as despesas &#8211; seja reduzido de 3,11% (\u00edndice de 2011) para 1% em rela\u00e7\u00e3o ao PIB, e que essa diferen\u00e7a seja destinada \u00e0 educa\u00e7\u00e3o.<\/p>\n<p>No documento do Ipea, diversas possibilidades de financiamento s\u00e3o listadas pela assessoria t\u00e9cnica da presid\u00eancia do instituto. Entre elas, altera\u00e7\u00f5es em impostos como ITR, IPTU, IPVA e outros, regulamenta\u00e7\u00e3o do Imposto sobre Grandes Fortunas (IGF), al\u00e9m da diminui\u00e7\u00e3o de subs\u00eddios fiscais e da amplia\u00e7\u00e3o da vincula\u00e7\u00e3o de recursos para a educa\u00e7\u00e3o (de 18% para 20% para a Uni\u00e3o e de 25% para 30% para estados e munic\u00edpios). Para o coordenador da Campanha Nacional, esse c\u00e1lculo viabilizaria um investimento de at\u00e9 12% do PIB em educa\u00e7\u00e3o.<\/p>\n<p>&#8220;O Pa\u00eds tem condi\u00e7\u00f5es de pagar os 10%. A pergunta \u00e9 se vai dar prioridade para a \u00e1rea que, na pr\u00e1tica, \u00e9 a mais estrat\u00e9gica&#8221;, define Cara. O professor Castioni tamb\u00e9m ressalta o poder multiplicador do investimento em educa\u00e7\u00e3o, que traz retornos a longo prazo e em outras \u00e1reas. &#8220;N\u00f3s temos uma riqueza finita, com dura\u00e7\u00e3o de mais ou menos 30 anos, ao mesmo tempo em que estamos em um momento transit\u00f3rio, de preparar uma nova gera\u00e7\u00e3o para conduzir o destino do pa\u00eds&#8221;, atesta.<\/p>\n<p>Al\u00e9m da destina\u00e7\u00e3o dos recursos, outra quest\u00e3o preocupa os especialistas: a gest\u00e3o desse or\u00e7amento e do pr\u00f3prio sistema educacional. O professor da Universidade Cat\u00f3lica de Bras\u00edlia (UCB) e doutor em educa\u00e7\u00e3o Afonso Celso Galv\u00e3o acredita nos benef\u00edcios financeiros da medida, mas afirma que ser\u00e1 ineficaz caso o dinheiro n\u00e3o chegue \u00e0s escolas. &#8220;O problema \u00e9 a gest\u00e3o da educa\u00e7\u00e3o como um todo, incluindo a forma\u00e7\u00e3o dos professores. \u00c9 bom que o governo comece a pensar em um modelo&#8221;, opina. Para o professor, a destina\u00e7\u00e3o dos royalties pode gerar reflexos positivos a m\u00e9dio prazo, desde que o governo promova melhorias no sistema e uma aprendizagem de qualidade. O dinheiro, apesar de trazer condi\u00e7\u00f5es, n\u00e3o viabiliza automaticamente esse ganho. Injetar mais recursos sem atacar os gargalos educacionais, diz Galv\u00e3o, seria um desperd\u00edcio de verbas.<\/p>\n<p>&#8220;Para funcionar, o governo deve ter coragem de enfrentar o problema, um sistema que \u00e9 caqu\u00e9tico, irrespons\u00e1vel no trato com a educa\u00e7\u00e3o p\u00fablica&#8221;, frisa o professor da UCB. Pesquisador da FGV, Can\u00eado sustenta a mesma posi\u00e7\u00e3o. &#8220;\u00c9 importante mudar a gest\u00e3o para que o dinheiro seja mais bem aproveitado&#8221;, diz.<\/p>\n<p><strong>Congresso vai votar vetos da presidente<\/strong><br \/>\nO Congresso Nacional ainda deve votar se aprova ou n\u00e3o os vetos da presidente Dilma Rousseff ao projeto de mudan\u00e7as no regime de explora\u00e7\u00e3o de petr\u00f3leo. No in\u00edcio de dezembro, Dilma vetou artigos que tratavam da redistribui\u00e7\u00e3o dos royalties, al\u00e9m de ter publicado a MP que vinculou os recursos dos contratos futuros \u00e0 educa\u00e7\u00e3o.<\/p>\n<p>Castioni aposta que o Congresso v\u00e1 derrubar o veto, no sentido de fazer uma distribui\u00e7\u00e3o sem estabelecer vincula\u00e7\u00e3o. &#8220;O que os Estados e munic\u00edpios querem \u00e9 ampliar a arrecada\u00e7\u00e3o e ter liberdade para destinar esses recursos&#8221;, avalia. &#8220;Se n\u00e3o houver uma mobiliza\u00e7\u00e3o da sociedade e dos educadores para que a amplia\u00e7\u00e3o dessa verba beneficie a educa\u00e7\u00e3o, eu vejo muita dificuldade para que isso se concretize no Congresso&#8221;, acrescenta.<\/p>\n<p>Fonte: <a href=\"http:\/\/noticias.terra.com.br\/educacao\/analistas-royalties-sao-insuficientes-para-cumprir-metas-da-educacao,7f82c33ecfddb310VgnVCM20000099cceb0aRCRD.html\" target=\"_blank\" rel=\"noopener\">Terra<\/a><\/p>\n","protected":false},"excerpt":{"rendered":"<p>Al\u00e9m da destina\u00e7\u00e3o dos recursos, outra quest\u00e3o preocupa os especialistas: a gest\u00e3o desse or\u00e7amento e do pr\u00f3prio sistema educacional.<\/p>\n","protected":false},"author":1,"featured_media":0,"comment_status":"open","ping_status":"open","sticky":false,"template":"","format":"standard","meta":{"site-container-style":"default","site-container-layout":"default","site-sidebar-layout":"default","disable-article-header":"default","disable-site-header":"default","disable-site-footer":"default","disable-content-area-spacing":"default","footnotes":""},"categories":[6,49],"tags":[],"class_list":["post-24029","post","type-post","status-publish","format-standard","hentry","category-educacao","category-politicas-publicas"],"yoast_head":"<!-- This site is optimized with the Yoast SEO plugin v27.4 - https:\/\/yoast.com\/product\/yoast-seo-wordpress\/ -->\n<title>Analistas: royalties s\u00e3o insuficientes para cumprir metas da educa\u00e7\u00e3o -<\/title>\n<meta name=\"robots\" content=\"index, follow, max-snippet:-1, max-image-preview:large, max-video-preview:-1\" \/>\n<link rel=\"canonical\" href=\"https:\/\/inclusivenews.com.br\/?p=24029\" \/>\n<meta property=\"og:locale\" content=\"pt_PT\" \/>\n<meta property=\"og:type\" content=\"article\" \/>\n<meta property=\"og:title\" content=\"Analistas: royalties s\u00e3o insuficientes para cumprir metas da educa\u00e7\u00e3o -\" \/>\n<meta property=\"og:description\" content=\"Al\u00e9m da destina\u00e7\u00e3o dos recursos, outra quest\u00e3o preocupa os especialistas: a gest\u00e3o desse or\u00e7amento e do pr\u00f3prio sistema educacional.\" \/>\n<meta property=\"og:url\" content=\"https:\/\/inclusivenews.com.br\/?p=24029\" \/>\n<meta property=\"article:publisher\" content=\"https:\/\/www.facebook.com\/agenciainclusive\/\" \/>\n<meta property=\"article:published_time\" content=\"2013-02-21T12:06:08+00:00\" \/>\n<meta property=\"og:image\" content=\"http:\/\/inclusivenews.com.br\/wp-content\/uploads\/2010\/02\/inclusive_educacao.jpg\" \/>\n<meta name=\"author\" content=\"inclusivenews2024\" \/>\n<meta name=\"twitter:card\" content=\"summary_large_image\" \/>\n<meta name=\"twitter:label1\" content=\"Escrito por\" \/>\n\t<meta name=\"twitter:data1\" content=\"inclusivenews2024\" \/>\n\t<meta name=\"twitter:label2\" content=\"Tempo estimado de leitura\" \/>\n\t<meta name=\"twitter:data2\" content=\"7 minutos\" \/>\n<script type=\"application\/ld+json\" class=\"yoast-schema-graph\">{\"@context\":\"https:\\\/\\\/schema.org\",\"@graph\":[{\"@type\":\"Article\",\"@id\":\"https:\\\/\\\/inclusivenews.com.br\\\/?p=24029#article\",\"isPartOf\":{\"@id\":\"https:\\\/\\\/inclusivenews.com.br\\\/?p=24029\"},\"author\":{\"name\":\"inclusivenews2024\",\"@id\":\"https:\\\/\\\/inclusivenews.com.br\\\/#\\\/schema\\\/person\\\/ae4ec7087559b8692fb33b6fffd2273b\"},\"headline\":\"Analistas: royalties s\u00e3o insuficientes para cumprir metas da educa\u00e7\u00e3o\",\"datePublished\":\"2013-02-21T12:06:08+00:00\",\"mainEntityOfPage\":{\"@id\":\"https:\\\/\\\/inclusivenews.com.br\\\/?p=24029\"},\"wordCount\":1459,\"commentCount\":0,\"publisher\":{\"@id\":\"https:\\\/\\\/inclusivenews.com.br\\\/#organization\"},\"image\":{\"@id\":\"https:\\\/\\\/inclusivenews.com.br\\\/?p=24029#primaryimage\"},\"thumbnailUrl\":\"http:\\\/\\\/inclusivenews.com.br\\\/wp-content\\\/uploads\\\/2010\\\/02\\\/inclusive_educacao.jpg\",\"articleSection\":[\"EDUCA\u00c7\u00c3O\",\"Pol\u00edticas p\u00fablicas\"],\"inLanguage\":\"pt-PT\",\"potentialAction\":[{\"@type\":\"CommentAction\",\"name\":\"Comment\",\"target\":[\"https:\\\/\\\/inclusivenews.com.br\\\/?p=24029#respond\"]}]},{\"@type\":\"WebPage\",\"@id\":\"https:\\\/\\\/inclusivenews.com.br\\\/?p=24029\",\"url\":\"https:\\\/\\\/inclusivenews.com.br\\\/?p=24029\",\"name\":\"Analistas: royalties s\u00e3o insuficientes para cumprir metas da educa\u00e7\u00e3o -\",\"isPartOf\":{\"@id\":\"https:\\\/\\\/inclusivenews.com.br\\\/#website\"},\"primaryImageOfPage\":{\"@id\":\"https:\\\/\\\/inclusivenews.com.br\\\/?p=24029#primaryimage\"},\"image\":{\"@id\":\"https:\\\/\\\/inclusivenews.com.br\\\/?p=24029#primaryimage\"},\"thumbnailUrl\":\"http:\\\/\\\/inclusivenews.com.br\\\/wp-content\\\/uploads\\\/2010\\\/02\\\/inclusive_educacao.jpg\",\"datePublished\":\"2013-02-21T12:06:08+00:00\",\"breadcrumb\":{\"@id\":\"https:\\\/\\\/inclusivenews.com.br\\\/?p=24029#breadcrumb\"},\"inLanguage\":\"pt-PT\",\"potentialAction\":[{\"@type\":\"ReadAction\",\"target\":[\"https:\\\/\\\/inclusivenews.com.br\\\/?p=24029\"]}]},{\"@type\":\"ImageObject\",\"inLanguage\":\"pt-PT\",\"@id\":\"https:\\\/\\\/inclusivenews.com.br\\\/?p=24029#primaryimage\",\"url\":\"\",\"contentUrl\":\"\"},{\"@type\":\"BreadcrumbList\",\"@id\":\"https:\\\/\\\/inclusivenews.com.br\\\/?p=24029#breadcrumb\",\"itemListElement\":[{\"@type\":\"ListItem\",\"position\":1,\"name\":\"In\u00edcio\",\"item\":\"https:\\\/\\\/inclusivenews.com.br\\\/\"},{\"@type\":\"ListItem\",\"position\":2,\"name\":\"Analistas: royalties s\u00e3o insuficientes para cumprir metas da educa\u00e7\u00e3o\"}]},{\"@type\":\"WebSite\",\"@id\":\"https:\\\/\\\/inclusivenews.com.br\\\/#website\",\"url\":\"https:\\\/\\\/inclusivenews.com.br\\\/\",\"name\":\"Inclusive News\",\"description\":\"Inclusive News\",\"publisher\":{\"@id\":\"https:\\\/\\\/inclusivenews.com.br\\\/#organization\"},\"potentialAction\":[{\"@type\":\"SearchAction\",\"target\":{\"@type\":\"EntryPoint\",\"urlTemplate\":\"https:\\\/\\\/inclusivenews.com.br\\\/?s={search_term_string}\"},\"query-input\":{\"@type\":\"PropertyValueSpecification\",\"valueRequired\":true,\"valueName\":\"search_term_string\"}}],\"inLanguage\":\"pt-PT\"},{\"@type\":\"Organization\",\"@id\":\"https:\\\/\\\/inclusivenews.com.br\\\/#organization\",\"name\":\"Inclusive - inclus\u00e3o e cidadania\",\"url\":\"https:\\\/\\\/inclusivenews.com.br\\\/\",\"logo\":{\"@type\":\"ImageObject\",\"inLanguage\":\"pt-PT\",\"@id\":\"https:\\\/\\\/inclusivenews.com.br\\\/#\\\/schema\\\/logo\\\/image\\\/\",\"url\":\"https:\\\/\\\/inclusivenews.com.br\\\/wp-content\\\/uploads\\\/2024\\\/03\\\/@grandesite.png\",\"contentUrl\":\"https:\\\/\\\/inclusivenews.com.br\\\/wp-content\\\/uploads\\\/2024\\\/03\\\/@grandesite.png\",\"width\":1080,\"height\":1080,\"caption\":\"Inclusive - inclus\u00e3o e cidadania\"},\"image\":{\"@id\":\"https:\\\/\\\/inclusivenews.com.br\\\/#\\\/schema\\\/logo\\\/image\\\/\"},\"sameAs\":[\"https:\\\/\\\/www.facebook.com\\\/agenciainclusive\\\/\",\"https:\\\/\\\/www.instagram.com\\\/newsinclusive\\\/\"]},{\"@type\":\"Person\",\"@id\":\"https:\\\/\\\/inclusivenews.com.br\\\/#\\\/schema\\\/person\\\/ae4ec7087559b8692fb33b6fffd2273b\",\"name\":\"inclusivenews2024\",\"image\":{\"@type\":\"ImageObject\",\"inLanguage\":\"pt-PT\",\"@id\":\"https:\\\/\\\/secure.gravatar.com\\\/avatar\\\/c5a7ef84c66fa914f55bc4f7ce26cfa275a3b9a1c5568b907bd184fb4dde7b40?s=96&d=mm&r=g\",\"url\":\"https:\\\/\\\/secure.gravatar.com\\\/avatar\\\/c5a7ef84c66fa914f55bc4f7ce26cfa275a3b9a1c5568b907bd184fb4dde7b40?s=96&d=mm&r=g\",\"contentUrl\":\"https:\\\/\\\/secure.gravatar.com\\\/avatar\\\/c5a7ef84c66fa914f55bc4f7ce26cfa275a3b9a1c5568b907bd184fb4dde7b40?s=96&d=mm&r=g\",\"caption\":\"inclusivenews2024\"},\"sameAs\":[\"https:\\\/\\\/inclusivenews.com.br\"],\"url\":\"https:\\\/\\\/inclusivenews.com.br\\\/?author=1\"}]}<\/script>\n<!-- \/ Yoast SEO plugin. -->","yoast_head_json":{"title":"Analistas: royalties s\u00e3o insuficientes para cumprir metas da educa\u00e7\u00e3o -","robots":{"index":"index","follow":"follow","max-snippet":"max-snippet:-1","max-image-preview":"max-image-preview:large","max-video-preview":"max-video-preview:-1"},"canonical":"https:\/\/inclusivenews.com.br\/?p=24029","og_locale":"pt_PT","og_type":"article","og_title":"Analistas: royalties s\u00e3o insuficientes para cumprir metas da educa\u00e7\u00e3o -","og_description":"Al\u00e9m da destina\u00e7\u00e3o dos recursos, outra quest\u00e3o preocupa os especialistas: a gest\u00e3o desse or\u00e7amento e do pr\u00f3prio sistema educacional.","og_url":"https:\/\/inclusivenews.com.br\/?p=24029","article_publisher":"https:\/\/www.facebook.com\/agenciainclusive\/","article_published_time":"2013-02-21T12:06:08+00:00","og_image":[{"url":"http:\/\/inclusivenews.com.br\/wp-content\/uploads\/2010\/02\/inclusive_educacao.jpg","type":"","width":"","height":""}],"author":"inclusivenews2024","twitter_card":"summary_large_image","twitter_misc":{"Escrito por":"inclusivenews2024","Tempo estimado de leitura":"7 minutos"},"schema":{"@context":"https:\/\/schema.org","@graph":[{"@type":"Article","@id":"https:\/\/inclusivenews.com.br\/?p=24029#article","isPartOf":{"@id":"https:\/\/inclusivenews.com.br\/?p=24029"},"author":{"name":"inclusivenews2024","@id":"https:\/\/inclusivenews.com.br\/#\/schema\/person\/ae4ec7087559b8692fb33b6fffd2273b"},"headline":"Analistas: royalties s\u00e3o insuficientes para cumprir metas da educa\u00e7\u00e3o","datePublished":"2013-02-21T12:06:08+00:00","mainEntityOfPage":{"@id":"https:\/\/inclusivenews.com.br\/?p=24029"},"wordCount":1459,"commentCount":0,"publisher":{"@id":"https:\/\/inclusivenews.com.br\/#organization"},"image":{"@id":"https:\/\/inclusivenews.com.br\/?p=24029#primaryimage"},"thumbnailUrl":"http:\/\/inclusivenews.com.br\/wp-content\/uploads\/2010\/02\/inclusive_educacao.jpg","articleSection":["EDUCA\u00c7\u00c3O","Pol\u00edticas p\u00fablicas"],"inLanguage":"pt-PT","potentialAction":[{"@type":"CommentAction","name":"Comment","target":["https:\/\/inclusivenews.com.br\/?p=24029#respond"]}]},{"@type":"WebPage","@id":"https:\/\/inclusivenews.com.br\/?p=24029","url":"https:\/\/inclusivenews.com.br\/?p=24029","name":"Analistas: royalties s\u00e3o insuficientes para cumprir metas da educa\u00e7\u00e3o -","isPartOf":{"@id":"https:\/\/inclusivenews.com.br\/#website"},"primaryImageOfPage":{"@id":"https:\/\/inclusivenews.com.br\/?p=24029#primaryimage"},"image":{"@id":"https:\/\/inclusivenews.com.br\/?p=24029#primaryimage"},"thumbnailUrl":"http:\/\/inclusivenews.com.br\/wp-content\/uploads\/2010\/02\/inclusive_educacao.jpg","datePublished":"2013-02-21T12:06:08+00:00","breadcrumb":{"@id":"https:\/\/inclusivenews.com.br\/?p=24029#breadcrumb"},"inLanguage":"pt-PT","potentialAction":[{"@type":"ReadAction","target":["https:\/\/inclusivenews.com.br\/?p=24029"]}]},{"@type":"ImageObject","inLanguage":"pt-PT","@id":"https:\/\/inclusivenews.com.br\/?p=24029#primaryimage","url":"","contentUrl":""},{"@type":"BreadcrumbList","@id":"https:\/\/inclusivenews.com.br\/?p=24029#breadcrumb","itemListElement":[{"@type":"ListItem","position":1,"name":"In\u00edcio","item":"https:\/\/inclusivenews.com.br\/"},{"@type":"ListItem","position":2,"name":"Analistas: royalties s\u00e3o insuficientes para cumprir metas da educa\u00e7\u00e3o"}]},{"@type":"WebSite","@id":"https:\/\/inclusivenews.com.br\/#website","url":"https:\/\/inclusivenews.com.br\/","name":"Inclusive News","description":"Inclusive News","publisher":{"@id":"https:\/\/inclusivenews.com.br\/#organization"},"potentialAction":[{"@type":"SearchAction","target":{"@type":"EntryPoint","urlTemplate":"https:\/\/inclusivenews.com.br\/?s={search_term_string}"},"query-input":{"@type":"PropertyValueSpecification","valueRequired":true,"valueName":"search_term_string"}}],"inLanguage":"pt-PT"},{"@type":"Organization","@id":"https:\/\/inclusivenews.com.br\/#organization","name":"Inclusive - inclus\u00e3o e cidadania","url":"https:\/\/inclusivenews.com.br\/","logo":{"@type":"ImageObject","inLanguage":"pt-PT","@id":"https:\/\/inclusivenews.com.br\/#\/schema\/logo\/image\/","url":"https:\/\/inclusivenews.com.br\/wp-content\/uploads\/2024\/03\/@grandesite.png","contentUrl":"https:\/\/inclusivenews.com.br\/wp-content\/uploads\/2024\/03\/@grandesite.png","width":1080,"height":1080,"caption":"Inclusive - inclus\u00e3o e cidadania"},"image":{"@id":"https:\/\/inclusivenews.com.br\/#\/schema\/logo\/image\/"},"sameAs":["https:\/\/www.facebook.com\/agenciainclusive\/","https:\/\/www.instagram.com\/newsinclusive\/"]},{"@type":"Person","@id":"https:\/\/inclusivenews.com.br\/#\/schema\/person\/ae4ec7087559b8692fb33b6fffd2273b","name":"inclusivenews2024","image":{"@type":"ImageObject","inLanguage":"pt-PT","@id":"https:\/\/secure.gravatar.com\/avatar\/c5a7ef84c66fa914f55bc4f7ce26cfa275a3b9a1c5568b907bd184fb4dde7b40?s=96&d=mm&r=g","url":"https:\/\/secure.gravatar.com\/avatar\/c5a7ef84c66fa914f55bc4f7ce26cfa275a3b9a1c5568b907bd184fb4dde7b40?s=96&d=mm&r=g","contentUrl":"https:\/\/secure.gravatar.com\/avatar\/c5a7ef84c66fa914f55bc4f7ce26cfa275a3b9a1c5568b907bd184fb4dde7b40?s=96&d=mm&r=g","caption":"inclusivenews2024"},"sameAs":["https:\/\/inclusivenews.com.br"],"url":"https:\/\/inclusivenews.com.br\/?author=1"}]}},"_links":{"self":[{"href":"https:\/\/inclusivenews.com.br\/index.php?rest_route=\/wp\/v2\/posts\/24029","targetHints":{"allow":["GET"]}}],"collection":[{"href":"https:\/\/inclusivenews.com.br\/index.php?rest_route=\/wp\/v2\/posts"}],"about":[{"href":"https:\/\/inclusivenews.com.br\/index.php?rest_route=\/wp\/v2\/types\/post"}],"author":[{"embeddable":true,"href":"https:\/\/inclusivenews.com.br\/index.php?rest_route=\/wp\/v2\/users\/1"}],"replies":[{"embeddable":true,"href":"https:\/\/inclusivenews.com.br\/index.php?rest_route=%2Fwp%2Fv2%2Fcomments&post=24029"}],"version-history":[{"count":0,"href":"https:\/\/inclusivenews.com.br\/index.php?rest_route=\/wp\/v2\/posts\/24029\/revisions"}],"wp:attachment":[{"href":"https:\/\/inclusivenews.com.br\/index.php?rest_route=%2Fwp%2Fv2%2Fmedia&parent=24029"}],"wp:term":[{"taxonomy":"category","embeddable":true,"href":"https:\/\/inclusivenews.com.br\/index.php?rest_route=%2Fwp%2Fv2%2Fcategories&post=24029"},{"taxonomy":"post_tag","embeddable":true,"href":"https:\/\/inclusivenews.com.br\/index.php?rest_route=%2Fwp%2Fv2%2Ftags&post=24029"}],"curies":[{"name":"wp","href":"https:\/\/api.w.org\/{rel}","templated":true}]}}