{"id":24032,"date":"2013-02-21T09:07:45","date_gmt":"2013-02-21T12:07:45","guid":{"rendered":"http:\/\/www.inclusive.org.br\/?p=24032"},"modified":"2013-02-21T09:07:45","modified_gmt":"2013-02-21T12:07:45","slug":"escola-poder-e-democracia-2","status":"publish","type":"post","link":"https:\/\/inclusivenews.com.br\/?p=24032","title":{"rendered":"Escola, poder e democracia"},"content":{"rendered":"<figure id=\"attachment_18421\" aria-describedby=\"caption-attachment-18421\" style=\"width: 300px\" class=\"wp-caption alignleft\"><img loading=\"lazy\" decoding=\"async\" class=\"size-medium wp-image-18421 \" src=\"http:\/\/inclusivenews.com.br\/wp-content\/uploads\/2011\/02\/inclusao-escola-300x241.jpg\" alt=\"Ilustra\u00e7\u00e3o de 10 alunos de diferentes cores e habilidades, alguns sentados, outros de p\u00e9, em sala de aula e um professor com o bra\u00e7o nos ombros de dois dos alunos\" width=\"300\" height=\"241\" \/><figcaption id=\"caption-attachment-18421\" class=\"wp-caption-text\"> <\/figcaption><\/figure>\n<p><em>Por Nei Alberto Pies<\/em><\/p>\n<div><em>Os homens constroem paredes demais e pontes de menos. (D. Pire)<\/em><\/div>\n<div><\/div>\n<div>A escola p\u00fablica e democr\u00e1tica \u00e9 hoje uma conquista institucionalizada, mas que, na pr\u00e1tica, ainda est\u00e1 longe de ser realidade plenamente vivenciada na escola. A escolha democr\u00e1tica das dire\u00e7\u00f5es escolares ainda n\u00e3o permitiu condi\u00e7\u00f5es democr\u00e1ticas de organizar as escolas a partir de uma base curricular, de propostas pedag\u00f3gicas, de metas e da organiza\u00e7\u00e3o do quadro dos professores (distribui\u00e7\u00e3o da carga hor\u00e1ria e disciplinas). H\u00e1 que se considerar ainda, por vezes, a forma autorit\u00e1ria como os gestores da educa\u00e7\u00e3o organizam suas redes de ensino.<\/div>\n<div><\/div>\n<div>A escola, lugar de significativas e distintas aprendizagens, \u00e9 tamb\u00e9m um grande laborat\u00f3rio de exerc\u00edcio de poder. Cotidianamente, atrav\u00e9s das rela\u00e7\u00f5es interpessoais, ela administra as suas tens\u00f5es internas, fortemente influenciadas pelo poder externo (dos governos e da comunidade). E o professor, uma pe\u00e7a fundamental, nem sempre \u00e9 considerado em sua dimens\u00e3o de pessoa humana e de sujeito, portador de desejos, direitos e dignidade.<\/div>\n<div><\/div>\n<div>Al\u00e9m de sua estrutura administrativa, a escola \u00e9 um lugar onde se constroem v\u00ednculos. Estes v\u00ednculos determinam a qualidade das rela\u00e7\u00f5es entre professores, funcion\u00e1rios, equipe diretiva, alunos e pais. A maior diferen\u00e7a da escola p\u00fablica, em rela\u00e7\u00e3o \u00e0s demais, reside no fato de sua gest\u00e3o ser p\u00fablica e democr\u00e1tica. Por isso mesmo, torna-se mais exigida e exigente para todos os que convivem nela. O professor, pe\u00e7a chave desta engrenagem, \u201cdeve ser um verdadeiro educador. Um mestre da vida e do saber. \u00c9 mestre porque \u00e9 homem de f\u00e9, que acredita em si e nos outros, que confia e ama seus disc\u00edpulos\u201d. (Maximiliano Menegolla).<\/div>\n<div><\/div>\n<div>Professores n\u00e3o s\u00e3o n\u00fameros. Professores s\u00e3o sujeitos, seres humanos, com suas op\u00e7\u00f5es pedag\u00f3gicas e ideol\u00f3gicas. Ali\u00e1s, o exerc\u00edcio de seu of\u00edcio n\u00e3o lhes permite neutralidade, pois a educa\u00e7\u00e3o \u00e9, por natureza, um ato pol\u00edtico. Suas pr\u00e1ticas pedag\u00f3gicas resultam de suas trajet\u00f3rias pessoais, de seus compromissos com o ser humano e de seus conhecimentos e aperfei\u00e7oamento profissional.<\/div>\n<div><\/div>\n<div>Algumas institui\u00e7\u00f5es de ensino p\u00fablico, por suas pr\u00e1ticas contradit\u00f3rias e autorit\u00e1rias, minimizam o alcance e a import\u00e2ncia das conquistas democr\u00e1ticas. \u00c9 claro que exercitar cotidianamente a democracia, como se faz na escola, n\u00e3o \u00e9 uma tarefa f\u00e1cil. Por isso que, para muitos, ela n\u00e3o passa de verborragia . Para outros, incans\u00e1vel exerc\u00edcio, pr\u00e1tica de inclus\u00e3o e respeito a todos, mesmo enfrentando as contradi\u00e7\u00f5es do discurso e da pr\u00e1tica.<\/div>\n<div><\/div>\n<div>Espera-se dos diretores [&#8230;] eleitos compet\u00eancias t\u00e9cnicas, mas tamb\u00e9m que construam menos paredes e mais pontes . Que usem o poder que lhes foi delegado para valorizar e promover seus professores, com ampla participa\u00e7\u00e3o de toda comunidade escolar. Como profetiza Menegolla, \u201co lugar onde o professor n\u00e3o \u00e9 visto como pessoa, mas simplesmente como um profissional qualquer, deve ser chamado de pensionato, refeit\u00f3rio\u2026, mas n\u00e3o chamem de escola, onde se educa e se ensina \u201c.<\/div>\n<div><\/div>\n<div>O exerc\u00edcio do poder democr\u00e1tico \u00e9 um dever da escola e um legado que ela deve deixar para seus alunos e para a sociedade como um todo; esta \u00e9 sua contribui\u00e7\u00e3o para a consolida\u00e7\u00e3o da democracia no Brasil. Qualidade na educa\u00e7\u00e3o ser\u00e1 uma realidade quando tratarmos gente como gente deve ser tratada e quando tomarmos a democracia como a base de nossas viv\u00eancias e rela\u00e7\u00f5es.<\/div>\n<div><\/div>\n<div>Fonte: O Autor<\/div>\n","protected":false},"excerpt":{"rendered":"<p>Por Nei Alberto Pies. &#8220;O exerc\u00edcio do poder democr\u00e1tico \u00e9 um dever da escola e um legado que ela deve deixar para seus alunos e para a sociedade como um todo; esta \u00e9 sua contribui\u00e7\u00e3o para a consolida\u00e7\u00e3o da democracia no Brasil.&#8221;<\/p>\n","protected":false},"author":1,"featured_media":0,"comment_status":"open","ping_status":"open","sticky":false,"template":"","format":"standard","meta":{"site-container-style":"default","site-container-layout":"default","site-sidebar-layout":"default","disable-article-header":"default","disable-site-header":"default","disable-site-footer":"default","disable-content-area-spacing":"default","footnotes":""},"categories":[6,8],"tags":[],"class_list":["post-24032","post","type-post","status-publish","format-standard","hentry","category-educacao","category-textos-e-artigos"],"yoast_head":"<!-- This site is optimized with the Yoast SEO plugin v27.4 - https:\/\/yoast.com\/product\/yoast-seo-wordpress\/ -->\n<title>Escola, poder e democracia -<\/title>\n<meta name=\"robots\" content=\"index, follow, max-snippet:-1, max-image-preview:large, max-video-preview:-1\" \/>\n<link rel=\"canonical\" href=\"https:\/\/inclusivenews.com.br\/?p=24032\" \/>\n<meta property=\"og:locale\" content=\"pt_PT\" \/>\n<meta property=\"og:type\" content=\"article\" \/>\n<meta property=\"og:title\" content=\"Escola, poder e democracia -\" \/>\n<meta property=\"og:description\" content=\"Por Nei Alberto Pies. &quot;O exerc\u00edcio do poder democr\u00e1tico \u00e9 um dever da escola e um legado que ela deve deixar para seus alunos e para a sociedade como um todo; esta \u00e9 sua contribui\u00e7\u00e3o para a consolida\u00e7\u00e3o da democracia no Brasil.&quot;\" \/>\n<meta property=\"og:url\" content=\"https:\/\/inclusivenews.com.br\/?p=24032\" \/>\n<meta property=\"article:publisher\" content=\"https:\/\/www.facebook.com\/agenciainclusive\/\" \/>\n<meta property=\"article:published_time\" content=\"2013-02-21T12:07:45+00:00\" \/>\n<meta property=\"og:image\" content=\"http:\/\/inclusivenews.com.br\/wp-content\/uploads\/2011\/02\/inclusao-escola-300x241.jpg\" \/>\n<meta name=\"author\" content=\"inclusivenews2024\" \/>\n<meta name=\"twitter:card\" content=\"summary_large_image\" \/>\n<meta name=\"twitter:label1\" content=\"Escrito por\" \/>\n\t<meta name=\"twitter:data1\" content=\"inclusivenews2024\" \/>\n\t<meta name=\"twitter:label2\" content=\"Tempo estimado de leitura\" \/>\n\t<meta name=\"twitter:data2\" content=\"3 minutos\" \/>\n<script type=\"application\/ld+json\" class=\"yoast-schema-graph\">{\"@context\":\"https:\\\/\\\/schema.org\",\"@graph\":[{\"@type\":\"Article\",\"@id\":\"https:\\\/\\\/inclusivenews.com.br\\\/?p=24032#article\",\"isPartOf\":{\"@id\":\"https:\\\/\\\/inclusivenews.com.br\\\/?p=24032\"},\"author\":{\"name\":\"inclusivenews2024\",\"@id\":\"https:\\\/\\\/inclusivenews.com.br\\\/#\\\/schema\\\/person\\\/ae4ec7087559b8692fb33b6fffd2273b\"},\"headline\":\"Escola, poder e democracia\",\"datePublished\":\"2013-02-21T12:07:45+00:00\",\"mainEntityOfPage\":{\"@id\":\"https:\\\/\\\/inclusivenews.com.br\\\/?p=24032\"},\"wordCount\":609,\"commentCount\":0,\"publisher\":{\"@id\":\"https:\\\/\\\/inclusivenews.com.br\\\/#organization\"},\"image\":{\"@id\":\"https:\\\/\\\/inclusivenews.com.br\\\/?p=24032#primaryimage\"},\"thumbnailUrl\":\"http:\\\/\\\/inclusivenews.com.br\\\/wp-content\\\/uploads\\\/2011\\\/02\\\/inclusao-escola-300x241.jpg\",\"articleSection\":[\"EDUCA\u00c7\u00c3O\",\"OPINI\u00c3O\"],\"inLanguage\":\"pt-PT\",\"potentialAction\":[{\"@type\":\"CommentAction\",\"name\":\"Comment\",\"target\":[\"https:\\\/\\\/inclusivenews.com.br\\\/?p=24032#respond\"]}]},{\"@type\":\"WebPage\",\"@id\":\"https:\\\/\\\/inclusivenews.com.br\\\/?p=24032\",\"url\":\"https:\\\/\\\/inclusivenews.com.br\\\/?p=24032\",\"name\":\"Escola, poder e democracia -\",\"isPartOf\":{\"@id\":\"https:\\\/\\\/inclusivenews.com.br\\\/#website\"},\"primaryImageOfPage\":{\"@id\":\"https:\\\/\\\/inclusivenews.com.br\\\/?p=24032#primaryimage\"},\"image\":{\"@id\":\"https:\\\/\\\/inclusivenews.com.br\\\/?p=24032#primaryimage\"},\"thumbnailUrl\":\"http:\\\/\\\/inclusivenews.com.br\\\/wp-content\\\/uploads\\\/2011\\\/02\\\/inclusao-escola-300x241.jpg\",\"datePublished\":\"2013-02-21T12:07:45+00:00\",\"breadcrumb\":{\"@id\":\"https:\\\/\\\/inclusivenews.com.br\\\/?p=24032#breadcrumb\"},\"inLanguage\":\"pt-PT\",\"potentialAction\":[{\"@type\":\"ReadAction\",\"target\":[\"https:\\\/\\\/inclusivenews.com.br\\\/?p=24032\"]}]},{\"@type\":\"ImageObject\",\"inLanguage\":\"pt-PT\",\"@id\":\"https:\\\/\\\/inclusivenews.com.br\\\/?p=24032#primaryimage\",\"url\":\"\",\"contentUrl\":\"\"},{\"@type\":\"BreadcrumbList\",\"@id\":\"https:\\\/\\\/inclusivenews.com.br\\\/?p=24032#breadcrumb\",\"itemListElement\":[{\"@type\":\"ListItem\",\"position\":1,\"name\":\"In\u00edcio\",\"item\":\"https:\\\/\\\/inclusivenews.com.br\\\/\"},{\"@type\":\"ListItem\",\"position\":2,\"name\":\"Escola, poder e democracia\"}]},{\"@type\":\"WebSite\",\"@id\":\"https:\\\/\\\/inclusivenews.com.br\\\/#website\",\"url\":\"https:\\\/\\\/inclusivenews.com.br\\\/\",\"name\":\"Inclusive News\",\"description\":\"Inclusive News\",\"publisher\":{\"@id\":\"https:\\\/\\\/inclusivenews.com.br\\\/#organization\"},\"potentialAction\":[{\"@type\":\"SearchAction\",\"target\":{\"@type\":\"EntryPoint\",\"urlTemplate\":\"https:\\\/\\\/inclusivenews.com.br\\\/?s={search_term_string}\"},\"query-input\":{\"@type\":\"PropertyValueSpecification\",\"valueRequired\":true,\"valueName\":\"search_term_string\"}}],\"inLanguage\":\"pt-PT\"},{\"@type\":\"Organization\",\"@id\":\"https:\\\/\\\/inclusivenews.com.br\\\/#organization\",\"name\":\"Inclusive - inclus\u00e3o e cidadania\",\"url\":\"https:\\\/\\\/inclusivenews.com.br\\\/\",\"logo\":{\"@type\":\"ImageObject\",\"inLanguage\":\"pt-PT\",\"@id\":\"https:\\\/\\\/inclusivenews.com.br\\\/#\\\/schema\\\/logo\\\/image\\\/\",\"url\":\"https:\\\/\\\/inclusivenews.com.br\\\/wp-content\\\/uploads\\\/2024\\\/03\\\/@grandesite.png\",\"contentUrl\":\"https:\\\/\\\/inclusivenews.com.br\\\/wp-content\\\/uploads\\\/2024\\\/03\\\/@grandesite.png\",\"width\":1080,\"height\":1080,\"caption\":\"Inclusive - inclus\u00e3o e cidadania\"},\"image\":{\"@id\":\"https:\\\/\\\/inclusivenews.com.br\\\/#\\\/schema\\\/logo\\\/image\\\/\"},\"sameAs\":[\"https:\\\/\\\/www.facebook.com\\\/agenciainclusive\\\/\",\"https:\\\/\\\/www.instagram.com\\\/newsinclusive\\\/\"]},{\"@type\":\"Person\",\"@id\":\"https:\\\/\\\/inclusivenews.com.br\\\/#\\\/schema\\\/person\\\/ae4ec7087559b8692fb33b6fffd2273b\",\"name\":\"inclusivenews2024\",\"image\":{\"@type\":\"ImageObject\",\"inLanguage\":\"pt-PT\",\"@id\":\"https:\\\/\\\/secure.gravatar.com\\\/avatar\\\/c5a7ef84c66fa914f55bc4f7ce26cfa275a3b9a1c5568b907bd184fb4dde7b40?s=96&d=mm&r=g\",\"url\":\"https:\\\/\\\/secure.gravatar.com\\\/avatar\\\/c5a7ef84c66fa914f55bc4f7ce26cfa275a3b9a1c5568b907bd184fb4dde7b40?s=96&d=mm&r=g\",\"contentUrl\":\"https:\\\/\\\/secure.gravatar.com\\\/avatar\\\/c5a7ef84c66fa914f55bc4f7ce26cfa275a3b9a1c5568b907bd184fb4dde7b40?s=96&d=mm&r=g\",\"caption\":\"inclusivenews2024\"},\"sameAs\":[\"https:\\\/\\\/inclusivenews.com.br\"],\"url\":\"https:\\\/\\\/inclusivenews.com.br\\\/?author=1\"}]}<\/script>\n<!-- \/ Yoast SEO plugin. -->","yoast_head_json":{"title":"Escola, poder e democracia -","robots":{"index":"index","follow":"follow","max-snippet":"max-snippet:-1","max-image-preview":"max-image-preview:large","max-video-preview":"max-video-preview:-1"},"canonical":"https:\/\/inclusivenews.com.br\/?p=24032","og_locale":"pt_PT","og_type":"article","og_title":"Escola, poder e democracia -","og_description":"Por Nei Alberto Pies. \"O exerc\u00edcio do poder democr\u00e1tico \u00e9 um dever da escola e um legado que ela deve deixar para seus alunos e para a sociedade como um todo; esta \u00e9 sua contribui\u00e7\u00e3o para a consolida\u00e7\u00e3o da democracia no Brasil.\"","og_url":"https:\/\/inclusivenews.com.br\/?p=24032","article_publisher":"https:\/\/www.facebook.com\/agenciainclusive\/","article_published_time":"2013-02-21T12:07:45+00:00","og_image":[{"url":"http:\/\/inclusivenews.com.br\/wp-content\/uploads\/2011\/02\/inclusao-escola-300x241.jpg","type":"","width":"","height":""}],"author":"inclusivenews2024","twitter_card":"summary_large_image","twitter_misc":{"Escrito por":"inclusivenews2024","Tempo estimado de leitura":"3 minutos"},"schema":{"@context":"https:\/\/schema.org","@graph":[{"@type":"Article","@id":"https:\/\/inclusivenews.com.br\/?p=24032#article","isPartOf":{"@id":"https:\/\/inclusivenews.com.br\/?p=24032"},"author":{"name":"inclusivenews2024","@id":"https:\/\/inclusivenews.com.br\/#\/schema\/person\/ae4ec7087559b8692fb33b6fffd2273b"},"headline":"Escola, poder e democracia","datePublished":"2013-02-21T12:07:45+00:00","mainEntityOfPage":{"@id":"https:\/\/inclusivenews.com.br\/?p=24032"},"wordCount":609,"commentCount":0,"publisher":{"@id":"https:\/\/inclusivenews.com.br\/#organization"},"image":{"@id":"https:\/\/inclusivenews.com.br\/?p=24032#primaryimage"},"thumbnailUrl":"http:\/\/inclusivenews.com.br\/wp-content\/uploads\/2011\/02\/inclusao-escola-300x241.jpg","articleSection":["EDUCA\u00c7\u00c3O","OPINI\u00c3O"],"inLanguage":"pt-PT","potentialAction":[{"@type":"CommentAction","name":"Comment","target":["https:\/\/inclusivenews.com.br\/?p=24032#respond"]}]},{"@type":"WebPage","@id":"https:\/\/inclusivenews.com.br\/?p=24032","url":"https:\/\/inclusivenews.com.br\/?p=24032","name":"Escola, poder e democracia -","isPartOf":{"@id":"https:\/\/inclusivenews.com.br\/#website"},"primaryImageOfPage":{"@id":"https:\/\/inclusivenews.com.br\/?p=24032#primaryimage"},"image":{"@id":"https:\/\/inclusivenews.com.br\/?p=24032#primaryimage"},"thumbnailUrl":"http:\/\/inclusivenews.com.br\/wp-content\/uploads\/2011\/02\/inclusao-escola-300x241.jpg","datePublished":"2013-02-21T12:07:45+00:00","breadcrumb":{"@id":"https:\/\/inclusivenews.com.br\/?p=24032#breadcrumb"},"inLanguage":"pt-PT","potentialAction":[{"@type":"ReadAction","target":["https:\/\/inclusivenews.com.br\/?p=24032"]}]},{"@type":"ImageObject","inLanguage":"pt-PT","@id":"https:\/\/inclusivenews.com.br\/?p=24032#primaryimage","url":"","contentUrl":""},{"@type":"BreadcrumbList","@id":"https:\/\/inclusivenews.com.br\/?p=24032#breadcrumb","itemListElement":[{"@type":"ListItem","position":1,"name":"In\u00edcio","item":"https:\/\/inclusivenews.com.br\/"},{"@type":"ListItem","position":2,"name":"Escola, poder e democracia"}]},{"@type":"WebSite","@id":"https:\/\/inclusivenews.com.br\/#website","url":"https:\/\/inclusivenews.com.br\/","name":"Inclusive News","description":"Inclusive News","publisher":{"@id":"https:\/\/inclusivenews.com.br\/#organization"},"potentialAction":[{"@type":"SearchAction","target":{"@type":"EntryPoint","urlTemplate":"https:\/\/inclusivenews.com.br\/?s={search_term_string}"},"query-input":{"@type":"PropertyValueSpecification","valueRequired":true,"valueName":"search_term_string"}}],"inLanguage":"pt-PT"},{"@type":"Organization","@id":"https:\/\/inclusivenews.com.br\/#organization","name":"Inclusive - inclus\u00e3o e cidadania","url":"https:\/\/inclusivenews.com.br\/","logo":{"@type":"ImageObject","inLanguage":"pt-PT","@id":"https:\/\/inclusivenews.com.br\/#\/schema\/logo\/image\/","url":"https:\/\/inclusivenews.com.br\/wp-content\/uploads\/2024\/03\/@grandesite.png","contentUrl":"https:\/\/inclusivenews.com.br\/wp-content\/uploads\/2024\/03\/@grandesite.png","width":1080,"height":1080,"caption":"Inclusive - inclus\u00e3o e cidadania"},"image":{"@id":"https:\/\/inclusivenews.com.br\/#\/schema\/logo\/image\/"},"sameAs":["https:\/\/www.facebook.com\/agenciainclusive\/","https:\/\/www.instagram.com\/newsinclusive\/"]},{"@type":"Person","@id":"https:\/\/inclusivenews.com.br\/#\/schema\/person\/ae4ec7087559b8692fb33b6fffd2273b","name":"inclusivenews2024","image":{"@type":"ImageObject","inLanguage":"pt-PT","@id":"https:\/\/secure.gravatar.com\/avatar\/c5a7ef84c66fa914f55bc4f7ce26cfa275a3b9a1c5568b907bd184fb4dde7b40?s=96&d=mm&r=g","url":"https:\/\/secure.gravatar.com\/avatar\/c5a7ef84c66fa914f55bc4f7ce26cfa275a3b9a1c5568b907bd184fb4dde7b40?s=96&d=mm&r=g","contentUrl":"https:\/\/secure.gravatar.com\/avatar\/c5a7ef84c66fa914f55bc4f7ce26cfa275a3b9a1c5568b907bd184fb4dde7b40?s=96&d=mm&r=g","caption":"inclusivenews2024"},"sameAs":["https:\/\/inclusivenews.com.br"],"url":"https:\/\/inclusivenews.com.br\/?author=1"}]}},"_links":{"self":[{"href":"https:\/\/inclusivenews.com.br\/index.php?rest_route=\/wp\/v2\/posts\/24032","targetHints":{"allow":["GET"]}}],"collection":[{"href":"https:\/\/inclusivenews.com.br\/index.php?rest_route=\/wp\/v2\/posts"}],"about":[{"href":"https:\/\/inclusivenews.com.br\/index.php?rest_route=\/wp\/v2\/types\/post"}],"author":[{"embeddable":true,"href":"https:\/\/inclusivenews.com.br\/index.php?rest_route=\/wp\/v2\/users\/1"}],"replies":[{"embeddable":true,"href":"https:\/\/inclusivenews.com.br\/index.php?rest_route=%2Fwp%2Fv2%2Fcomments&post=24032"}],"version-history":[{"count":0,"href":"https:\/\/inclusivenews.com.br\/index.php?rest_route=\/wp\/v2\/posts\/24032\/revisions"}],"wp:attachment":[{"href":"https:\/\/inclusivenews.com.br\/index.php?rest_route=%2Fwp%2Fv2%2Fmedia&parent=24032"}],"wp:term":[{"taxonomy":"category","embeddable":true,"href":"https:\/\/inclusivenews.com.br\/index.php?rest_route=%2Fwp%2Fv2%2Fcategories&post=24032"},{"taxonomy":"post_tag","embeddable":true,"href":"https:\/\/inclusivenews.com.br\/index.php?rest_route=%2Fwp%2Fv2%2Ftags&post=24032"}],"curies":[{"name":"wp","href":"https:\/\/api.w.org\/{rel}","templated":true}]}}