{"id":24154,"date":"2013-02-26T13:10:57","date_gmt":"2013-02-26T16:10:57","guid":{"rendered":"http:\/\/www.inclusive.org.br\/?p=24154"},"modified":"2013-02-26T13:10:57","modified_gmt":"2013-02-26T16:10:57","slug":"o-respeito-de-todos-os-direitos-humanos-ainda-e-um-sonho-para-muitos","status":"publish","type":"post","link":"https:\/\/inclusivenews.com.br\/?p=24154","title":{"rendered":"O respeito de todos os direitos humanos ainda \u00e9 um sonho para muitos"},"content":{"rendered":"<figure id=\"attachment_22239\" aria-describedby=\"caption-attachment-22239\" style=\"width: 175px\" class=\"wp-caption alignleft\"><img loading=\"lazy\" decoding=\"async\" class=\"size-full wp-image-22239\" title=\"Navi Pillay\" src=\"http:\/\/inclusivenews.com.br\/wp-content\/uploads\/navi-pillay.jpg\" alt=\"\" width=\"175\" height=\"150\" \/><figcaption id=\"caption-attachment-22239\" class=\"wp-caption-text\"> <\/figcaption><\/figure>\n<p>\u201cA promessa de que todas as pessoas tenham todos seus direitos humanos respeitados ainda \u00e9 um sonho para muitos\u201c, disse a Alta Comiss\u00e1ria da ONU para os Direitos Humanos, Navi Pillay, nesta segunda-feira (25) na abertura da 22\u00aa Sess\u00e3o do Conselho de Direitos Humanos, em Genebra, na Su\u00ed\u00e7a.<\/p>\n<p>\u201cCentenas de milhares de pessoas morreram em genoc\u00eddios em Ruanda e na B\u00f3snia-Herzeg\u00f3vina, os territ\u00f3rios palestinos ainda est\u00e3o ocupados, viola\u00e7\u00f5es massivas ocorreram no Iraque e no Sri Lanka, e os crimes de guerra continuam a ser cometidos em in\u00fameros conflitos internos, incluindo aqueles que continuaram no Afeganist\u00e3o, na Rep\u00fablica Democr\u00e1tica do Congo, no Mali, Sud\u00e3o e S\u00edria\u201d, acrescentou a Alta Comiss\u00e1ria.<\/p>\n<p>Pillay afirmou que apesar dos progressos significativos ao longo das \u00faltimas duas d\u00e9cadas em quest\u00f5es como a elimina\u00e7\u00e3o da viol\u00eancia contra as mulheres e combate \u00e0 impunidade por crimes internacionais, ainda existem viola\u00e7\u00f5es sistem\u00e1ticas de direitos humanos em todo o mundo.<\/p>\n<p>Ela destacou que, enquanto muitos casos de viola\u00e7\u00f5es de direitos humanos t\u00eam sido encaminhados ao Tribunal Penal Internacional (TPI) \u2013 primeiro tribunal permanente do mundo com os poderes para julgar suspeitos de crimes de guerra \u2013 o encaminhamento s\u00f3 pode acontecer se o Estado em quest\u00e3o estiver entre os 122 Estados-Parte do Estatuto de Roma ou se uma situa\u00e7\u00e3o \u00e9 submetida e encaminhada pelo Conselho de Seguran\u00e7a. A Alta Comiss\u00e1ria ressaltou que isso n\u00e3o aconteceu com a S\u00edria, onde s\u00e3o constantes as alega\u00e7\u00f5es de viola\u00e7\u00e3o de direitos humanos por for\u00e7as do governo e oposi\u00e7\u00e3o desde que se iniciaram os levantes contra o Presidente Bashar al-Assad em mar\u00e7o de 2011. Em setembro, Pillay pediu ao Conselho de Seguran\u00e7a para remeter o caso da S\u00edria ao TPI e desde ent\u00e3o vem repetindo o pedido, advertindo que 70 mil pessoas foram mortas e mais de quatro milh\u00f5es necessitam de ajuda necessit\u00e1ria no pa\u00eds.<\/p>\n<p>\u201cMais uma vez, apesar dos avan\u00e7os verdadeiramente inspiradores no combate \u00e0 impunidade, tanto em n\u00edvel nacional e internacional, incluindo processos de justi\u00e7a de transi\u00e7\u00e3o, h\u00e1 ainda demasiadas pessoas com responsabilidade de comando que escapam da justi\u00e7a, apesar de cometer graves crimes e graves viola\u00e7\u00f5es dos direitos humanos\u201d.<\/p>\n<p>Fonte: ONU Brasil<\/p>\n","protected":false},"excerpt":{"rendered":"<p>\u201cA promessa de que todas as pessoas tenham todos seus direitos humanos respeitados ainda \u00e9 um sonho para muitos\u201c, disse a Alta Comiss\u00e1ria da ONU para os Direitos Humanos, Navi Pillay.<\/p>\n","protected":false},"author":1,"featured_media":0,"comment_status":"open","ping_status":"open","sticky":false,"template":"","format":"standard","meta":{"site-container-style":"default","site-container-layout":"default","site-sidebar-layout":"default","disable-article-header":"default","disable-site-header":"default","disable-site-footer":"default","disable-content-area-spacing":"default","footnotes":""},"categories":[11,4],"tags":[],"class_list":["post-24154","post","type-post","status-publish","format-standard","hentry","category-direitos-humanos","category-noticias"],"yoast_head":"<!-- This site is optimized with the Yoast SEO plugin v27.4 - https:\/\/yoast.com\/product\/yoast-seo-wordpress\/ -->\n<title>O respeito de todos os direitos humanos ainda \u00e9 um sonho para muitos -<\/title>\n<meta name=\"robots\" content=\"index, follow, max-snippet:-1, max-image-preview:large, max-video-preview:-1\" \/>\n<link rel=\"canonical\" href=\"https:\/\/inclusivenews.com.br\/?p=24154\" \/>\n<meta property=\"og:locale\" content=\"pt_PT\" \/>\n<meta property=\"og:type\" content=\"article\" \/>\n<meta property=\"og:title\" content=\"O respeito de todos os direitos humanos ainda \u00e9 um sonho para muitos -\" \/>\n<meta property=\"og:description\" content=\"\u201cA promessa de que todas as pessoas tenham todos seus direitos humanos respeitados ainda \u00e9 um sonho para muitos\u201c, disse a Alta Comiss\u00e1ria da ONU para os Direitos Humanos, Navi Pillay.\" \/>\n<meta property=\"og:url\" content=\"https:\/\/inclusivenews.com.br\/?p=24154\" \/>\n<meta property=\"article:publisher\" content=\"https:\/\/www.facebook.com\/agenciainclusive\/\" \/>\n<meta property=\"article:published_time\" content=\"2013-02-26T16:10:57+00:00\" \/>\n<meta property=\"og:image\" content=\"http:\/\/inclusivenews.com.br\/wp-content\/uploads\/navi-pillay.jpg\" \/>\n<meta name=\"author\" content=\"inclusivenews2024\" \/>\n<meta name=\"twitter:card\" content=\"summary_large_image\" \/>\n<meta name=\"twitter:label1\" content=\"Escrito por\" \/>\n\t<meta name=\"twitter:data1\" content=\"inclusivenews2024\" \/>\n\t<meta name=\"twitter:label2\" content=\"Tempo estimado de leitura\" \/>\n\t<meta name=\"twitter:data2\" content=\"2 minutos\" \/>\n<script type=\"application\/ld+json\" class=\"yoast-schema-graph\">{\"@context\":\"https:\\\/\\\/schema.org\",\"@graph\":[{\"@type\":\"Article\",\"@id\":\"https:\\\/\\\/inclusivenews.com.br\\\/?p=24154#article\",\"isPartOf\":{\"@id\":\"https:\\\/\\\/inclusivenews.com.br\\\/?p=24154\"},\"author\":{\"name\":\"inclusivenews2024\",\"@id\":\"https:\\\/\\\/inclusivenews.com.br\\\/#\\\/schema\\\/person\\\/ae4ec7087559b8692fb33b6fffd2273b\"},\"headline\":\"O respeito de todos os direitos humanos ainda \u00e9 um sonho para muitos\",\"datePublished\":\"2013-02-26T16:10:57+00:00\",\"mainEntityOfPage\":{\"@id\":\"https:\\\/\\\/inclusivenews.com.br\\\/?p=24154\"},\"wordCount\":407,\"commentCount\":1,\"publisher\":{\"@id\":\"https:\\\/\\\/inclusivenews.com.br\\\/#organization\"},\"image\":{\"@id\":\"https:\\\/\\\/inclusivenews.com.br\\\/?p=24154#primaryimage\"},\"thumbnailUrl\":\"http:\\\/\\\/inclusivenews.com.br\\\/wp-content\\\/uploads\\\/navi-pillay.jpg\",\"articleSection\":[\"DIREITOS HUMANOS\",\"NOT\u00cdCIAS\"],\"inLanguage\":\"pt-PT\",\"potentialAction\":[{\"@type\":\"CommentAction\",\"name\":\"Comment\",\"target\":[\"https:\\\/\\\/inclusivenews.com.br\\\/?p=24154#respond\"]}]},{\"@type\":\"WebPage\",\"@id\":\"https:\\\/\\\/inclusivenews.com.br\\\/?p=24154\",\"url\":\"https:\\\/\\\/inclusivenews.com.br\\\/?p=24154\",\"name\":\"O respeito de todos os direitos humanos ainda \u00e9 um sonho para muitos -\",\"isPartOf\":{\"@id\":\"https:\\\/\\\/inclusivenews.com.br\\\/#website\"},\"primaryImageOfPage\":{\"@id\":\"https:\\\/\\\/inclusivenews.com.br\\\/?p=24154#primaryimage\"},\"image\":{\"@id\":\"https:\\\/\\\/inclusivenews.com.br\\\/?p=24154#primaryimage\"},\"thumbnailUrl\":\"http:\\\/\\\/inclusivenews.com.br\\\/wp-content\\\/uploads\\\/navi-pillay.jpg\",\"datePublished\":\"2013-02-26T16:10:57+00:00\",\"breadcrumb\":{\"@id\":\"https:\\\/\\\/inclusivenews.com.br\\\/?p=24154#breadcrumb\"},\"inLanguage\":\"pt-PT\",\"potentialAction\":[{\"@type\":\"ReadAction\",\"target\":[\"https:\\\/\\\/inclusivenews.com.br\\\/?p=24154\"]}]},{\"@type\":\"ImageObject\",\"inLanguage\":\"pt-PT\",\"@id\":\"https:\\\/\\\/inclusivenews.com.br\\\/?p=24154#primaryimage\",\"url\":\"\",\"contentUrl\":\"\"},{\"@type\":\"BreadcrumbList\",\"@id\":\"https:\\\/\\\/inclusivenews.com.br\\\/?p=24154#breadcrumb\",\"itemListElement\":[{\"@type\":\"ListItem\",\"position\":1,\"name\":\"In\u00edcio\",\"item\":\"https:\\\/\\\/inclusivenews.com.br\\\/\"},{\"@type\":\"ListItem\",\"position\":2,\"name\":\"O respeito de todos os direitos humanos ainda \u00e9 um sonho para muitos\"}]},{\"@type\":\"WebSite\",\"@id\":\"https:\\\/\\\/inclusivenews.com.br\\\/#website\",\"url\":\"https:\\\/\\\/inclusivenews.com.br\\\/\",\"name\":\"Inclusive News\",\"description\":\"Inclusive News\",\"publisher\":{\"@id\":\"https:\\\/\\\/inclusivenews.com.br\\\/#organization\"},\"potentialAction\":[{\"@type\":\"SearchAction\",\"target\":{\"@type\":\"EntryPoint\",\"urlTemplate\":\"https:\\\/\\\/inclusivenews.com.br\\\/?s={search_term_string}\"},\"query-input\":{\"@type\":\"PropertyValueSpecification\",\"valueRequired\":true,\"valueName\":\"search_term_string\"}}],\"inLanguage\":\"pt-PT\"},{\"@type\":\"Organization\",\"@id\":\"https:\\\/\\\/inclusivenews.com.br\\\/#organization\",\"name\":\"Inclusive - inclus\u00e3o e cidadania\",\"url\":\"https:\\\/\\\/inclusivenews.com.br\\\/\",\"logo\":{\"@type\":\"ImageObject\",\"inLanguage\":\"pt-PT\",\"@id\":\"https:\\\/\\\/inclusivenews.com.br\\\/#\\\/schema\\\/logo\\\/image\\\/\",\"url\":\"https:\\\/\\\/inclusivenews.com.br\\\/wp-content\\\/uploads\\\/2024\\\/03\\\/@grandesite.png\",\"contentUrl\":\"https:\\\/\\\/inclusivenews.com.br\\\/wp-content\\\/uploads\\\/2024\\\/03\\\/@grandesite.png\",\"width\":1080,\"height\":1080,\"caption\":\"Inclusive - inclus\u00e3o e cidadania\"},\"image\":{\"@id\":\"https:\\\/\\\/inclusivenews.com.br\\\/#\\\/schema\\\/logo\\\/image\\\/\"},\"sameAs\":[\"https:\\\/\\\/www.facebook.com\\\/agenciainclusive\\\/\",\"https:\\\/\\\/www.instagram.com\\\/newsinclusive\\\/\"]},{\"@type\":\"Person\",\"@id\":\"https:\\\/\\\/inclusivenews.com.br\\\/#\\\/schema\\\/person\\\/ae4ec7087559b8692fb33b6fffd2273b\",\"name\":\"inclusivenews2024\",\"image\":{\"@type\":\"ImageObject\",\"inLanguage\":\"pt-PT\",\"@id\":\"https:\\\/\\\/secure.gravatar.com\\\/avatar\\\/c5a7ef84c66fa914f55bc4f7ce26cfa275a3b9a1c5568b907bd184fb4dde7b40?s=96&d=mm&r=g\",\"url\":\"https:\\\/\\\/secure.gravatar.com\\\/avatar\\\/c5a7ef84c66fa914f55bc4f7ce26cfa275a3b9a1c5568b907bd184fb4dde7b40?s=96&d=mm&r=g\",\"contentUrl\":\"https:\\\/\\\/secure.gravatar.com\\\/avatar\\\/c5a7ef84c66fa914f55bc4f7ce26cfa275a3b9a1c5568b907bd184fb4dde7b40?s=96&d=mm&r=g\",\"caption\":\"inclusivenews2024\"},\"sameAs\":[\"https:\\\/\\\/inclusivenews.com.br\"],\"url\":\"https:\\\/\\\/inclusivenews.com.br\\\/?author=1\"}]}<\/script>\n<!-- \/ Yoast SEO plugin. -->","yoast_head_json":{"title":"O respeito de todos os direitos humanos ainda \u00e9 um sonho para muitos -","robots":{"index":"index","follow":"follow","max-snippet":"max-snippet:-1","max-image-preview":"max-image-preview:large","max-video-preview":"max-video-preview:-1"},"canonical":"https:\/\/inclusivenews.com.br\/?p=24154","og_locale":"pt_PT","og_type":"article","og_title":"O respeito de todos os direitos humanos ainda \u00e9 um sonho para muitos -","og_description":"\u201cA promessa de que todas as pessoas tenham todos seus direitos humanos respeitados ainda \u00e9 um sonho para muitos\u201c, disse a Alta Comiss\u00e1ria da ONU para os Direitos Humanos, Navi Pillay.","og_url":"https:\/\/inclusivenews.com.br\/?p=24154","article_publisher":"https:\/\/www.facebook.com\/agenciainclusive\/","article_published_time":"2013-02-26T16:10:57+00:00","og_image":[{"url":"http:\/\/inclusivenews.com.br\/wp-content\/uploads\/navi-pillay.jpg","type":"","width":"","height":""}],"author":"inclusivenews2024","twitter_card":"summary_large_image","twitter_misc":{"Escrito por":"inclusivenews2024","Tempo estimado de leitura":"2 minutos"},"schema":{"@context":"https:\/\/schema.org","@graph":[{"@type":"Article","@id":"https:\/\/inclusivenews.com.br\/?p=24154#article","isPartOf":{"@id":"https:\/\/inclusivenews.com.br\/?p=24154"},"author":{"name":"inclusivenews2024","@id":"https:\/\/inclusivenews.com.br\/#\/schema\/person\/ae4ec7087559b8692fb33b6fffd2273b"},"headline":"O respeito de todos os direitos humanos ainda \u00e9 um sonho para muitos","datePublished":"2013-02-26T16:10:57+00:00","mainEntityOfPage":{"@id":"https:\/\/inclusivenews.com.br\/?p=24154"},"wordCount":407,"commentCount":1,"publisher":{"@id":"https:\/\/inclusivenews.com.br\/#organization"},"image":{"@id":"https:\/\/inclusivenews.com.br\/?p=24154#primaryimage"},"thumbnailUrl":"http:\/\/inclusivenews.com.br\/wp-content\/uploads\/navi-pillay.jpg","articleSection":["DIREITOS HUMANOS","NOT\u00cdCIAS"],"inLanguage":"pt-PT","potentialAction":[{"@type":"CommentAction","name":"Comment","target":["https:\/\/inclusivenews.com.br\/?p=24154#respond"]}]},{"@type":"WebPage","@id":"https:\/\/inclusivenews.com.br\/?p=24154","url":"https:\/\/inclusivenews.com.br\/?p=24154","name":"O respeito de todos os direitos humanos ainda \u00e9 um sonho para muitos -","isPartOf":{"@id":"https:\/\/inclusivenews.com.br\/#website"},"primaryImageOfPage":{"@id":"https:\/\/inclusivenews.com.br\/?p=24154#primaryimage"},"image":{"@id":"https:\/\/inclusivenews.com.br\/?p=24154#primaryimage"},"thumbnailUrl":"http:\/\/inclusivenews.com.br\/wp-content\/uploads\/navi-pillay.jpg","datePublished":"2013-02-26T16:10:57+00:00","breadcrumb":{"@id":"https:\/\/inclusivenews.com.br\/?p=24154#breadcrumb"},"inLanguage":"pt-PT","potentialAction":[{"@type":"ReadAction","target":["https:\/\/inclusivenews.com.br\/?p=24154"]}]},{"@type":"ImageObject","inLanguage":"pt-PT","@id":"https:\/\/inclusivenews.com.br\/?p=24154#primaryimage","url":"","contentUrl":""},{"@type":"BreadcrumbList","@id":"https:\/\/inclusivenews.com.br\/?p=24154#breadcrumb","itemListElement":[{"@type":"ListItem","position":1,"name":"In\u00edcio","item":"https:\/\/inclusivenews.com.br\/"},{"@type":"ListItem","position":2,"name":"O respeito de todos os direitos humanos ainda \u00e9 um sonho para muitos"}]},{"@type":"WebSite","@id":"https:\/\/inclusivenews.com.br\/#website","url":"https:\/\/inclusivenews.com.br\/","name":"Inclusive News","description":"Inclusive News","publisher":{"@id":"https:\/\/inclusivenews.com.br\/#organization"},"potentialAction":[{"@type":"SearchAction","target":{"@type":"EntryPoint","urlTemplate":"https:\/\/inclusivenews.com.br\/?s={search_term_string}"},"query-input":{"@type":"PropertyValueSpecification","valueRequired":true,"valueName":"search_term_string"}}],"inLanguage":"pt-PT"},{"@type":"Organization","@id":"https:\/\/inclusivenews.com.br\/#organization","name":"Inclusive - inclus\u00e3o e cidadania","url":"https:\/\/inclusivenews.com.br\/","logo":{"@type":"ImageObject","inLanguage":"pt-PT","@id":"https:\/\/inclusivenews.com.br\/#\/schema\/logo\/image\/","url":"https:\/\/inclusivenews.com.br\/wp-content\/uploads\/2024\/03\/@grandesite.png","contentUrl":"https:\/\/inclusivenews.com.br\/wp-content\/uploads\/2024\/03\/@grandesite.png","width":1080,"height":1080,"caption":"Inclusive - inclus\u00e3o e cidadania"},"image":{"@id":"https:\/\/inclusivenews.com.br\/#\/schema\/logo\/image\/"},"sameAs":["https:\/\/www.facebook.com\/agenciainclusive\/","https:\/\/www.instagram.com\/newsinclusive\/"]},{"@type":"Person","@id":"https:\/\/inclusivenews.com.br\/#\/schema\/person\/ae4ec7087559b8692fb33b6fffd2273b","name":"inclusivenews2024","image":{"@type":"ImageObject","inLanguage":"pt-PT","@id":"https:\/\/secure.gravatar.com\/avatar\/c5a7ef84c66fa914f55bc4f7ce26cfa275a3b9a1c5568b907bd184fb4dde7b40?s=96&d=mm&r=g","url":"https:\/\/secure.gravatar.com\/avatar\/c5a7ef84c66fa914f55bc4f7ce26cfa275a3b9a1c5568b907bd184fb4dde7b40?s=96&d=mm&r=g","contentUrl":"https:\/\/secure.gravatar.com\/avatar\/c5a7ef84c66fa914f55bc4f7ce26cfa275a3b9a1c5568b907bd184fb4dde7b40?s=96&d=mm&r=g","caption":"inclusivenews2024"},"sameAs":["https:\/\/inclusivenews.com.br"],"url":"https:\/\/inclusivenews.com.br\/?author=1"}]}},"_links":{"self":[{"href":"https:\/\/inclusivenews.com.br\/index.php?rest_route=\/wp\/v2\/posts\/24154","targetHints":{"allow":["GET"]}}],"collection":[{"href":"https:\/\/inclusivenews.com.br\/index.php?rest_route=\/wp\/v2\/posts"}],"about":[{"href":"https:\/\/inclusivenews.com.br\/index.php?rest_route=\/wp\/v2\/types\/post"}],"author":[{"embeddable":true,"href":"https:\/\/inclusivenews.com.br\/index.php?rest_route=\/wp\/v2\/users\/1"}],"replies":[{"embeddable":true,"href":"https:\/\/inclusivenews.com.br\/index.php?rest_route=%2Fwp%2Fv2%2Fcomments&post=24154"}],"version-history":[{"count":0,"href":"https:\/\/inclusivenews.com.br\/index.php?rest_route=\/wp\/v2\/posts\/24154\/revisions"}],"wp:attachment":[{"href":"https:\/\/inclusivenews.com.br\/index.php?rest_route=%2Fwp%2Fv2%2Fmedia&parent=24154"}],"wp:term":[{"taxonomy":"category","embeddable":true,"href":"https:\/\/inclusivenews.com.br\/index.php?rest_route=%2Fwp%2Fv2%2Fcategories&post=24154"},{"taxonomy":"post_tag","embeddable":true,"href":"https:\/\/inclusivenews.com.br\/index.php?rest_route=%2Fwp%2Fv2%2Ftags&post=24154"}],"curies":[{"name":"wp","href":"https:\/\/api.w.org\/{rel}","templated":true}]}}