{"id":24156,"date":"2013-02-26T13:19:20","date_gmt":"2013-02-26T16:19:20","guid":{"rendered":"http:\/\/www.inclusive.org.br\/?p=24156"},"modified":"2013-02-26T13:19:20","modified_gmt":"2013-02-26T16:19:20","slug":"inovar-para-as-criancas","status":"publish","type":"post","link":"https:\/\/inclusivenews.com.br\/?p=24156","title":{"rendered":"Inovar para as crian\u00e7as"},"content":{"rendered":"<p><img loading=\"lazy\" decoding=\"async\" class=\"alignnone\" title=\"UNICEF Innovate fotr children\" src=\"http:\/\/www.unicefinnovation.org\/sites\/all\/themes\/unicef_innovation\/images\/unicef_logo.png\" alt=\"\" width=\"155\" height=\"74\" \/><\/p>\n<p>Com o objetivo de reunir inspira\u00e7\u00e3o e experi\u00eancia t\u00e9cnica, o Fundo das Na\u00e7\u00f5es Unidas para a Inf\u00e2ncia (Unicef) lan\u00e7a um novo site intitulado \u2018Inovar para as Crian\u00e7as\u2019 (Innovate for Children).<\/p>\n<p>A plataforma chama a aten\u00e7\u00e3o para os desafios da sa\u00fade e da educa\u00e7\u00e3o enfrentados por crian\u00e7as de pa\u00edses em desenvolvimento \u2013 e o potencial inovador da cria\u00e7\u00e3o de produtos e o uso inventivo da tecnologia para encontrar solu\u00e7\u00f5es.<\/p>\n<p>\u201cA inova\u00e7\u00e3o e as parcerias em torno da inova\u00e7\u00e3o sempre fizeram parte do DNA do Unicef\u201d, disse Shanelle Hall, Diretora da Divis\u00e3o de Abastecimento do Unicef em Copenhague, na Dinamarca. \u201cO site tem como premissa a ideia de que podemos e devemos fazer mais. \u00c9 uma maneira pela qual o Unicef est\u00e1 alcan\u00e7ando especialistas, a ind\u00fastria e institui\u00e7\u00f5es de cria\u00e7\u00e3o e pesquisa para que estes se envolvam.\u201d<\/p>\n<p>\u201cPara a sobreviv\u00eancia e o desenvolvimento da crian\u00e7a, a inova\u00e7\u00e3o \u00e9 fundamental. Vidas de crian\u00e7as est\u00e3o sendo salvas gra\u00e7as a novas vacinas, formula\u00e7\u00f5es melhores de medicamentos pedi\u00e1tricos e tecnologias de sa\u00fade mais eficazes, como mosquiteiros mais duradouros\u201d, disse Paul Molinaro, que lidera a equipe de inova\u00e7\u00e3o do Unicef.<\/p>\n<p>\u201cRecentemente desenvolvida, uma tecnologia de telefonia m\u00f3vel de c\u00f3digo aberto est\u00e1 permitindo que os profissionais de sa\u00fade encurtem consideravelmente o tempo de espera para resultados de pacientes em testes e reduzam o risco de escassez de bens essenciais em cl\u00ednicas remotas\u201d, disse Paul Molinaro.<\/p>\n<p>Acesse a plataforma: <a href=\"http:\/\/www.unicefinnovation.org\/\" target=\"_blank\" rel=\"noopener\">www.unicefinnovation.org<\/a><\/p>\n<p>Fonte: Portal Aprendiz<\/p>\n","protected":false},"excerpt":{"rendered":"<p>A plataforma chama a aten\u00e7\u00e3o para os desafios da sa\u00fade e da educa\u00e7\u00e3o enfrentados por crian\u00e7as de pa\u00edses em desenvolvimento \u2013 e o potencial inovador da cria\u00e7\u00e3o de produtos e o uso inventivo da tecnologia para encontrar solu\u00e7\u00f5es. Do Portal Aprendiz.<\/p>\n","protected":false},"author":1,"featured_media":0,"comment_status":"open","ping_status":"open","sticky":false,"template":"","format":"standard","meta":{"site-container-style":"default","site-container-layout":"default","site-sidebar-layout":"default","disable-article-header":"default","disable-site-header":"default","disable-site-footer":"default","disable-content-area-spacing":"default","footnotes":""},"categories":[54],"tags":[60],"class_list":["post-24156","post","type-post","status-publish","format-standard","hentry","category-blogs-e-webs","tag-infancia"],"yoast_head":"<!-- This site is optimized with the Yoast SEO plugin v27.4 - https:\/\/yoast.com\/product\/yoast-seo-wordpress\/ -->\n<title>Inovar para as crian\u00e7as -<\/title>\n<meta name=\"robots\" content=\"index, follow, max-snippet:-1, max-image-preview:large, max-video-preview:-1\" \/>\n<link rel=\"canonical\" href=\"https:\/\/inclusivenews.com.br\/?p=24156\" \/>\n<meta property=\"og:locale\" content=\"pt_PT\" \/>\n<meta property=\"og:type\" content=\"article\" \/>\n<meta property=\"og:title\" content=\"Inovar para as crian\u00e7as -\" \/>\n<meta property=\"og:description\" content=\"A plataforma chama a aten\u00e7\u00e3o para os desafios da sa\u00fade e da educa\u00e7\u00e3o enfrentados por crian\u00e7as de pa\u00edses em desenvolvimento \u2013 e o potencial inovador da cria\u00e7\u00e3o de produtos e o uso inventivo da tecnologia para encontrar solu\u00e7\u00f5es. Do Portal Aprendiz.\" \/>\n<meta property=\"og:url\" content=\"https:\/\/inclusivenews.com.br\/?p=24156\" \/>\n<meta property=\"article:publisher\" content=\"https:\/\/www.facebook.com\/agenciainclusive\/\" \/>\n<meta property=\"article:published_time\" content=\"2013-02-26T16:19:20+00:00\" \/>\n<meta property=\"og:image\" content=\"http:\/\/www.unicefinnovation.org\/sites\/all\/themes\/unicef_innovation\/images\/unicef_logo.png\" \/>\n<meta name=\"author\" content=\"inclusivenews2024\" \/>\n<meta name=\"twitter:card\" content=\"summary_large_image\" \/>\n<meta name=\"twitter:label1\" content=\"Escrito por\" \/>\n\t<meta name=\"twitter:data1\" content=\"inclusivenews2024\" \/>\n\t<meta name=\"twitter:label2\" content=\"Tempo estimado de leitura\" \/>\n\t<meta name=\"twitter:data2\" content=\"1 minuto\" \/>\n<script type=\"application\/ld+json\" class=\"yoast-schema-graph\">{\"@context\":\"https:\\\/\\\/schema.org\",\"@graph\":[{\"@type\":\"Article\",\"@id\":\"https:\\\/\\\/inclusivenews.com.br\\\/?p=24156#article\",\"isPartOf\":{\"@id\":\"https:\\\/\\\/inclusivenews.com.br\\\/?p=24156\"},\"author\":{\"name\":\"inclusivenews2024\",\"@id\":\"https:\\\/\\\/inclusivenews.com.br\\\/#\\\/schema\\\/person\\\/ae4ec7087559b8692fb33b6fffd2273b\"},\"headline\":\"Inovar para as crian\u00e7as\",\"datePublished\":\"2013-02-26T16:19:20+00:00\",\"mainEntityOfPage\":{\"@id\":\"https:\\\/\\\/inclusivenews.com.br\\\/?p=24156\"},\"wordCount\":273,\"commentCount\":0,\"publisher\":{\"@id\":\"https:\\\/\\\/inclusivenews.com.br\\\/#organization\"},\"image\":{\"@id\":\"https:\\\/\\\/inclusivenews.com.br\\\/?p=24156#primaryimage\"},\"thumbnailUrl\":\"http:\\\/\\\/www.unicefinnovation.org\\\/sites\\\/all\\\/themes\\\/unicef_innovation\\\/images\\\/unicef_logo.png\",\"keywords\":[\"Inf\u00e2ncia\"],\"articleSection\":[\"Blogs e Webs\"],\"inLanguage\":\"pt-PT\",\"potentialAction\":[{\"@type\":\"CommentAction\",\"name\":\"Comment\",\"target\":[\"https:\\\/\\\/inclusivenews.com.br\\\/?p=24156#respond\"]}]},{\"@type\":\"WebPage\",\"@id\":\"https:\\\/\\\/inclusivenews.com.br\\\/?p=24156\",\"url\":\"https:\\\/\\\/inclusivenews.com.br\\\/?p=24156\",\"name\":\"Inovar para as crian\u00e7as -\",\"isPartOf\":{\"@id\":\"https:\\\/\\\/inclusivenews.com.br\\\/#website\"},\"primaryImageOfPage\":{\"@id\":\"https:\\\/\\\/inclusivenews.com.br\\\/?p=24156#primaryimage\"},\"image\":{\"@id\":\"https:\\\/\\\/inclusivenews.com.br\\\/?p=24156#primaryimage\"},\"thumbnailUrl\":\"http:\\\/\\\/www.unicefinnovation.org\\\/sites\\\/all\\\/themes\\\/unicef_innovation\\\/images\\\/unicef_logo.png\",\"datePublished\":\"2013-02-26T16:19:20+00:00\",\"breadcrumb\":{\"@id\":\"https:\\\/\\\/inclusivenews.com.br\\\/?p=24156#breadcrumb\"},\"inLanguage\":\"pt-PT\",\"potentialAction\":[{\"@type\":\"ReadAction\",\"target\":[\"https:\\\/\\\/inclusivenews.com.br\\\/?p=24156\"]}]},{\"@type\":\"ImageObject\",\"inLanguage\":\"pt-PT\",\"@id\":\"https:\\\/\\\/inclusivenews.com.br\\\/?p=24156#primaryimage\",\"url\":\"http:\\\/\\\/www.unicefinnovation.org\\\/sites\\\/all\\\/themes\\\/unicef_innovation\\\/images\\\/unicef_logo.png\",\"contentUrl\":\"http:\\\/\\\/www.unicefinnovation.org\\\/sites\\\/all\\\/themes\\\/unicef_innovation\\\/images\\\/unicef_logo.png\"},{\"@type\":\"BreadcrumbList\",\"@id\":\"https:\\\/\\\/inclusivenews.com.br\\\/?p=24156#breadcrumb\",\"itemListElement\":[{\"@type\":\"ListItem\",\"position\":1,\"name\":\"In\u00edcio\",\"item\":\"https:\\\/\\\/inclusivenews.com.br\\\/\"},{\"@type\":\"ListItem\",\"position\":2,\"name\":\"Inovar para as crian\u00e7as\"}]},{\"@type\":\"WebSite\",\"@id\":\"https:\\\/\\\/inclusivenews.com.br\\\/#website\",\"url\":\"https:\\\/\\\/inclusivenews.com.br\\\/\",\"name\":\"Inclusive News\",\"description\":\"Inclusive News\",\"publisher\":{\"@id\":\"https:\\\/\\\/inclusivenews.com.br\\\/#organization\"},\"potentialAction\":[{\"@type\":\"SearchAction\",\"target\":{\"@type\":\"EntryPoint\",\"urlTemplate\":\"https:\\\/\\\/inclusivenews.com.br\\\/?s={search_term_string}\"},\"query-input\":{\"@type\":\"PropertyValueSpecification\",\"valueRequired\":true,\"valueName\":\"search_term_string\"}}],\"inLanguage\":\"pt-PT\"},{\"@type\":\"Organization\",\"@id\":\"https:\\\/\\\/inclusivenews.com.br\\\/#organization\",\"name\":\"Inclusive - inclus\u00e3o e cidadania\",\"url\":\"https:\\\/\\\/inclusivenews.com.br\\\/\",\"logo\":{\"@type\":\"ImageObject\",\"inLanguage\":\"pt-PT\",\"@id\":\"https:\\\/\\\/inclusivenews.com.br\\\/#\\\/schema\\\/logo\\\/image\\\/\",\"url\":\"https:\\\/\\\/inclusivenews.com.br\\\/wp-content\\\/uploads\\\/2024\\\/03\\\/@grandesite.png\",\"contentUrl\":\"https:\\\/\\\/inclusivenews.com.br\\\/wp-content\\\/uploads\\\/2024\\\/03\\\/@grandesite.png\",\"width\":1080,\"height\":1080,\"caption\":\"Inclusive - inclus\u00e3o e cidadania\"},\"image\":{\"@id\":\"https:\\\/\\\/inclusivenews.com.br\\\/#\\\/schema\\\/logo\\\/image\\\/\"},\"sameAs\":[\"https:\\\/\\\/www.facebook.com\\\/agenciainclusive\\\/\",\"https:\\\/\\\/www.instagram.com\\\/newsinclusive\\\/\"]},{\"@type\":\"Person\",\"@id\":\"https:\\\/\\\/inclusivenews.com.br\\\/#\\\/schema\\\/person\\\/ae4ec7087559b8692fb33b6fffd2273b\",\"name\":\"inclusivenews2024\",\"image\":{\"@type\":\"ImageObject\",\"inLanguage\":\"pt-PT\",\"@id\":\"https:\\\/\\\/secure.gravatar.com\\\/avatar\\\/c5a7ef84c66fa914f55bc4f7ce26cfa275a3b9a1c5568b907bd184fb4dde7b40?s=96&d=mm&r=g\",\"url\":\"https:\\\/\\\/secure.gravatar.com\\\/avatar\\\/c5a7ef84c66fa914f55bc4f7ce26cfa275a3b9a1c5568b907bd184fb4dde7b40?s=96&d=mm&r=g\",\"contentUrl\":\"https:\\\/\\\/secure.gravatar.com\\\/avatar\\\/c5a7ef84c66fa914f55bc4f7ce26cfa275a3b9a1c5568b907bd184fb4dde7b40?s=96&d=mm&r=g\",\"caption\":\"inclusivenews2024\"},\"sameAs\":[\"https:\\\/\\\/inclusivenews.com.br\"],\"url\":\"https:\\\/\\\/inclusivenews.com.br\\\/?author=1\"}]}<\/script>\n<!-- \/ Yoast SEO plugin. -->","yoast_head_json":{"title":"Inovar para as crian\u00e7as -","robots":{"index":"index","follow":"follow","max-snippet":"max-snippet:-1","max-image-preview":"max-image-preview:large","max-video-preview":"max-video-preview:-1"},"canonical":"https:\/\/inclusivenews.com.br\/?p=24156","og_locale":"pt_PT","og_type":"article","og_title":"Inovar para as crian\u00e7as -","og_description":"A plataforma chama a aten\u00e7\u00e3o para os desafios da sa\u00fade e da educa\u00e7\u00e3o enfrentados por crian\u00e7as de pa\u00edses em desenvolvimento \u2013 e o potencial inovador da cria\u00e7\u00e3o de produtos e o uso inventivo da tecnologia para encontrar solu\u00e7\u00f5es. Do Portal Aprendiz.","og_url":"https:\/\/inclusivenews.com.br\/?p=24156","article_publisher":"https:\/\/www.facebook.com\/agenciainclusive\/","article_published_time":"2013-02-26T16:19:20+00:00","og_image":[{"url":"http:\/\/www.unicefinnovation.org\/sites\/all\/themes\/unicef_innovation\/images\/unicef_logo.png","type":"","width":"","height":""}],"author":"inclusivenews2024","twitter_card":"summary_large_image","twitter_misc":{"Escrito por":"inclusivenews2024","Tempo estimado de leitura":"1 minuto"},"schema":{"@context":"https:\/\/schema.org","@graph":[{"@type":"Article","@id":"https:\/\/inclusivenews.com.br\/?p=24156#article","isPartOf":{"@id":"https:\/\/inclusivenews.com.br\/?p=24156"},"author":{"name":"inclusivenews2024","@id":"https:\/\/inclusivenews.com.br\/#\/schema\/person\/ae4ec7087559b8692fb33b6fffd2273b"},"headline":"Inovar para as crian\u00e7as","datePublished":"2013-02-26T16:19:20+00:00","mainEntityOfPage":{"@id":"https:\/\/inclusivenews.com.br\/?p=24156"},"wordCount":273,"commentCount":0,"publisher":{"@id":"https:\/\/inclusivenews.com.br\/#organization"},"image":{"@id":"https:\/\/inclusivenews.com.br\/?p=24156#primaryimage"},"thumbnailUrl":"http:\/\/www.unicefinnovation.org\/sites\/all\/themes\/unicef_innovation\/images\/unicef_logo.png","keywords":["Inf\u00e2ncia"],"articleSection":["Blogs e Webs"],"inLanguage":"pt-PT","potentialAction":[{"@type":"CommentAction","name":"Comment","target":["https:\/\/inclusivenews.com.br\/?p=24156#respond"]}]},{"@type":"WebPage","@id":"https:\/\/inclusivenews.com.br\/?p=24156","url":"https:\/\/inclusivenews.com.br\/?p=24156","name":"Inovar para as crian\u00e7as -","isPartOf":{"@id":"https:\/\/inclusivenews.com.br\/#website"},"primaryImageOfPage":{"@id":"https:\/\/inclusivenews.com.br\/?p=24156#primaryimage"},"image":{"@id":"https:\/\/inclusivenews.com.br\/?p=24156#primaryimage"},"thumbnailUrl":"http:\/\/www.unicefinnovation.org\/sites\/all\/themes\/unicef_innovation\/images\/unicef_logo.png","datePublished":"2013-02-26T16:19:20+00:00","breadcrumb":{"@id":"https:\/\/inclusivenews.com.br\/?p=24156#breadcrumb"},"inLanguage":"pt-PT","potentialAction":[{"@type":"ReadAction","target":["https:\/\/inclusivenews.com.br\/?p=24156"]}]},{"@type":"ImageObject","inLanguage":"pt-PT","@id":"https:\/\/inclusivenews.com.br\/?p=24156#primaryimage","url":"http:\/\/www.unicefinnovation.org\/sites\/all\/themes\/unicef_innovation\/images\/unicef_logo.png","contentUrl":"http:\/\/www.unicefinnovation.org\/sites\/all\/themes\/unicef_innovation\/images\/unicef_logo.png"},{"@type":"BreadcrumbList","@id":"https:\/\/inclusivenews.com.br\/?p=24156#breadcrumb","itemListElement":[{"@type":"ListItem","position":1,"name":"In\u00edcio","item":"https:\/\/inclusivenews.com.br\/"},{"@type":"ListItem","position":2,"name":"Inovar para as crian\u00e7as"}]},{"@type":"WebSite","@id":"https:\/\/inclusivenews.com.br\/#website","url":"https:\/\/inclusivenews.com.br\/","name":"Inclusive News","description":"Inclusive News","publisher":{"@id":"https:\/\/inclusivenews.com.br\/#organization"},"potentialAction":[{"@type":"SearchAction","target":{"@type":"EntryPoint","urlTemplate":"https:\/\/inclusivenews.com.br\/?s={search_term_string}"},"query-input":{"@type":"PropertyValueSpecification","valueRequired":true,"valueName":"search_term_string"}}],"inLanguage":"pt-PT"},{"@type":"Organization","@id":"https:\/\/inclusivenews.com.br\/#organization","name":"Inclusive - inclus\u00e3o e cidadania","url":"https:\/\/inclusivenews.com.br\/","logo":{"@type":"ImageObject","inLanguage":"pt-PT","@id":"https:\/\/inclusivenews.com.br\/#\/schema\/logo\/image\/","url":"https:\/\/inclusivenews.com.br\/wp-content\/uploads\/2024\/03\/@grandesite.png","contentUrl":"https:\/\/inclusivenews.com.br\/wp-content\/uploads\/2024\/03\/@grandesite.png","width":1080,"height":1080,"caption":"Inclusive - inclus\u00e3o e cidadania"},"image":{"@id":"https:\/\/inclusivenews.com.br\/#\/schema\/logo\/image\/"},"sameAs":["https:\/\/www.facebook.com\/agenciainclusive\/","https:\/\/www.instagram.com\/newsinclusive\/"]},{"@type":"Person","@id":"https:\/\/inclusivenews.com.br\/#\/schema\/person\/ae4ec7087559b8692fb33b6fffd2273b","name":"inclusivenews2024","image":{"@type":"ImageObject","inLanguage":"pt-PT","@id":"https:\/\/secure.gravatar.com\/avatar\/c5a7ef84c66fa914f55bc4f7ce26cfa275a3b9a1c5568b907bd184fb4dde7b40?s=96&d=mm&r=g","url":"https:\/\/secure.gravatar.com\/avatar\/c5a7ef84c66fa914f55bc4f7ce26cfa275a3b9a1c5568b907bd184fb4dde7b40?s=96&d=mm&r=g","contentUrl":"https:\/\/secure.gravatar.com\/avatar\/c5a7ef84c66fa914f55bc4f7ce26cfa275a3b9a1c5568b907bd184fb4dde7b40?s=96&d=mm&r=g","caption":"inclusivenews2024"},"sameAs":["https:\/\/inclusivenews.com.br"],"url":"https:\/\/inclusivenews.com.br\/?author=1"}]}},"_links":{"self":[{"href":"https:\/\/inclusivenews.com.br\/index.php?rest_route=\/wp\/v2\/posts\/24156","targetHints":{"allow":["GET"]}}],"collection":[{"href":"https:\/\/inclusivenews.com.br\/index.php?rest_route=\/wp\/v2\/posts"}],"about":[{"href":"https:\/\/inclusivenews.com.br\/index.php?rest_route=\/wp\/v2\/types\/post"}],"author":[{"embeddable":true,"href":"https:\/\/inclusivenews.com.br\/index.php?rest_route=\/wp\/v2\/users\/1"}],"replies":[{"embeddable":true,"href":"https:\/\/inclusivenews.com.br\/index.php?rest_route=%2Fwp%2Fv2%2Fcomments&post=24156"}],"version-history":[{"count":0,"href":"https:\/\/inclusivenews.com.br\/index.php?rest_route=\/wp\/v2\/posts\/24156\/revisions"}],"wp:attachment":[{"href":"https:\/\/inclusivenews.com.br\/index.php?rest_route=%2Fwp%2Fv2%2Fmedia&parent=24156"}],"wp:term":[{"taxonomy":"category","embeddable":true,"href":"https:\/\/inclusivenews.com.br\/index.php?rest_route=%2Fwp%2Fv2%2Fcategories&post=24156"},{"taxonomy":"post_tag","embeddable":true,"href":"https:\/\/inclusivenews.com.br\/index.php?rest_route=%2Fwp%2Fv2%2Ftags&post=24156"}],"curies":[{"name":"wp","href":"https:\/\/api.w.org\/{rel}","templated":true}]}}