{"id":24170,"date":"2013-03-01T14:23:42","date_gmt":"2013-03-01T17:23:42","guid":{"rendered":"http:\/\/www.inclusive.org.br\/?p=24170"},"modified":"2013-03-01T14:23:42","modified_gmt":"2013-03-01T17:23:42","slug":"justica-julgara-varios-crimes-de-racismo-cometidos-pela-internet","status":"publish","type":"post","link":"https:\/\/inclusivenews.com.br\/?p=24170","title":{"rendered":"Justi\u00e7a julgar\u00e1 v\u00e1rios crimes de racismo cometidos pela internet"},"content":{"rendered":"<figure id=\"attachment_18488\" aria-describedby=\"caption-attachment-18488\" style=\"width: 250px\" class=\"wp-caption alignleft\"><img loading=\"lazy\" decoding=\"async\" class=\"size-full wp-image-18488 \" title=\"Ao fundo pe\u00e7as brancas de jogo de xadrez, em primeiro plano, um pe\u00e3o preto.\" src=\"http:\/\/inclusivenews.com.br\/wp-content\/uploads\/2011\/02\/racismo.jpg\" alt=\"Ao fundo pe\u00e7as brancas de jogo de xadrez, em primeiro plano, um pe\u00e3o preto.\" width=\"250\" height=\"168\" \/><figcaption id=\"caption-attachment-18488\" class=\"wp-caption-text\"> <\/figcaption><\/figure>\n<p>A Justi\u00e7a Federal da capital de S\u00e3o Paulo dever\u00e1 processar e julgar uma s\u00e9rie de crimes de racismo e discrimina\u00e7\u00e3o contra negros e judeus cometidos por meio da internet.<\/p>\n<p>Para a Terceira Se\u00e7\u00e3o do Superior Tribunal de Justi\u00e7a (STJ), como esses crimes teriam sido cometidos na mesma comunidade virtual, o que pressup\u00f5e o estabelecimento de rela\u00e7\u00e3o de confian\u00e7a entre os envolvidos e propicia troca de informa\u00e7\u00f5es verdadeiras entre os usu\u00e1rios desse espa\u00e7o, inclusive pessoais, h\u00e1 conex\u00e3o probat\u00f3ria a ponto de facilitar a identifica\u00e7\u00e3o da autoria dos eventuais delitos, circunst\u00e2ncia que recomenda a unifica\u00e7\u00e3o dos processos em tr\u00e2mite em 14 cidades.<\/p>\n<p>Reuni\u00e3o de processos<\/p>\n<p>A investiga\u00e7\u00e3o teve in\u00edcio em S\u00e3o Paulo. Com a identifica\u00e7\u00e3o de endere\u00e7os eletr\u00f4nicos dos usu\u00e1rios, os processos foram desmembrados e remetidos para as respectivas cidades. Al\u00e9m do original, foram conduzidos processos em Fortaleza (CE), Belo Horizonte (MG), Jo\u00e3o Pessoa (PB), Goi\u00e2nia (GO), Maring\u00e1 (PR), Vit\u00f3ria (ES), Porto Alegre (RS), Niter\u00f3i (RJ), Rio de Janeiro (RJ), S\u00e3o Jo\u00e3o do Meriti (RJ), Volta Redonda (RJ), Florian\u00f3polis (SC) e Erechim (RS).<\/p>\n<p>Todos esses casos devem agora voltar a tramitar apenas em S\u00e3o Paulo, exceto se j\u00e1 tiverem recebido senten\u00e7a. Para o ministro Sebasti\u00e3o Reis J\u00fanior, embora cada mensagem constitua crime \u00fanico, as condutas sob apura\u00e7\u00e3o teriam conex\u00e3o probat\u00f3ria.<\/p>\n<p>Rede racista<\/p>\n<p>Os investigados participavam de rede social na qual trocavam mensagens racistas e discriminat\u00f3rias em comunidades destinadas a esse fim. Conforme o relator, essa condi\u00e7\u00e3o implica a exist\u00eancia de alguma rela\u00e7\u00e3o de confian\u00e7a entre os usu\u00e1rios, cuja investiga\u00e7\u00e3o poderia facilitar sua identifica\u00e7\u00e3o.<\/p>\n<p>\u201cAo ingressar numa comunidade virtual, o usu\u00e1rio tem a expectativa de que os demais membros compartilhem da mesma opini\u00e3o que a sua. Assim, n\u00e3o \u00e9 incomum que o v\u00ednculo estabelecido v\u00e1 al\u00e9m da mera discuss\u00e3o e propicie uma aut\u00eantica troca de informa\u00e7\u00f5es, inclusive pessoais, entre os usu\u00e1rios desse espa\u00e7o\u201d, explicou o ministro.<\/p>\n<p>\u201cVeja-se que, nesse ponto, a rede virtual em nada difere da associa\u00e7\u00e3o de indiv\u00edduos que, tendo afinidades de pensamento e convic\u00e7\u00f5es, estabelecem verdadeira rela\u00e7\u00e3o de cumplicidade, apta, at\u00e9 mesmo, a superar as barreiras do anonimato\u201d, completou.<\/p>\n<p>Fonte: STJ<\/p>\n","protected":false},"excerpt":{"rendered":"<p>A Justi\u00e7a Federal da capital de S\u00e3o Paulo dever\u00e1 processar e julgar uma s\u00e9rie de crimes de racismo e discrimina\u00e7\u00e3o contra negros e judeus cometidos por meio da internet. <\/p>\n","protected":false},"author":1,"featured_media":0,"comment_status":"open","ping_status":"open","sticky":false,"template":"","format":"standard","meta":{"site-container-style":"default","site-container-layout":"default","site-sidebar-layout":"default","disable-article-header":"default","disable-site-header":"default","disable-site-footer":"default","disable-content-area-spacing":"default","footnotes":""},"categories":[13,11,39,41],"tags":[],"class_list":["post-24170","post","type-post","status-publish","format-standard","hentry","category-denuncias","category-direitos-humanos","category-discriminacao","category-preconceito"],"yoast_head":"<!-- This site is optimized with the Yoast SEO plugin v27.4 - https:\/\/yoast.com\/product\/yoast-seo-wordpress\/ -->\n<title>Justi\u00e7a julgar\u00e1 v\u00e1rios crimes de racismo cometidos pela internet -<\/title>\n<meta name=\"robots\" content=\"index, follow, max-snippet:-1, max-image-preview:large, max-video-preview:-1\" \/>\n<link rel=\"canonical\" href=\"https:\/\/inclusivenews.com.br\/?p=24170\" \/>\n<meta property=\"og:locale\" content=\"pt_PT\" \/>\n<meta property=\"og:type\" content=\"article\" \/>\n<meta property=\"og:title\" content=\"Justi\u00e7a julgar\u00e1 v\u00e1rios crimes de racismo cometidos pela internet -\" \/>\n<meta property=\"og:description\" content=\"A Justi\u00e7a Federal da capital de S\u00e3o Paulo dever\u00e1 processar e julgar uma s\u00e9rie de crimes de racismo e discrimina\u00e7\u00e3o contra negros e judeus cometidos por meio da internet.\" \/>\n<meta property=\"og:url\" content=\"https:\/\/inclusivenews.com.br\/?p=24170\" \/>\n<meta property=\"article:publisher\" content=\"https:\/\/www.facebook.com\/agenciainclusive\/\" \/>\n<meta property=\"article:published_time\" content=\"2013-03-01T17:23:42+00:00\" \/>\n<meta property=\"og:image\" content=\"http:\/\/inclusivenews.com.br\/wp-content\/uploads\/2011\/02\/racismo.jpg\" \/>\n<meta name=\"author\" content=\"inclusivenews2024\" \/>\n<meta name=\"twitter:card\" content=\"summary_large_image\" \/>\n<meta name=\"twitter:label1\" content=\"Escrito por\" \/>\n\t<meta name=\"twitter:data1\" content=\"inclusivenews2024\" \/>\n\t<meta name=\"twitter:label2\" content=\"Tempo estimado de leitura\" \/>\n\t<meta name=\"twitter:data2\" content=\"2 minutos\" \/>\n<script type=\"application\/ld+json\" class=\"yoast-schema-graph\">{\"@context\":\"https:\\\/\\\/schema.org\",\"@graph\":[{\"@type\":\"Article\",\"@id\":\"https:\\\/\\\/inclusivenews.com.br\\\/?p=24170#article\",\"isPartOf\":{\"@id\":\"https:\\\/\\\/inclusivenews.com.br\\\/?p=24170\"},\"author\":{\"name\":\"inclusivenews2024\",\"@id\":\"https:\\\/\\\/inclusivenews.com.br\\\/#\\\/schema\\\/person\\\/ae4ec7087559b8692fb33b6fffd2273b\"},\"headline\":\"Justi\u00e7a julgar\u00e1 v\u00e1rios crimes de racismo cometidos pela internet\",\"datePublished\":\"2013-03-01T17:23:42+00:00\",\"mainEntityOfPage\":{\"@id\":\"https:\\\/\\\/inclusivenews.com.br\\\/?p=24170\"},\"wordCount\":421,\"commentCount\":0,\"publisher\":{\"@id\":\"https:\\\/\\\/inclusivenews.com.br\\\/#organization\"},\"image\":{\"@id\":\"https:\\\/\\\/inclusivenews.com.br\\\/?p=24170#primaryimage\"},\"thumbnailUrl\":\"http:\\\/\\\/inclusivenews.com.br\\\/wp-content\\\/uploads\\\/2011\\\/02\\\/racismo.jpg\",\"articleSection\":[\"Den\u00fancias\",\"DIREITOS HUMANOS\",\"Discrimina\u00e7\u00e3o\",\"Preconceito\"],\"inLanguage\":\"pt-PT\",\"potentialAction\":[{\"@type\":\"CommentAction\",\"name\":\"Comment\",\"target\":[\"https:\\\/\\\/inclusivenews.com.br\\\/?p=24170#respond\"]}]},{\"@type\":\"WebPage\",\"@id\":\"https:\\\/\\\/inclusivenews.com.br\\\/?p=24170\",\"url\":\"https:\\\/\\\/inclusivenews.com.br\\\/?p=24170\",\"name\":\"Justi\u00e7a julgar\u00e1 v\u00e1rios crimes de racismo cometidos pela internet -\",\"isPartOf\":{\"@id\":\"https:\\\/\\\/inclusivenews.com.br\\\/#website\"},\"primaryImageOfPage\":{\"@id\":\"https:\\\/\\\/inclusivenews.com.br\\\/?p=24170#primaryimage\"},\"image\":{\"@id\":\"https:\\\/\\\/inclusivenews.com.br\\\/?p=24170#primaryimage\"},\"thumbnailUrl\":\"http:\\\/\\\/inclusivenews.com.br\\\/wp-content\\\/uploads\\\/2011\\\/02\\\/racismo.jpg\",\"datePublished\":\"2013-03-01T17:23:42+00:00\",\"breadcrumb\":{\"@id\":\"https:\\\/\\\/inclusivenews.com.br\\\/?p=24170#breadcrumb\"},\"inLanguage\":\"pt-PT\",\"potentialAction\":[{\"@type\":\"ReadAction\",\"target\":[\"https:\\\/\\\/inclusivenews.com.br\\\/?p=24170\"]}]},{\"@type\":\"ImageObject\",\"inLanguage\":\"pt-PT\",\"@id\":\"https:\\\/\\\/inclusivenews.com.br\\\/?p=24170#primaryimage\",\"url\":\"\",\"contentUrl\":\"\"},{\"@type\":\"BreadcrumbList\",\"@id\":\"https:\\\/\\\/inclusivenews.com.br\\\/?p=24170#breadcrumb\",\"itemListElement\":[{\"@type\":\"ListItem\",\"position\":1,\"name\":\"In\u00edcio\",\"item\":\"https:\\\/\\\/inclusivenews.com.br\\\/\"},{\"@type\":\"ListItem\",\"position\":2,\"name\":\"Justi\u00e7a julgar\u00e1 v\u00e1rios crimes de racismo cometidos pela internet\"}]},{\"@type\":\"WebSite\",\"@id\":\"https:\\\/\\\/inclusivenews.com.br\\\/#website\",\"url\":\"https:\\\/\\\/inclusivenews.com.br\\\/\",\"name\":\"Inclusive News\",\"description\":\"Inclusive News\",\"publisher\":{\"@id\":\"https:\\\/\\\/inclusivenews.com.br\\\/#organization\"},\"potentialAction\":[{\"@type\":\"SearchAction\",\"target\":{\"@type\":\"EntryPoint\",\"urlTemplate\":\"https:\\\/\\\/inclusivenews.com.br\\\/?s={search_term_string}\"},\"query-input\":{\"@type\":\"PropertyValueSpecification\",\"valueRequired\":true,\"valueName\":\"search_term_string\"}}],\"inLanguage\":\"pt-PT\"},{\"@type\":\"Organization\",\"@id\":\"https:\\\/\\\/inclusivenews.com.br\\\/#organization\",\"name\":\"Inclusive - inclus\u00e3o e cidadania\",\"url\":\"https:\\\/\\\/inclusivenews.com.br\\\/\",\"logo\":{\"@type\":\"ImageObject\",\"inLanguage\":\"pt-PT\",\"@id\":\"https:\\\/\\\/inclusivenews.com.br\\\/#\\\/schema\\\/logo\\\/image\\\/\",\"url\":\"https:\\\/\\\/inclusivenews.com.br\\\/wp-content\\\/uploads\\\/2024\\\/03\\\/@grandesite.png\",\"contentUrl\":\"https:\\\/\\\/inclusivenews.com.br\\\/wp-content\\\/uploads\\\/2024\\\/03\\\/@grandesite.png\",\"width\":1080,\"height\":1080,\"caption\":\"Inclusive - inclus\u00e3o e cidadania\"},\"image\":{\"@id\":\"https:\\\/\\\/inclusivenews.com.br\\\/#\\\/schema\\\/logo\\\/image\\\/\"},\"sameAs\":[\"https:\\\/\\\/www.facebook.com\\\/agenciainclusive\\\/\",\"https:\\\/\\\/www.instagram.com\\\/newsinclusive\\\/\"]},{\"@type\":\"Person\",\"@id\":\"https:\\\/\\\/inclusivenews.com.br\\\/#\\\/schema\\\/person\\\/ae4ec7087559b8692fb33b6fffd2273b\",\"name\":\"inclusivenews2024\",\"image\":{\"@type\":\"ImageObject\",\"inLanguage\":\"pt-PT\",\"@id\":\"https:\\\/\\\/secure.gravatar.com\\\/avatar\\\/c5a7ef84c66fa914f55bc4f7ce26cfa275a3b9a1c5568b907bd184fb4dde7b40?s=96&d=mm&r=g\",\"url\":\"https:\\\/\\\/secure.gravatar.com\\\/avatar\\\/c5a7ef84c66fa914f55bc4f7ce26cfa275a3b9a1c5568b907bd184fb4dde7b40?s=96&d=mm&r=g\",\"contentUrl\":\"https:\\\/\\\/secure.gravatar.com\\\/avatar\\\/c5a7ef84c66fa914f55bc4f7ce26cfa275a3b9a1c5568b907bd184fb4dde7b40?s=96&d=mm&r=g\",\"caption\":\"inclusivenews2024\"},\"sameAs\":[\"https:\\\/\\\/inclusivenews.com.br\"],\"url\":\"https:\\\/\\\/inclusivenews.com.br\\\/?author=1\"}]}<\/script>\n<!-- \/ Yoast SEO plugin. -->","yoast_head_json":{"title":"Justi\u00e7a julgar\u00e1 v\u00e1rios crimes de racismo cometidos pela internet -","robots":{"index":"index","follow":"follow","max-snippet":"max-snippet:-1","max-image-preview":"max-image-preview:large","max-video-preview":"max-video-preview:-1"},"canonical":"https:\/\/inclusivenews.com.br\/?p=24170","og_locale":"pt_PT","og_type":"article","og_title":"Justi\u00e7a julgar\u00e1 v\u00e1rios crimes de racismo cometidos pela internet -","og_description":"A Justi\u00e7a Federal da capital de S\u00e3o Paulo dever\u00e1 processar e julgar uma s\u00e9rie de crimes de racismo e discrimina\u00e7\u00e3o contra negros e judeus cometidos por meio da internet.","og_url":"https:\/\/inclusivenews.com.br\/?p=24170","article_publisher":"https:\/\/www.facebook.com\/agenciainclusive\/","article_published_time":"2013-03-01T17:23:42+00:00","og_image":[{"url":"http:\/\/inclusivenews.com.br\/wp-content\/uploads\/2011\/02\/racismo.jpg","type":"","width":"","height":""}],"author":"inclusivenews2024","twitter_card":"summary_large_image","twitter_misc":{"Escrito por":"inclusivenews2024","Tempo estimado de leitura":"2 minutos"},"schema":{"@context":"https:\/\/schema.org","@graph":[{"@type":"Article","@id":"https:\/\/inclusivenews.com.br\/?p=24170#article","isPartOf":{"@id":"https:\/\/inclusivenews.com.br\/?p=24170"},"author":{"name":"inclusivenews2024","@id":"https:\/\/inclusivenews.com.br\/#\/schema\/person\/ae4ec7087559b8692fb33b6fffd2273b"},"headline":"Justi\u00e7a julgar\u00e1 v\u00e1rios crimes de racismo cometidos pela internet","datePublished":"2013-03-01T17:23:42+00:00","mainEntityOfPage":{"@id":"https:\/\/inclusivenews.com.br\/?p=24170"},"wordCount":421,"commentCount":0,"publisher":{"@id":"https:\/\/inclusivenews.com.br\/#organization"},"image":{"@id":"https:\/\/inclusivenews.com.br\/?p=24170#primaryimage"},"thumbnailUrl":"http:\/\/inclusivenews.com.br\/wp-content\/uploads\/2011\/02\/racismo.jpg","articleSection":["Den\u00fancias","DIREITOS HUMANOS","Discrimina\u00e7\u00e3o","Preconceito"],"inLanguage":"pt-PT","potentialAction":[{"@type":"CommentAction","name":"Comment","target":["https:\/\/inclusivenews.com.br\/?p=24170#respond"]}]},{"@type":"WebPage","@id":"https:\/\/inclusivenews.com.br\/?p=24170","url":"https:\/\/inclusivenews.com.br\/?p=24170","name":"Justi\u00e7a julgar\u00e1 v\u00e1rios crimes de racismo cometidos pela internet -","isPartOf":{"@id":"https:\/\/inclusivenews.com.br\/#website"},"primaryImageOfPage":{"@id":"https:\/\/inclusivenews.com.br\/?p=24170#primaryimage"},"image":{"@id":"https:\/\/inclusivenews.com.br\/?p=24170#primaryimage"},"thumbnailUrl":"http:\/\/inclusivenews.com.br\/wp-content\/uploads\/2011\/02\/racismo.jpg","datePublished":"2013-03-01T17:23:42+00:00","breadcrumb":{"@id":"https:\/\/inclusivenews.com.br\/?p=24170#breadcrumb"},"inLanguage":"pt-PT","potentialAction":[{"@type":"ReadAction","target":["https:\/\/inclusivenews.com.br\/?p=24170"]}]},{"@type":"ImageObject","inLanguage":"pt-PT","@id":"https:\/\/inclusivenews.com.br\/?p=24170#primaryimage","url":"","contentUrl":""},{"@type":"BreadcrumbList","@id":"https:\/\/inclusivenews.com.br\/?p=24170#breadcrumb","itemListElement":[{"@type":"ListItem","position":1,"name":"In\u00edcio","item":"https:\/\/inclusivenews.com.br\/"},{"@type":"ListItem","position":2,"name":"Justi\u00e7a julgar\u00e1 v\u00e1rios crimes de racismo cometidos pela internet"}]},{"@type":"WebSite","@id":"https:\/\/inclusivenews.com.br\/#website","url":"https:\/\/inclusivenews.com.br\/","name":"Inclusive News","description":"Inclusive News","publisher":{"@id":"https:\/\/inclusivenews.com.br\/#organization"},"potentialAction":[{"@type":"SearchAction","target":{"@type":"EntryPoint","urlTemplate":"https:\/\/inclusivenews.com.br\/?s={search_term_string}"},"query-input":{"@type":"PropertyValueSpecification","valueRequired":true,"valueName":"search_term_string"}}],"inLanguage":"pt-PT"},{"@type":"Organization","@id":"https:\/\/inclusivenews.com.br\/#organization","name":"Inclusive - inclus\u00e3o e cidadania","url":"https:\/\/inclusivenews.com.br\/","logo":{"@type":"ImageObject","inLanguage":"pt-PT","@id":"https:\/\/inclusivenews.com.br\/#\/schema\/logo\/image\/","url":"https:\/\/inclusivenews.com.br\/wp-content\/uploads\/2024\/03\/@grandesite.png","contentUrl":"https:\/\/inclusivenews.com.br\/wp-content\/uploads\/2024\/03\/@grandesite.png","width":1080,"height":1080,"caption":"Inclusive - inclus\u00e3o e cidadania"},"image":{"@id":"https:\/\/inclusivenews.com.br\/#\/schema\/logo\/image\/"},"sameAs":["https:\/\/www.facebook.com\/agenciainclusive\/","https:\/\/www.instagram.com\/newsinclusive\/"]},{"@type":"Person","@id":"https:\/\/inclusivenews.com.br\/#\/schema\/person\/ae4ec7087559b8692fb33b6fffd2273b","name":"inclusivenews2024","image":{"@type":"ImageObject","inLanguage":"pt-PT","@id":"https:\/\/secure.gravatar.com\/avatar\/c5a7ef84c66fa914f55bc4f7ce26cfa275a3b9a1c5568b907bd184fb4dde7b40?s=96&d=mm&r=g","url":"https:\/\/secure.gravatar.com\/avatar\/c5a7ef84c66fa914f55bc4f7ce26cfa275a3b9a1c5568b907bd184fb4dde7b40?s=96&d=mm&r=g","contentUrl":"https:\/\/secure.gravatar.com\/avatar\/c5a7ef84c66fa914f55bc4f7ce26cfa275a3b9a1c5568b907bd184fb4dde7b40?s=96&d=mm&r=g","caption":"inclusivenews2024"},"sameAs":["https:\/\/inclusivenews.com.br"],"url":"https:\/\/inclusivenews.com.br\/?author=1"}]}},"_links":{"self":[{"href":"https:\/\/inclusivenews.com.br\/index.php?rest_route=\/wp\/v2\/posts\/24170","targetHints":{"allow":["GET"]}}],"collection":[{"href":"https:\/\/inclusivenews.com.br\/index.php?rest_route=\/wp\/v2\/posts"}],"about":[{"href":"https:\/\/inclusivenews.com.br\/index.php?rest_route=\/wp\/v2\/types\/post"}],"author":[{"embeddable":true,"href":"https:\/\/inclusivenews.com.br\/index.php?rest_route=\/wp\/v2\/users\/1"}],"replies":[{"embeddable":true,"href":"https:\/\/inclusivenews.com.br\/index.php?rest_route=%2Fwp%2Fv2%2Fcomments&post=24170"}],"version-history":[{"count":0,"href":"https:\/\/inclusivenews.com.br\/index.php?rest_route=\/wp\/v2\/posts\/24170\/revisions"}],"wp:attachment":[{"href":"https:\/\/inclusivenews.com.br\/index.php?rest_route=%2Fwp%2Fv2%2Fmedia&parent=24170"}],"wp:term":[{"taxonomy":"category","embeddable":true,"href":"https:\/\/inclusivenews.com.br\/index.php?rest_route=%2Fwp%2Fv2%2Fcategories&post=24170"},{"taxonomy":"post_tag","embeddable":true,"href":"https:\/\/inclusivenews.com.br\/index.php?rest_route=%2Fwp%2Fv2%2Ftags&post=24170"}],"curies":[{"name":"wp","href":"https:\/\/api.w.org\/{rel}","templated":true}]}}