{"id":24173,"date":"2013-03-01T14:28:38","date_gmt":"2013-03-01T17:28:38","guid":{"rendered":"http:\/\/www.inclusive.org.br\/?p=24173"},"modified":"2013-03-01T14:28:38","modified_gmt":"2013-03-01T17:28:38","slug":"doenca-grave-e-deficiencia-fisica-e-mental-darao-prioridade-na-restituicao-do-ir-leia-mais-em","status":"publish","type":"post","link":"https:\/\/inclusivenews.com.br\/?p=24173","title":{"rendered":"Doen\u00e7a grave e defici\u00eancia f\u00edsica e mental dar\u00e3o prioridade na restitui\u00e7\u00e3o do IR    Leia mais em:"},"content":{"rendered":"<p><img loading=\"lazy\" decoding=\"async\" class=\"alignleft size-full wp-image-13089\" title=\"Inclusive - moeda mordida - capitalismo selvagem.\" src=\"http:\/\/inclusivenews.com.br\/wp-content\/uploads\/2009\/12\/Inclusive_moeda_mordida.jpg\" alt=\"\" width=\"229\" height=\"181\" \/><\/p>\n<p>Os contribuintes portadores de doen\u00e7as graves e os deficientes f\u00edsicos e mentais tamb\u00e9m ter\u00e3o prioridade na restitui\u00e7\u00e3o do Imposto de Renda a partir deste ano. At\u00e9 o ano passado, apenas os maiores de 60 anos de idade tinham essa prioridade (desde que a declara\u00e7\u00e3o n\u00e3o apresentasse problemas).<\/p>\n<p>A novidade est\u00e1 no programa da declara\u00e7\u00e3o deste ano. Ao abrir a declara\u00e7\u00e3o na ficha Identifica\u00e7\u00e3o do Contribuinte, h\u00e1 uma janela com a pergunta: &#8220;Um dos declarantes \u00e9 pessoa com doen\u00e7a grave ou portadora de defici\u00eancia f\u00edsica ou mental?&#8221;.<\/p>\n<p>A pergunta indica &#8220;um dos declarantes&#8221; para os casos em que a declara\u00e7\u00e3o \u00e9 em conjunto. Costumam declarar em conjunto casais de aposentados, especialmente quando ambos t\u00eam mais de 65 anos (nesse caso, h\u00e1 uma parcela adicional isenta a partir do m\u00eas em que o contribuinte completou aquela idade; para a declara\u00e7\u00e3o deste ano, o valor \u00e9 de R$ 1.637,11).<\/p>\n<p>Pelas regras em vigor, apenas os rendimentos de aposentadoria, pens\u00e3o ou reforma, incluindo a complementa\u00e7\u00e3o recebida de entidade privada e a pens\u00e3o aliment\u00edcia, s\u00e3o isentos caso o contribuinte seja portador de doen\u00e7as.<\/p>\n<p>Ser\u00e3o beneficiados na restitui\u00e7\u00e3o os portadores de Aids, aliena\u00e7\u00e3o mental, cardiopatia grave, cegueira, contamina\u00e7\u00e3o por radia\u00e7\u00e3o, doen\u00e7a de Paget em estados avan\u00e7ados (oste\u00edte deformante), doen\u00e7a de Parkinson, esclerose m\u00faltipla, espondiloartrose anquilosante, fibrose c\u00edstica (mucoviscidose), hansen\u00edase, nefropatia grave, hepatopatia grave, neoplasia maligna, tuberculose ativa e paralisia irrevers\u00edvel e incapacitante.<\/p>\n<p>Em todos esses casos, todo o rendimento (qualquer que seja o valor) \u00e9 isento do IR. Se o contribuinte tiver outras fontes de renda (como sal\u00e1rio, alugu\u00e9is etc.), entretanto, elas ser\u00e3o tributadas normalmente.<\/p>\n<p>Fonte: Folha de S\u00e3o Paulo<\/p>\n","protected":false},"excerpt":{"rendered":"<p>Ser\u00e3o beneficiados na restitui\u00e7\u00e3o os portadores de Aids, aliena\u00e7\u00e3o mental, cardiopatia grave, cegueira, contamina\u00e7\u00e3o por radia\u00e7\u00e3o, doen\u00e7a de Paget em estados avan\u00e7ados (oste\u00edte deformante), doen\u00e7a de Parkinson, esclerose m\u00faltipla, espondiloartrose anquilosante, fibrose c\u00edstica (mucoviscidose), hansen\u00edase, nefropatia grave, hepatopatia grave, neoplasia maligna, tuberculose ativa e paralisia irrevers\u00edvel e incapacitante.<\/p>\n","protected":false},"author":1,"featured_media":0,"comment_status":"open","ping_status":"open","sticky":false,"template":"","format":"standard","meta":{"site-container-style":"default","site-container-layout":"default","site-sidebar-layout":"default","disable-article-header":"default","disable-site-header":"default","disable-site-footer":"default","disable-content-area-spacing":"default","footnotes":""},"categories":[4],"tags":[],"class_list":["post-24173","post","type-post","status-publish","format-standard","hentry","category-noticias"],"yoast_head":"<!-- This site is optimized with the Yoast SEO plugin v27.4 - https:\/\/yoast.com\/product\/yoast-seo-wordpress\/ -->\n<title>Doen\u00e7a grave e defici\u00eancia f\u00edsica e mental dar\u00e3o prioridade na restitui\u00e7\u00e3o do IR  Leia mais em: -<\/title>\n<meta name=\"robots\" content=\"index, follow, max-snippet:-1, max-image-preview:large, max-video-preview:-1\" \/>\n<link rel=\"canonical\" href=\"https:\/\/inclusivenews.com.br\/?p=24173\" \/>\n<meta property=\"og:locale\" content=\"pt_PT\" \/>\n<meta property=\"og:type\" content=\"article\" \/>\n<meta property=\"og:title\" content=\"Doen\u00e7a grave e defici\u00eancia f\u00edsica e mental dar\u00e3o prioridade na restitui\u00e7\u00e3o do IR  Leia mais em: -\" \/>\n<meta property=\"og:description\" content=\"Ser\u00e3o beneficiados na restitui\u00e7\u00e3o os portadores de Aids, aliena\u00e7\u00e3o mental, cardiopatia grave, cegueira, contamina\u00e7\u00e3o por radia\u00e7\u00e3o, doen\u00e7a de Paget em estados avan\u00e7ados (oste\u00edte deformante), doen\u00e7a de Parkinson, esclerose m\u00faltipla, espondiloartrose anquilosante, fibrose c\u00edstica (mucoviscidose), hansen\u00edase, nefropatia grave, hepatopatia grave, neoplasia maligna, tuberculose ativa e paralisia irrevers\u00edvel e incapacitante.\" \/>\n<meta property=\"og:url\" content=\"https:\/\/inclusivenews.com.br\/?p=24173\" \/>\n<meta property=\"article:publisher\" content=\"https:\/\/www.facebook.com\/agenciainclusive\/\" \/>\n<meta property=\"article:published_time\" content=\"2013-03-01T17:28:38+00:00\" \/>\n<meta property=\"og:image\" content=\"http:\/\/inclusivenews.com.br\/wp-content\/uploads\/2009\/12\/Inclusive_moeda_mordida.jpg\" \/>\n<meta name=\"author\" content=\"inclusivenews2024\" \/>\n<meta name=\"twitter:card\" content=\"summary_large_image\" \/>\n<meta name=\"twitter:label1\" content=\"Escrito por\" \/>\n\t<meta name=\"twitter:data1\" content=\"inclusivenews2024\" \/>\n\t<meta name=\"twitter:label2\" content=\"Tempo estimado de leitura\" \/>\n\t<meta name=\"twitter:data2\" content=\"1 minuto\" \/>\n<script type=\"application\/ld+json\" class=\"yoast-schema-graph\">{\"@context\":\"https:\\\/\\\/schema.org\",\"@graph\":[{\"@type\":\"Article\",\"@id\":\"https:\\\/\\\/inclusivenews.com.br\\\/?p=24173#article\",\"isPartOf\":{\"@id\":\"https:\\\/\\\/inclusivenews.com.br\\\/?p=24173\"},\"author\":{\"name\":\"inclusivenews2024\",\"@id\":\"https:\\\/\\\/inclusivenews.com.br\\\/#\\\/schema\\\/person\\\/ae4ec7087559b8692fb33b6fffd2273b\"},\"headline\":\"Doen\u00e7a grave e defici\u00eancia f\u00edsica e mental dar\u00e3o prioridade na restitui\u00e7\u00e3o do IR Leia mais em:\",\"datePublished\":\"2013-03-01T17:28:38+00:00\",\"mainEntityOfPage\":{\"@id\":\"https:\\\/\\\/inclusivenews.com.br\\\/?p=24173\"},\"wordCount\":318,\"commentCount\":0,\"publisher\":{\"@id\":\"https:\\\/\\\/inclusivenews.com.br\\\/#organization\"},\"image\":{\"@id\":\"https:\\\/\\\/inclusivenews.com.br\\\/?p=24173#primaryimage\"},\"thumbnailUrl\":\"http:\\\/\\\/inclusivenews.com.br\\\/wp-content\\\/uploads\\\/2009\\\/12\\\/Inclusive_moeda_mordida.jpg\",\"articleSection\":[\"NOT\u00cdCIAS\"],\"inLanguage\":\"pt-PT\",\"potentialAction\":[{\"@type\":\"CommentAction\",\"name\":\"Comment\",\"target\":[\"https:\\\/\\\/inclusivenews.com.br\\\/?p=24173#respond\"]}]},{\"@type\":\"WebPage\",\"@id\":\"https:\\\/\\\/inclusivenews.com.br\\\/?p=24173\",\"url\":\"https:\\\/\\\/inclusivenews.com.br\\\/?p=24173\",\"name\":\"Doen\u00e7a grave e defici\u00eancia f\u00edsica e mental dar\u00e3o prioridade na restitui\u00e7\u00e3o do IR Leia mais em: -\",\"isPartOf\":{\"@id\":\"https:\\\/\\\/inclusivenews.com.br\\\/#website\"},\"primaryImageOfPage\":{\"@id\":\"https:\\\/\\\/inclusivenews.com.br\\\/?p=24173#primaryimage\"},\"image\":{\"@id\":\"https:\\\/\\\/inclusivenews.com.br\\\/?p=24173#primaryimage\"},\"thumbnailUrl\":\"http:\\\/\\\/inclusivenews.com.br\\\/wp-content\\\/uploads\\\/2009\\\/12\\\/Inclusive_moeda_mordida.jpg\",\"datePublished\":\"2013-03-01T17:28:38+00:00\",\"breadcrumb\":{\"@id\":\"https:\\\/\\\/inclusivenews.com.br\\\/?p=24173#breadcrumb\"},\"inLanguage\":\"pt-PT\",\"potentialAction\":[{\"@type\":\"ReadAction\",\"target\":[\"https:\\\/\\\/inclusivenews.com.br\\\/?p=24173\"]}]},{\"@type\":\"ImageObject\",\"inLanguage\":\"pt-PT\",\"@id\":\"https:\\\/\\\/inclusivenews.com.br\\\/?p=24173#primaryimage\",\"url\":\"\",\"contentUrl\":\"\"},{\"@type\":\"BreadcrumbList\",\"@id\":\"https:\\\/\\\/inclusivenews.com.br\\\/?p=24173#breadcrumb\",\"itemListElement\":[{\"@type\":\"ListItem\",\"position\":1,\"name\":\"In\u00edcio\",\"item\":\"https:\\\/\\\/inclusivenews.com.br\\\/\"},{\"@type\":\"ListItem\",\"position\":2,\"name\":\"Doen\u00e7a grave e defici\u00eancia f\u00edsica e mental dar\u00e3o prioridade na restitui\u00e7\u00e3o do IR Leia mais em:\"}]},{\"@type\":\"WebSite\",\"@id\":\"https:\\\/\\\/inclusivenews.com.br\\\/#website\",\"url\":\"https:\\\/\\\/inclusivenews.com.br\\\/\",\"name\":\"Inclusive News\",\"description\":\"Inclusive News\",\"publisher\":{\"@id\":\"https:\\\/\\\/inclusivenews.com.br\\\/#organization\"},\"potentialAction\":[{\"@type\":\"SearchAction\",\"target\":{\"@type\":\"EntryPoint\",\"urlTemplate\":\"https:\\\/\\\/inclusivenews.com.br\\\/?s={search_term_string}\"},\"query-input\":{\"@type\":\"PropertyValueSpecification\",\"valueRequired\":true,\"valueName\":\"search_term_string\"}}],\"inLanguage\":\"pt-PT\"},{\"@type\":\"Organization\",\"@id\":\"https:\\\/\\\/inclusivenews.com.br\\\/#organization\",\"name\":\"Inclusive - inclus\u00e3o e cidadania\",\"url\":\"https:\\\/\\\/inclusivenews.com.br\\\/\",\"logo\":{\"@type\":\"ImageObject\",\"inLanguage\":\"pt-PT\",\"@id\":\"https:\\\/\\\/inclusivenews.com.br\\\/#\\\/schema\\\/logo\\\/image\\\/\",\"url\":\"https:\\\/\\\/inclusivenews.com.br\\\/wp-content\\\/uploads\\\/2024\\\/03\\\/@grandesite.png\",\"contentUrl\":\"https:\\\/\\\/inclusivenews.com.br\\\/wp-content\\\/uploads\\\/2024\\\/03\\\/@grandesite.png\",\"width\":1080,\"height\":1080,\"caption\":\"Inclusive - inclus\u00e3o e cidadania\"},\"image\":{\"@id\":\"https:\\\/\\\/inclusivenews.com.br\\\/#\\\/schema\\\/logo\\\/image\\\/\"},\"sameAs\":[\"https:\\\/\\\/www.facebook.com\\\/agenciainclusive\\\/\",\"https:\\\/\\\/www.instagram.com\\\/newsinclusive\\\/\"]},{\"@type\":\"Person\",\"@id\":\"https:\\\/\\\/inclusivenews.com.br\\\/#\\\/schema\\\/person\\\/ae4ec7087559b8692fb33b6fffd2273b\",\"name\":\"inclusivenews2024\",\"image\":{\"@type\":\"ImageObject\",\"inLanguage\":\"pt-PT\",\"@id\":\"https:\\\/\\\/secure.gravatar.com\\\/avatar\\\/c5a7ef84c66fa914f55bc4f7ce26cfa275a3b9a1c5568b907bd184fb4dde7b40?s=96&d=mm&r=g\",\"url\":\"https:\\\/\\\/secure.gravatar.com\\\/avatar\\\/c5a7ef84c66fa914f55bc4f7ce26cfa275a3b9a1c5568b907bd184fb4dde7b40?s=96&d=mm&r=g\",\"contentUrl\":\"https:\\\/\\\/secure.gravatar.com\\\/avatar\\\/c5a7ef84c66fa914f55bc4f7ce26cfa275a3b9a1c5568b907bd184fb4dde7b40?s=96&d=mm&r=g\",\"caption\":\"inclusivenews2024\"},\"sameAs\":[\"https:\\\/\\\/inclusivenews.com.br\"],\"url\":\"https:\\\/\\\/inclusivenews.com.br\\\/?author=1\"}]}<\/script>\n<!-- \/ Yoast SEO plugin. -->","yoast_head_json":{"title":"Doen\u00e7a grave e defici\u00eancia f\u00edsica e mental dar\u00e3o prioridade na restitui\u00e7\u00e3o do IR  Leia mais em: -","robots":{"index":"index","follow":"follow","max-snippet":"max-snippet:-1","max-image-preview":"max-image-preview:large","max-video-preview":"max-video-preview:-1"},"canonical":"https:\/\/inclusivenews.com.br\/?p=24173","og_locale":"pt_PT","og_type":"article","og_title":"Doen\u00e7a grave e defici\u00eancia f\u00edsica e mental dar\u00e3o prioridade na restitui\u00e7\u00e3o do IR  Leia mais em: -","og_description":"Ser\u00e3o beneficiados na restitui\u00e7\u00e3o os portadores de Aids, aliena\u00e7\u00e3o mental, cardiopatia grave, cegueira, contamina\u00e7\u00e3o por radia\u00e7\u00e3o, doen\u00e7a de Paget em estados avan\u00e7ados (oste\u00edte deformante), doen\u00e7a de Parkinson, esclerose m\u00faltipla, espondiloartrose anquilosante, fibrose c\u00edstica (mucoviscidose), hansen\u00edase, nefropatia grave, hepatopatia grave, neoplasia maligna, tuberculose ativa e paralisia irrevers\u00edvel e incapacitante.","og_url":"https:\/\/inclusivenews.com.br\/?p=24173","article_publisher":"https:\/\/www.facebook.com\/agenciainclusive\/","article_published_time":"2013-03-01T17:28:38+00:00","og_image":[{"url":"http:\/\/inclusivenews.com.br\/wp-content\/uploads\/2009\/12\/Inclusive_moeda_mordida.jpg","type":"","width":"","height":""}],"author":"inclusivenews2024","twitter_card":"summary_large_image","twitter_misc":{"Escrito por":"inclusivenews2024","Tempo estimado de leitura":"1 minuto"},"schema":{"@context":"https:\/\/schema.org","@graph":[{"@type":"Article","@id":"https:\/\/inclusivenews.com.br\/?p=24173#article","isPartOf":{"@id":"https:\/\/inclusivenews.com.br\/?p=24173"},"author":{"name":"inclusivenews2024","@id":"https:\/\/inclusivenews.com.br\/#\/schema\/person\/ae4ec7087559b8692fb33b6fffd2273b"},"headline":"Doen\u00e7a grave e defici\u00eancia f\u00edsica e mental dar\u00e3o prioridade na restitui\u00e7\u00e3o do IR Leia mais em:","datePublished":"2013-03-01T17:28:38+00:00","mainEntityOfPage":{"@id":"https:\/\/inclusivenews.com.br\/?p=24173"},"wordCount":318,"commentCount":0,"publisher":{"@id":"https:\/\/inclusivenews.com.br\/#organization"},"image":{"@id":"https:\/\/inclusivenews.com.br\/?p=24173#primaryimage"},"thumbnailUrl":"http:\/\/inclusivenews.com.br\/wp-content\/uploads\/2009\/12\/Inclusive_moeda_mordida.jpg","articleSection":["NOT\u00cdCIAS"],"inLanguage":"pt-PT","potentialAction":[{"@type":"CommentAction","name":"Comment","target":["https:\/\/inclusivenews.com.br\/?p=24173#respond"]}]},{"@type":"WebPage","@id":"https:\/\/inclusivenews.com.br\/?p=24173","url":"https:\/\/inclusivenews.com.br\/?p=24173","name":"Doen\u00e7a grave e defici\u00eancia f\u00edsica e mental dar\u00e3o prioridade na restitui\u00e7\u00e3o do IR Leia mais em: -","isPartOf":{"@id":"https:\/\/inclusivenews.com.br\/#website"},"primaryImageOfPage":{"@id":"https:\/\/inclusivenews.com.br\/?p=24173#primaryimage"},"image":{"@id":"https:\/\/inclusivenews.com.br\/?p=24173#primaryimage"},"thumbnailUrl":"http:\/\/inclusivenews.com.br\/wp-content\/uploads\/2009\/12\/Inclusive_moeda_mordida.jpg","datePublished":"2013-03-01T17:28:38+00:00","breadcrumb":{"@id":"https:\/\/inclusivenews.com.br\/?p=24173#breadcrumb"},"inLanguage":"pt-PT","potentialAction":[{"@type":"ReadAction","target":["https:\/\/inclusivenews.com.br\/?p=24173"]}]},{"@type":"ImageObject","inLanguage":"pt-PT","@id":"https:\/\/inclusivenews.com.br\/?p=24173#primaryimage","url":"","contentUrl":""},{"@type":"BreadcrumbList","@id":"https:\/\/inclusivenews.com.br\/?p=24173#breadcrumb","itemListElement":[{"@type":"ListItem","position":1,"name":"In\u00edcio","item":"https:\/\/inclusivenews.com.br\/"},{"@type":"ListItem","position":2,"name":"Doen\u00e7a grave e defici\u00eancia f\u00edsica e mental dar\u00e3o prioridade na restitui\u00e7\u00e3o do IR Leia mais em:"}]},{"@type":"WebSite","@id":"https:\/\/inclusivenews.com.br\/#website","url":"https:\/\/inclusivenews.com.br\/","name":"Inclusive News","description":"Inclusive News","publisher":{"@id":"https:\/\/inclusivenews.com.br\/#organization"},"potentialAction":[{"@type":"SearchAction","target":{"@type":"EntryPoint","urlTemplate":"https:\/\/inclusivenews.com.br\/?s={search_term_string}"},"query-input":{"@type":"PropertyValueSpecification","valueRequired":true,"valueName":"search_term_string"}}],"inLanguage":"pt-PT"},{"@type":"Organization","@id":"https:\/\/inclusivenews.com.br\/#organization","name":"Inclusive - inclus\u00e3o e cidadania","url":"https:\/\/inclusivenews.com.br\/","logo":{"@type":"ImageObject","inLanguage":"pt-PT","@id":"https:\/\/inclusivenews.com.br\/#\/schema\/logo\/image\/","url":"https:\/\/inclusivenews.com.br\/wp-content\/uploads\/2024\/03\/@grandesite.png","contentUrl":"https:\/\/inclusivenews.com.br\/wp-content\/uploads\/2024\/03\/@grandesite.png","width":1080,"height":1080,"caption":"Inclusive - inclus\u00e3o e cidadania"},"image":{"@id":"https:\/\/inclusivenews.com.br\/#\/schema\/logo\/image\/"},"sameAs":["https:\/\/www.facebook.com\/agenciainclusive\/","https:\/\/www.instagram.com\/newsinclusive\/"]},{"@type":"Person","@id":"https:\/\/inclusivenews.com.br\/#\/schema\/person\/ae4ec7087559b8692fb33b6fffd2273b","name":"inclusivenews2024","image":{"@type":"ImageObject","inLanguage":"pt-PT","@id":"https:\/\/secure.gravatar.com\/avatar\/c5a7ef84c66fa914f55bc4f7ce26cfa275a3b9a1c5568b907bd184fb4dde7b40?s=96&d=mm&r=g","url":"https:\/\/secure.gravatar.com\/avatar\/c5a7ef84c66fa914f55bc4f7ce26cfa275a3b9a1c5568b907bd184fb4dde7b40?s=96&d=mm&r=g","contentUrl":"https:\/\/secure.gravatar.com\/avatar\/c5a7ef84c66fa914f55bc4f7ce26cfa275a3b9a1c5568b907bd184fb4dde7b40?s=96&d=mm&r=g","caption":"inclusivenews2024"},"sameAs":["https:\/\/inclusivenews.com.br"],"url":"https:\/\/inclusivenews.com.br\/?author=1"}]}},"_links":{"self":[{"href":"https:\/\/inclusivenews.com.br\/index.php?rest_route=\/wp\/v2\/posts\/24173","targetHints":{"allow":["GET"]}}],"collection":[{"href":"https:\/\/inclusivenews.com.br\/index.php?rest_route=\/wp\/v2\/posts"}],"about":[{"href":"https:\/\/inclusivenews.com.br\/index.php?rest_route=\/wp\/v2\/types\/post"}],"author":[{"embeddable":true,"href":"https:\/\/inclusivenews.com.br\/index.php?rest_route=\/wp\/v2\/users\/1"}],"replies":[{"embeddable":true,"href":"https:\/\/inclusivenews.com.br\/index.php?rest_route=%2Fwp%2Fv2%2Fcomments&post=24173"}],"version-history":[{"count":0,"href":"https:\/\/inclusivenews.com.br\/index.php?rest_route=\/wp\/v2\/posts\/24173\/revisions"}],"wp:attachment":[{"href":"https:\/\/inclusivenews.com.br\/index.php?rest_route=%2Fwp%2Fv2%2Fmedia&parent=24173"}],"wp:term":[{"taxonomy":"category","embeddable":true,"href":"https:\/\/inclusivenews.com.br\/index.php?rest_route=%2Fwp%2Fv2%2Fcategories&post=24173"},{"taxonomy":"post_tag","embeddable":true,"href":"https:\/\/inclusivenews.com.br\/index.php?rest_route=%2Fwp%2Fv2%2Ftags&post=24173"}],"curies":[{"name":"wp","href":"https:\/\/api.w.org\/{rel}","templated":true}]}}