{"id":24183,"date":"2013-03-01T14:48:55","date_gmt":"2013-03-01T17:48:55","guid":{"rendered":"http:\/\/www.inclusive.org.br\/?p=24183"},"modified":"2013-03-01T14:48:55","modified_gmt":"2013-03-01T17:48:55","slug":"10-coisas-que-toda-crianca-com-autismo-gostaria-que-voce-soubesse","status":"publish","type":"post","link":"https:\/\/inclusivenews.com.br\/?p=24183","title":{"rendered":"10 coisas que toda crian\u00e7a com autismo gostaria que voc\u00ea soubesse"},"content":{"rendered":"<figure id=\"attachment_13327\" aria-describedby=\"caption-attachment-13327\" style=\"width: 177px\" class=\"wp-caption alignleft\"><img loading=\"lazy\" decoding=\"async\" class=\"size-full wp-image-13327 \" title=\"Fita com desenho de pe\u00e7as coloridas de quebra-cabe\u00e7as, simbolo do autismo.\" src=\"http:\/\/inclusivenews.com.br\/wp-content\/uploads\/2010\/01\/autismo.jpg\" alt=\"Fita com desenho de pe\u00e7as coloridas de quebra-cabe\u00e7as, simbolo do autismol\" width=\"177\" height=\"310\" \/><figcaption id=\"caption-attachment-13327\" class=\"wp-caption-text\"> <\/figcaption><\/figure>\n<p>1) Antes de tudo eu sou uma crian\u00e7a. Eu tenho autismo. Eu n\u00e3o sou somente &#8220;Autista&#8221;. O meu autismo \u00e9 s\u00f3 um aspecto do meu car\u00e1ter.<\/p>\n<p>N\u00e3o me define como pessoa. Voc\u00ea \u00e9 uma pessoa com pensamentos, sentimentos e talentos. Ou voc\u00ea \u00e9 somente gordo, magro, alto, baixo, m\u00edope.<\/p>\n<p>Talvez estas sejam algumas coisas que eu perceba quando conhecer voc\u00ea, mas isso n\u00e3o \u00e9 necessariamente o que voc\u00ea \u00e9. Sendo um adulto, voc\u00ea tem algum controle de como se auto-define. Se quer excluir uma caracter\u00edstica, pode se expressar de maneira diferente.<\/p>\n<p>Sendo crian\u00e7a eu ainda estou descobrindo.Nem voc\u00ea ou eu podemos saber do que eu sou capaz. Definir-me somente por uma caracter\u00edstica, acaba-se correndo o risco de manter expectativas que ser\u00e3o pequenas para mim.E se eu sinto que voc\u00ea acha que n\u00e3o posso fazer algo, a minha resposta naturalmente ser\u00e1: Para que tentar?<\/p>\n<p>2) A minha percep\u00e7\u00e3o sensorial \u00e9 desordenada. Intera\u00e7\u00e3o sensorial pode ser o aspecto mais dif\u00edcil para se compreender o autismo.<\/p>\n<p>Quer dizer que sentidos ordin\u00e1rios como audi\u00e7\u00e3o, olfato, paladar, toque, sensa\u00e7\u00f5es que passam desapercebidas no seu dia a dia podem ser doloridas para mim.<\/p>\n<p>O ambiente em que eu vivo pode ser hostil para mim. Eu posso parecer distra\u00eddo ou em outro planeta, mas eu s\u00f3 estou tentando me defender.<\/p>\n<p>Vou explicar o porqu\u00ea: uma simples ida ao mercado pode ser um inferno para mim: a minha audi\u00e7\u00e3o pode ser muito sens\u00edvel.<\/p>\n<p>Muitas pessoas podem estar falando ao mesmo tempo, m\u00fasica, an\u00fancios, barulho da caixa registradora, celulares tocando, crian\u00e7as chorando, pessoas tossindo, luzes fluorescentes.<\/p>\n<p>O meu c\u00e9rebro n\u00e3o pode assimilar todas estas informa\u00e7\u00f5es, provocando em mim uma perda de controle. O meu olfato pode ser muito sens\u00edvel.<\/p>\n<p>O peixe que est\u00e1 \u00e0 venda na peixaria n\u00e3o est\u00e1 fresco. A pessoa que est\u00e1 perto pode n\u00e3o ter tomado banho hoje. O beb\u00ea ao lado pode estar com uma fralda suja.O ch\u00e3o pode ter sido limpo com am\u00f4nia. Eu n\u00e3o consigo separar os cheiros e come\u00e7o a passar mal. Porque o meu sentido principal \u00e9 o visual.<\/p>\n<p>Ent\u00e3o, a vis\u00e3o pode ser o primeiro sentido a ser super-estimulado. A luz fluorescente n\u00e3o \u00e9 somente muito brilhante, ela pisca e pode fazer um barulho.<\/p>\n<p>O quarto parece pulsar e isso machuca os meus olhos. Esta pulsa\u00e7\u00e3o da luz cobre tudo e distorce o que estou vendo. O espa\u00e7o parece estar sempre mudando.<\/p>\n<p>Eu vejo um brilho na janela, s\u00e3o muitas coisas para que eu consiga me concentrar. O ventilador, as pessoas andando de um lado para o outro&#8230; Tudo isso afeta os meus sentidos e agora eu n\u00e3o sei onde o meu corpo est\u00e1 neste espa\u00e7o.<\/p>\n<p>3) Por favor, lembre de distinguir entre n\u00e3o poder (eu n\u00e3o quero fazer) e eu n\u00e3o posso (eu n\u00e3o consigo fazer) Receber e expressar a linguagem e vocabul\u00e1rio pode ser muito dif\u00edcil para mim.<\/p>\n<p>N\u00e3o \u00e9 que eu n\u00e3o escute as frases. \u00c9 que eu n\u00e3o te compreendo.Quando voc\u00ea me chama do outro lado do quarto, isto \u00e9 o que eu escuto &#8220;BBBFFFZZZZSWERSRTDSRDTYFDYT Jo\u00e3o&#8221;.<\/p>\n<p>Ao inv\u00e9s disso, venha falar comigo diretamente com um vocabul\u00e1rio simples: &#8220;Jo\u00e3o, por favor, coloque o seu livro na estante. Est\u00e1 na hora de almo\u00e7ar&#8221;. Isso me diz o que voc\u00ea quer que eu fa\u00e7a e o que vai acontecer depois. Assim \u00e9 mais f\u00e1cil para compreender.<\/p>\n<p>4) Eu sou um &#8220;pensador concreto&#8221; (CONCRETE THINKER). O meu pensamento \u00e9 concreto, n\u00e3o consigo fazer abstra\u00e7\u00f5es.Eu interpreto muito pouco o sentido oculto das palavras.<\/p>\n<p>\u00c9 muito confuso para mim quando voc\u00ea diz &#8220;n\u00e3o enche o saco&#8221;, quando o que voc\u00ea quer dizer \u00e9 &#8220;n\u00e3o me aborre\u00e7a&#8221;. N\u00e3o diga que &#8220;isso \u00e9 moleza, \u00e9 mam\u00e3o com a\u00e7\u00facar&#8221; quando n\u00e3o h\u00e1 nenhum mam\u00e3o com a\u00e7\u00facar por perto e o que voc\u00ea quer dizer \u00e9 que isso e algo f\u00e1cil de fazer.G\u00edrias, piadas, duplas inten\u00e7\u00f5es, par\u00e1frases, indiretas, sarcasmo eu n\u00e3o compreendo.<\/p>\n<p>5) Por favor, tenha paci\u00eancia com o meu vocabul\u00e1rio limitado.Dizer o que eu preciso \u00e9 muito dif\u00edcil para mim, quando n\u00e3o sei as palavras para descrever o que sinto.<\/p>\n<p>Posso estar com fome, frustrado, com medo e confuso, mas agora estas palavras est\u00e3o al\u00e9m da minha capacidade, do que eu possa expressar. Por isso, preste aten\u00e7\u00e3o na linguagem do meu corpo (retra\u00e7\u00e3o, agita\u00e7\u00e3o ou outros sinais de que algo est\u00e1 errado).<\/p>\n<p>Por outro lado, posso parecer como um pequeno professor ou um artista de cinema dizendo palavras acima da minha capacidade na minha idade. Na verdade, s\u00e3o palavras que eu memorizei do mundo ao meu redor para compensar a minha defici\u00eancia na linguagem.<\/p>\n<p>Por que eu sei exatamente o que \u00e9 esperado de mim como resposta quando algu\u00e9m fala comigo. As palavras dif\u00edceis que de vez em quando falo podem vir de livros, TV, ou at\u00e9 mesmo serem palavras de outras pessoas. Isto \u00e9 chamado de ECOLALIA. N\u00e3o preciso compreender o contexto das palavras que estou usando. Eu s\u00f3 sei que devo dizer alguma coisa.<\/p>\n<p>6) Eu sou muito orientado visualmente porque a linguagem \u00e9 muito dif\u00edcil para mim.Por favor, me mostre como fazer alguma coisa ao inv\u00e9s de simplesmente me dizer. E, por favor, esteja preparado para me mostrar muitas vezes. Repeti\u00e7\u00f5es consistentes me ajudam a aprender.<\/p>\n<p>Um esquema visual me ajuda durante o dia-a-dia. Alivia-me do stress de ter que lembrar o que vai acontecer. Ajuda-me a ter uma transi\u00e7\u00e3o mais f\u00e1cil entre uma atividade e outra. Ajuda-me a controlar o tempo, as minhas atividades e alcan\u00e7ar as suas expectativas.<\/p>\n<p>Eu n\u00e3o vou perder a necessidade de ter um esquema visual por estar crescendo. Mas o meu n\u00edvel de representa\u00e7\u00e3o pode mudar. Antes que eu possa ler, preciso de um esquema visual com fotografias ou desenhos simples. Com o meu crescimento, uma combina\u00e7\u00e3o de palavras e fotos pode ajudar mais tarde a conhecer as palavras.<\/p>\n<p>7) Por favor, preste aten\u00e7\u00e3o e diga o que eu posso fazer ao inv\u00e9s de s\u00f3 dizer o que eu n\u00e3o posso fazer. Como qualquer outro ser humano n\u00e3o posso aprender em um ambiente onde sempre me sinta in\u00fatil, que h\u00e1 algo errado comigo e que preciso de CONSERTO.<\/p>\n<p>Para que tentar fazer alguma coisa nova quando sei que vou ser criticado? Construtivamente ou n\u00e3o \u00e9 uma coisa que vou evitar. Procure o meu potencial e voc\u00ea vai encontrar muitos! Terei mais que uma maneira para fazer as coisas.<\/p>\n<p>8) Por favor, me ajude com intera\u00e7\u00f5es sociais, pode parecer que n\u00e3o quero brincar com as outras crian\u00e7as no parque, mas algumas vezes simplesmente n\u00e3o sei como come\u00e7ar uma conversa ou entrar na brincadeira. Se voc\u00ea pode encorajar outras crian\u00e7as a me convidarem a jogar futebol ou brincar com carrinhos, talvez eu fique muito feliz por ser inclu\u00eddo.<\/p>\n<p>Eu sou melhor em brincadeiras que tenham atividades com estrutura come\u00e7o-meio-fim. N\u00e3o sei como &#8220;LER&#8221; express\u00e3o facial, linguagem corporal ou emo\u00e7\u00f5es de outras pessoas. Agrade\u00e7o se voc\u00ea me ensinar como devo responder socialmente.<\/p>\n<p>Exemplo: Se eu rir quando Sandra cair do escorregador n\u00e3o \u00e9 que eu ache engra\u00e7ado. \u00c9 que eu n\u00e3o sei como agir socialmente. Ensine-me a dizer: Voc\u00ea esta bem?.<\/p>\n<p>9) Tente encontrar o que provoca a minha perda de controle.Perda de controle, &#8220;chilique&#8221;, birra, mal-cria\u00e7\u00e3o, esc\u00e2ndalo, como voc\u00ea quiser chamar, eles s\u00e3o mais horr\u00edveis para mim do que para voc\u00ea. Eles acontecem porque um ou mais dos meus sentidos foi estimulado ao extremo.<\/p>\n<p>Se voc\u00ea conseguir descobrir o que causa a minha perda de controle, isso poder\u00e1 ser prevenido &#8211; ou at\u00e9 evitado. Mantenha um di\u00e1rio de horas, lugares pessoas e atividades. Voc\u00ea encontrar uma seq\u00fc\u00eancia pode parecer dif\u00edcil no come\u00e7o, mas, com certeza, vai conseguir. Tente lembrar que todo comportamento \u00e9 uma forma de comunica\u00e7\u00e3o.<\/p>\n<p>Isso dir\u00e1 a voc\u00ea o que as minhas palavras n\u00e3o podem dizer: como eu sinto o meu ambiente e o que est\u00e1 acontecendo dentro dele.<\/p>\n<p>10) Se voc\u00ea \u00e9 um membro da fam\u00edlia me ame sem nenhuma condi\u00e7\u00e3o.Elimine pensamentos como &#8220;Se ele pelo menos pudesse\u2026&#8221; ou &#8220;Porque ele n\u00e3o pode\u2026&#8221; Voc\u00ea n\u00e3o conseguiu atender a todas as expectativas que os seus pais tinham para voc\u00ea e voc\u00ea n\u00e3o gostaria de ser sempre lembrado disso.<\/p>\n<p>Eu n\u00e3o escolhi ser autista. Mas lembre-se que isto est\u00e1 acontecendo comigo e n\u00e3o com voc\u00ea. Sem a sua ajuda a minha chance de alcan\u00e7ar uma vida adulta digna ser\u00e1 pequena. Com o seu suporte e guia, a possibilidade \u00e9 maior do que voc\u00ea pensa.<\/p>\n<p>Eu prometo: EU VALHO A PENA. E, finalmente tr\u00eas palavras m\u00e1gicas: Paci\u00eancia, Paci\u00eancia, Paci\u00eancia. Ajuda a ver o meu autismo como uma habilidade diferente e n\u00e3o uma desabilidade. Olhe por cima do que voc\u00ea acha que seja uma limita\u00e7\u00e3o e veja o presente que o autismo me deu.<\/p>\n<p>Talvez seja verdade que eu n\u00e3o seja bom no contato olho no olho e conversas, mas voc\u00ea notou que eu n\u00e3o minto, roubo em jogos, fofoco com as colegas de classe ou julgo outras pessoas? \u00c9 verdade que eu n\u00e3o vou ser um Ronaldinho &#8220;Fen\u00f4meno&#8221; do futebol.<\/p>\n<p>Mas, com a minha capacidade de prestar aten\u00e7\u00e3o e de concentra\u00e7\u00e3o no que me interessa, eu posso ser o pr\u00f3ximo Einstein, Mozart ou Van Gogh. Eles tamb\u00e9m tinham autismo, uma poss\u00edvel resposta para Alzaheim o enigma da vida extraterrestre<\/p>\n<p>O que o futuro tem guardado para crian\u00e7as autistas como eu, est\u00e1 no pr\u00f3prio futuro. Tudo que eu posso ser n\u00e3o vai acontecer sem voc\u00ea sendo a minha Base. Pense sobre estas &#8220;regras&#8221; sociais e se elas n\u00e3o fazem sentido para mim, deixe de lado. Seja o meu protetor seja o meu amigo e n\u00f3s vamos ver ate onde eu posso ir.<\/p>\n<p>CONTO COM VOC\u00ca!!!<\/p>\n<p>Fonte: <a href=\"http:\/\/www.autimismo.com.br\/\" target=\"_blank\" rel=\"noopener\">Autimismo<\/a><\/p>\n","protected":false},"excerpt":{"rendered":"<p>Antes de tudo eu sou uma crian\u00e7a. Eu tenho autismo. Eu n\u00e3o sou somente &#8220;Autista&#8221;. O meu autismo \u00e9 s\u00f3 um aspecto do meu car\u00e1ter. Texto \u00e9 do blog Autimismo.<\/p>\n","protected":false},"author":1,"featured_media":0,"comment_status":"open","ping_status":"open","sticky":false,"template":"","format":"standard","meta":{"site-container-style":"default","site-container-layout":"default","site-sidebar-layout":"default","disable-article-header":"default","disable-site-header":"default","disable-site-footer":"default","disable-content-area-spacing":"default","footnotes":""},"categories":[54,10],"tags":[34],"class_list":["post-24183","post","type-post","status-publish","format-standard","hentry","category-blogs-e-webs","category-publicacoes","tag-autismo"],"yoast_head":"<!-- This site is optimized with the Yoast SEO plugin v27.4 - https:\/\/yoast.com\/product\/yoast-seo-wordpress\/ -->\n<title>10 coisas que toda crian\u00e7a com autismo gostaria que voc\u00ea soubesse -<\/title>\n<meta name=\"robots\" content=\"index, follow, max-snippet:-1, max-image-preview:large, max-video-preview:-1\" \/>\n<link rel=\"canonical\" href=\"https:\/\/inclusivenews.com.br\/?p=24183\" \/>\n<meta property=\"og:locale\" content=\"pt_PT\" \/>\n<meta property=\"og:type\" content=\"article\" \/>\n<meta property=\"og:title\" content=\"10 coisas que toda crian\u00e7a com autismo gostaria que voc\u00ea soubesse -\" \/>\n<meta property=\"og:description\" content=\"Antes de tudo eu sou uma crian\u00e7a. Eu tenho autismo. Eu n\u00e3o sou somente &quot;Autista&quot;. O meu autismo \u00e9 s\u00f3 um aspecto do meu car\u00e1ter. Texto \u00e9 do blog Autimismo.\" \/>\n<meta property=\"og:url\" content=\"https:\/\/inclusivenews.com.br\/?p=24183\" \/>\n<meta property=\"article:publisher\" content=\"https:\/\/www.facebook.com\/agenciainclusive\/\" \/>\n<meta property=\"article:published_time\" content=\"2013-03-01T17:48:55+00:00\" \/>\n<meta property=\"og:image\" content=\"http:\/\/inclusivenews.com.br\/wp-content\/uploads\/2010\/01\/autismo.jpg\" \/>\n<meta name=\"author\" content=\"inclusivenews2024\" \/>\n<meta name=\"twitter:card\" content=\"summary_large_image\" \/>\n<meta name=\"twitter:label1\" content=\"Escrito por\" \/>\n\t<meta name=\"twitter:data1\" content=\"inclusivenews2024\" \/>\n\t<meta name=\"twitter:label2\" content=\"Tempo estimado de leitura\" \/>\n\t<meta name=\"twitter:data2\" content=\"9 minutos\" \/>\n<script type=\"application\/ld+json\" class=\"yoast-schema-graph\">{\"@context\":\"https:\\\/\\\/schema.org\",\"@graph\":[{\"@type\":\"Article\",\"@id\":\"https:\\\/\\\/inclusivenews.com.br\\\/?p=24183#article\",\"isPartOf\":{\"@id\":\"https:\\\/\\\/inclusivenews.com.br\\\/?p=24183\"},\"author\":{\"name\":\"inclusivenews2024\",\"@id\":\"https:\\\/\\\/inclusivenews.com.br\\\/#\\\/schema\\\/person\\\/ae4ec7087559b8692fb33b6fffd2273b\"},\"headline\":\"10 coisas que toda crian\u00e7a com autismo gostaria que voc\u00ea soubesse\",\"datePublished\":\"2013-03-01T17:48:55+00:00\",\"mainEntityOfPage\":{\"@id\":\"https:\\\/\\\/inclusivenews.com.br\\\/?p=24183\"},\"wordCount\":1725,\"commentCount\":8,\"publisher\":{\"@id\":\"https:\\\/\\\/inclusivenews.com.br\\\/#organization\"},\"image\":{\"@id\":\"https:\\\/\\\/inclusivenews.com.br\\\/?p=24183#primaryimage\"},\"thumbnailUrl\":\"http:\\\/\\\/inclusivenews.com.br\\\/wp-content\\\/uploads\\\/2010\\\/01\\\/autismo.jpg\",\"keywords\":[\"Autismo\"],\"articleSection\":[\"Blogs e Webs\",\"PUBLICA\u00c7\u00d5ES\"],\"inLanguage\":\"pt-PT\",\"potentialAction\":[{\"@type\":\"CommentAction\",\"name\":\"Comment\",\"target\":[\"https:\\\/\\\/inclusivenews.com.br\\\/?p=24183#respond\"]}]},{\"@type\":\"WebPage\",\"@id\":\"https:\\\/\\\/inclusivenews.com.br\\\/?p=24183\",\"url\":\"https:\\\/\\\/inclusivenews.com.br\\\/?p=24183\",\"name\":\"10 coisas que toda crian\u00e7a com autismo gostaria que voc\u00ea soubesse -\",\"isPartOf\":{\"@id\":\"https:\\\/\\\/inclusivenews.com.br\\\/#website\"},\"primaryImageOfPage\":{\"@id\":\"https:\\\/\\\/inclusivenews.com.br\\\/?p=24183#primaryimage\"},\"image\":{\"@id\":\"https:\\\/\\\/inclusivenews.com.br\\\/?p=24183#primaryimage\"},\"thumbnailUrl\":\"http:\\\/\\\/inclusivenews.com.br\\\/wp-content\\\/uploads\\\/2010\\\/01\\\/autismo.jpg\",\"datePublished\":\"2013-03-01T17:48:55+00:00\",\"breadcrumb\":{\"@id\":\"https:\\\/\\\/inclusivenews.com.br\\\/?p=24183#breadcrumb\"},\"inLanguage\":\"pt-PT\",\"potentialAction\":[{\"@type\":\"ReadAction\",\"target\":[\"https:\\\/\\\/inclusivenews.com.br\\\/?p=24183\"]}]},{\"@type\":\"ImageObject\",\"inLanguage\":\"pt-PT\",\"@id\":\"https:\\\/\\\/inclusivenews.com.br\\\/?p=24183#primaryimage\",\"url\":\"\",\"contentUrl\":\"\"},{\"@type\":\"BreadcrumbList\",\"@id\":\"https:\\\/\\\/inclusivenews.com.br\\\/?p=24183#breadcrumb\",\"itemListElement\":[{\"@type\":\"ListItem\",\"position\":1,\"name\":\"In\u00edcio\",\"item\":\"https:\\\/\\\/inclusivenews.com.br\\\/\"},{\"@type\":\"ListItem\",\"position\":2,\"name\":\"10 coisas que toda crian\u00e7a com autismo gostaria que voc\u00ea soubesse\"}]},{\"@type\":\"WebSite\",\"@id\":\"https:\\\/\\\/inclusivenews.com.br\\\/#website\",\"url\":\"https:\\\/\\\/inclusivenews.com.br\\\/\",\"name\":\"Inclusive News\",\"description\":\"Inclusive News\",\"publisher\":{\"@id\":\"https:\\\/\\\/inclusivenews.com.br\\\/#organization\"},\"potentialAction\":[{\"@type\":\"SearchAction\",\"target\":{\"@type\":\"EntryPoint\",\"urlTemplate\":\"https:\\\/\\\/inclusivenews.com.br\\\/?s={search_term_string}\"},\"query-input\":{\"@type\":\"PropertyValueSpecification\",\"valueRequired\":true,\"valueName\":\"search_term_string\"}}],\"inLanguage\":\"pt-PT\"},{\"@type\":\"Organization\",\"@id\":\"https:\\\/\\\/inclusivenews.com.br\\\/#organization\",\"name\":\"Inclusive - inclus\u00e3o e cidadania\",\"url\":\"https:\\\/\\\/inclusivenews.com.br\\\/\",\"logo\":{\"@type\":\"ImageObject\",\"inLanguage\":\"pt-PT\",\"@id\":\"https:\\\/\\\/inclusivenews.com.br\\\/#\\\/schema\\\/logo\\\/image\\\/\",\"url\":\"https:\\\/\\\/inclusivenews.com.br\\\/wp-content\\\/uploads\\\/2024\\\/03\\\/@grandesite.png\",\"contentUrl\":\"https:\\\/\\\/inclusivenews.com.br\\\/wp-content\\\/uploads\\\/2024\\\/03\\\/@grandesite.png\",\"width\":1080,\"height\":1080,\"caption\":\"Inclusive - inclus\u00e3o e cidadania\"},\"image\":{\"@id\":\"https:\\\/\\\/inclusivenews.com.br\\\/#\\\/schema\\\/logo\\\/image\\\/\"},\"sameAs\":[\"https:\\\/\\\/www.facebook.com\\\/agenciainclusive\\\/\",\"https:\\\/\\\/www.instagram.com\\\/newsinclusive\\\/\"]},{\"@type\":\"Person\",\"@id\":\"https:\\\/\\\/inclusivenews.com.br\\\/#\\\/schema\\\/person\\\/ae4ec7087559b8692fb33b6fffd2273b\",\"name\":\"inclusivenews2024\",\"image\":{\"@type\":\"ImageObject\",\"inLanguage\":\"pt-PT\",\"@id\":\"https:\\\/\\\/secure.gravatar.com\\\/avatar\\\/c5a7ef84c66fa914f55bc4f7ce26cfa275a3b9a1c5568b907bd184fb4dde7b40?s=96&d=mm&r=g\",\"url\":\"https:\\\/\\\/secure.gravatar.com\\\/avatar\\\/c5a7ef84c66fa914f55bc4f7ce26cfa275a3b9a1c5568b907bd184fb4dde7b40?s=96&d=mm&r=g\",\"contentUrl\":\"https:\\\/\\\/secure.gravatar.com\\\/avatar\\\/c5a7ef84c66fa914f55bc4f7ce26cfa275a3b9a1c5568b907bd184fb4dde7b40?s=96&d=mm&r=g\",\"caption\":\"inclusivenews2024\"},\"sameAs\":[\"https:\\\/\\\/inclusivenews.com.br\"],\"url\":\"https:\\\/\\\/inclusivenews.com.br\\\/?author=1\"}]}<\/script>\n<!-- \/ Yoast SEO plugin. -->","yoast_head_json":{"title":"10 coisas que toda crian\u00e7a com autismo gostaria que voc\u00ea soubesse -","robots":{"index":"index","follow":"follow","max-snippet":"max-snippet:-1","max-image-preview":"max-image-preview:large","max-video-preview":"max-video-preview:-1"},"canonical":"https:\/\/inclusivenews.com.br\/?p=24183","og_locale":"pt_PT","og_type":"article","og_title":"10 coisas que toda crian\u00e7a com autismo gostaria que voc\u00ea soubesse -","og_description":"Antes de tudo eu sou uma crian\u00e7a. Eu tenho autismo. Eu n\u00e3o sou somente \"Autista\". O meu autismo \u00e9 s\u00f3 um aspecto do meu car\u00e1ter. Texto \u00e9 do blog Autimismo.","og_url":"https:\/\/inclusivenews.com.br\/?p=24183","article_publisher":"https:\/\/www.facebook.com\/agenciainclusive\/","article_published_time":"2013-03-01T17:48:55+00:00","og_image":[{"url":"http:\/\/inclusivenews.com.br\/wp-content\/uploads\/2010\/01\/autismo.jpg","type":"","width":"","height":""}],"author":"inclusivenews2024","twitter_card":"summary_large_image","twitter_misc":{"Escrito por":"inclusivenews2024","Tempo estimado de leitura":"9 minutos"},"schema":{"@context":"https:\/\/schema.org","@graph":[{"@type":"Article","@id":"https:\/\/inclusivenews.com.br\/?p=24183#article","isPartOf":{"@id":"https:\/\/inclusivenews.com.br\/?p=24183"},"author":{"name":"inclusivenews2024","@id":"https:\/\/inclusivenews.com.br\/#\/schema\/person\/ae4ec7087559b8692fb33b6fffd2273b"},"headline":"10 coisas que toda crian\u00e7a com autismo gostaria que voc\u00ea soubesse","datePublished":"2013-03-01T17:48:55+00:00","mainEntityOfPage":{"@id":"https:\/\/inclusivenews.com.br\/?p=24183"},"wordCount":1725,"commentCount":8,"publisher":{"@id":"https:\/\/inclusivenews.com.br\/#organization"},"image":{"@id":"https:\/\/inclusivenews.com.br\/?p=24183#primaryimage"},"thumbnailUrl":"http:\/\/inclusivenews.com.br\/wp-content\/uploads\/2010\/01\/autismo.jpg","keywords":["Autismo"],"articleSection":["Blogs e Webs","PUBLICA\u00c7\u00d5ES"],"inLanguage":"pt-PT","potentialAction":[{"@type":"CommentAction","name":"Comment","target":["https:\/\/inclusivenews.com.br\/?p=24183#respond"]}]},{"@type":"WebPage","@id":"https:\/\/inclusivenews.com.br\/?p=24183","url":"https:\/\/inclusivenews.com.br\/?p=24183","name":"10 coisas que toda crian\u00e7a com autismo gostaria que voc\u00ea soubesse -","isPartOf":{"@id":"https:\/\/inclusivenews.com.br\/#website"},"primaryImageOfPage":{"@id":"https:\/\/inclusivenews.com.br\/?p=24183#primaryimage"},"image":{"@id":"https:\/\/inclusivenews.com.br\/?p=24183#primaryimage"},"thumbnailUrl":"http:\/\/inclusivenews.com.br\/wp-content\/uploads\/2010\/01\/autismo.jpg","datePublished":"2013-03-01T17:48:55+00:00","breadcrumb":{"@id":"https:\/\/inclusivenews.com.br\/?p=24183#breadcrumb"},"inLanguage":"pt-PT","potentialAction":[{"@type":"ReadAction","target":["https:\/\/inclusivenews.com.br\/?p=24183"]}]},{"@type":"ImageObject","inLanguage":"pt-PT","@id":"https:\/\/inclusivenews.com.br\/?p=24183#primaryimage","url":"","contentUrl":""},{"@type":"BreadcrumbList","@id":"https:\/\/inclusivenews.com.br\/?p=24183#breadcrumb","itemListElement":[{"@type":"ListItem","position":1,"name":"In\u00edcio","item":"https:\/\/inclusivenews.com.br\/"},{"@type":"ListItem","position":2,"name":"10 coisas que toda crian\u00e7a com autismo gostaria que voc\u00ea soubesse"}]},{"@type":"WebSite","@id":"https:\/\/inclusivenews.com.br\/#website","url":"https:\/\/inclusivenews.com.br\/","name":"Inclusive News","description":"Inclusive News","publisher":{"@id":"https:\/\/inclusivenews.com.br\/#organization"},"potentialAction":[{"@type":"SearchAction","target":{"@type":"EntryPoint","urlTemplate":"https:\/\/inclusivenews.com.br\/?s={search_term_string}"},"query-input":{"@type":"PropertyValueSpecification","valueRequired":true,"valueName":"search_term_string"}}],"inLanguage":"pt-PT"},{"@type":"Organization","@id":"https:\/\/inclusivenews.com.br\/#organization","name":"Inclusive - inclus\u00e3o e cidadania","url":"https:\/\/inclusivenews.com.br\/","logo":{"@type":"ImageObject","inLanguage":"pt-PT","@id":"https:\/\/inclusivenews.com.br\/#\/schema\/logo\/image\/","url":"https:\/\/inclusivenews.com.br\/wp-content\/uploads\/2024\/03\/@grandesite.png","contentUrl":"https:\/\/inclusivenews.com.br\/wp-content\/uploads\/2024\/03\/@grandesite.png","width":1080,"height":1080,"caption":"Inclusive - inclus\u00e3o e cidadania"},"image":{"@id":"https:\/\/inclusivenews.com.br\/#\/schema\/logo\/image\/"},"sameAs":["https:\/\/www.facebook.com\/agenciainclusive\/","https:\/\/www.instagram.com\/newsinclusive\/"]},{"@type":"Person","@id":"https:\/\/inclusivenews.com.br\/#\/schema\/person\/ae4ec7087559b8692fb33b6fffd2273b","name":"inclusivenews2024","image":{"@type":"ImageObject","inLanguage":"pt-PT","@id":"https:\/\/secure.gravatar.com\/avatar\/c5a7ef84c66fa914f55bc4f7ce26cfa275a3b9a1c5568b907bd184fb4dde7b40?s=96&d=mm&r=g","url":"https:\/\/secure.gravatar.com\/avatar\/c5a7ef84c66fa914f55bc4f7ce26cfa275a3b9a1c5568b907bd184fb4dde7b40?s=96&d=mm&r=g","contentUrl":"https:\/\/secure.gravatar.com\/avatar\/c5a7ef84c66fa914f55bc4f7ce26cfa275a3b9a1c5568b907bd184fb4dde7b40?s=96&d=mm&r=g","caption":"inclusivenews2024"},"sameAs":["https:\/\/inclusivenews.com.br"],"url":"https:\/\/inclusivenews.com.br\/?author=1"}]}},"_links":{"self":[{"href":"https:\/\/inclusivenews.com.br\/index.php?rest_route=\/wp\/v2\/posts\/24183","targetHints":{"allow":["GET"]}}],"collection":[{"href":"https:\/\/inclusivenews.com.br\/index.php?rest_route=\/wp\/v2\/posts"}],"about":[{"href":"https:\/\/inclusivenews.com.br\/index.php?rest_route=\/wp\/v2\/types\/post"}],"author":[{"embeddable":true,"href":"https:\/\/inclusivenews.com.br\/index.php?rest_route=\/wp\/v2\/users\/1"}],"replies":[{"embeddable":true,"href":"https:\/\/inclusivenews.com.br\/index.php?rest_route=%2Fwp%2Fv2%2Fcomments&post=24183"}],"version-history":[{"count":0,"href":"https:\/\/inclusivenews.com.br\/index.php?rest_route=\/wp\/v2\/posts\/24183\/revisions"}],"wp:attachment":[{"href":"https:\/\/inclusivenews.com.br\/index.php?rest_route=%2Fwp%2Fv2%2Fmedia&parent=24183"}],"wp:term":[{"taxonomy":"category","embeddable":true,"href":"https:\/\/inclusivenews.com.br\/index.php?rest_route=%2Fwp%2Fv2%2Fcategories&post=24183"},{"taxonomy":"post_tag","embeddable":true,"href":"https:\/\/inclusivenews.com.br\/index.php?rest_route=%2Fwp%2Fv2%2Ftags&post=24183"}],"curies":[{"name":"wp","href":"https:\/\/api.w.org\/{rel}","templated":true}]}}