{"id":24274,"date":"2013-03-13T15:22:00","date_gmt":"2013-03-13T18:22:00","guid":{"rendered":"http:\/\/www.inclusive.org.br\/?p=24274"},"modified":"2013-03-13T15:22:00","modified_gmt":"2013-03-13T18:22:00","slug":"conectas-denuncia-na-onu-situacao-de-presos-provisorios-do-brasil","status":"publish","type":"post","link":"https:\/\/inclusivenews.com.br\/?p=24274","title":{"rendered":"Conectas denuncia na ONU situa\u00e7\u00e3o de presos provis\u00f3rios do Brasil"},"content":{"rendered":"<figure id=\"attachment_20703\" aria-describedby=\"caption-attachment-20703\" style=\"width: 221px\" class=\"wp-caption alignleft\"><img loading=\"lazy\" decoding=\"async\" class=\"size-full wp-image-20703\" title=\"Grades de uma pris\u00e3o com uma porta aberta\" src=\"http:\/\/inclusivenews.com.br\/wp-content\/uploads\/grades.jpg\" alt=\"Grades de uma pris\u00e3o com uma porta aberta\" width=\"221\" height=\"221\" \/><figcaption id=\"caption-attachment-20703\" class=\"wp-caption-text\"> <\/figcaption><\/figure>\n<p>A situa\u00e7\u00e3o dos 191 mil presos provis\u00f3rios no Brasil foi levada no \u00faltimo dia 8 ao Conselho de Direitos Humanos da ONU, em Genebra, em sua 22a. Sess\u00e3o, pela Conectas e outras seis organiza\u00e7\u00f5es de direitos humanos: Associa\u00e7\u00e3o para a Reforma Prisional, Instituto de Defesa do Direito de Defesa, Instituto Sou da Paz, Instituto Terra Trabalho Cidadania, Justi\u00e7a Global e Pastoral Carcer\u00e1ria.<\/p>\n<p>A advogada da Conectas, Vivian Calderoni, dirigiu-se ao plen\u00e1rio lotado do Pal\u00e1cio das Na\u00e7\u00f5es, onde estavam representantes dos 47 Estados-membros do Conselho, para expor os principais n\u00fameros e fatos a respeito de um dos principais problemas de direitos humanos e seguran\u00e7a p\u00fablica brasileiros.<\/p>\n<p>&#8220;O mundo precisa saber o que acontece atr\u00e1s das grades no Brasil, um Pa\u00eds que, apesar de todo crescimento e proje\u00e7\u00e3o internacional, ainda convive todos os dias com pr\u00e1ticas da era medieval\u201d, disse Vivian.<\/p>\n<p>Veja abaixo os principais trechos do discurso, traduzido:<\/p>\n<p>Hoje 35% da popula\u00e7\u00e3o carcer\u00e1ria brasileira \u00e9 constitu\u00edda por presos provis\u00f3rios, o que corresponde a 191 mil pessoas. Muitas destas pessoas n\u00e3o deveriam estar pressas e muitas delas est\u00e3o detidas inclusive em delegacias de pol\u00edcia e em cadeias p\u00fablicas, em espa\u00e7os que n\u00e3o est\u00e3o preparados para abrigar pessoas por longos per\u00edodos.<\/p>\n<p>\u00c9 importante destacar que no Brasil, a pessoa que est\u00e1 presa provisoriamente s\u00f3 temcontato pessoal com o juiz na audi\u00eancia de instru\u00e7\u00e3o e julgamento, v\u00e1rios meses ap\u00f3s a pris\u00e3o. De acordo com a legisla\u00e7\u00e3o atual, o juiz decide pela manuten\u00e7\u00e3o da pris\u00e3o sem ver pessoalmente o preso.<\/p>\n<p>O Brasil \u00e9 o \u00fanico pa\u00eds da Am\u00e9rica Latina a n\u00e3o ter a previs\u00e3o dessa audi\u00eancia de cust\u00f3dia que, dentre outros, tem o efeito de reduzir as ilegalidades da cust\u00f3dia cautelar. Deste modo, muitas pessoas que poderiam se beneficiar de medidas cautelares alternativas \u00e0 pris\u00e3o permanecem v\u00e1rios meses pressas, cumprindo uma &#8220;pena antecipada\u201d que \u00e0s vezes supera, inclusive, a pena pelo delito pelo qual foram detidas.<\/p>\n<p>A defici\u00eancia da defesa tamb\u00e9m contribui para o grande n\u00famero de pris\u00f5es arbitr\u00e1rias no Brasil. As Defensorias P\u00fablicas s\u00e3o respons\u00e1veis pela assist\u00eancia jur\u00eddica \u00e0s pessoas carentes, mas sua estrutura ainda est\u00e1 muito aqu\u00e9m da razo\u00e1vel. Em 2007, o Brasil possu\u00eda 1,9 defensores p\u00fablicos para cada 100 mil habitantes, realidade que pouco melhorou desde ent\u00e3o. \u00c9 importante destacar que a pr\u00e1tica da advocacia probono \u00e9 proibida para beneficiar pessoas f\u00edsicas.<\/p>\n<p>Al\u00e9m da ilegalidade da deten\u00e7\u00e3o \u00e9 necess\u00e1rio chamar a aten\u00e7\u00e3o para as degradantes condi\u00e7\u00f5es nas quais essas pessoas est\u00e3o presas. Os presos no Brasil s\u00e3o amontoados pelas unidades prisionais, sem acesso \u00e0 sa\u00fade, sem alimenta\u00e7\u00e3o adequada, sem acesso suficiente \u00e0 \u00e1gua pot\u00e1vel, sem saneamento b\u00e1sico, sem acesso a trabalho e \u00e0 educa\u00e7\u00e3o. Sendo submetidos a torturas e maus tratos.<\/p>\n<p>Fonte: Conectas\/Adital<\/p>\n","protected":false},"excerpt":{"rendered":"<p>&#8220;O mundo precisa saber o que acontece atr\u00e1s das grades no Brasil, um Pa\u00eds que, apesar de todo crescimento e proje\u00e7\u00e3o internacional, ainda convive todos os dias com pr\u00e1ticas da era medieval\u201d, disse Vivian.<\/p>\n","protected":false},"author":1,"featured_media":0,"comment_status":"open","ping_status":"open","sticky":false,"template":"","format":"standard","meta":{"site-container-style":"default","site-container-layout":"default","site-sidebar-layout":"default","disable-article-header":"default","disable-site-header":"default","disable-site-footer":"default","disable-content-area-spacing":"default","footnotes":""},"categories":[11,4],"tags":[],"class_list":["post-24274","post","type-post","status-publish","format-standard","hentry","category-direitos-humanos","category-noticias"],"yoast_head":"<!-- This site is optimized with the Yoast SEO plugin v27.5 - https:\/\/yoast.com\/product\/yoast-seo-wordpress\/ -->\n<title>Conectas denuncia na ONU situa\u00e7\u00e3o de presos provis\u00f3rios do Brasil -<\/title>\n<meta name=\"robots\" content=\"index, follow, max-snippet:-1, max-image-preview:large, max-video-preview:-1\" \/>\n<link rel=\"canonical\" href=\"https:\/\/inclusivenews.com.br\/?p=24274\" \/>\n<meta property=\"og:locale\" content=\"pt_PT\" \/>\n<meta property=\"og:type\" content=\"article\" \/>\n<meta property=\"og:title\" content=\"Conectas denuncia na ONU situa\u00e7\u00e3o de presos provis\u00f3rios do Brasil -\" \/>\n<meta property=\"og:description\" content=\"&quot;O mundo precisa saber o que acontece atr\u00e1s das grades no Brasil, um Pa\u00eds que, apesar de todo crescimento e proje\u00e7\u00e3o internacional, ainda convive todos os dias com pr\u00e1ticas da era medieval\u201d, disse Vivian.\" \/>\n<meta property=\"og:url\" content=\"https:\/\/inclusivenews.com.br\/?p=24274\" \/>\n<meta property=\"article:publisher\" content=\"https:\/\/www.facebook.com\/agenciainclusive\/\" \/>\n<meta property=\"article:published_time\" content=\"2013-03-13T18:22:00+00:00\" \/>\n<meta property=\"og:image\" content=\"http:\/\/inclusivenews.com.br\/wp-content\/uploads\/grades.jpg\" \/>\n<meta name=\"author\" content=\"inclusivenews2024\" \/>\n<meta name=\"twitter:card\" content=\"summary_large_image\" \/>\n<meta name=\"twitter:label1\" content=\"Escrito por\" \/>\n\t<meta name=\"twitter:data1\" content=\"inclusivenews2024\" \/>\n\t<meta name=\"twitter:label2\" content=\"Tempo estimado de leitura\" \/>\n\t<meta name=\"twitter:data2\" content=\"3 minutos\" \/>\n<script type=\"application\/ld+json\" class=\"yoast-schema-graph\">{\"@context\":\"https:\\\/\\\/schema.org\",\"@graph\":[{\"@type\":\"Article\",\"@id\":\"https:\\\/\\\/inclusivenews.com.br\\\/?p=24274#article\",\"isPartOf\":{\"@id\":\"https:\\\/\\\/inclusivenews.com.br\\\/?p=24274\"},\"author\":{\"name\":\"inclusivenews2024\",\"@id\":\"https:\\\/\\\/inclusivenews.com.br\\\/#\\\/schema\\\/person\\\/ae4ec7087559b8692fb33b6fffd2273b\"},\"headline\":\"Conectas denuncia na ONU situa\u00e7\u00e3o de presos provis\u00f3rios do Brasil\",\"datePublished\":\"2013-03-13T18:22:00+00:00\",\"mainEntityOfPage\":{\"@id\":\"https:\\\/\\\/inclusivenews.com.br\\\/?p=24274\"},\"wordCount\":519,\"commentCount\":0,\"publisher\":{\"@id\":\"https:\\\/\\\/inclusivenews.com.br\\\/#organization\"},\"image\":{\"@id\":\"https:\\\/\\\/inclusivenews.com.br\\\/?p=24274#primaryimage\"},\"thumbnailUrl\":\"http:\\\/\\\/inclusivenews.com.br\\\/wp-content\\\/uploads\\\/grades.jpg\",\"articleSection\":[\"DIREITOS HUMANOS\",\"NOT\u00cdCIAS\"],\"inLanguage\":\"pt-PT\",\"potentialAction\":[{\"@type\":\"CommentAction\",\"name\":\"Comment\",\"target\":[\"https:\\\/\\\/inclusivenews.com.br\\\/?p=24274#respond\"]}]},{\"@type\":\"WebPage\",\"@id\":\"https:\\\/\\\/inclusivenews.com.br\\\/?p=24274\",\"url\":\"https:\\\/\\\/inclusivenews.com.br\\\/?p=24274\",\"name\":\"Conectas denuncia na ONU situa\u00e7\u00e3o de presos provis\u00f3rios do Brasil -\",\"isPartOf\":{\"@id\":\"https:\\\/\\\/inclusivenews.com.br\\\/#website\"},\"primaryImageOfPage\":{\"@id\":\"https:\\\/\\\/inclusivenews.com.br\\\/?p=24274#primaryimage\"},\"image\":{\"@id\":\"https:\\\/\\\/inclusivenews.com.br\\\/?p=24274#primaryimage\"},\"thumbnailUrl\":\"http:\\\/\\\/inclusivenews.com.br\\\/wp-content\\\/uploads\\\/grades.jpg\",\"datePublished\":\"2013-03-13T18:22:00+00:00\",\"breadcrumb\":{\"@id\":\"https:\\\/\\\/inclusivenews.com.br\\\/?p=24274#breadcrumb\"},\"inLanguage\":\"pt-PT\",\"potentialAction\":[{\"@type\":\"ReadAction\",\"target\":[\"https:\\\/\\\/inclusivenews.com.br\\\/?p=24274\"]}]},{\"@type\":\"ImageObject\",\"inLanguage\":\"pt-PT\",\"@id\":\"https:\\\/\\\/inclusivenews.com.br\\\/?p=24274#primaryimage\",\"url\":\"\",\"contentUrl\":\"\"},{\"@type\":\"BreadcrumbList\",\"@id\":\"https:\\\/\\\/inclusivenews.com.br\\\/?p=24274#breadcrumb\",\"itemListElement\":[{\"@type\":\"ListItem\",\"position\":1,\"name\":\"In\u00edcio\",\"item\":\"https:\\\/\\\/inclusivenews.com.br\\\/\"},{\"@type\":\"ListItem\",\"position\":2,\"name\":\"Conectas denuncia na ONU situa\u00e7\u00e3o de presos provis\u00f3rios do Brasil\"}]},{\"@type\":\"WebSite\",\"@id\":\"https:\\\/\\\/inclusivenews.com.br\\\/#website\",\"url\":\"https:\\\/\\\/inclusivenews.com.br\\\/\",\"name\":\"Inclusive News\",\"description\":\"Inclusive News\",\"publisher\":{\"@id\":\"https:\\\/\\\/inclusivenews.com.br\\\/#organization\"},\"potentialAction\":[{\"@type\":\"SearchAction\",\"target\":{\"@type\":\"EntryPoint\",\"urlTemplate\":\"https:\\\/\\\/inclusivenews.com.br\\\/?s={search_term_string}\"},\"query-input\":{\"@type\":\"PropertyValueSpecification\",\"valueRequired\":true,\"valueName\":\"search_term_string\"}}],\"inLanguage\":\"pt-PT\"},{\"@type\":\"Organization\",\"@id\":\"https:\\\/\\\/inclusivenews.com.br\\\/#organization\",\"name\":\"Inclusive - inclus\u00e3o e cidadania\",\"url\":\"https:\\\/\\\/inclusivenews.com.br\\\/\",\"logo\":{\"@type\":\"ImageObject\",\"inLanguage\":\"pt-PT\",\"@id\":\"https:\\\/\\\/inclusivenews.com.br\\\/#\\\/schema\\\/logo\\\/image\\\/\",\"url\":\"https:\\\/\\\/inclusivenews.com.br\\\/wp-content\\\/uploads\\\/2024\\\/03\\\/@grandesite.png\",\"contentUrl\":\"https:\\\/\\\/inclusivenews.com.br\\\/wp-content\\\/uploads\\\/2024\\\/03\\\/@grandesite.png\",\"width\":1080,\"height\":1080,\"caption\":\"Inclusive - inclus\u00e3o e cidadania\"},\"image\":{\"@id\":\"https:\\\/\\\/inclusivenews.com.br\\\/#\\\/schema\\\/logo\\\/image\\\/\"},\"sameAs\":[\"https:\\\/\\\/www.facebook.com\\\/agenciainclusive\\\/\",\"https:\\\/\\\/www.instagram.com\\\/newsinclusive\\\/\"]},{\"@type\":\"Person\",\"@id\":\"https:\\\/\\\/inclusivenews.com.br\\\/#\\\/schema\\\/person\\\/ae4ec7087559b8692fb33b6fffd2273b\",\"name\":\"inclusivenews2024\",\"image\":{\"@type\":\"ImageObject\",\"inLanguage\":\"pt-PT\",\"@id\":\"https:\\\/\\\/secure.gravatar.com\\\/avatar\\\/c5a7ef84c66fa914f55bc4f7ce26cfa275a3b9a1c5568b907bd184fb4dde7b40?s=96&d=mm&r=g\",\"url\":\"https:\\\/\\\/secure.gravatar.com\\\/avatar\\\/c5a7ef84c66fa914f55bc4f7ce26cfa275a3b9a1c5568b907bd184fb4dde7b40?s=96&d=mm&r=g\",\"contentUrl\":\"https:\\\/\\\/secure.gravatar.com\\\/avatar\\\/c5a7ef84c66fa914f55bc4f7ce26cfa275a3b9a1c5568b907bd184fb4dde7b40?s=96&d=mm&r=g\",\"caption\":\"inclusivenews2024\"},\"sameAs\":[\"https:\\\/\\\/inclusivenews.com.br\"],\"url\":\"https:\\\/\\\/inclusivenews.com.br\\\/?author=1\"}]}<\/script>\n<!-- \/ Yoast SEO plugin. -->","yoast_head_json":{"title":"Conectas denuncia na ONU situa\u00e7\u00e3o de presos provis\u00f3rios do Brasil -","robots":{"index":"index","follow":"follow","max-snippet":"max-snippet:-1","max-image-preview":"max-image-preview:large","max-video-preview":"max-video-preview:-1"},"canonical":"https:\/\/inclusivenews.com.br\/?p=24274","og_locale":"pt_PT","og_type":"article","og_title":"Conectas denuncia na ONU situa\u00e7\u00e3o de presos provis\u00f3rios do Brasil -","og_description":"\"O mundo precisa saber o que acontece atr\u00e1s das grades no Brasil, um Pa\u00eds que, apesar de todo crescimento e proje\u00e7\u00e3o internacional, ainda convive todos os dias com pr\u00e1ticas da era medieval\u201d, disse Vivian.","og_url":"https:\/\/inclusivenews.com.br\/?p=24274","article_publisher":"https:\/\/www.facebook.com\/agenciainclusive\/","article_published_time":"2013-03-13T18:22:00+00:00","og_image":[{"url":"http:\/\/inclusivenews.com.br\/wp-content\/uploads\/grades.jpg","type":"","width":"","height":""}],"author":"inclusivenews2024","twitter_card":"summary_large_image","twitter_misc":{"Escrito por":"inclusivenews2024","Tempo estimado de leitura":"3 minutos"},"schema":{"@context":"https:\/\/schema.org","@graph":[{"@type":"Article","@id":"https:\/\/inclusivenews.com.br\/?p=24274#article","isPartOf":{"@id":"https:\/\/inclusivenews.com.br\/?p=24274"},"author":{"name":"inclusivenews2024","@id":"https:\/\/inclusivenews.com.br\/#\/schema\/person\/ae4ec7087559b8692fb33b6fffd2273b"},"headline":"Conectas denuncia na ONU situa\u00e7\u00e3o de presos provis\u00f3rios do Brasil","datePublished":"2013-03-13T18:22:00+00:00","mainEntityOfPage":{"@id":"https:\/\/inclusivenews.com.br\/?p=24274"},"wordCount":519,"commentCount":0,"publisher":{"@id":"https:\/\/inclusivenews.com.br\/#organization"},"image":{"@id":"https:\/\/inclusivenews.com.br\/?p=24274#primaryimage"},"thumbnailUrl":"http:\/\/inclusivenews.com.br\/wp-content\/uploads\/grades.jpg","articleSection":["DIREITOS HUMANOS","NOT\u00cdCIAS"],"inLanguage":"pt-PT","potentialAction":[{"@type":"CommentAction","name":"Comment","target":["https:\/\/inclusivenews.com.br\/?p=24274#respond"]}]},{"@type":"WebPage","@id":"https:\/\/inclusivenews.com.br\/?p=24274","url":"https:\/\/inclusivenews.com.br\/?p=24274","name":"Conectas denuncia na ONU situa\u00e7\u00e3o de presos provis\u00f3rios do Brasil -","isPartOf":{"@id":"https:\/\/inclusivenews.com.br\/#website"},"primaryImageOfPage":{"@id":"https:\/\/inclusivenews.com.br\/?p=24274#primaryimage"},"image":{"@id":"https:\/\/inclusivenews.com.br\/?p=24274#primaryimage"},"thumbnailUrl":"http:\/\/inclusivenews.com.br\/wp-content\/uploads\/grades.jpg","datePublished":"2013-03-13T18:22:00+00:00","breadcrumb":{"@id":"https:\/\/inclusivenews.com.br\/?p=24274#breadcrumb"},"inLanguage":"pt-PT","potentialAction":[{"@type":"ReadAction","target":["https:\/\/inclusivenews.com.br\/?p=24274"]}]},{"@type":"ImageObject","inLanguage":"pt-PT","@id":"https:\/\/inclusivenews.com.br\/?p=24274#primaryimage","url":"","contentUrl":""},{"@type":"BreadcrumbList","@id":"https:\/\/inclusivenews.com.br\/?p=24274#breadcrumb","itemListElement":[{"@type":"ListItem","position":1,"name":"In\u00edcio","item":"https:\/\/inclusivenews.com.br\/"},{"@type":"ListItem","position":2,"name":"Conectas denuncia na ONU situa\u00e7\u00e3o de presos provis\u00f3rios do Brasil"}]},{"@type":"WebSite","@id":"https:\/\/inclusivenews.com.br\/#website","url":"https:\/\/inclusivenews.com.br\/","name":"Inclusive News","description":"Inclusive News","publisher":{"@id":"https:\/\/inclusivenews.com.br\/#organization"},"potentialAction":[{"@type":"SearchAction","target":{"@type":"EntryPoint","urlTemplate":"https:\/\/inclusivenews.com.br\/?s={search_term_string}"},"query-input":{"@type":"PropertyValueSpecification","valueRequired":true,"valueName":"search_term_string"}}],"inLanguage":"pt-PT"},{"@type":"Organization","@id":"https:\/\/inclusivenews.com.br\/#organization","name":"Inclusive - inclus\u00e3o e cidadania","url":"https:\/\/inclusivenews.com.br\/","logo":{"@type":"ImageObject","inLanguage":"pt-PT","@id":"https:\/\/inclusivenews.com.br\/#\/schema\/logo\/image\/","url":"https:\/\/inclusivenews.com.br\/wp-content\/uploads\/2024\/03\/@grandesite.png","contentUrl":"https:\/\/inclusivenews.com.br\/wp-content\/uploads\/2024\/03\/@grandesite.png","width":1080,"height":1080,"caption":"Inclusive - inclus\u00e3o e cidadania"},"image":{"@id":"https:\/\/inclusivenews.com.br\/#\/schema\/logo\/image\/"},"sameAs":["https:\/\/www.facebook.com\/agenciainclusive\/","https:\/\/www.instagram.com\/newsinclusive\/"]},{"@type":"Person","@id":"https:\/\/inclusivenews.com.br\/#\/schema\/person\/ae4ec7087559b8692fb33b6fffd2273b","name":"inclusivenews2024","image":{"@type":"ImageObject","inLanguage":"pt-PT","@id":"https:\/\/secure.gravatar.com\/avatar\/c5a7ef84c66fa914f55bc4f7ce26cfa275a3b9a1c5568b907bd184fb4dde7b40?s=96&d=mm&r=g","url":"https:\/\/secure.gravatar.com\/avatar\/c5a7ef84c66fa914f55bc4f7ce26cfa275a3b9a1c5568b907bd184fb4dde7b40?s=96&d=mm&r=g","contentUrl":"https:\/\/secure.gravatar.com\/avatar\/c5a7ef84c66fa914f55bc4f7ce26cfa275a3b9a1c5568b907bd184fb4dde7b40?s=96&d=mm&r=g","caption":"inclusivenews2024"},"sameAs":["https:\/\/inclusivenews.com.br"],"url":"https:\/\/inclusivenews.com.br\/?author=1"}]}},"_links":{"self":[{"href":"https:\/\/inclusivenews.com.br\/index.php?rest_route=\/wp\/v2\/posts\/24274","targetHints":{"allow":["GET"]}}],"collection":[{"href":"https:\/\/inclusivenews.com.br\/index.php?rest_route=\/wp\/v2\/posts"}],"about":[{"href":"https:\/\/inclusivenews.com.br\/index.php?rest_route=\/wp\/v2\/types\/post"}],"author":[{"embeddable":true,"href":"https:\/\/inclusivenews.com.br\/index.php?rest_route=\/wp\/v2\/users\/1"}],"replies":[{"embeddable":true,"href":"https:\/\/inclusivenews.com.br\/index.php?rest_route=%2Fwp%2Fv2%2Fcomments&post=24274"}],"version-history":[{"count":0,"href":"https:\/\/inclusivenews.com.br\/index.php?rest_route=\/wp\/v2\/posts\/24274\/revisions"}],"wp:attachment":[{"href":"https:\/\/inclusivenews.com.br\/index.php?rest_route=%2Fwp%2Fv2%2Fmedia&parent=24274"}],"wp:term":[{"taxonomy":"category","embeddable":true,"href":"https:\/\/inclusivenews.com.br\/index.php?rest_route=%2Fwp%2Fv2%2Fcategories&post=24274"},{"taxonomy":"post_tag","embeddable":true,"href":"https:\/\/inclusivenews.com.br\/index.php?rest_route=%2Fwp%2Fv2%2Ftags&post=24274"}],"curies":[{"name":"wp","href":"https:\/\/api.w.org\/{rel}","templated":true}]}}