{"id":24278,"date":"2013-03-13T15:22:09","date_gmt":"2013-03-13T18:22:09","guid":{"rendered":"http:\/\/www.inclusive.org.br\/?p=24278"},"modified":"2013-03-13T15:22:09","modified_gmt":"2013-03-13T18:22:09","slug":"direitos-humanos-sao-incapazes-de-promover-justica-social","status":"publish","type":"post","link":"https:\/\/inclusivenews.com.br\/?p=24278","title":{"rendered":"Direitos humanos s\u00e3o incapazes de promover justi\u00e7a social"},"content":{"rendered":"<p><img loading=\"lazy\" decoding=\"async\" class=\"alignleft size-medium wp-image-13141\" title=\"Inclusive - direitos humanos: o globo terrestre e \u00edcones representando pessoas de v\u00e1rias cores.\" src=\"http:\/\/inclusivenews.com.br\/wp-content\/uploads\/2009\/12\/Inclusive_direitos_humanos-300x246.jpg\" alt=\"Inclusive - direitos humanos: o globo terrestre e \u00edcones representando pessoas de v\u00e1rias cores.\" width=\"210\" height=\"172\" \/><\/p>\n<p><em>Por Igor Truz, da Ag\u00eancia USP<\/em><\/p>\n<p>Os direitos humanos n\u00e3o correspondem ao amadurecimento da consci\u00eancia social dos homens, e sim ao desenvolvimento capitalista, mostra estudo da Faculdade de Direito (FD) da USP. Modo de produ\u00e7\u00e3o baseado na troca de mercadorias nascido no in\u00edcio do s\u00e9culo 18, o capitalismo encontrava entraves para sua plena evolu\u00e7\u00e3o nos antigos modelos pol\u00edticos feudais e absolutistas. \u201cForam, e s\u00e3o, justamente o que conhecemos hoje por liberdades democr\u00e1ticas, direitos civis e sociais os elementos necess\u00e1rios para o estabelecimento da livre circula\u00e7\u00e3o de mercadorias e da livre explora\u00e7\u00e3o do trabalho dos mais pobres\u201d, afirma o autor da pesquisa, o advogado Pablo Biondi.<\/p>\n<p>Biondi realizou uma an\u00e1lise historiogr\u00e1fica sobre as revolu\u00e7\u00f5es burguesas do s\u00e9culo 18 para demonstrar que, na verdade, estes direitos s\u00e3o uma resposta \u00e0s demandas pol\u00edticas do sistema econ\u00f4mico capitalista. Os dados est\u00e3o na disserta\u00e7\u00e3o de mestrado Os direitos humanos e sociais e o capitalismo: elementos para uma cr\u00edtica, que relaciona a origem dos direitos humanos com determinados momentos hist\u00f3ricos, como a Revolu\u00e7\u00e3o Francesa e a Declara\u00e7\u00e3o de Independ\u00eancia Norte-americana.<\/p>\n<p>Para o advogado, conceitos hoje inquestion\u00e1veis, como a democracia e a igualdade de todos os cidad\u00e3os perante a lei, s\u00e3o, na verdade, uma maneira pol\u00edtica de ampliar as for\u00e7as do capitalismo e de esconder suas injusti\u00e7as. A quest\u00e3o n\u00e3o \u00e9 questionar a ideia de democracia em si, mas sim compreender que \u00e9 imposs\u00edvel estabelec\u00ea-la de forma plena no regime econ\u00f4mico capitalista, pois ele divide cidad\u00e3os formalmente iguais em diferentes classes sociais.<\/p>\n<p>\u201cNossa ideia de democracia atual teve origem nas revolu\u00e7\u00f5es burguesas do s\u00e9culo 18. Preocupada com a evolu\u00e7\u00e3o econ\u00f4mica capitalista, a burguesia baseou seu novo Estado sob constitui\u00e7\u00f5es que nivelavam todos os homens em cidad\u00e3os com direitos iguais perante a lei\u201d, explica Biondi. \u201cEntretanto, esta nivela\u00e7\u00e3o ignora as diferen\u00e7as de classe. Desta forma, os direitos civis e pol\u00edticos, pretensamente democr\u00e1ticos, desconsideram as rela\u00e7\u00f5es de poder e os conflitos sociais gerados pelo capitalismo.\u201d<\/p>\n<p>Direitos sociais: a divis\u00e3o dos preju\u00edzos<\/p>\n<p>Sa\u00fade, educa\u00e7\u00e3o, moradia, seguran\u00e7a. Estes, e muitos outros, s\u00e3o direitos coletivos que o Estado t\u00eam a obriga\u00e7\u00e3o de fornecer e garantir para todos os seus cidad\u00e3os, os chamados direitos sociais, direito que tiveram origem na luta da classe trabalhadora. A classe oper\u00e1ria que no s\u00e9culo 18 ainda era muito dispersa, no s\u00e9culo 19 se tornou uma grande massa de assalariados. As constantes revolu\u00e7\u00f5es industriais e o aumento da concentra\u00e7\u00e3o de trabalhadores sob uma mesma situa\u00e7\u00e3o de explora\u00e7\u00e3o, os levou a uni\u00e3o e reivindica\u00e7\u00e3o por melhores condi\u00e7\u00f5es de vida.<\/p>\n<p>Entretanto, para Biondi, o que \u00e0 primeira vista parece uma a\u00e7\u00e3o estatal para frear o avan\u00e7o do capitalismo \u201cselvagem\u201d, apenas o refor\u00e7a. Isso porque, na teoria, as empresas que contratam os trabalhadores deveriam pagar sal\u00e1rios que fossem suficientes para que todos pudessem garantir boas condi\u00e7\u00f5es de vida com seus pr\u00f3prios rendimentos.<\/p>\n<p>\u201cOs pagamentos mensais deveriam ser suficientes para cobrir gastos com escolas, hospitais, resid\u00eancias, mas como n\u00e3o s\u00e3o, viram obriga\u00e7\u00e3o do Estado\u201d, explica Biondi. Estes gastos s\u00e3o repartidos por todos os cidad\u00e3os na forma de servi\u00e7os p\u00fablicos financiados por todas as classes, principalmente pela trabalhadora. Ou seja, neste caso, a interven\u00e7\u00e3o do Estado \u00e9 indispens\u00e1vel para garantir que as empresas continuem pagando baixos sal\u00e1rios, potencializando seus lucros, sem correr o risco de criar grandes tens\u00f5es sociais provocadas pela classe trabalhadora em busca de melhorias.<\/p>\n<p>Uma cr\u00edtica \u00e0 esquerda<\/p>\n<p>Grande parte das for\u00e7as pol\u00edticas e da opini\u00e3o p\u00fablica mais conversadoras fazem atualmente duras cr\u00edticas aos direitos humanos e ao excesso de pol\u00edticas assistencialistas governamentais. Estas tend\u00eancias procuram diminuir o papel exercido pelo Estado na sociedade, e enxergam o regime econ\u00f4mico capitalista e o livre mercado como os melhores instrumentos para a promo\u00e7\u00e3o da justi\u00e7a social por meio da meritocracia, ou seja, a riqueza constru\u00edda por meio do m\u00e9rito, do pr\u00f3prio esfor\u00e7o pessoal de cada um.<\/p>\n<p>Biondi n\u00e3o segue esta linha de racioc\u00ednio. O advogado acredita que a amplia\u00e7\u00e3o das liberdades democr\u00e1ticas e a garantia de direitos sociais pelo Estado s\u00e3o avan\u00e7os progressistas, que representam imediatas melhorias na vida das pessoas de classes sociais mais carentes. Mas esses avan\u00e7os s\u00e3o apenas paliativos incapazes de romper com a explora\u00e7\u00e3o capitalista das classes mais baixas, e que, no fim das contas, s\u00e3o indispens\u00e1veis a esta mesma l\u00f3gica.<\/p>\n<p>\u201cAo tra\u00e7ar a hist\u00f3ria da origem dos direitos humanos contempor\u00e2neos somos capazes de constatar que eles n\u00e3o est\u00e3o ligados diretamente a ideais human\u00edsticos. Esses direitos s\u00e3o medidas do pr\u00f3prio capitalismo para garantir o seu melhor funcionamento. O estudo n\u00e3o pretende propor a extin\u00e7\u00e3o das liberdades democr\u00e1ticas ou dos direitos sociais, mas fornece elementos para uma cr\u00edtica \u00e0 esquerda, que pretende mostrar a incapacidade dos direitos humanos, por si s\u00f3, em promover transforma\u00e7\u00f5es mais profundas\u201d, conclui.<\/p>\n","protected":false},"excerpt":{"rendered":"<p>Para o advogado, conceitos hoje inquestion\u00e1veis, como a democracia e a igualdade de todos os cidad\u00e3os perante a lei, s\u00e3o, na verdade, uma maneira pol\u00edtica de ampliar as for\u00e7as do capitalismo e de esconder suas injusti\u00e7as. Da Ag\u00eancia USP.<\/p>\n","protected":false},"author":1,"featured_media":0,"comment_status":"open","ping_status":"open","sticky":false,"template":"","format":"standard","meta":{"site-container-style":"default","site-container-layout":"default","site-sidebar-layout":"default","disable-article-header":"default","disable-site-header":"default","disable-site-footer":"default","disable-content-area-spacing":"default","footnotes":""},"categories":[11,4],"tags":[],"class_list":["post-24278","post","type-post","status-publish","format-standard","hentry","category-direitos-humanos","category-noticias"],"yoast_head":"<!-- This site is optimized with the Yoast SEO plugin v27.5 - https:\/\/yoast.com\/product\/yoast-seo-wordpress\/ -->\n<title>Direitos humanos s\u00e3o incapazes de promover justi\u00e7a social -<\/title>\n<meta name=\"robots\" content=\"index, follow, max-snippet:-1, max-image-preview:large, max-video-preview:-1\" \/>\n<link rel=\"canonical\" href=\"https:\/\/inclusivenews.com.br\/?p=24278\" \/>\n<meta property=\"og:locale\" content=\"pt_PT\" \/>\n<meta property=\"og:type\" content=\"article\" \/>\n<meta property=\"og:title\" content=\"Direitos humanos s\u00e3o incapazes de promover justi\u00e7a social -\" \/>\n<meta property=\"og:description\" content=\"Para o advogado, conceitos hoje inquestion\u00e1veis, como a democracia e a igualdade de todos os cidad\u00e3os perante a lei, s\u00e3o, na verdade, uma maneira pol\u00edtica de ampliar as for\u00e7as do capitalismo e de esconder suas injusti\u00e7as. Da Ag\u00eancia USP.\" \/>\n<meta property=\"og:url\" content=\"https:\/\/inclusivenews.com.br\/?p=24278\" \/>\n<meta property=\"article:publisher\" content=\"https:\/\/www.facebook.com\/agenciainclusive\/\" \/>\n<meta property=\"article:published_time\" content=\"2013-03-13T18:22:09+00:00\" \/>\n<meta property=\"og:image\" content=\"http:\/\/inclusivenews.com.br\/wp-content\/uploads\/2009\/12\/Inclusive_direitos_humanos-300x246.jpg\" \/>\n<meta name=\"author\" content=\"inclusivenews2024\" \/>\n<meta name=\"twitter:card\" content=\"summary_large_image\" \/>\n<meta name=\"twitter:label1\" content=\"Escrito por\" \/>\n\t<meta name=\"twitter:data1\" content=\"inclusivenews2024\" \/>\n\t<meta name=\"twitter:label2\" content=\"Tempo estimado de leitura\" \/>\n\t<meta name=\"twitter:data2\" content=\"4 minutos\" \/>\n<script type=\"application\/ld+json\" class=\"yoast-schema-graph\">{\"@context\":\"https:\\\/\\\/schema.org\",\"@graph\":[{\"@type\":\"Article\",\"@id\":\"https:\\\/\\\/inclusivenews.com.br\\\/?p=24278#article\",\"isPartOf\":{\"@id\":\"https:\\\/\\\/inclusivenews.com.br\\\/?p=24278\"},\"author\":{\"name\":\"inclusivenews2024\",\"@id\":\"https:\\\/\\\/inclusivenews.com.br\\\/#\\\/schema\\\/person\\\/ae4ec7087559b8692fb33b6fffd2273b\"},\"headline\":\"Direitos humanos s\u00e3o incapazes de promover justi\u00e7a social\",\"datePublished\":\"2013-03-13T18:22:09+00:00\",\"mainEntityOfPage\":{\"@id\":\"https:\\\/\\\/inclusivenews.com.br\\\/?p=24278\"},\"wordCount\":894,\"commentCount\":1,\"publisher\":{\"@id\":\"https:\\\/\\\/inclusivenews.com.br\\\/#organization\"},\"image\":{\"@id\":\"https:\\\/\\\/inclusivenews.com.br\\\/?p=24278#primaryimage\"},\"thumbnailUrl\":\"http:\\\/\\\/inclusivenews.com.br\\\/wp-content\\\/uploads\\\/2009\\\/12\\\/Inclusive_direitos_humanos-300x246.jpg\",\"articleSection\":[\"DIREITOS HUMANOS\",\"NOT\u00cdCIAS\"],\"inLanguage\":\"pt-PT\",\"potentialAction\":[{\"@type\":\"CommentAction\",\"name\":\"Comment\",\"target\":[\"https:\\\/\\\/inclusivenews.com.br\\\/?p=24278#respond\"]}]},{\"@type\":\"WebPage\",\"@id\":\"https:\\\/\\\/inclusivenews.com.br\\\/?p=24278\",\"url\":\"https:\\\/\\\/inclusivenews.com.br\\\/?p=24278\",\"name\":\"Direitos humanos s\u00e3o incapazes de promover justi\u00e7a social -\",\"isPartOf\":{\"@id\":\"https:\\\/\\\/inclusivenews.com.br\\\/#website\"},\"primaryImageOfPage\":{\"@id\":\"https:\\\/\\\/inclusivenews.com.br\\\/?p=24278#primaryimage\"},\"image\":{\"@id\":\"https:\\\/\\\/inclusivenews.com.br\\\/?p=24278#primaryimage\"},\"thumbnailUrl\":\"http:\\\/\\\/inclusivenews.com.br\\\/wp-content\\\/uploads\\\/2009\\\/12\\\/Inclusive_direitos_humanos-300x246.jpg\",\"datePublished\":\"2013-03-13T18:22:09+00:00\",\"breadcrumb\":{\"@id\":\"https:\\\/\\\/inclusivenews.com.br\\\/?p=24278#breadcrumb\"},\"inLanguage\":\"pt-PT\",\"potentialAction\":[{\"@type\":\"ReadAction\",\"target\":[\"https:\\\/\\\/inclusivenews.com.br\\\/?p=24278\"]}]},{\"@type\":\"ImageObject\",\"inLanguage\":\"pt-PT\",\"@id\":\"https:\\\/\\\/inclusivenews.com.br\\\/?p=24278#primaryimage\",\"url\":\"\",\"contentUrl\":\"\"},{\"@type\":\"BreadcrumbList\",\"@id\":\"https:\\\/\\\/inclusivenews.com.br\\\/?p=24278#breadcrumb\",\"itemListElement\":[{\"@type\":\"ListItem\",\"position\":1,\"name\":\"In\u00edcio\",\"item\":\"https:\\\/\\\/inclusivenews.com.br\\\/\"},{\"@type\":\"ListItem\",\"position\":2,\"name\":\"Direitos humanos s\u00e3o incapazes de promover justi\u00e7a social\"}]},{\"@type\":\"WebSite\",\"@id\":\"https:\\\/\\\/inclusivenews.com.br\\\/#website\",\"url\":\"https:\\\/\\\/inclusivenews.com.br\\\/\",\"name\":\"Inclusive News\",\"description\":\"Inclusive News\",\"publisher\":{\"@id\":\"https:\\\/\\\/inclusivenews.com.br\\\/#organization\"},\"potentialAction\":[{\"@type\":\"SearchAction\",\"target\":{\"@type\":\"EntryPoint\",\"urlTemplate\":\"https:\\\/\\\/inclusivenews.com.br\\\/?s={search_term_string}\"},\"query-input\":{\"@type\":\"PropertyValueSpecification\",\"valueRequired\":true,\"valueName\":\"search_term_string\"}}],\"inLanguage\":\"pt-PT\"},{\"@type\":\"Organization\",\"@id\":\"https:\\\/\\\/inclusivenews.com.br\\\/#organization\",\"name\":\"Inclusive - inclus\u00e3o e cidadania\",\"url\":\"https:\\\/\\\/inclusivenews.com.br\\\/\",\"logo\":{\"@type\":\"ImageObject\",\"inLanguage\":\"pt-PT\",\"@id\":\"https:\\\/\\\/inclusivenews.com.br\\\/#\\\/schema\\\/logo\\\/image\\\/\",\"url\":\"https:\\\/\\\/inclusivenews.com.br\\\/wp-content\\\/uploads\\\/2024\\\/03\\\/@grandesite.png\",\"contentUrl\":\"https:\\\/\\\/inclusivenews.com.br\\\/wp-content\\\/uploads\\\/2024\\\/03\\\/@grandesite.png\",\"width\":1080,\"height\":1080,\"caption\":\"Inclusive - inclus\u00e3o e cidadania\"},\"image\":{\"@id\":\"https:\\\/\\\/inclusivenews.com.br\\\/#\\\/schema\\\/logo\\\/image\\\/\"},\"sameAs\":[\"https:\\\/\\\/www.facebook.com\\\/agenciainclusive\\\/\",\"https:\\\/\\\/www.instagram.com\\\/newsinclusive\\\/\"]},{\"@type\":\"Person\",\"@id\":\"https:\\\/\\\/inclusivenews.com.br\\\/#\\\/schema\\\/person\\\/ae4ec7087559b8692fb33b6fffd2273b\",\"name\":\"inclusivenews2024\",\"image\":{\"@type\":\"ImageObject\",\"inLanguage\":\"pt-PT\",\"@id\":\"https:\\\/\\\/secure.gravatar.com\\\/avatar\\\/c5a7ef84c66fa914f55bc4f7ce26cfa275a3b9a1c5568b907bd184fb4dde7b40?s=96&d=mm&r=g\",\"url\":\"https:\\\/\\\/secure.gravatar.com\\\/avatar\\\/c5a7ef84c66fa914f55bc4f7ce26cfa275a3b9a1c5568b907bd184fb4dde7b40?s=96&d=mm&r=g\",\"contentUrl\":\"https:\\\/\\\/secure.gravatar.com\\\/avatar\\\/c5a7ef84c66fa914f55bc4f7ce26cfa275a3b9a1c5568b907bd184fb4dde7b40?s=96&d=mm&r=g\",\"caption\":\"inclusivenews2024\"},\"sameAs\":[\"https:\\\/\\\/inclusivenews.com.br\"],\"url\":\"https:\\\/\\\/inclusivenews.com.br\\\/?author=1\"}]}<\/script>\n<!-- \/ Yoast SEO plugin. -->","yoast_head_json":{"title":"Direitos humanos s\u00e3o incapazes de promover justi\u00e7a social -","robots":{"index":"index","follow":"follow","max-snippet":"max-snippet:-1","max-image-preview":"max-image-preview:large","max-video-preview":"max-video-preview:-1"},"canonical":"https:\/\/inclusivenews.com.br\/?p=24278","og_locale":"pt_PT","og_type":"article","og_title":"Direitos humanos s\u00e3o incapazes de promover justi\u00e7a social -","og_description":"Para o advogado, conceitos hoje inquestion\u00e1veis, como a democracia e a igualdade de todos os cidad\u00e3os perante a lei, s\u00e3o, na verdade, uma maneira pol\u00edtica de ampliar as for\u00e7as do capitalismo e de esconder suas injusti\u00e7as. Da Ag\u00eancia USP.","og_url":"https:\/\/inclusivenews.com.br\/?p=24278","article_publisher":"https:\/\/www.facebook.com\/agenciainclusive\/","article_published_time":"2013-03-13T18:22:09+00:00","og_image":[{"url":"http:\/\/inclusivenews.com.br\/wp-content\/uploads\/2009\/12\/Inclusive_direitos_humanos-300x246.jpg","type":"","width":"","height":""}],"author":"inclusivenews2024","twitter_card":"summary_large_image","twitter_misc":{"Escrito por":"inclusivenews2024","Tempo estimado de leitura":"4 minutos"},"schema":{"@context":"https:\/\/schema.org","@graph":[{"@type":"Article","@id":"https:\/\/inclusivenews.com.br\/?p=24278#article","isPartOf":{"@id":"https:\/\/inclusivenews.com.br\/?p=24278"},"author":{"name":"inclusivenews2024","@id":"https:\/\/inclusivenews.com.br\/#\/schema\/person\/ae4ec7087559b8692fb33b6fffd2273b"},"headline":"Direitos humanos s\u00e3o incapazes de promover justi\u00e7a social","datePublished":"2013-03-13T18:22:09+00:00","mainEntityOfPage":{"@id":"https:\/\/inclusivenews.com.br\/?p=24278"},"wordCount":894,"commentCount":1,"publisher":{"@id":"https:\/\/inclusivenews.com.br\/#organization"},"image":{"@id":"https:\/\/inclusivenews.com.br\/?p=24278#primaryimage"},"thumbnailUrl":"http:\/\/inclusivenews.com.br\/wp-content\/uploads\/2009\/12\/Inclusive_direitos_humanos-300x246.jpg","articleSection":["DIREITOS HUMANOS","NOT\u00cdCIAS"],"inLanguage":"pt-PT","potentialAction":[{"@type":"CommentAction","name":"Comment","target":["https:\/\/inclusivenews.com.br\/?p=24278#respond"]}]},{"@type":"WebPage","@id":"https:\/\/inclusivenews.com.br\/?p=24278","url":"https:\/\/inclusivenews.com.br\/?p=24278","name":"Direitos humanos s\u00e3o incapazes de promover justi\u00e7a social -","isPartOf":{"@id":"https:\/\/inclusivenews.com.br\/#website"},"primaryImageOfPage":{"@id":"https:\/\/inclusivenews.com.br\/?p=24278#primaryimage"},"image":{"@id":"https:\/\/inclusivenews.com.br\/?p=24278#primaryimage"},"thumbnailUrl":"http:\/\/inclusivenews.com.br\/wp-content\/uploads\/2009\/12\/Inclusive_direitos_humanos-300x246.jpg","datePublished":"2013-03-13T18:22:09+00:00","breadcrumb":{"@id":"https:\/\/inclusivenews.com.br\/?p=24278#breadcrumb"},"inLanguage":"pt-PT","potentialAction":[{"@type":"ReadAction","target":["https:\/\/inclusivenews.com.br\/?p=24278"]}]},{"@type":"ImageObject","inLanguage":"pt-PT","@id":"https:\/\/inclusivenews.com.br\/?p=24278#primaryimage","url":"","contentUrl":""},{"@type":"BreadcrumbList","@id":"https:\/\/inclusivenews.com.br\/?p=24278#breadcrumb","itemListElement":[{"@type":"ListItem","position":1,"name":"In\u00edcio","item":"https:\/\/inclusivenews.com.br\/"},{"@type":"ListItem","position":2,"name":"Direitos humanos s\u00e3o incapazes de promover justi\u00e7a social"}]},{"@type":"WebSite","@id":"https:\/\/inclusivenews.com.br\/#website","url":"https:\/\/inclusivenews.com.br\/","name":"Inclusive News","description":"Inclusive News","publisher":{"@id":"https:\/\/inclusivenews.com.br\/#organization"},"potentialAction":[{"@type":"SearchAction","target":{"@type":"EntryPoint","urlTemplate":"https:\/\/inclusivenews.com.br\/?s={search_term_string}"},"query-input":{"@type":"PropertyValueSpecification","valueRequired":true,"valueName":"search_term_string"}}],"inLanguage":"pt-PT"},{"@type":"Organization","@id":"https:\/\/inclusivenews.com.br\/#organization","name":"Inclusive - inclus\u00e3o e cidadania","url":"https:\/\/inclusivenews.com.br\/","logo":{"@type":"ImageObject","inLanguage":"pt-PT","@id":"https:\/\/inclusivenews.com.br\/#\/schema\/logo\/image\/","url":"https:\/\/inclusivenews.com.br\/wp-content\/uploads\/2024\/03\/@grandesite.png","contentUrl":"https:\/\/inclusivenews.com.br\/wp-content\/uploads\/2024\/03\/@grandesite.png","width":1080,"height":1080,"caption":"Inclusive - inclus\u00e3o e cidadania"},"image":{"@id":"https:\/\/inclusivenews.com.br\/#\/schema\/logo\/image\/"},"sameAs":["https:\/\/www.facebook.com\/agenciainclusive\/","https:\/\/www.instagram.com\/newsinclusive\/"]},{"@type":"Person","@id":"https:\/\/inclusivenews.com.br\/#\/schema\/person\/ae4ec7087559b8692fb33b6fffd2273b","name":"inclusivenews2024","image":{"@type":"ImageObject","inLanguage":"pt-PT","@id":"https:\/\/secure.gravatar.com\/avatar\/c5a7ef84c66fa914f55bc4f7ce26cfa275a3b9a1c5568b907bd184fb4dde7b40?s=96&d=mm&r=g","url":"https:\/\/secure.gravatar.com\/avatar\/c5a7ef84c66fa914f55bc4f7ce26cfa275a3b9a1c5568b907bd184fb4dde7b40?s=96&d=mm&r=g","contentUrl":"https:\/\/secure.gravatar.com\/avatar\/c5a7ef84c66fa914f55bc4f7ce26cfa275a3b9a1c5568b907bd184fb4dde7b40?s=96&d=mm&r=g","caption":"inclusivenews2024"},"sameAs":["https:\/\/inclusivenews.com.br"],"url":"https:\/\/inclusivenews.com.br\/?author=1"}]}},"_links":{"self":[{"href":"https:\/\/inclusivenews.com.br\/index.php?rest_route=\/wp\/v2\/posts\/24278","targetHints":{"allow":["GET"]}}],"collection":[{"href":"https:\/\/inclusivenews.com.br\/index.php?rest_route=\/wp\/v2\/posts"}],"about":[{"href":"https:\/\/inclusivenews.com.br\/index.php?rest_route=\/wp\/v2\/types\/post"}],"author":[{"embeddable":true,"href":"https:\/\/inclusivenews.com.br\/index.php?rest_route=\/wp\/v2\/users\/1"}],"replies":[{"embeddable":true,"href":"https:\/\/inclusivenews.com.br\/index.php?rest_route=%2Fwp%2Fv2%2Fcomments&post=24278"}],"version-history":[{"count":0,"href":"https:\/\/inclusivenews.com.br\/index.php?rest_route=\/wp\/v2\/posts\/24278\/revisions"}],"wp:attachment":[{"href":"https:\/\/inclusivenews.com.br\/index.php?rest_route=%2Fwp%2Fv2%2Fmedia&parent=24278"}],"wp:term":[{"taxonomy":"category","embeddable":true,"href":"https:\/\/inclusivenews.com.br\/index.php?rest_route=%2Fwp%2Fv2%2Fcategories&post=24278"},{"taxonomy":"post_tag","embeddable":true,"href":"https:\/\/inclusivenews.com.br\/index.php?rest_route=%2Fwp%2Fv2%2Ftags&post=24278"}],"curies":[{"name":"wp","href":"https:\/\/api.w.org\/{rel}","templated":true}]}}