{"id":24304,"date":"2013-03-13T15:25:00","date_gmt":"2013-03-13T18:25:00","guid":{"rendered":"http:\/\/www.inclusive.org.br\/?p=24304"},"modified":"2013-03-13T15:25:00","modified_gmt":"2013-03-13T18:25:00","slug":"24304","status":"publish","type":"post","link":"https:\/\/inclusivenews.com.br\/?p=24304","title":{"rendered":"5\u00ba relat\u00f3rio nacional sobre os direitos humanos no Brasil"},"content":{"rendered":"<figure style=\"width: 128px\" class=\"wp-caption alignleft\"><img loading=\"lazy\" decoding=\"async\" title=\"Palma de m\u00e3o pontilhada por in\u00fameras cores\" src=\"http:\/\/www.nevusp.org\/portugues\/images\/stories\/capas\/capa212.jpg\" alt=\"Palma de m\u00e3o pontilhada por in\u00fameras cores\" width=\"128\" height=\"169\" \/><figcaption class=\"wp-caption-text\"> <\/figcaption><\/figure>\n<p><a href=\"http:\/\/www.nevusp.org\/downloads\/down265.pdf\" target=\"_blank\" rel=\"noopener\">Clique aqui para fazer o download do livro.<\/a><\/p>\n<p>Com o objetivo de apresentar reflex\u00f5es sobre a situa\u00e7\u00e3o dos direitos humanos no pa\u00eds, especialmente aqueles que envolvem a preserva\u00e7\u00e3o da vida e da integridade f\u00edsica, durante a d\u00e9cada de 2001-2010, este Relat\u00f3rio foi realizado pelo NEV e impresso com o apoio do F\u00f3rum Brasileiro de Seguran\u00e7a P\u00fablica. Impulsionado pelos Planos Nacionais de Direitos Humanos, o NEV produziu quatro relat\u00f3rios nacionais de direitos humanos (1999, 2001, 2006, 2010) com o intuito de monitorar graves viola\u00e7\u00f5es de direitos humanos, em cada um dos estados da federa\u00e7\u00e3o.<\/p>\n<p>\u201cNeste 5\u00ba Relat\u00f3rio, a proposta do NEV foi diferente: ao inv\u00e9s de coletar os dados existentes por estado em rela\u00e7\u00e3o aos dois ou tr\u00eas anos anteriores e public\u00e1-los, elaborou-se um \u201cbalan\u00e7o da d\u00e9cada\u201d. Isso significou um esfor\u00e7o de reflex\u00e3o sobre o que aconteceu na d\u00e9cada de 2000 em termos de viola\u00e7\u00f5es de direitos humanos e do que foi feito para combater os problemas que se apresentaram nesses dez anos\u201d, explica Mariana Thorstensen Possas, pesquisadora do NEV e coordenadora deste 5\u00ba Relat\u00f3rio.<\/p>\n<p>Optou-se por n\u00e3o abordar diretamente as viola\u00e7\u00f5es dos direitos sociais, econ\u00f4micos e culturais, como os direitos \u00e0 sa\u00fade, educa\u00e7\u00e3o, trabalho, moradia, lazer, acesso \u00e0 cultura etc. Nos textos presentes neste 5\u00ba Relat\u00f3rio, esses t\u00f3picos s\u00e3o tratados no contexto das an\u00e1lises realizadas. No entanto, eles n\u00e3o aparecem como o objeto principal de an\u00e1lise. Os pesquisadores ocuparam-se principalmente de direitos civis (vida e integridade f\u00edsica) que, apesar da evolu\u00e7\u00e3o em termos de garantias que trouxeram os eventos democr\u00e1ticos, necessitam ainda de aten\u00e7\u00e3o especial. O crit\u00e9rio utilizado para selecionar as viola\u00e7\u00f5es pode ser justificado de duas maneiras: em primeiro lugar porque eles ainda n\u00e3o est\u00e3o suficientemente consolidados no Brasil e, portanto, justificam ainda o monitoramento. Em segundo lugar, porque a sele\u00e7\u00e3o de apenas alguns tipos de viola\u00e7\u00f5es permite fazer uma an\u00e1lise mais aprofundada dos problemas espec\u00edficos.<\/p>\n<p>As viola\u00e7\u00f5es de direitos humanos que integraram a pesquisa foram desde homic\u00eddios em geral e contra mulheres, viol\u00eancia (mortes, agress\u00f5es e amea\u00e7as) praticada pela pol\u00edcia, dentro do sistema carcer\u00e1rio, advinda do tr\u00e1fico de pessoas, contra defensores de direitos humanos, contra jornalistas, contra crian\u00e7as, contra adolescentes cumprindo medidas s\u00f3cio-educativas, contra negros e contra homossexuais.<\/p>\n","protected":false},"excerpt":{"rendered":"<p>Com o objetivo de apresentar reflex\u00f5es sobre a situa\u00e7\u00e3o dos direitos humanos no pa\u00eds, especialmente aqueles que envolvem a preserva\u00e7\u00e3o da vida e da integridade f\u00edsica, durante a d\u00e9cada de 2001-2010, este Relat\u00f3rio foi realizado pelo NEV e impresso com o apoio do F\u00f3rum Brasileiro de Seguran\u00e7a P\u00fablica.<\/p>\n","protected":false},"author":1,"featured_media":0,"comment_status":"open","ping_status":"open","sticky":false,"template":"","format":"standard","meta":{"site-container-style":"default","site-container-layout":"default","site-sidebar-layout":"default","disable-article-header":"default","disable-site-header":"default","disable-site-footer":"default","disable-content-area-spacing":"default","footnotes":""},"categories":[11,52,10,117],"tags":[],"class_list":["post-24304","post","type-post","status-publish","format-standard","hentry","category-direitos-humanos","category-downloadables","category-publicacoes","category-relatorios"],"yoast_head":"<!-- This site is optimized with the Yoast SEO plugin v27.4 - https:\/\/yoast.com\/product\/yoast-seo-wordpress\/ -->\n<title>5\u00ba relat\u00f3rio nacional sobre os direitos humanos no Brasil -<\/title>\n<meta name=\"robots\" content=\"index, follow, max-snippet:-1, max-image-preview:large, max-video-preview:-1\" \/>\n<link rel=\"canonical\" href=\"https:\/\/inclusivenews.com.br\/?p=24304\" \/>\n<meta property=\"og:locale\" content=\"pt_PT\" \/>\n<meta property=\"og:type\" content=\"article\" \/>\n<meta property=\"og:title\" content=\"5\u00ba relat\u00f3rio nacional sobre os direitos humanos no Brasil -\" \/>\n<meta property=\"og:description\" content=\"Com o objetivo de apresentar reflex\u00f5es sobre a situa\u00e7\u00e3o dos direitos humanos no pa\u00eds, especialmente aqueles que envolvem a preserva\u00e7\u00e3o da vida e da integridade f\u00edsica, durante a d\u00e9cada de 2001-2010, este Relat\u00f3rio foi realizado pelo NEV e impresso com o apoio do F\u00f3rum Brasileiro de Seguran\u00e7a P\u00fablica.\" \/>\n<meta property=\"og:url\" content=\"https:\/\/inclusivenews.com.br\/?p=24304\" \/>\n<meta property=\"article:publisher\" content=\"https:\/\/www.facebook.com\/agenciainclusive\/\" \/>\n<meta property=\"article:published_time\" content=\"2013-03-13T18:25:00+00:00\" \/>\n<meta property=\"og:image\" content=\"http:\/\/www.nevusp.org\/portugues\/images\/stories\/capas\/capa212.jpg\" \/>\n<meta name=\"author\" content=\"inclusivenews2024\" \/>\n<meta name=\"twitter:card\" content=\"summary_large_image\" \/>\n<meta name=\"twitter:label1\" content=\"Escrito por\" \/>\n\t<meta name=\"twitter:data1\" content=\"inclusivenews2024\" \/>\n\t<meta name=\"twitter:label2\" content=\"Tempo estimado de leitura\" \/>\n\t<meta name=\"twitter:data2\" content=\"2 minutos\" \/>\n<script type=\"application\/ld+json\" class=\"yoast-schema-graph\">{\"@context\":\"https:\\\/\\\/schema.org\",\"@graph\":[{\"@type\":\"Article\",\"@id\":\"https:\\\/\\\/inclusivenews.com.br\\\/?p=24304#article\",\"isPartOf\":{\"@id\":\"https:\\\/\\\/inclusivenews.com.br\\\/?p=24304\"},\"author\":{\"name\":\"inclusivenews2024\",\"@id\":\"https:\\\/\\\/inclusivenews.com.br\\\/#\\\/schema\\\/person\\\/ae4ec7087559b8692fb33b6fffd2273b\"},\"headline\":\"5\u00ba relat\u00f3rio nacional sobre os direitos humanos no Brasil\",\"datePublished\":\"2013-03-13T18:25:00+00:00\",\"mainEntityOfPage\":{\"@id\":\"https:\\\/\\\/inclusivenews.com.br\\\/?p=24304\"},\"wordCount\":424,\"commentCount\":0,\"publisher\":{\"@id\":\"https:\\\/\\\/inclusivenews.com.br\\\/#organization\"},\"image\":{\"@id\":\"https:\\\/\\\/inclusivenews.com.br\\\/?p=24304#primaryimage\"},\"thumbnailUrl\":\"http:\\\/\\\/www.nevusp.org\\\/portugues\\\/images\\\/stories\\\/capas\\\/capa212.jpg\",\"articleSection\":[\"DIREITOS HUMANOS\",\"Downloadables\",\"PUBLICA\u00c7\u00d5ES\",\"Relat\u00f3rios\"],\"inLanguage\":\"pt-PT\",\"potentialAction\":[{\"@type\":\"CommentAction\",\"name\":\"Comment\",\"target\":[\"https:\\\/\\\/inclusivenews.com.br\\\/?p=24304#respond\"]}]},{\"@type\":\"WebPage\",\"@id\":\"https:\\\/\\\/inclusivenews.com.br\\\/?p=24304\",\"url\":\"https:\\\/\\\/inclusivenews.com.br\\\/?p=24304\",\"name\":\"5\u00ba relat\u00f3rio nacional sobre os direitos humanos no Brasil -\",\"isPartOf\":{\"@id\":\"https:\\\/\\\/inclusivenews.com.br\\\/#website\"},\"primaryImageOfPage\":{\"@id\":\"https:\\\/\\\/inclusivenews.com.br\\\/?p=24304#primaryimage\"},\"image\":{\"@id\":\"https:\\\/\\\/inclusivenews.com.br\\\/?p=24304#primaryimage\"},\"thumbnailUrl\":\"http:\\\/\\\/www.nevusp.org\\\/portugues\\\/images\\\/stories\\\/capas\\\/capa212.jpg\",\"datePublished\":\"2013-03-13T18:25:00+00:00\",\"breadcrumb\":{\"@id\":\"https:\\\/\\\/inclusivenews.com.br\\\/?p=24304#breadcrumb\"},\"inLanguage\":\"pt-PT\",\"potentialAction\":[{\"@type\":\"ReadAction\",\"target\":[\"https:\\\/\\\/inclusivenews.com.br\\\/?p=24304\"]}]},{\"@type\":\"ImageObject\",\"inLanguage\":\"pt-PT\",\"@id\":\"https:\\\/\\\/inclusivenews.com.br\\\/?p=24304#primaryimage\",\"url\":\"http:\\\/\\\/www.nevusp.org\\\/portugues\\\/images\\\/stories\\\/capas\\\/capa212.jpg\",\"contentUrl\":\"http:\\\/\\\/www.nevusp.org\\\/portugues\\\/images\\\/stories\\\/capas\\\/capa212.jpg\"},{\"@type\":\"BreadcrumbList\",\"@id\":\"https:\\\/\\\/inclusivenews.com.br\\\/?p=24304#breadcrumb\",\"itemListElement\":[{\"@type\":\"ListItem\",\"position\":1,\"name\":\"In\u00edcio\",\"item\":\"https:\\\/\\\/inclusivenews.com.br\\\/\"},{\"@type\":\"ListItem\",\"position\":2,\"name\":\"5\u00ba relat\u00f3rio nacional sobre os direitos humanos no Brasil\"}]},{\"@type\":\"WebSite\",\"@id\":\"https:\\\/\\\/inclusivenews.com.br\\\/#website\",\"url\":\"https:\\\/\\\/inclusivenews.com.br\\\/\",\"name\":\"Inclusive News\",\"description\":\"Inclusive News\",\"publisher\":{\"@id\":\"https:\\\/\\\/inclusivenews.com.br\\\/#organization\"},\"potentialAction\":[{\"@type\":\"SearchAction\",\"target\":{\"@type\":\"EntryPoint\",\"urlTemplate\":\"https:\\\/\\\/inclusivenews.com.br\\\/?s={search_term_string}\"},\"query-input\":{\"@type\":\"PropertyValueSpecification\",\"valueRequired\":true,\"valueName\":\"search_term_string\"}}],\"inLanguage\":\"pt-PT\"},{\"@type\":\"Organization\",\"@id\":\"https:\\\/\\\/inclusivenews.com.br\\\/#organization\",\"name\":\"Inclusive - inclus\u00e3o e cidadania\",\"url\":\"https:\\\/\\\/inclusivenews.com.br\\\/\",\"logo\":{\"@type\":\"ImageObject\",\"inLanguage\":\"pt-PT\",\"@id\":\"https:\\\/\\\/inclusivenews.com.br\\\/#\\\/schema\\\/logo\\\/image\\\/\",\"url\":\"https:\\\/\\\/inclusivenews.com.br\\\/wp-content\\\/uploads\\\/2024\\\/03\\\/@grandesite.png\",\"contentUrl\":\"https:\\\/\\\/inclusivenews.com.br\\\/wp-content\\\/uploads\\\/2024\\\/03\\\/@grandesite.png\",\"width\":1080,\"height\":1080,\"caption\":\"Inclusive - inclus\u00e3o e cidadania\"},\"image\":{\"@id\":\"https:\\\/\\\/inclusivenews.com.br\\\/#\\\/schema\\\/logo\\\/image\\\/\"},\"sameAs\":[\"https:\\\/\\\/www.facebook.com\\\/agenciainclusive\\\/\",\"https:\\\/\\\/www.instagram.com\\\/newsinclusive\\\/\"]},{\"@type\":\"Person\",\"@id\":\"https:\\\/\\\/inclusivenews.com.br\\\/#\\\/schema\\\/person\\\/ae4ec7087559b8692fb33b6fffd2273b\",\"name\":\"inclusivenews2024\",\"image\":{\"@type\":\"ImageObject\",\"inLanguage\":\"pt-PT\",\"@id\":\"https:\\\/\\\/secure.gravatar.com\\\/avatar\\\/c5a7ef84c66fa914f55bc4f7ce26cfa275a3b9a1c5568b907bd184fb4dde7b40?s=96&d=mm&r=g\",\"url\":\"https:\\\/\\\/secure.gravatar.com\\\/avatar\\\/c5a7ef84c66fa914f55bc4f7ce26cfa275a3b9a1c5568b907bd184fb4dde7b40?s=96&d=mm&r=g\",\"contentUrl\":\"https:\\\/\\\/secure.gravatar.com\\\/avatar\\\/c5a7ef84c66fa914f55bc4f7ce26cfa275a3b9a1c5568b907bd184fb4dde7b40?s=96&d=mm&r=g\",\"caption\":\"inclusivenews2024\"},\"sameAs\":[\"https:\\\/\\\/inclusivenews.com.br\"],\"url\":\"https:\\\/\\\/inclusivenews.com.br\\\/?author=1\"}]}<\/script>\n<!-- \/ Yoast SEO plugin. -->","yoast_head_json":{"title":"5\u00ba relat\u00f3rio nacional sobre os direitos humanos no Brasil -","robots":{"index":"index","follow":"follow","max-snippet":"max-snippet:-1","max-image-preview":"max-image-preview:large","max-video-preview":"max-video-preview:-1"},"canonical":"https:\/\/inclusivenews.com.br\/?p=24304","og_locale":"pt_PT","og_type":"article","og_title":"5\u00ba relat\u00f3rio nacional sobre os direitos humanos no Brasil -","og_description":"Com o objetivo de apresentar reflex\u00f5es sobre a situa\u00e7\u00e3o dos direitos humanos no pa\u00eds, especialmente aqueles que envolvem a preserva\u00e7\u00e3o da vida e da integridade f\u00edsica, durante a d\u00e9cada de 2001-2010, este Relat\u00f3rio foi realizado pelo NEV e impresso com o apoio do F\u00f3rum Brasileiro de Seguran\u00e7a P\u00fablica.","og_url":"https:\/\/inclusivenews.com.br\/?p=24304","article_publisher":"https:\/\/www.facebook.com\/agenciainclusive\/","article_published_time":"2013-03-13T18:25:00+00:00","og_image":[{"url":"http:\/\/www.nevusp.org\/portugues\/images\/stories\/capas\/capa212.jpg","type":"","width":"","height":""}],"author":"inclusivenews2024","twitter_card":"summary_large_image","twitter_misc":{"Escrito por":"inclusivenews2024","Tempo estimado de leitura":"2 minutos"},"schema":{"@context":"https:\/\/schema.org","@graph":[{"@type":"Article","@id":"https:\/\/inclusivenews.com.br\/?p=24304#article","isPartOf":{"@id":"https:\/\/inclusivenews.com.br\/?p=24304"},"author":{"name":"inclusivenews2024","@id":"https:\/\/inclusivenews.com.br\/#\/schema\/person\/ae4ec7087559b8692fb33b6fffd2273b"},"headline":"5\u00ba relat\u00f3rio nacional sobre os direitos humanos no Brasil","datePublished":"2013-03-13T18:25:00+00:00","mainEntityOfPage":{"@id":"https:\/\/inclusivenews.com.br\/?p=24304"},"wordCount":424,"commentCount":0,"publisher":{"@id":"https:\/\/inclusivenews.com.br\/#organization"},"image":{"@id":"https:\/\/inclusivenews.com.br\/?p=24304#primaryimage"},"thumbnailUrl":"http:\/\/www.nevusp.org\/portugues\/images\/stories\/capas\/capa212.jpg","articleSection":["DIREITOS HUMANOS","Downloadables","PUBLICA\u00c7\u00d5ES","Relat\u00f3rios"],"inLanguage":"pt-PT","potentialAction":[{"@type":"CommentAction","name":"Comment","target":["https:\/\/inclusivenews.com.br\/?p=24304#respond"]}]},{"@type":"WebPage","@id":"https:\/\/inclusivenews.com.br\/?p=24304","url":"https:\/\/inclusivenews.com.br\/?p=24304","name":"5\u00ba relat\u00f3rio nacional sobre os direitos humanos no Brasil -","isPartOf":{"@id":"https:\/\/inclusivenews.com.br\/#website"},"primaryImageOfPage":{"@id":"https:\/\/inclusivenews.com.br\/?p=24304#primaryimage"},"image":{"@id":"https:\/\/inclusivenews.com.br\/?p=24304#primaryimage"},"thumbnailUrl":"http:\/\/www.nevusp.org\/portugues\/images\/stories\/capas\/capa212.jpg","datePublished":"2013-03-13T18:25:00+00:00","breadcrumb":{"@id":"https:\/\/inclusivenews.com.br\/?p=24304#breadcrumb"},"inLanguage":"pt-PT","potentialAction":[{"@type":"ReadAction","target":["https:\/\/inclusivenews.com.br\/?p=24304"]}]},{"@type":"ImageObject","inLanguage":"pt-PT","@id":"https:\/\/inclusivenews.com.br\/?p=24304#primaryimage","url":"http:\/\/www.nevusp.org\/portugues\/images\/stories\/capas\/capa212.jpg","contentUrl":"http:\/\/www.nevusp.org\/portugues\/images\/stories\/capas\/capa212.jpg"},{"@type":"BreadcrumbList","@id":"https:\/\/inclusivenews.com.br\/?p=24304#breadcrumb","itemListElement":[{"@type":"ListItem","position":1,"name":"In\u00edcio","item":"https:\/\/inclusivenews.com.br\/"},{"@type":"ListItem","position":2,"name":"5\u00ba relat\u00f3rio nacional sobre os direitos humanos no Brasil"}]},{"@type":"WebSite","@id":"https:\/\/inclusivenews.com.br\/#website","url":"https:\/\/inclusivenews.com.br\/","name":"Inclusive News","description":"Inclusive News","publisher":{"@id":"https:\/\/inclusivenews.com.br\/#organization"},"potentialAction":[{"@type":"SearchAction","target":{"@type":"EntryPoint","urlTemplate":"https:\/\/inclusivenews.com.br\/?s={search_term_string}"},"query-input":{"@type":"PropertyValueSpecification","valueRequired":true,"valueName":"search_term_string"}}],"inLanguage":"pt-PT"},{"@type":"Organization","@id":"https:\/\/inclusivenews.com.br\/#organization","name":"Inclusive - inclus\u00e3o e cidadania","url":"https:\/\/inclusivenews.com.br\/","logo":{"@type":"ImageObject","inLanguage":"pt-PT","@id":"https:\/\/inclusivenews.com.br\/#\/schema\/logo\/image\/","url":"https:\/\/inclusivenews.com.br\/wp-content\/uploads\/2024\/03\/@grandesite.png","contentUrl":"https:\/\/inclusivenews.com.br\/wp-content\/uploads\/2024\/03\/@grandesite.png","width":1080,"height":1080,"caption":"Inclusive - inclus\u00e3o e cidadania"},"image":{"@id":"https:\/\/inclusivenews.com.br\/#\/schema\/logo\/image\/"},"sameAs":["https:\/\/www.facebook.com\/agenciainclusive\/","https:\/\/www.instagram.com\/newsinclusive\/"]},{"@type":"Person","@id":"https:\/\/inclusivenews.com.br\/#\/schema\/person\/ae4ec7087559b8692fb33b6fffd2273b","name":"inclusivenews2024","image":{"@type":"ImageObject","inLanguage":"pt-PT","@id":"https:\/\/secure.gravatar.com\/avatar\/c5a7ef84c66fa914f55bc4f7ce26cfa275a3b9a1c5568b907bd184fb4dde7b40?s=96&d=mm&r=g","url":"https:\/\/secure.gravatar.com\/avatar\/c5a7ef84c66fa914f55bc4f7ce26cfa275a3b9a1c5568b907bd184fb4dde7b40?s=96&d=mm&r=g","contentUrl":"https:\/\/secure.gravatar.com\/avatar\/c5a7ef84c66fa914f55bc4f7ce26cfa275a3b9a1c5568b907bd184fb4dde7b40?s=96&d=mm&r=g","caption":"inclusivenews2024"},"sameAs":["https:\/\/inclusivenews.com.br"],"url":"https:\/\/inclusivenews.com.br\/?author=1"}]}},"_links":{"self":[{"href":"https:\/\/inclusivenews.com.br\/index.php?rest_route=\/wp\/v2\/posts\/24304","targetHints":{"allow":["GET"]}}],"collection":[{"href":"https:\/\/inclusivenews.com.br\/index.php?rest_route=\/wp\/v2\/posts"}],"about":[{"href":"https:\/\/inclusivenews.com.br\/index.php?rest_route=\/wp\/v2\/types\/post"}],"author":[{"embeddable":true,"href":"https:\/\/inclusivenews.com.br\/index.php?rest_route=\/wp\/v2\/users\/1"}],"replies":[{"embeddable":true,"href":"https:\/\/inclusivenews.com.br\/index.php?rest_route=%2Fwp%2Fv2%2Fcomments&post=24304"}],"version-history":[{"count":0,"href":"https:\/\/inclusivenews.com.br\/index.php?rest_route=\/wp\/v2\/posts\/24304\/revisions"}],"wp:attachment":[{"href":"https:\/\/inclusivenews.com.br\/index.php?rest_route=%2Fwp%2Fv2%2Fmedia&parent=24304"}],"wp:term":[{"taxonomy":"category","embeddable":true,"href":"https:\/\/inclusivenews.com.br\/index.php?rest_route=%2Fwp%2Fv2%2Fcategories&post=24304"},{"taxonomy":"post_tag","embeddable":true,"href":"https:\/\/inclusivenews.com.br\/index.php?rest_route=%2Fwp%2Fv2%2Ftags&post=24304"}],"curies":[{"name":"wp","href":"https:\/\/api.w.org\/{rel}","templated":true}]}}