{"id":24308,"date":"2013-03-13T15:30:55","date_gmt":"2013-03-13T18:30:55","guid":{"rendered":"http:\/\/www.inclusive.org.br\/?p=24308"},"modified":"2013-03-13T15:30:55","modified_gmt":"2013-03-13T18:30:55","slug":"abglt-denuncia-apostila-escolar-com-conteudo-homofobico","status":"publish","type":"post","link":"https:\/\/inclusivenews.com.br\/?p=24308","title":{"rendered":"ABGLT denuncia apostila escolar com conte\u00fado homof\u00f3bico"},"content":{"rendered":"<figure style=\"width: 326px\" class=\"wp-caption alignleft\"><img loading=\"lazy\" decoding=\"async\" class=\" \" title=\"Imagem ilustrando a den\u00fancia - bonecos do mesmo sexo n\u00e3o se atrairiam\" src=\"http:\/\/www.revistaviag.com.br\/arquivos\/img\/materias\/1362675709.jpg\" alt=\"Imagem ilustrando a den\u00fancia - bonecos do mesmo sexo n\u00e3o se atrairiam\" width=\"326\" height=\"301\" \/><figcaption class=\"wp-caption-text\">Fonte: ViaG<\/figcaption><\/figure>\n<p>O procurador de Justi\u00e7a do Minist\u00e9rio P\u00fablico do Cear\u00e1, Jos\u00e9 Valdo Silva, recebeu a den\u00fancia da Associa\u00e7\u00e3o Brasileira de L\u00e9sbicas, Gays, Bissexuais, Travestis e Transexuais (ABGLT) sobre um conte\u00fado considerado homof\u00f3bico em uma apostila adotada no 3\u00b0 ano do Ensino M\u00e9dio da Col\u00e9gio Farias Brito, em Fortaleza. Segundo o MP-CE, a den\u00fancia foi encaminhada para as promotorias de educa\u00e7\u00e3o nesta quarta-feira (6). O promotor que vai receber o caso deve ser definido por meio de uma distribui\u00e7\u00e3o na quinta-feira (7).<\/p>\n<p>De acordo com o presidente da  ABGLT, Toni Reis, a organiza\u00e7\u00e3o recebeu por e-mail uma den\u00fancia de um aluno do 3\u00b0 ano da institui\u00e7\u00e3o de Fortaleza com uma imagem em anexo de uma p\u00e1gina da disciplina de F\u00edsica do  livro  did\u00e1tico. Em uma li\u00e7\u00e3o sobre pr\u00f3tons e el\u00e9trons, as figuras utilizadas para ilustrar repuls\u00e3o e atra\u00e7\u00e3o s\u00e3o bonecos do  sexo  masculino e feminino. Os desenhos com duas meninas e com dois meninos ilustram exemplos de repuls\u00e3o. Para representar a atra\u00e7\u00e3o, o  desenho  \u00e9 de um menino e de uma menina.<\/p>\n<p>Para o diretor da escola, Tales de S\u00e1 Cavalcante, o conte\u00fado do material did\u00e1tico n\u00e3o \u00e9 homof\u00f3bico e a den\u00fancia pode ter partido da \u201cconcorr\u00eancia desleal\u201d. A escola \u00e9 uma das maiores do estado e apresenta bons resultados de aprova\u00e7\u00e3o em vestibulares.<\/p>\n<p>Fonte: Gay 1<\/p>\n","protected":false},"excerpt":{"rendered":"<p>Em uma li\u00e7\u00e3o sobre pr\u00f3tons e el\u00e9trons, as figuras utilizadas para ilustrar repuls\u00e3o e atra\u00e7\u00e3o s\u00e3o bonecos do sexo masculino e feminino. Os desenhos com duas meninas e com dois meninos ilustram exemplos de repuls\u00e3o. Para representar a atra\u00e7\u00e3o, o desenho \u00e9 de um menino e de uma menina.<\/p>\n","protected":false},"author":1,"featured_media":0,"comment_status":"open","ping_status":"open","sticky":false,"template":"","format":"standard","meta":{"site-container-style":"default","site-container-layout":"default","site-sidebar-layout":"default","disable-article-header":"default","disable-site-header":"default","disable-site-footer":"default","disable-content-area-spacing":"default","footnotes":""},"categories":[13,39],"tags":[95],"class_list":["post-24308","post","type-post","status-publish","format-standard","hentry","category-denuncias","category-discriminacao","tag-homofobia"],"yoast_head":"<!-- This site is optimized with the Yoast SEO plugin v27.4 - https:\/\/yoast.com\/product\/yoast-seo-wordpress\/ -->\n<title>ABGLT denuncia apostila escolar com conte\u00fado homof\u00f3bico -<\/title>\n<meta name=\"robots\" content=\"index, follow, max-snippet:-1, max-image-preview:large, max-video-preview:-1\" \/>\n<link rel=\"canonical\" href=\"https:\/\/inclusivenews.com.br\/?p=24308\" \/>\n<meta property=\"og:locale\" content=\"pt_PT\" \/>\n<meta property=\"og:type\" content=\"article\" \/>\n<meta property=\"og:title\" content=\"ABGLT denuncia apostila escolar com conte\u00fado homof\u00f3bico -\" \/>\n<meta property=\"og:description\" content=\"Em uma li\u00e7\u00e3o sobre pr\u00f3tons e el\u00e9trons, as figuras utilizadas para ilustrar repuls\u00e3o e atra\u00e7\u00e3o s\u00e3o bonecos do sexo masculino e feminino. Os desenhos com duas meninas e com dois meninos ilustram exemplos de repuls\u00e3o. Para representar a atra\u00e7\u00e3o, o desenho \u00e9 de um menino e de uma menina.\" \/>\n<meta property=\"og:url\" content=\"https:\/\/inclusivenews.com.br\/?p=24308\" \/>\n<meta property=\"article:publisher\" content=\"https:\/\/www.facebook.com\/agenciainclusive\/\" \/>\n<meta property=\"article:published_time\" content=\"2013-03-13T18:30:55+00:00\" \/>\n<meta property=\"og:image\" content=\"http:\/\/www.revistaviag.com.br\/arquivos\/img\/materias\/1362675709.jpg\" \/>\n<meta name=\"author\" content=\"inclusivenews2024\" \/>\n<meta name=\"twitter:card\" content=\"summary_large_image\" \/>\n<meta name=\"twitter:label1\" content=\"Escrito por\" \/>\n\t<meta name=\"twitter:data1\" content=\"inclusivenews2024\" \/>\n\t<meta name=\"twitter:label2\" content=\"Tempo estimado de leitura\" \/>\n\t<meta name=\"twitter:data2\" content=\"1 minuto\" \/>\n<script type=\"application\/ld+json\" class=\"yoast-schema-graph\">{\"@context\":\"https:\\\/\\\/schema.org\",\"@graph\":[{\"@type\":\"Article\",\"@id\":\"https:\\\/\\\/inclusivenews.com.br\\\/?p=24308#article\",\"isPartOf\":{\"@id\":\"https:\\\/\\\/inclusivenews.com.br\\\/?p=24308\"},\"author\":{\"name\":\"inclusivenews2024\",\"@id\":\"https:\\\/\\\/inclusivenews.com.br\\\/#\\\/schema\\\/person\\\/ae4ec7087559b8692fb33b6fffd2273b\"},\"headline\":\"ABGLT denuncia apostila escolar com conte\u00fado homof\u00f3bico\",\"datePublished\":\"2013-03-13T18:30:55+00:00\",\"mainEntityOfPage\":{\"@id\":\"https:\\\/\\\/inclusivenews.com.br\\\/?p=24308\"},\"wordCount\":259,\"commentCount\":0,\"publisher\":{\"@id\":\"https:\\\/\\\/inclusivenews.com.br\\\/#organization\"},\"image\":{\"@id\":\"https:\\\/\\\/inclusivenews.com.br\\\/?p=24308#primaryimage\"},\"thumbnailUrl\":\"http:\\\/\\\/www.revistaviag.com.br\\\/arquivos\\\/img\\\/materias\\\/1362675709.jpg\",\"keywords\":[\"homofobia\"],\"articleSection\":[\"Den\u00fancias\",\"Discrimina\u00e7\u00e3o\"],\"inLanguage\":\"pt-PT\",\"potentialAction\":[{\"@type\":\"CommentAction\",\"name\":\"Comment\",\"target\":[\"https:\\\/\\\/inclusivenews.com.br\\\/?p=24308#respond\"]}]},{\"@type\":\"WebPage\",\"@id\":\"https:\\\/\\\/inclusivenews.com.br\\\/?p=24308\",\"url\":\"https:\\\/\\\/inclusivenews.com.br\\\/?p=24308\",\"name\":\"ABGLT denuncia apostila escolar com conte\u00fado homof\u00f3bico -\",\"isPartOf\":{\"@id\":\"https:\\\/\\\/inclusivenews.com.br\\\/#website\"},\"primaryImageOfPage\":{\"@id\":\"https:\\\/\\\/inclusivenews.com.br\\\/?p=24308#primaryimage\"},\"image\":{\"@id\":\"https:\\\/\\\/inclusivenews.com.br\\\/?p=24308#primaryimage\"},\"thumbnailUrl\":\"http:\\\/\\\/www.revistaviag.com.br\\\/arquivos\\\/img\\\/materias\\\/1362675709.jpg\",\"datePublished\":\"2013-03-13T18:30:55+00:00\",\"breadcrumb\":{\"@id\":\"https:\\\/\\\/inclusivenews.com.br\\\/?p=24308#breadcrumb\"},\"inLanguage\":\"pt-PT\",\"potentialAction\":[{\"@type\":\"ReadAction\",\"target\":[\"https:\\\/\\\/inclusivenews.com.br\\\/?p=24308\"]}]},{\"@type\":\"ImageObject\",\"inLanguage\":\"pt-PT\",\"@id\":\"https:\\\/\\\/inclusivenews.com.br\\\/?p=24308#primaryimage\",\"url\":\"http:\\\/\\\/www.revistaviag.com.br\\\/arquivos\\\/img\\\/materias\\\/1362675709.jpg\",\"contentUrl\":\"http:\\\/\\\/www.revistaviag.com.br\\\/arquivos\\\/img\\\/materias\\\/1362675709.jpg\"},{\"@type\":\"BreadcrumbList\",\"@id\":\"https:\\\/\\\/inclusivenews.com.br\\\/?p=24308#breadcrumb\",\"itemListElement\":[{\"@type\":\"ListItem\",\"position\":1,\"name\":\"In\u00edcio\",\"item\":\"https:\\\/\\\/inclusivenews.com.br\\\/\"},{\"@type\":\"ListItem\",\"position\":2,\"name\":\"ABGLT denuncia apostila escolar com conte\u00fado homof\u00f3bico\"}]},{\"@type\":\"WebSite\",\"@id\":\"https:\\\/\\\/inclusivenews.com.br\\\/#website\",\"url\":\"https:\\\/\\\/inclusivenews.com.br\\\/\",\"name\":\"Inclusive News\",\"description\":\"Inclusive News\",\"publisher\":{\"@id\":\"https:\\\/\\\/inclusivenews.com.br\\\/#organization\"},\"potentialAction\":[{\"@type\":\"SearchAction\",\"target\":{\"@type\":\"EntryPoint\",\"urlTemplate\":\"https:\\\/\\\/inclusivenews.com.br\\\/?s={search_term_string}\"},\"query-input\":{\"@type\":\"PropertyValueSpecification\",\"valueRequired\":true,\"valueName\":\"search_term_string\"}}],\"inLanguage\":\"pt-PT\"},{\"@type\":\"Organization\",\"@id\":\"https:\\\/\\\/inclusivenews.com.br\\\/#organization\",\"name\":\"Inclusive - inclus\u00e3o e cidadania\",\"url\":\"https:\\\/\\\/inclusivenews.com.br\\\/\",\"logo\":{\"@type\":\"ImageObject\",\"inLanguage\":\"pt-PT\",\"@id\":\"https:\\\/\\\/inclusivenews.com.br\\\/#\\\/schema\\\/logo\\\/image\\\/\",\"url\":\"https:\\\/\\\/inclusivenews.com.br\\\/wp-content\\\/uploads\\\/2024\\\/03\\\/@grandesite.png\",\"contentUrl\":\"https:\\\/\\\/inclusivenews.com.br\\\/wp-content\\\/uploads\\\/2024\\\/03\\\/@grandesite.png\",\"width\":1080,\"height\":1080,\"caption\":\"Inclusive - inclus\u00e3o e cidadania\"},\"image\":{\"@id\":\"https:\\\/\\\/inclusivenews.com.br\\\/#\\\/schema\\\/logo\\\/image\\\/\"},\"sameAs\":[\"https:\\\/\\\/www.facebook.com\\\/agenciainclusive\\\/\",\"https:\\\/\\\/www.instagram.com\\\/newsinclusive\\\/\"]},{\"@type\":\"Person\",\"@id\":\"https:\\\/\\\/inclusivenews.com.br\\\/#\\\/schema\\\/person\\\/ae4ec7087559b8692fb33b6fffd2273b\",\"name\":\"inclusivenews2024\",\"image\":{\"@type\":\"ImageObject\",\"inLanguage\":\"pt-PT\",\"@id\":\"https:\\\/\\\/secure.gravatar.com\\\/avatar\\\/c5a7ef84c66fa914f55bc4f7ce26cfa275a3b9a1c5568b907bd184fb4dde7b40?s=96&d=mm&r=g\",\"url\":\"https:\\\/\\\/secure.gravatar.com\\\/avatar\\\/c5a7ef84c66fa914f55bc4f7ce26cfa275a3b9a1c5568b907bd184fb4dde7b40?s=96&d=mm&r=g\",\"contentUrl\":\"https:\\\/\\\/secure.gravatar.com\\\/avatar\\\/c5a7ef84c66fa914f55bc4f7ce26cfa275a3b9a1c5568b907bd184fb4dde7b40?s=96&d=mm&r=g\",\"caption\":\"inclusivenews2024\"},\"sameAs\":[\"https:\\\/\\\/inclusivenews.com.br\"],\"url\":\"https:\\\/\\\/inclusivenews.com.br\\\/?author=1\"}]}<\/script>\n<!-- \/ Yoast SEO plugin. -->","yoast_head_json":{"title":"ABGLT denuncia apostila escolar com conte\u00fado homof\u00f3bico -","robots":{"index":"index","follow":"follow","max-snippet":"max-snippet:-1","max-image-preview":"max-image-preview:large","max-video-preview":"max-video-preview:-1"},"canonical":"https:\/\/inclusivenews.com.br\/?p=24308","og_locale":"pt_PT","og_type":"article","og_title":"ABGLT denuncia apostila escolar com conte\u00fado homof\u00f3bico -","og_description":"Em uma li\u00e7\u00e3o sobre pr\u00f3tons e el\u00e9trons, as figuras utilizadas para ilustrar repuls\u00e3o e atra\u00e7\u00e3o s\u00e3o bonecos do sexo masculino e feminino. Os desenhos com duas meninas e com dois meninos ilustram exemplos de repuls\u00e3o. Para representar a atra\u00e7\u00e3o, o desenho \u00e9 de um menino e de uma menina.","og_url":"https:\/\/inclusivenews.com.br\/?p=24308","article_publisher":"https:\/\/www.facebook.com\/agenciainclusive\/","article_published_time":"2013-03-13T18:30:55+00:00","og_image":[{"url":"http:\/\/www.revistaviag.com.br\/arquivos\/img\/materias\/1362675709.jpg","type":"","width":"","height":""}],"author":"inclusivenews2024","twitter_card":"summary_large_image","twitter_misc":{"Escrito por":"inclusivenews2024","Tempo estimado de leitura":"1 minuto"},"schema":{"@context":"https:\/\/schema.org","@graph":[{"@type":"Article","@id":"https:\/\/inclusivenews.com.br\/?p=24308#article","isPartOf":{"@id":"https:\/\/inclusivenews.com.br\/?p=24308"},"author":{"name":"inclusivenews2024","@id":"https:\/\/inclusivenews.com.br\/#\/schema\/person\/ae4ec7087559b8692fb33b6fffd2273b"},"headline":"ABGLT denuncia apostila escolar com conte\u00fado homof\u00f3bico","datePublished":"2013-03-13T18:30:55+00:00","mainEntityOfPage":{"@id":"https:\/\/inclusivenews.com.br\/?p=24308"},"wordCount":259,"commentCount":0,"publisher":{"@id":"https:\/\/inclusivenews.com.br\/#organization"},"image":{"@id":"https:\/\/inclusivenews.com.br\/?p=24308#primaryimage"},"thumbnailUrl":"http:\/\/www.revistaviag.com.br\/arquivos\/img\/materias\/1362675709.jpg","keywords":["homofobia"],"articleSection":["Den\u00fancias","Discrimina\u00e7\u00e3o"],"inLanguage":"pt-PT","potentialAction":[{"@type":"CommentAction","name":"Comment","target":["https:\/\/inclusivenews.com.br\/?p=24308#respond"]}]},{"@type":"WebPage","@id":"https:\/\/inclusivenews.com.br\/?p=24308","url":"https:\/\/inclusivenews.com.br\/?p=24308","name":"ABGLT denuncia apostila escolar com conte\u00fado homof\u00f3bico -","isPartOf":{"@id":"https:\/\/inclusivenews.com.br\/#website"},"primaryImageOfPage":{"@id":"https:\/\/inclusivenews.com.br\/?p=24308#primaryimage"},"image":{"@id":"https:\/\/inclusivenews.com.br\/?p=24308#primaryimage"},"thumbnailUrl":"http:\/\/www.revistaviag.com.br\/arquivos\/img\/materias\/1362675709.jpg","datePublished":"2013-03-13T18:30:55+00:00","breadcrumb":{"@id":"https:\/\/inclusivenews.com.br\/?p=24308#breadcrumb"},"inLanguage":"pt-PT","potentialAction":[{"@type":"ReadAction","target":["https:\/\/inclusivenews.com.br\/?p=24308"]}]},{"@type":"ImageObject","inLanguage":"pt-PT","@id":"https:\/\/inclusivenews.com.br\/?p=24308#primaryimage","url":"http:\/\/www.revistaviag.com.br\/arquivos\/img\/materias\/1362675709.jpg","contentUrl":"http:\/\/www.revistaviag.com.br\/arquivos\/img\/materias\/1362675709.jpg"},{"@type":"BreadcrumbList","@id":"https:\/\/inclusivenews.com.br\/?p=24308#breadcrumb","itemListElement":[{"@type":"ListItem","position":1,"name":"In\u00edcio","item":"https:\/\/inclusivenews.com.br\/"},{"@type":"ListItem","position":2,"name":"ABGLT denuncia apostila escolar com conte\u00fado homof\u00f3bico"}]},{"@type":"WebSite","@id":"https:\/\/inclusivenews.com.br\/#website","url":"https:\/\/inclusivenews.com.br\/","name":"Inclusive News","description":"Inclusive News","publisher":{"@id":"https:\/\/inclusivenews.com.br\/#organization"},"potentialAction":[{"@type":"SearchAction","target":{"@type":"EntryPoint","urlTemplate":"https:\/\/inclusivenews.com.br\/?s={search_term_string}"},"query-input":{"@type":"PropertyValueSpecification","valueRequired":true,"valueName":"search_term_string"}}],"inLanguage":"pt-PT"},{"@type":"Organization","@id":"https:\/\/inclusivenews.com.br\/#organization","name":"Inclusive - inclus\u00e3o e cidadania","url":"https:\/\/inclusivenews.com.br\/","logo":{"@type":"ImageObject","inLanguage":"pt-PT","@id":"https:\/\/inclusivenews.com.br\/#\/schema\/logo\/image\/","url":"https:\/\/inclusivenews.com.br\/wp-content\/uploads\/2024\/03\/@grandesite.png","contentUrl":"https:\/\/inclusivenews.com.br\/wp-content\/uploads\/2024\/03\/@grandesite.png","width":1080,"height":1080,"caption":"Inclusive - inclus\u00e3o e cidadania"},"image":{"@id":"https:\/\/inclusivenews.com.br\/#\/schema\/logo\/image\/"},"sameAs":["https:\/\/www.facebook.com\/agenciainclusive\/","https:\/\/www.instagram.com\/newsinclusive\/"]},{"@type":"Person","@id":"https:\/\/inclusivenews.com.br\/#\/schema\/person\/ae4ec7087559b8692fb33b6fffd2273b","name":"inclusivenews2024","image":{"@type":"ImageObject","inLanguage":"pt-PT","@id":"https:\/\/secure.gravatar.com\/avatar\/c5a7ef84c66fa914f55bc4f7ce26cfa275a3b9a1c5568b907bd184fb4dde7b40?s=96&d=mm&r=g","url":"https:\/\/secure.gravatar.com\/avatar\/c5a7ef84c66fa914f55bc4f7ce26cfa275a3b9a1c5568b907bd184fb4dde7b40?s=96&d=mm&r=g","contentUrl":"https:\/\/secure.gravatar.com\/avatar\/c5a7ef84c66fa914f55bc4f7ce26cfa275a3b9a1c5568b907bd184fb4dde7b40?s=96&d=mm&r=g","caption":"inclusivenews2024"},"sameAs":["https:\/\/inclusivenews.com.br"],"url":"https:\/\/inclusivenews.com.br\/?author=1"}]}},"_links":{"self":[{"href":"https:\/\/inclusivenews.com.br\/index.php?rest_route=\/wp\/v2\/posts\/24308","targetHints":{"allow":["GET"]}}],"collection":[{"href":"https:\/\/inclusivenews.com.br\/index.php?rest_route=\/wp\/v2\/posts"}],"about":[{"href":"https:\/\/inclusivenews.com.br\/index.php?rest_route=\/wp\/v2\/types\/post"}],"author":[{"embeddable":true,"href":"https:\/\/inclusivenews.com.br\/index.php?rest_route=\/wp\/v2\/users\/1"}],"replies":[{"embeddable":true,"href":"https:\/\/inclusivenews.com.br\/index.php?rest_route=%2Fwp%2Fv2%2Fcomments&post=24308"}],"version-history":[{"count":0,"href":"https:\/\/inclusivenews.com.br\/index.php?rest_route=\/wp\/v2\/posts\/24308\/revisions"}],"wp:attachment":[{"href":"https:\/\/inclusivenews.com.br\/index.php?rest_route=%2Fwp%2Fv2%2Fmedia&parent=24308"}],"wp:term":[{"taxonomy":"category","embeddable":true,"href":"https:\/\/inclusivenews.com.br\/index.php?rest_route=%2Fwp%2Fv2%2Fcategories&post=24308"},{"taxonomy":"post_tag","embeddable":true,"href":"https:\/\/inclusivenews.com.br\/index.php?rest_route=%2Fwp%2Fv2%2Ftags&post=24308"}],"curies":[{"name":"wp","href":"https:\/\/api.w.org\/{rel}","templated":true}]}}