{"id":24311,"date":"2013-03-13T18:38:36","date_gmt":"2013-03-13T21:38:36","guid":{"rendered":"http:\/\/www.inclusive.org.br\/?p=24311"},"modified":"2013-03-13T18:38:36","modified_gmt":"2013-03-13T21:38:36","slug":"reuniao-sobre-inclusao-das-pessoas-com-deficiencia-na-agenda-do-desenvolvimento-sp-11-e-124","status":"publish","type":"post","link":"https:\/\/inclusivenews.com.br\/?p=24311","title":{"rendered":"Reuni\u00e3o sobre inclus\u00e3o das pessoas com defici\u00eancia na agenda do desenvolvimento &#8211; SP &#8211; 11 e 12\/4"},"content":{"rendered":"<div id=\"yui_3_7_2_1_978316586898_37562\">\n<p id=\"yui_3_7_2_1_978316586898_37658\"><span style=\"font-family: Arial; font-size: x-small;\"><strong><img loading=\"lazy\" decoding=\"async\" class=\"alignleft size-full wp-image-21075\" title=\"Um globo com pictogramas representando as diferentes defici\u00eancias\" src=\"http:\/\/inclusivenews.com.br\/wp-content\/uploads\/icones_deficiencia.jpg\" alt=\"Um globo com pictogramas representando as diferentes defici\u00eancias\" width=\"198\" height=\"162\" \/>Consulta Regional de Alto N\u00edvel sobre Defici\u00eancia sob o tema<\/strong><\/span><\/p>\n<p id=\"yui_3_7_2_1_978316586898_37650\"><span style=\"font-family: Arial; font-size: x-small;\">\u201cO caminho adiante: uma agenda de desenvolvimento que leva em considera\u00e7\u00e3o as pessoas com defici\u00eancia at\u00e9 2015 e al\u00e9m\u201d<\/span><\/p>\n<p id=\"yui_3_7_2_1_978316586898_37561\"><span style=\"font-family: Arial; font-size: x-small;\"><strong>11 e 12 de Abril de 2013<\/strong><\/span><\/p>\n<p><span style=\"font-family: Arial; font-size: x-small;\"><strong>Sheraton World Trade Center, S\u00e3o Paulo, Brasil<\/strong><\/span><\/p>\n<p><strong>RESERVE A DATA<\/strong><\/p>\n<\/div>\n<div id=\"yui_3_7_2_1_978316586898_37556\">\n<p id=\"yui_3_7_2_1_978316586898_37649\"><span style=\"font-family: Arial; font-size: x-small;\">As Na\u00e7\u00f5es Unidas, o Minist\u00e9rio Brasileiro de Rela\u00e7\u00f5es Exteriores e o Governo do Estado de S\u00e3o Paulo, com o apoio do DAES, da OMS, do Banco Mundial, GPDD, OPAS e RIADIS\/IDA, realizar\u00e3o\u00a0<strong>a Consulta Regional de Alto N\u00edvel sobre Defici\u00eancia <\/strong>nos dias\u00a0<strong>11 e 12 de Abril de 2013<\/strong>. Esta reuni\u00e3o tem o objetivo de consolidar as perspectivas governamentais, das organiza\u00e7\u00f5es internacionais, da sociedade civil e organiza\u00e7\u00f5es de pessoas com defici\u00eancia, da Academia e do setor privado sobre as quest\u00f5es mais importantes relacionadas \u00e0 defici\u00eancia e ao desenvolvimento no\u00a0<strong>Continente Americano<\/strong>.<\/span><\/p>\n<p id=\"yui_3_7_2_1_978316586898_37555\"><span style=\"font-family: Arial; font-size: x-small;\">O objetivo principal dessa reuni\u00e3o \u00e9 oferecer contribui\u00e7\u00f5es e recomenda\u00e7\u00f5es da regi\u00e3o das Am\u00e9ricas \u00e0\u00a0<strong>Reuni\u00e3o de Alto N\u00edvel sobre Defici\u00eancia e Desenvolvimento da<\/strong> <strong>Assembleia Geral das Na\u00e7\u00f5es Unidas<\/strong>, a ser realizada no dia 23 de Setembro de 2013, em Nova York. Isso contribuir\u00e1 ao processo consultivo que est\u00e1 sendo realizado internacionalmente para torn\u00e1-lo t\u00e3o representativo quanto o que levou \u00e0 ado\u00e7\u00e3o da Conven\u00e7\u00e3o sobre os Direitos das Pessoas com Defici\u00eancia em 2006.<\/span><\/p>\n<p id=\"yui_3_7_2_1_978316586898_37643\"><span style=\"font-family: Arial; font-size: x-small;\">Em breve, todos os pa\u00edses das Am\u00e9ricas ser\u00e3o formalmente convidados a indicar dois representantes e se recomenda que incluam pessoas com defici\u00eancia em suas delega\u00e7\u00f5es, incluindo representantes de organiza\u00e7\u00f5es nacionais de pessoas com defici\u00eancia.<\/span><\/p>\n<\/div>\n","protected":false},"excerpt":{"rendered":"<p>\u201cO caminho adiante: uma agenda de desenvolvimento que leva em considera\u00e7\u00e3o as pessoas com defici\u00eancia at\u00e9 2015 e al\u00e9m\u201d<\/p>\n","protected":false},"author":1,"featured_media":0,"comment_status":"open","ping_status":"open","sticky":false,"template":"","format":"standard","meta":{"site-container-style":"default","site-container-layout":"default","site-sidebar-layout":"default","disable-article-header":"default","disable-site-header":"default","disable-site-footer":"default","disable-content-area-spacing":"default","footnotes":""},"categories":[44,5,38,48,26,49],"tags":[],"class_list":["post-24311","post","type-post","status-publish","format-standard","hentry","category-acessibilidade","category-convencao","category-deficiencia","category-inclusao","category-legislacao","category-politicas-publicas"],"yoast_head":"<!-- This site is optimized with the Yoast SEO plugin v27.4 - https:\/\/yoast.com\/product\/yoast-seo-wordpress\/ -->\n<title>Reuni\u00e3o sobre inclus\u00e3o das pessoas com defici\u00eancia na agenda do desenvolvimento - SP - 11 e 12\/4 -<\/title>\n<meta name=\"robots\" content=\"index, follow, max-snippet:-1, max-image-preview:large, max-video-preview:-1\" \/>\n<link rel=\"canonical\" href=\"https:\/\/inclusivenews.com.br\/?p=24311\" \/>\n<meta property=\"og:locale\" content=\"pt_PT\" \/>\n<meta property=\"og:type\" content=\"article\" \/>\n<meta property=\"og:title\" content=\"Reuni\u00e3o sobre inclus\u00e3o das pessoas com defici\u00eancia na agenda do desenvolvimento - SP - 11 e 12\/4 -\" \/>\n<meta property=\"og:description\" content=\"\u201cO caminho adiante: uma agenda de desenvolvimento que leva em considera\u00e7\u00e3o as pessoas com defici\u00eancia at\u00e9 2015 e al\u00e9m\u201d\" \/>\n<meta property=\"og:url\" content=\"https:\/\/inclusivenews.com.br\/?p=24311\" \/>\n<meta property=\"article:publisher\" content=\"https:\/\/www.facebook.com\/agenciainclusive\/\" \/>\n<meta property=\"article:published_time\" content=\"2013-03-13T21:38:36+00:00\" \/>\n<meta property=\"og:image\" content=\"http:\/\/inclusivenews.com.br\/wp-content\/uploads\/icones_deficiencia.jpg\" \/>\n<meta name=\"author\" content=\"inclusivenews2024\" \/>\n<meta name=\"twitter:card\" content=\"summary_large_image\" \/>\n<meta name=\"twitter:label1\" content=\"Escrito por\" \/>\n\t<meta name=\"twitter:data1\" content=\"inclusivenews2024\" \/>\n\t<meta name=\"twitter:label2\" content=\"Tempo estimado de leitura\" \/>\n\t<meta name=\"twitter:data2\" content=\"1 minuto\" \/>\n<script type=\"application\/ld+json\" class=\"yoast-schema-graph\">{\"@context\":\"https:\\\/\\\/schema.org\",\"@graph\":[{\"@type\":\"Article\",\"@id\":\"https:\\\/\\\/inclusivenews.com.br\\\/?p=24311#article\",\"isPartOf\":{\"@id\":\"https:\\\/\\\/inclusivenews.com.br\\\/?p=24311\"},\"author\":{\"name\":\"inclusivenews2024\",\"@id\":\"https:\\\/\\\/inclusivenews.com.br\\\/#\\\/schema\\\/person\\\/ae4ec7087559b8692fb33b6fffd2273b\"},\"headline\":\"Reuni\u00e3o sobre inclus\u00e3o das pessoas com defici\u00eancia na agenda do desenvolvimento &#8211; SP &#8211; 11 e 12\\\/4\",\"datePublished\":\"2013-03-13T21:38:36+00:00\",\"mainEntityOfPage\":{\"@id\":\"https:\\\/\\\/inclusivenews.com.br\\\/?p=24311\"},\"wordCount\":289,\"commentCount\":6,\"publisher\":{\"@id\":\"https:\\\/\\\/inclusivenews.com.br\\\/#organization\"},\"image\":{\"@id\":\"https:\\\/\\\/inclusivenews.com.br\\\/?p=24311#primaryimage\"},\"thumbnailUrl\":\"http:\\\/\\\/inclusivenews.com.br\\\/wp-content\\\/uploads\\\/icones_deficiencia.jpg\",\"articleSection\":[\"ACESSIBILIDADE\",\"Conven\u00e7\u00e3o\",\"Defici\u00eancia\",\"INCLUS\u00c3O SOCIAL\",\"Legisla\u00e7\u00e3o ...\",\"Pol\u00edticas p\u00fablicas\"],\"inLanguage\":\"pt-PT\",\"potentialAction\":[{\"@type\":\"CommentAction\",\"name\":\"Comment\",\"target\":[\"https:\\\/\\\/inclusivenews.com.br\\\/?p=24311#respond\"]}]},{\"@type\":\"WebPage\",\"@id\":\"https:\\\/\\\/inclusivenews.com.br\\\/?p=24311\",\"url\":\"https:\\\/\\\/inclusivenews.com.br\\\/?p=24311\",\"name\":\"Reuni\u00e3o sobre inclus\u00e3o das pessoas com defici\u00eancia na agenda do desenvolvimento - SP - 11 e 12\\\/4 -\",\"isPartOf\":{\"@id\":\"https:\\\/\\\/inclusivenews.com.br\\\/#website\"},\"primaryImageOfPage\":{\"@id\":\"https:\\\/\\\/inclusivenews.com.br\\\/?p=24311#primaryimage\"},\"image\":{\"@id\":\"https:\\\/\\\/inclusivenews.com.br\\\/?p=24311#primaryimage\"},\"thumbnailUrl\":\"http:\\\/\\\/inclusivenews.com.br\\\/wp-content\\\/uploads\\\/icones_deficiencia.jpg\",\"datePublished\":\"2013-03-13T21:38:36+00:00\",\"breadcrumb\":{\"@id\":\"https:\\\/\\\/inclusivenews.com.br\\\/?p=24311#breadcrumb\"},\"inLanguage\":\"pt-PT\",\"potentialAction\":[{\"@type\":\"ReadAction\",\"target\":[\"https:\\\/\\\/inclusivenews.com.br\\\/?p=24311\"]}]},{\"@type\":\"ImageObject\",\"inLanguage\":\"pt-PT\",\"@id\":\"https:\\\/\\\/inclusivenews.com.br\\\/?p=24311#primaryimage\",\"url\":\"\",\"contentUrl\":\"\"},{\"@type\":\"BreadcrumbList\",\"@id\":\"https:\\\/\\\/inclusivenews.com.br\\\/?p=24311#breadcrumb\",\"itemListElement\":[{\"@type\":\"ListItem\",\"position\":1,\"name\":\"In\u00edcio\",\"item\":\"https:\\\/\\\/inclusivenews.com.br\\\/\"},{\"@type\":\"ListItem\",\"position\":2,\"name\":\"Reuni\u00e3o sobre inclus\u00e3o das pessoas com defici\u00eancia na agenda do desenvolvimento &#8211; SP &#8211; 11 e 12\\\/4\"}]},{\"@type\":\"WebSite\",\"@id\":\"https:\\\/\\\/inclusivenews.com.br\\\/#website\",\"url\":\"https:\\\/\\\/inclusivenews.com.br\\\/\",\"name\":\"Inclusive News\",\"description\":\"Inclusive News\",\"publisher\":{\"@id\":\"https:\\\/\\\/inclusivenews.com.br\\\/#organization\"},\"potentialAction\":[{\"@type\":\"SearchAction\",\"target\":{\"@type\":\"EntryPoint\",\"urlTemplate\":\"https:\\\/\\\/inclusivenews.com.br\\\/?s={search_term_string}\"},\"query-input\":{\"@type\":\"PropertyValueSpecification\",\"valueRequired\":true,\"valueName\":\"search_term_string\"}}],\"inLanguage\":\"pt-PT\"},{\"@type\":\"Organization\",\"@id\":\"https:\\\/\\\/inclusivenews.com.br\\\/#organization\",\"name\":\"Inclusive - inclus\u00e3o e cidadania\",\"url\":\"https:\\\/\\\/inclusivenews.com.br\\\/\",\"logo\":{\"@type\":\"ImageObject\",\"inLanguage\":\"pt-PT\",\"@id\":\"https:\\\/\\\/inclusivenews.com.br\\\/#\\\/schema\\\/logo\\\/image\\\/\",\"url\":\"https:\\\/\\\/inclusivenews.com.br\\\/wp-content\\\/uploads\\\/2024\\\/03\\\/@grandesite.png\",\"contentUrl\":\"https:\\\/\\\/inclusivenews.com.br\\\/wp-content\\\/uploads\\\/2024\\\/03\\\/@grandesite.png\",\"width\":1080,\"height\":1080,\"caption\":\"Inclusive - inclus\u00e3o e cidadania\"},\"image\":{\"@id\":\"https:\\\/\\\/inclusivenews.com.br\\\/#\\\/schema\\\/logo\\\/image\\\/\"},\"sameAs\":[\"https:\\\/\\\/www.facebook.com\\\/agenciainclusive\\\/\",\"https:\\\/\\\/www.instagram.com\\\/newsinclusive\\\/\"]},{\"@type\":\"Person\",\"@id\":\"https:\\\/\\\/inclusivenews.com.br\\\/#\\\/schema\\\/person\\\/ae4ec7087559b8692fb33b6fffd2273b\",\"name\":\"inclusivenews2024\",\"image\":{\"@type\":\"ImageObject\",\"inLanguage\":\"pt-PT\",\"@id\":\"https:\\\/\\\/secure.gravatar.com\\\/avatar\\\/c5a7ef84c66fa914f55bc4f7ce26cfa275a3b9a1c5568b907bd184fb4dde7b40?s=96&d=mm&r=g\",\"url\":\"https:\\\/\\\/secure.gravatar.com\\\/avatar\\\/c5a7ef84c66fa914f55bc4f7ce26cfa275a3b9a1c5568b907bd184fb4dde7b40?s=96&d=mm&r=g\",\"contentUrl\":\"https:\\\/\\\/secure.gravatar.com\\\/avatar\\\/c5a7ef84c66fa914f55bc4f7ce26cfa275a3b9a1c5568b907bd184fb4dde7b40?s=96&d=mm&r=g\",\"caption\":\"inclusivenews2024\"},\"sameAs\":[\"https:\\\/\\\/inclusivenews.com.br\"],\"url\":\"https:\\\/\\\/inclusivenews.com.br\\\/?author=1\"}]}<\/script>\n<!-- \/ Yoast SEO plugin. -->","yoast_head_json":{"title":"Reuni\u00e3o sobre inclus\u00e3o das pessoas com defici\u00eancia na agenda do desenvolvimento - SP - 11 e 12\/4 -","robots":{"index":"index","follow":"follow","max-snippet":"max-snippet:-1","max-image-preview":"max-image-preview:large","max-video-preview":"max-video-preview:-1"},"canonical":"https:\/\/inclusivenews.com.br\/?p=24311","og_locale":"pt_PT","og_type":"article","og_title":"Reuni\u00e3o sobre inclus\u00e3o das pessoas com defici\u00eancia na agenda do desenvolvimento - SP - 11 e 12\/4 -","og_description":"\u201cO caminho adiante: uma agenda de desenvolvimento que leva em considera\u00e7\u00e3o as pessoas com defici\u00eancia at\u00e9 2015 e al\u00e9m\u201d","og_url":"https:\/\/inclusivenews.com.br\/?p=24311","article_publisher":"https:\/\/www.facebook.com\/agenciainclusive\/","article_published_time":"2013-03-13T21:38:36+00:00","og_image":[{"url":"http:\/\/inclusivenews.com.br\/wp-content\/uploads\/icones_deficiencia.jpg","type":"","width":"","height":""}],"author":"inclusivenews2024","twitter_card":"summary_large_image","twitter_misc":{"Escrito por":"inclusivenews2024","Tempo estimado de leitura":"1 minuto"},"schema":{"@context":"https:\/\/schema.org","@graph":[{"@type":"Article","@id":"https:\/\/inclusivenews.com.br\/?p=24311#article","isPartOf":{"@id":"https:\/\/inclusivenews.com.br\/?p=24311"},"author":{"name":"inclusivenews2024","@id":"https:\/\/inclusivenews.com.br\/#\/schema\/person\/ae4ec7087559b8692fb33b6fffd2273b"},"headline":"Reuni\u00e3o sobre inclus\u00e3o das pessoas com defici\u00eancia na agenda do desenvolvimento &#8211; SP &#8211; 11 e 12\/4","datePublished":"2013-03-13T21:38:36+00:00","mainEntityOfPage":{"@id":"https:\/\/inclusivenews.com.br\/?p=24311"},"wordCount":289,"commentCount":6,"publisher":{"@id":"https:\/\/inclusivenews.com.br\/#organization"},"image":{"@id":"https:\/\/inclusivenews.com.br\/?p=24311#primaryimage"},"thumbnailUrl":"http:\/\/inclusivenews.com.br\/wp-content\/uploads\/icones_deficiencia.jpg","articleSection":["ACESSIBILIDADE","Conven\u00e7\u00e3o","Defici\u00eancia","INCLUS\u00c3O SOCIAL","Legisla\u00e7\u00e3o ...","Pol\u00edticas p\u00fablicas"],"inLanguage":"pt-PT","potentialAction":[{"@type":"CommentAction","name":"Comment","target":["https:\/\/inclusivenews.com.br\/?p=24311#respond"]}]},{"@type":"WebPage","@id":"https:\/\/inclusivenews.com.br\/?p=24311","url":"https:\/\/inclusivenews.com.br\/?p=24311","name":"Reuni\u00e3o sobre inclus\u00e3o das pessoas com defici\u00eancia na agenda do desenvolvimento - SP - 11 e 12\/4 -","isPartOf":{"@id":"https:\/\/inclusivenews.com.br\/#website"},"primaryImageOfPage":{"@id":"https:\/\/inclusivenews.com.br\/?p=24311#primaryimage"},"image":{"@id":"https:\/\/inclusivenews.com.br\/?p=24311#primaryimage"},"thumbnailUrl":"http:\/\/inclusivenews.com.br\/wp-content\/uploads\/icones_deficiencia.jpg","datePublished":"2013-03-13T21:38:36+00:00","breadcrumb":{"@id":"https:\/\/inclusivenews.com.br\/?p=24311#breadcrumb"},"inLanguage":"pt-PT","potentialAction":[{"@type":"ReadAction","target":["https:\/\/inclusivenews.com.br\/?p=24311"]}]},{"@type":"ImageObject","inLanguage":"pt-PT","@id":"https:\/\/inclusivenews.com.br\/?p=24311#primaryimage","url":"","contentUrl":""},{"@type":"BreadcrumbList","@id":"https:\/\/inclusivenews.com.br\/?p=24311#breadcrumb","itemListElement":[{"@type":"ListItem","position":1,"name":"In\u00edcio","item":"https:\/\/inclusivenews.com.br\/"},{"@type":"ListItem","position":2,"name":"Reuni\u00e3o sobre inclus\u00e3o das pessoas com defici\u00eancia na agenda do desenvolvimento &#8211; SP &#8211; 11 e 12\/4"}]},{"@type":"WebSite","@id":"https:\/\/inclusivenews.com.br\/#website","url":"https:\/\/inclusivenews.com.br\/","name":"Inclusive News","description":"Inclusive News","publisher":{"@id":"https:\/\/inclusivenews.com.br\/#organization"},"potentialAction":[{"@type":"SearchAction","target":{"@type":"EntryPoint","urlTemplate":"https:\/\/inclusivenews.com.br\/?s={search_term_string}"},"query-input":{"@type":"PropertyValueSpecification","valueRequired":true,"valueName":"search_term_string"}}],"inLanguage":"pt-PT"},{"@type":"Organization","@id":"https:\/\/inclusivenews.com.br\/#organization","name":"Inclusive - inclus\u00e3o e cidadania","url":"https:\/\/inclusivenews.com.br\/","logo":{"@type":"ImageObject","inLanguage":"pt-PT","@id":"https:\/\/inclusivenews.com.br\/#\/schema\/logo\/image\/","url":"https:\/\/inclusivenews.com.br\/wp-content\/uploads\/2024\/03\/@grandesite.png","contentUrl":"https:\/\/inclusivenews.com.br\/wp-content\/uploads\/2024\/03\/@grandesite.png","width":1080,"height":1080,"caption":"Inclusive - inclus\u00e3o e cidadania"},"image":{"@id":"https:\/\/inclusivenews.com.br\/#\/schema\/logo\/image\/"},"sameAs":["https:\/\/www.facebook.com\/agenciainclusive\/","https:\/\/www.instagram.com\/newsinclusive\/"]},{"@type":"Person","@id":"https:\/\/inclusivenews.com.br\/#\/schema\/person\/ae4ec7087559b8692fb33b6fffd2273b","name":"inclusivenews2024","image":{"@type":"ImageObject","inLanguage":"pt-PT","@id":"https:\/\/secure.gravatar.com\/avatar\/c5a7ef84c66fa914f55bc4f7ce26cfa275a3b9a1c5568b907bd184fb4dde7b40?s=96&d=mm&r=g","url":"https:\/\/secure.gravatar.com\/avatar\/c5a7ef84c66fa914f55bc4f7ce26cfa275a3b9a1c5568b907bd184fb4dde7b40?s=96&d=mm&r=g","contentUrl":"https:\/\/secure.gravatar.com\/avatar\/c5a7ef84c66fa914f55bc4f7ce26cfa275a3b9a1c5568b907bd184fb4dde7b40?s=96&d=mm&r=g","caption":"inclusivenews2024"},"sameAs":["https:\/\/inclusivenews.com.br"],"url":"https:\/\/inclusivenews.com.br\/?author=1"}]}},"_links":{"self":[{"href":"https:\/\/inclusivenews.com.br\/index.php?rest_route=\/wp\/v2\/posts\/24311","targetHints":{"allow":["GET"]}}],"collection":[{"href":"https:\/\/inclusivenews.com.br\/index.php?rest_route=\/wp\/v2\/posts"}],"about":[{"href":"https:\/\/inclusivenews.com.br\/index.php?rest_route=\/wp\/v2\/types\/post"}],"author":[{"embeddable":true,"href":"https:\/\/inclusivenews.com.br\/index.php?rest_route=\/wp\/v2\/users\/1"}],"replies":[{"embeddable":true,"href":"https:\/\/inclusivenews.com.br\/index.php?rest_route=%2Fwp%2Fv2%2Fcomments&post=24311"}],"version-history":[{"count":0,"href":"https:\/\/inclusivenews.com.br\/index.php?rest_route=\/wp\/v2\/posts\/24311\/revisions"}],"wp:attachment":[{"href":"https:\/\/inclusivenews.com.br\/index.php?rest_route=%2Fwp%2Fv2%2Fmedia&parent=24311"}],"wp:term":[{"taxonomy":"category","embeddable":true,"href":"https:\/\/inclusivenews.com.br\/index.php?rest_route=%2Fwp%2Fv2%2Fcategories&post=24311"},{"taxonomy":"post_tag","embeddable":true,"href":"https:\/\/inclusivenews.com.br\/index.php?rest_route=%2Fwp%2Fv2%2Ftags&post=24311"}],"curies":[{"name":"wp","href":"https:\/\/api.w.org\/{rel}","templated":true}]}}