{"id":24322,"date":"2013-03-18T20:49:01","date_gmt":"2013-03-18T23:49:01","guid":{"rendered":"http:\/\/www.inclusive.org.br\/?p=24322"},"modified":"2013-03-18T20:49:01","modified_gmt":"2013-03-18T23:49:01","slug":"brasil-bem-representado-na-ii-conferencia-da-onu-pelo-dia-internacional-da-sindrome-de-down","status":"publish","type":"post","link":"https:\/\/inclusivenews.com.br\/?p=24322","title":{"rendered":"Brasil bem representado na II Confer\u00eancia da ONU pelo Dia Internacional da S\u00edndrome de Down"},"content":{"rendered":"<div id=\"yiv174176100yui_3_7_2_67_1363606402930_39\"><img loading=\"lazy\" decoding=\"async\" class=\"alignleft size-medium wp-image-24323\" title=\"brenoterno\" src=\"http:\/\/inclusivenews.com.br\/wp-content\/uploads\/brenoterno-273x300.png\" alt=\"Breno Vola, vestindo terno cinza, fala ao microfone.\" width=\"273\" height=\"300\" \/>A confer\u00eancia que ter\u00e1 como tema o Direito ao Trabalho, acontecer\u00e1 na sede da ONU em Nova York, na quinta, dia 21\/3, Conference Room 4. S\u00e3o esperados delegados de todo mundo, inclusive do Brasil, entre pessoas com s\u00edndrome de Down, suas fam\u00edlias e especialistas na \u00e1rea.<\/div>\n<div id=\"yiv174176100yui_3_7_2_67_1363606402930_39\"><br id=\"yiv174176100yui_3_7_2_67_1363606402930_64\" \/><\/div>\n<div id=\"yiv174176100yui_3_7_2_67_1363606402930_39\">Representando o Brasil, Breno Viola, auto-defensor do Movimento Down,\u00a0judoca faixa-preta e ator do filme Colegas, vai falar sobre Trabalho e Acessibilidade, reafirmando o quanto a comunica\u00e7\u00e3o acess\u00edvel \u00e9 importante para as pessoas com defici\u00eancia intelectual e falando de sua experi\u00eancia na adapta\u00e7\u00e3o de textos no Movimento Down.<\/div>\n<div><a href=\"http:\/\/redeglobo.globo.com\/globocidadania\/acao\/videos\/t\/edicoes\/v\/jovem-ator-com-down-e-campeao-de-judo-e-trabalha-em-portal\/2459872\">http:\/\/redeglobo.globo.com\/globocidadania\/acao\/videos\/t\/edicoes\/v\/jovem-ator-com-down-e-campeao-de-judo-e-trabalha-em-portal\/2459872<\/a><br id=\"yui_3_7_2_72_1363606402930_102\" \/><\/div>\n<div id=\"yiv174176100yui_3_7_2_67_1363606402930_39\"><br id=\"yiv174176100yui_3_7_2_67_1363606402930_69\" \/><\/div>\n<div id=\"yiv174176100yui_3_7_2_67_1363606402930_39\">O Brasil tamb\u00e9m ser\u00e1 destaque com a exibi\u00e7\u00e3o do trailer do filme &#8220;Colegas&#8221;, com legendas em ingl\u00eas e o lan\u00e7amento da vers\u00e3o em ingl\u00eas da can\u00e7\u00e3o &#8220;Ser Diferente \u00e9 Normal&#8221;: &#8220;Be proud that you are you&#8221;. A tradu\u00e7\u00e3o foi feita por Emily Perl Kingsley e Sharon Lerner, roteristas de Sesame Street (Vila S\u00e9samo).<\/div>\n<div>A Confer\u00eancia ser\u00e1 transmitada ao vivo pela internet a partir das 10h da manh\u00e3, hora de Nova York.<\/div>\n<div><a id=\"yui_3_7_2_1_1363606402930_291666\" rel=\"nofollow noopener\" href=\"http:\/\/www.un.org\/webcast\" target=\"_blank\">www.un.org\/webcast<\/a><\/div>\n<div id=\"yiv174176100yui_3_7_2_67_1363606402930_39\"><br id=\"yiv174176100yui_3_7_2_67_1363606402930_75\" \/><\/div>\n<div id=\"yiv174176100yui_3_7_2_67_1363606402930_39\">O Dia Interncional da S\u00edndrome de Down foi reconhecido pelos pa\u00edses da ONU a partir de uma iniciativa do Brasil. Saiba como foi o processo:<\/div>\n<div id=\"yiv174176100yui_3_7_2_67_1363606402930_39\"><br id=\"yiv174176100yui_3_7_2_67_1363606402930_80\" \/><\/div>\n<div id=\"yiv174176100yui_3_7_2_67_1363606402930_39\"><span style=\"font-family: arial, helvetica, sans-serif;\"><a href=\"http:\/\/www.inclusive.org.br\/?p=24221\">http:\/\/www.inclusive.org.br\/?p=24221<\/a><\/span><br id=\"yiv174176100yui_3_7_2_67_1363606402930_82\" \/><\/div>\n<div id=\"yiv174176100yui_3_7_2_67_1363606402930_39\"><span style=\"font-family: arial, helvetica, sans-serif;\"><br id=\"yiv174176100yui_3_7_2_67_1363606402930_101\" \/><\/span><\/div>\n<div id=\"yiv174176100yui_3_7_2_67_1363606402930_39\"><span style=\"font-family: arial, helvetica, sans-serif;\">Mais de 60 eventos est\u00e3o programados em todo pa\u00eds para celebrar a data, entre caminhadas, espet\u00e1culos, semin\u00e1rios e um evento na C\u00e2mara dos Deputados. Confira no site da Federa\u00e7\u00e3o Brasileira das Associa\u00e7\u00f5es de S\u00edndrome de Down:<\/span><\/div>\n<div id=\"yiv174176100yui_3_7_2_67_1363606402930_39\"><span style=\"font-family: arial, helvetica, sans-serif;\"><br id=\"yiv174176100yui_3_7_2_67_1363606402930_119\" \/><\/span><\/div>\n<div id=\"yiv174176100yui_3_7_2_67_1363606402930_39\"><span style=\"font-family: arial, helvetica, sans-serif;\"><a href=\"http:\/\/www.federacaodown.org.br\/site\/index.php\/component\/jevents\/month.calendar\/2013\/03\/18\/-.html\">http:\/\/www.federacaodown.org.br\/site\/index.php\/component\/jevents\/month.calendar\/2013\/03\/18\/-.html<\/a><br id=\"yiv174176100yui_3_7_2_67_1363606402930_121\" \/><\/span><\/div>\n<div><span style=\"font-family: arial, helvetica, sans-serif;\">Fonte: <\/span><a href=\"www.movimentodown.org.br\">www.movimentodown.org.br<\/a><\/div>\n","protected":false},"excerpt":{"rendered":"<p>Al\u00e9m do representante do Movimento Down, Breno Viola, ser\u00e1 apresentado o trailer de &#8220;Colegas&#8221; e a vers\u00e3o em ingl\u00eas da can\u00e7\u00e3o Ser Diferente \u00e9 Normal.<\/p>\n","protected":false},"author":1,"featured_media":0,"comment_status":"open","ping_status":"open","sticky":false,"template":"","format":"standard","meta":{"site-container-style":"default","site-container-layout":"default","site-sidebar-layout":"default","disable-article-header":"default","disable-site-header":"default","disable-site-footer":"default","disable-content-area-spacing":"default","footnotes":""},"categories":[5,12,38,48,46,207],"tags":[],"class_list":["post-24322","post","type-post","status-publish","format-standard","hentry","category-convencao","category-cursos-e-eventos","category-deficiencia","category-inclusao","category-mercado-de-trabalho","category-wdsd2013"],"yoast_head":"<!-- This site is optimized with the Yoast SEO plugin v27.4 - https:\/\/yoast.com\/product\/yoast-seo-wordpress\/ -->\n<title>Brasil bem representado na II Confer\u00eancia da ONU pelo Dia Internacional da S\u00edndrome de Down -<\/title>\n<meta name=\"robots\" content=\"index, follow, max-snippet:-1, max-image-preview:large, max-video-preview:-1\" \/>\n<link rel=\"canonical\" href=\"https:\/\/inclusivenews.com.br\/?p=24322\" \/>\n<meta property=\"og:locale\" content=\"pt_PT\" \/>\n<meta property=\"og:type\" content=\"article\" \/>\n<meta property=\"og:title\" content=\"Brasil bem representado na II Confer\u00eancia da ONU pelo Dia Internacional da S\u00edndrome de Down -\" \/>\n<meta property=\"og:description\" content=\"Al\u00e9m do representante do Movimento Down, Breno Viola, ser\u00e1 apresentado o trailer de &quot;Colegas&quot; e a vers\u00e3o em ingl\u00eas da can\u00e7\u00e3o Ser Diferente \u00e9 Normal.\" \/>\n<meta property=\"og:url\" content=\"https:\/\/inclusivenews.com.br\/?p=24322\" \/>\n<meta property=\"article:publisher\" content=\"https:\/\/www.facebook.com\/agenciainclusive\/\" \/>\n<meta property=\"article:published_time\" content=\"2013-03-18T23:49:01+00:00\" \/>\n<meta property=\"og:image\" content=\"http:\/\/inclusivenews.com.br\/wp-content\/uploads\/brenoterno-273x300.png\" \/>\n<meta name=\"author\" content=\"inclusivenews2024\" \/>\n<meta name=\"twitter:card\" content=\"summary_large_image\" \/>\n<meta name=\"twitter:label1\" content=\"Escrito por\" \/>\n\t<meta name=\"twitter:data1\" content=\"inclusivenews2024\" \/>\n\t<meta name=\"twitter:label2\" content=\"Tempo estimado de leitura\" \/>\n\t<meta name=\"twitter:data2\" content=\"1 minuto\" \/>\n<script type=\"application\/ld+json\" class=\"yoast-schema-graph\">{\"@context\":\"https:\\\/\\\/schema.org\",\"@graph\":[{\"@type\":\"Article\",\"@id\":\"https:\\\/\\\/inclusivenews.com.br\\\/?p=24322#article\",\"isPartOf\":{\"@id\":\"https:\\\/\\\/inclusivenews.com.br\\\/?p=24322\"},\"author\":{\"name\":\"inclusivenews2024\",\"@id\":\"https:\\\/\\\/inclusivenews.com.br\\\/#\\\/schema\\\/person\\\/ae4ec7087559b8692fb33b6fffd2273b\"},\"headline\":\"Brasil bem representado na II Confer\u00eancia da ONU pelo Dia Internacional da S\u00edndrome de Down\",\"datePublished\":\"2013-03-18T23:49:01+00:00\",\"mainEntityOfPage\":{\"@id\":\"https:\\\/\\\/inclusivenews.com.br\\\/?p=24322\"},\"wordCount\":307,\"commentCount\":5,\"publisher\":{\"@id\":\"https:\\\/\\\/inclusivenews.com.br\\\/#organization\"},\"image\":{\"@id\":\"https:\\\/\\\/inclusivenews.com.br\\\/?p=24322#primaryimage\"},\"thumbnailUrl\":\"http:\\\/\\\/inclusivenews.com.br\\\/wp-content\\\/uploads\\\/brenoterno-273x300.png\",\"articleSection\":[\"Conven\u00e7\u00e3o\",\"Cursos e eventos\",\"Defici\u00eancia\",\"INCLUS\u00c3O SOCIAL\",\"Mercado de Trabalho\",\"WDSD2013\"],\"inLanguage\":\"pt-PT\",\"potentialAction\":[{\"@type\":\"CommentAction\",\"name\":\"Comment\",\"target\":[\"https:\\\/\\\/inclusivenews.com.br\\\/?p=24322#respond\"]}]},{\"@type\":\"WebPage\",\"@id\":\"https:\\\/\\\/inclusivenews.com.br\\\/?p=24322\",\"url\":\"https:\\\/\\\/inclusivenews.com.br\\\/?p=24322\",\"name\":\"Brasil bem representado na II Confer\u00eancia da ONU pelo Dia Internacional da S\u00edndrome de Down -\",\"isPartOf\":{\"@id\":\"https:\\\/\\\/inclusivenews.com.br\\\/#website\"},\"primaryImageOfPage\":{\"@id\":\"https:\\\/\\\/inclusivenews.com.br\\\/?p=24322#primaryimage\"},\"image\":{\"@id\":\"https:\\\/\\\/inclusivenews.com.br\\\/?p=24322#primaryimage\"},\"thumbnailUrl\":\"http:\\\/\\\/inclusivenews.com.br\\\/wp-content\\\/uploads\\\/brenoterno-273x300.png\",\"datePublished\":\"2013-03-18T23:49:01+00:00\",\"breadcrumb\":{\"@id\":\"https:\\\/\\\/inclusivenews.com.br\\\/?p=24322#breadcrumb\"},\"inLanguage\":\"pt-PT\",\"potentialAction\":[{\"@type\":\"ReadAction\",\"target\":[\"https:\\\/\\\/inclusivenews.com.br\\\/?p=24322\"]}]},{\"@type\":\"ImageObject\",\"inLanguage\":\"pt-PT\",\"@id\":\"https:\\\/\\\/inclusivenews.com.br\\\/?p=24322#primaryimage\",\"url\":\"\",\"contentUrl\":\"\"},{\"@type\":\"BreadcrumbList\",\"@id\":\"https:\\\/\\\/inclusivenews.com.br\\\/?p=24322#breadcrumb\",\"itemListElement\":[{\"@type\":\"ListItem\",\"position\":1,\"name\":\"In\u00edcio\",\"item\":\"https:\\\/\\\/inclusivenews.com.br\\\/\"},{\"@type\":\"ListItem\",\"position\":2,\"name\":\"Brasil bem representado na II Confer\u00eancia da ONU pelo Dia Internacional da S\u00edndrome de Down\"}]},{\"@type\":\"WebSite\",\"@id\":\"https:\\\/\\\/inclusivenews.com.br\\\/#website\",\"url\":\"https:\\\/\\\/inclusivenews.com.br\\\/\",\"name\":\"Inclusive News\",\"description\":\"Inclusive News\",\"publisher\":{\"@id\":\"https:\\\/\\\/inclusivenews.com.br\\\/#organization\"},\"potentialAction\":[{\"@type\":\"SearchAction\",\"target\":{\"@type\":\"EntryPoint\",\"urlTemplate\":\"https:\\\/\\\/inclusivenews.com.br\\\/?s={search_term_string}\"},\"query-input\":{\"@type\":\"PropertyValueSpecification\",\"valueRequired\":true,\"valueName\":\"search_term_string\"}}],\"inLanguage\":\"pt-PT\"},{\"@type\":\"Organization\",\"@id\":\"https:\\\/\\\/inclusivenews.com.br\\\/#organization\",\"name\":\"Inclusive - inclus\u00e3o e cidadania\",\"url\":\"https:\\\/\\\/inclusivenews.com.br\\\/\",\"logo\":{\"@type\":\"ImageObject\",\"inLanguage\":\"pt-PT\",\"@id\":\"https:\\\/\\\/inclusivenews.com.br\\\/#\\\/schema\\\/logo\\\/image\\\/\",\"url\":\"https:\\\/\\\/inclusivenews.com.br\\\/wp-content\\\/uploads\\\/2024\\\/03\\\/@grandesite.png\",\"contentUrl\":\"https:\\\/\\\/inclusivenews.com.br\\\/wp-content\\\/uploads\\\/2024\\\/03\\\/@grandesite.png\",\"width\":1080,\"height\":1080,\"caption\":\"Inclusive - inclus\u00e3o e cidadania\"},\"image\":{\"@id\":\"https:\\\/\\\/inclusivenews.com.br\\\/#\\\/schema\\\/logo\\\/image\\\/\"},\"sameAs\":[\"https:\\\/\\\/www.facebook.com\\\/agenciainclusive\\\/\",\"https:\\\/\\\/www.instagram.com\\\/newsinclusive\\\/\"]},{\"@type\":\"Person\",\"@id\":\"https:\\\/\\\/inclusivenews.com.br\\\/#\\\/schema\\\/person\\\/ae4ec7087559b8692fb33b6fffd2273b\",\"name\":\"inclusivenews2024\",\"image\":{\"@type\":\"ImageObject\",\"inLanguage\":\"pt-PT\",\"@id\":\"https:\\\/\\\/secure.gravatar.com\\\/avatar\\\/c5a7ef84c66fa914f55bc4f7ce26cfa275a3b9a1c5568b907bd184fb4dde7b40?s=96&d=mm&r=g\",\"url\":\"https:\\\/\\\/secure.gravatar.com\\\/avatar\\\/c5a7ef84c66fa914f55bc4f7ce26cfa275a3b9a1c5568b907bd184fb4dde7b40?s=96&d=mm&r=g\",\"contentUrl\":\"https:\\\/\\\/secure.gravatar.com\\\/avatar\\\/c5a7ef84c66fa914f55bc4f7ce26cfa275a3b9a1c5568b907bd184fb4dde7b40?s=96&d=mm&r=g\",\"caption\":\"inclusivenews2024\"},\"sameAs\":[\"https:\\\/\\\/inclusivenews.com.br\"],\"url\":\"https:\\\/\\\/inclusivenews.com.br\\\/?author=1\"}]}<\/script>\n<!-- \/ Yoast SEO plugin. -->","yoast_head_json":{"title":"Brasil bem representado na II Confer\u00eancia da ONU pelo Dia Internacional da S\u00edndrome de Down -","robots":{"index":"index","follow":"follow","max-snippet":"max-snippet:-1","max-image-preview":"max-image-preview:large","max-video-preview":"max-video-preview:-1"},"canonical":"https:\/\/inclusivenews.com.br\/?p=24322","og_locale":"pt_PT","og_type":"article","og_title":"Brasil bem representado na II Confer\u00eancia da ONU pelo Dia Internacional da S\u00edndrome de Down -","og_description":"Al\u00e9m do representante do Movimento Down, Breno Viola, ser\u00e1 apresentado o trailer de \"Colegas\" e a vers\u00e3o em ingl\u00eas da can\u00e7\u00e3o Ser Diferente \u00e9 Normal.","og_url":"https:\/\/inclusivenews.com.br\/?p=24322","article_publisher":"https:\/\/www.facebook.com\/agenciainclusive\/","article_published_time":"2013-03-18T23:49:01+00:00","og_image":[{"url":"http:\/\/inclusivenews.com.br\/wp-content\/uploads\/brenoterno-273x300.png","type":"","width":"","height":""}],"author":"inclusivenews2024","twitter_card":"summary_large_image","twitter_misc":{"Escrito por":"inclusivenews2024","Tempo estimado de leitura":"1 minuto"},"schema":{"@context":"https:\/\/schema.org","@graph":[{"@type":"Article","@id":"https:\/\/inclusivenews.com.br\/?p=24322#article","isPartOf":{"@id":"https:\/\/inclusivenews.com.br\/?p=24322"},"author":{"name":"inclusivenews2024","@id":"https:\/\/inclusivenews.com.br\/#\/schema\/person\/ae4ec7087559b8692fb33b6fffd2273b"},"headline":"Brasil bem representado na II Confer\u00eancia da ONU pelo Dia Internacional da S\u00edndrome de Down","datePublished":"2013-03-18T23:49:01+00:00","mainEntityOfPage":{"@id":"https:\/\/inclusivenews.com.br\/?p=24322"},"wordCount":307,"commentCount":5,"publisher":{"@id":"https:\/\/inclusivenews.com.br\/#organization"},"image":{"@id":"https:\/\/inclusivenews.com.br\/?p=24322#primaryimage"},"thumbnailUrl":"http:\/\/inclusivenews.com.br\/wp-content\/uploads\/brenoterno-273x300.png","articleSection":["Conven\u00e7\u00e3o","Cursos e eventos","Defici\u00eancia","INCLUS\u00c3O SOCIAL","Mercado de Trabalho","WDSD2013"],"inLanguage":"pt-PT","potentialAction":[{"@type":"CommentAction","name":"Comment","target":["https:\/\/inclusivenews.com.br\/?p=24322#respond"]}]},{"@type":"WebPage","@id":"https:\/\/inclusivenews.com.br\/?p=24322","url":"https:\/\/inclusivenews.com.br\/?p=24322","name":"Brasil bem representado na II Confer\u00eancia da ONU pelo Dia Internacional da S\u00edndrome de Down -","isPartOf":{"@id":"https:\/\/inclusivenews.com.br\/#website"},"primaryImageOfPage":{"@id":"https:\/\/inclusivenews.com.br\/?p=24322#primaryimage"},"image":{"@id":"https:\/\/inclusivenews.com.br\/?p=24322#primaryimage"},"thumbnailUrl":"http:\/\/inclusivenews.com.br\/wp-content\/uploads\/brenoterno-273x300.png","datePublished":"2013-03-18T23:49:01+00:00","breadcrumb":{"@id":"https:\/\/inclusivenews.com.br\/?p=24322#breadcrumb"},"inLanguage":"pt-PT","potentialAction":[{"@type":"ReadAction","target":["https:\/\/inclusivenews.com.br\/?p=24322"]}]},{"@type":"ImageObject","inLanguage":"pt-PT","@id":"https:\/\/inclusivenews.com.br\/?p=24322#primaryimage","url":"","contentUrl":""},{"@type":"BreadcrumbList","@id":"https:\/\/inclusivenews.com.br\/?p=24322#breadcrumb","itemListElement":[{"@type":"ListItem","position":1,"name":"In\u00edcio","item":"https:\/\/inclusivenews.com.br\/"},{"@type":"ListItem","position":2,"name":"Brasil bem representado na II Confer\u00eancia da ONU pelo Dia Internacional da S\u00edndrome de Down"}]},{"@type":"WebSite","@id":"https:\/\/inclusivenews.com.br\/#website","url":"https:\/\/inclusivenews.com.br\/","name":"Inclusive News","description":"Inclusive News","publisher":{"@id":"https:\/\/inclusivenews.com.br\/#organization"},"potentialAction":[{"@type":"SearchAction","target":{"@type":"EntryPoint","urlTemplate":"https:\/\/inclusivenews.com.br\/?s={search_term_string}"},"query-input":{"@type":"PropertyValueSpecification","valueRequired":true,"valueName":"search_term_string"}}],"inLanguage":"pt-PT"},{"@type":"Organization","@id":"https:\/\/inclusivenews.com.br\/#organization","name":"Inclusive - inclus\u00e3o e cidadania","url":"https:\/\/inclusivenews.com.br\/","logo":{"@type":"ImageObject","inLanguage":"pt-PT","@id":"https:\/\/inclusivenews.com.br\/#\/schema\/logo\/image\/","url":"https:\/\/inclusivenews.com.br\/wp-content\/uploads\/2024\/03\/@grandesite.png","contentUrl":"https:\/\/inclusivenews.com.br\/wp-content\/uploads\/2024\/03\/@grandesite.png","width":1080,"height":1080,"caption":"Inclusive - inclus\u00e3o e cidadania"},"image":{"@id":"https:\/\/inclusivenews.com.br\/#\/schema\/logo\/image\/"},"sameAs":["https:\/\/www.facebook.com\/agenciainclusive\/","https:\/\/www.instagram.com\/newsinclusive\/"]},{"@type":"Person","@id":"https:\/\/inclusivenews.com.br\/#\/schema\/person\/ae4ec7087559b8692fb33b6fffd2273b","name":"inclusivenews2024","image":{"@type":"ImageObject","inLanguage":"pt-PT","@id":"https:\/\/secure.gravatar.com\/avatar\/c5a7ef84c66fa914f55bc4f7ce26cfa275a3b9a1c5568b907bd184fb4dde7b40?s=96&d=mm&r=g","url":"https:\/\/secure.gravatar.com\/avatar\/c5a7ef84c66fa914f55bc4f7ce26cfa275a3b9a1c5568b907bd184fb4dde7b40?s=96&d=mm&r=g","contentUrl":"https:\/\/secure.gravatar.com\/avatar\/c5a7ef84c66fa914f55bc4f7ce26cfa275a3b9a1c5568b907bd184fb4dde7b40?s=96&d=mm&r=g","caption":"inclusivenews2024"},"sameAs":["https:\/\/inclusivenews.com.br"],"url":"https:\/\/inclusivenews.com.br\/?author=1"}]}},"_links":{"self":[{"href":"https:\/\/inclusivenews.com.br\/index.php?rest_route=\/wp\/v2\/posts\/24322","targetHints":{"allow":["GET"]}}],"collection":[{"href":"https:\/\/inclusivenews.com.br\/index.php?rest_route=\/wp\/v2\/posts"}],"about":[{"href":"https:\/\/inclusivenews.com.br\/index.php?rest_route=\/wp\/v2\/types\/post"}],"author":[{"embeddable":true,"href":"https:\/\/inclusivenews.com.br\/index.php?rest_route=\/wp\/v2\/users\/1"}],"replies":[{"embeddable":true,"href":"https:\/\/inclusivenews.com.br\/index.php?rest_route=%2Fwp%2Fv2%2Fcomments&post=24322"}],"version-history":[{"count":0,"href":"https:\/\/inclusivenews.com.br\/index.php?rest_route=\/wp\/v2\/posts\/24322\/revisions"}],"wp:attachment":[{"href":"https:\/\/inclusivenews.com.br\/index.php?rest_route=%2Fwp%2Fv2%2Fmedia&parent=24322"}],"wp:term":[{"taxonomy":"category","embeddable":true,"href":"https:\/\/inclusivenews.com.br\/index.php?rest_route=%2Fwp%2Fv2%2Fcategories&post=24322"},{"taxonomy":"post_tag","embeddable":true,"href":"https:\/\/inclusivenews.com.br\/index.php?rest_route=%2Fwp%2Fv2%2Ftags&post=24322"}],"curies":[{"name":"wp","href":"https:\/\/api.w.org\/{rel}","templated":true}]}}