{"id":24329,"date":"2013-03-19T13:41:15","date_gmt":"2013-03-19T16:41:15","guid":{"rendered":"http:\/\/www.inclusive.org.br\/?p=24329"},"modified":"2013-03-19T13:41:15","modified_gmt":"2013-03-19T16:41:15","slug":"usina-da-inclusao-esta-no-ar","status":"publish","type":"post","link":"https:\/\/inclusivenews.com.br\/?p=24329","title":{"rendered":"Usina da Inclus\u00e3o est\u00e1 no ar"},"content":{"rendered":"<p><img loading=\"lazy\" decoding=\"async\" class=\"alignleft\" title=\"Usina da inclus\u00e3o\" src=\"http:\/\/www.usinadainclusao.com.br\/img\/logo.png\" alt=\"\" width=\"238\" height=\"219\" \/><\/p>\n<p>Vivemos a era da criatividade e da colabora\u00e7\u00e3o. Um mundo em que a intelig\u00eancia coletiva vem ganhando espa\u00e7o na resolu\u00e7\u00e3o de problemas, na produ\u00e7\u00e3o de conte\u00fado e no aperfei\u00e7oamento e desenvolvimento de novas tecnologias. Nesse contexto, os sites na Internet deixaram de ser apenas um \u201ccart\u00e3o de visitas\u201d, tornando-se uma ferramenta poderosa quando aliados \u00e0s redes sociais.<\/p>\n<p>Em meio a esse panorama e com o desafio de criar um novo modelo de neg\u00f3cios inclusivo \u00e9 que entra no ar hoje, 19\/3, o portal Usina da Inclus\u00e3o \u2013 Solu\u00e7\u00f5es em tecnologia assistiva, acessibilidade e inclus\u00e3o de pessoas com defici\u00eancia e mobilidade reduzida (<a href=\"http:\/\/www.usinadainclusao.com.br\" target=\"_blank\" rel=\"noopener\">www.usinadainclusao.com.br<\/a>).<\/p>\n<p>O site j\u00e1 est\u00e1 em fase de testes, e j\u00e1 conta com cerca de 70 empresas cadastradas que poder\u00e3o melhorar e aperfei\u00e7oar o conte\u00fado sugerido pela equipe da Usina da Inclus\u00e3o.<\/p>\n<p>O Portal Usina da Inclus\u00e3o \u00e9 o primeiro site de Conte\u00fado Colaborativo do Brasil com produtos e servi\u00e7os voltados ao p\u00fablico de pessoas com defici\u00eancia e mobilidade reduzida. Nele, empresas e profissionais poder\u00e3o compartilhar gratuitamente os seus produtos e servi\u00e7os desenvolvidos para melhorar a qualidade de vida deste importante segmento social que, segundo dados do IBGE 2010, \u00e9 representado por cerca de 45 milh\u00f5es de brasileiros.<\/p>\n<p>NOSSO OBJETIVO<\/p>\n<p>Sonhamos com um lugar onde as empresas que ainda n\u00e3o se adequaram \u00e0 legisla\u00e7\u00e3o vigente e n\u00e3o desenvolveram uma cultura inclusiva possam conhecer tudo o que h\u00e1 de mais moderno e inovador com rela\u00e7\u00e3o a produtos e servi\u00e7os que possam contribuir para a inclus\u00e3o social das pessoas com defici\u00eancia e mobilidade reduzida.<\/p>\n<p>Que tal se nesse mesmo lugar as pr\u00f3prias pessoas com defici\u00eancia e mobilidade reduzida possam contribuir efetivamente para melhorar esses produtos e servi\u00e7os dando sugest\u00f5es, contando sua experi\u00eancia e trocando id\u00e9ias com especialistas, profissionais e empresas do segmento.<\/p>\n<p>O IDEALIZADOR DO PORTAL USINA DA INCLUS\u00c3O<\/p>\n<p>Lincoln Tavares. Jornalista, ativista de direitos humanos e S\u00f3cio Diretor do Portal Usina da Inclus\u00e3o. Trabalhou por mais de seis anos na Secretaria Municipal da Pessoa com Defici\u00eancia e Mobilidade da Prefeitura de S\u00e3o Paulo \u2013 primeira do g\u00eanero no Brasil, onde coordenou o Programa Censo-Inclus\u00e3o e Cadastro-Inclus\u00e3o de Pessoas com Defici\u00eancia e Mobilidade Reduzida e a Assessoria de Comunica\u00e7\u00e3o e Imprensa.<\/p>\n<p>Fonte: Usina da Inclus\u00e3o<\/p>\n","protected":false},"excerpt":{"rendered":"<p>Entra no ar hoje, 19\/3, o portal Usina da Inclus\u00e3o \u2013 Solu\u00e7\u00f5es em tecnologia assistiva, acessibilidade e inclus\u00e3o de pessoas com defici\u00eancia e mobilidade reduzida (www.usinadainclusao.com.br).<\/p>\n","protected":false},"author":1,"featured_media":0,"comment_status":"open","ping_status":"open","sticky":false,"template":"","format":"standard","meta":{"site-container-style":"default","site-container-layout":"default","site-sidebar-layout":"default","disable-article-header":"default","disable-site-header":"default","disable-site-footer":"default","disable-content-area-spacing":"default","footnotes":""},"categories":[54,4,10],"tags":[],"class_list":["post-24329","post","type-post","status-publish","format-standard","hentry","category-blogs-e-webs","category-noticias","category-publicacoes"],"yoast_head":"<!-- This site is optimized with the Yoast SEO plugin v27.4 - https:\/\/yoast.com\/product\/yoast-seo-wordpress\/ -->\n<title>Usina da Inclus\u00e3o est\u00e1 no ar -<\/title>\n<meta name=\"robots\" content=\"index, follow, max-snippet:-1, max-image-preview:large, max-video-preview:-1\" \/>\n<link rel=\"canonical\" href=\"https:\/\/inclusivenews.com.br\/?p=24329\" \/>\n<meta property=\"og:locale\" content=\"pt_PT\" \/>\n<meta property=\"og:type\" content=\"article\" \/>\n<meta property=\"og:title\" content=\"Usina da Inclus\u00e3o est\u00e1 no ar -\" \/>\n<meta property=\"og:description\" content=\"Entra no ar hoje, 19\/3, o portal Usina da Inclus\u00e3o \u2013 Solu\u00e7\u00f5es em tecnologia assistiva, acessibilidade e inclus\u00e3o de pessoas com defici\u00eancia e mobilidade reduzida (www.usinadainclusao.com.br).\" \/>\n<meta property=\"og:url\" content=\"https:\/\/inclusivenews.com.br\/?p=24329\" \/>\n<meta property=\"article:publisher\" content=\"https:\/\/www.facebook.com\/agenciainclusive\/\" \/>\n<meta property=\"article:published_time\" content=\"2013-03-19T16:41:15+00:00\" \/>\n<meta property=\"og:image\" content=\"http:\/\/www.usinadainclusao.com.br\/img\/logo.png\" \/>\n<meta name=\"author\" content=\"inclusivenews2024\" \/>\n<meta name=\"twitter:card\" content=\"summary_large_image\" \/>\n<meta name=\"twitter:label1\" content=\"Escrito por\" \/>\n\t<meta name=\"twitter:data1\" content=\"inclusivenews2024\" \/>\n\t<meta name=\"twitter:label2\" content=\"Tempo estimado de leitura\" \/>\n\t<meta name=\"twitter:data2\" content=\"2 minutos\" \/>\n<script type=\"application\/ld+json\" class=\"yoast-schema-graph\">{\"@context\":\"https:\\\/\\\/schema.org\",\"@graph\":[{\"@type\":\"Article\",\"@id\":\"https:\\\/\\\/inclusivenews.com.br\\\/?p=24329#article\",\"isPartOf\":{\"@id\":\"https:\\\/\\\/inclusivenews.com.br\\\/?p=24329\"},\"author\":{\"name\":\"inclusivenews2024\",\"@id\":\"https:\\\/\\\/inclusivenews.com.br\\\/#\\\/schema\\\/person\\\/ae4ec7087559b8692fb33b6fffd2273b\"},\"headline\":\"Usina da Inclus\u00e3o est\u00e1 no ar\",\"datePublished\":\"2013-03-19T16:41:15+00:00\",\"mainEntityOfPage\":{\"@id\":\"https:\\\/\\\/inclusivenews.com.br\\\/?p=24329\"},\"wordCount\":413,\"commentCount\":0,\"publisher\":{\"@id\":\"https:\\\/\\\/inclusivenews.com.br\\\/#organization\"},\"image\":{\"@id\":\"https:\\\/\\\/inclusivenews.com.br\\\/?p=24329#primaryimage\"},\"thumbnailUrl\":\"http:\\\/\\\/www.usinadainclusao.com.br\\\/img\\\/logo.png\",\"articleSection\":[\"Blogs e Webs\",\"NOT\u00cdCIAS\",\"PUBLICA\u00c7\u00d5ES\"],\"inLanguage\":\"pt-PT\",\"potentialAction\":[{\"@type\":\"CommentAction\",\"name\":\"Comment\",\"target\":[\"https:\\\/\\\/inclusivenews.com.br\\\/?p=24329#respond\"]}]},{\"@type\":\"WebPage\",\"@id\":\"https:\\\/\\\/inclusivenews.com.br\\\/?p=24329\",\"url\":\"https:\\\/\\\/inclusivenews.com.br\\\/?p=24329\",\"name\":\"Usina da Inclus\u00e3o est\u00e1 no ar -\",\"isPartOf\":{\"@id\":\"https:\\\/\\\/inclusivenews.com.br\\\/#website\"},\"primaryImageOfPage\":{\"@id\":\"https:\\\/\\\/inclusivenews.com.br\\\/?p=24329#primaryimage\"},\"image\":{\"@id\":\"https:\\\/\\\/inclusivenews.com.br\\\/?p=24329#primaryimage\"},\"thumbnailUrl\":\"http:\\\/\\\/www.usinadainclusao.com.br\\\/img\\\/logo.png\",\"datePublished\":\"2013-03-19T16:41:15+00:00\",\"breadcrumb\":{\"@id\":\"https:\\\/\\\/inclusivenews.com.br\\\/?p=24329#breadcrumb\"},\"inLanguage\":\"pt-PT\",\"potentialAction\":[{\"@type\":\"ReadAction\",\"target\":[\"https:\\\/\\\/inclusivenews.com.br\\\/?p=24329\"]}]},{\"@type\":\"ImageObject\",\"inLanguage\":\"pt-PT\",\"@id\":\"https:\\\/\\\/inclusivenews.com.br\\\/?p=24329#primaryimage\",\"url\":\"http:\\\/\\\/www.usinadainclusao.com.br\\\/img\\\/logo.png\",\"contentUrl\":\"http:\\\/\\\/www.usinadainclusao.com.br\\\/img\\\/logo.png\"},{\"@type\":\"BreadcrumbList\",\"@id\":\"https:\\\/\\\/inclusivenews.com.br\\\/?p=24329#breadcrumb\",\"itemListElement\":[{\"@type\":\"ListItem\",\"position\":1,\"name\":\"In\u00edcio\",\"item\":\"https:\\\/\\\/inclusivenews.com.br\\\/\"},{\"@type\":\"ListItem\",\"position\":2,\"name\":\"Usina da Inclus\u00e3o est\u00e1 no ar\"}]},{\"@type\":\"WebSite\",\"@id\":\"https:\\\/\\\/inclusivenews.com.br\\\/#website\",\"url\":\"https:\\\/\\\/inclusivenews.com.br\\\/\",\"name\":\"Inclusive News\",\"description\":\"Inclusive News\",\"publisher\":{\"@id\":\"https:\\\/\\\/inclusivenews.com.br\\\/#organization\"},\"potentialAction\":[{\"@type\":\"SearchAction\",\"target\":{\"@type\":\"EntryPoint\",\"urlTemplate\":\"https:\\\/\\\/inclusivenews.com.br\\\/?s={search_term_string}\"},\"query-input\":{\"@type\":\"PropertyValueSpecification\",\"valueRequired\":true,\"valueName\":\"search_term_string\"}}],\"inLanguage\":\"pt-PT\"},{\"@type\":\"Organization\",\"@id\":\"https:\\\/\\\/inclusivenews.com.br\\\/#organization\",\"name\":\"Inclusive - inclus\u00e3o e cidadania\",\"url\":\"https:\\\/\\\/inclusivenews.com.br\\\/\",\"logo\":{\"@type\":\"ImageObject\",\"inLanguage\":\"pt-PT\",\"@id\":\"https:\\\/\\\/inclusivenews.com.br\\\/#\\\/schema\\\/logo\\\/image\\\/\",\"url\":\"https:\\\/\\\/inclusivenews.com.br\\\/wp-content\\\/uploads\\\/2024\\\/03\\\/@grandesite.png\",\"contentUrl\":\"https:\\\/\\\/inclusivenews.com.br\\\/wp-content\\\/uploads\\\/2024\\\/03\\\/@grandesite.png\",\"width\":1080,\"height\":1080,\"caption\":\"Inclusive - inclus\u00e3o e cidadania\"},\"image\":{\"@id\":\"https:\\\/\\\/inclusivenews.com.br\\\/#\\\/schema\\\/logo\\\/image\\\/\"},\"sameAs\":[\"https:\\\/\\\/www.facebook.com\\\/agenciainclusive\\\/\",\"https:\\\/\\\/www.instagram.com\\\/newsinclusive\\\/\"]},{\"@type\":\"Person\",\"@id\":\"https:\\\/\\\/inclusivenews.com.br\\\/#\\\/schema\\\/person\\\/ae4ec7087559b8692fb33b6fffd2273b\",\"name\":\"inclusivenews2024\",\"image\":{\"@type\":\"ImageObject\",\"inLanguage\":\"pt-PT\",\"@id\":\"https:\\\/\\\/secure.gravatar.com\\\/avatar\\\/c5a7ef84c66fa914f55bc4f7ce26cfa275a3b9a1c5568b907bd184fb4dde7b40?s=96&d=mm&r=g\",\"url\":\"https:\\\/\\\/secure.gravatar.com\\\/avatar\\\/c5a7ef84c66fa914f55bc4f7ce26cfa275a3b9a1c5568b907bd184fb4dde7b40?s=96&d=mm&r=g\",\"contentUrl\":\"https:\\\/\\\/secure.gravatar.com\\\/avatar\\\/c5a7ef84c66fa914f55bc4f7ce26cfa275a3b9a1c5568b907bd184fb4dde7b40?s=96&d=mm&r=g\",\"caption\":\"inclusivenews2024\"},\"sameAs\":[\"https:\\\/\\\/inclusivenews.com.br\"],\"url\":\"https:\\\/\\\/inclusivenews.com.br\\\/?author=1\"}]}<\/script>\n<!-- \/ Yoast SEO plugin. -->","yoast_head_json":{"title":"Usina da Inclus\u00e3o est\u00e1 no ar -","robots":{"index":"index","follow":"follow","max-snippet":"max-snippet:-1","max-image-preview":"max-image-preview:large","max-video-preview":"max-video-preview:-1"},"canonical":"https:\/\/inclusivenews.com.br\/?p=24329","og_locale":"pt_PT","og_type":"article","og_title":"Usina da Inclus\u00e3o est\u00e1 no ar -","og_description":"Entra no ar hoje, 19\/3, o portal Usina da Inclus\u00e3o \u2013 Solu\u00e7\u00f5es em tecnologia assistiva, acessibilidade e inclus\u00e3o de pessoas com defici\u00eancia e mobilidade reduzida (www.usinadainclusao.com.br).","og_url":"https:\/\/inclusivenews.com.br\/?p=24329","article_publisher":"https:\/\/www.facebook.com\/agenciainclusive\/","article_published_time":"2013-03-19T16:41:15+00:00","og_image":[{"url":"http:\/\/www.usinadainclusao.com.br\/img\/logo.png","type":"","width":"","height":""}],"author":"inclusivenews2024","twitter_card":"summary_large_image","twitter_misc":{"Escrito por":"inclusivenews2024","Tempo estimado de leitura":"2 minutos"},"schema":{"@context":"https:\/\/schema.org","@graph":[{"@type":"Article","@id":"https:\/\/inclusivenews.com.br\/?p=24329#article","isPartOf":{"@id":"https:\/\/inclusivenews.com.br\/?p=24329"},"author":{"name":"inclusivenews2024","@id":"https:\/\/inclusivenews.com.br\/#\/schema\/person\/ae4ec7087559b8692fb33b6fffd2273b"},"headline":"Usina da Inclus\u00e3o est\u00e1 no ar","datePublished":"2013-03-19T16:41:15+00:00","mainEntityOfPage":{"@id":"https:\/\/inclusivenews.com.br\/?p=24329"},"wordCount":413,"commentCount":0,"publisher":{"@id":"https:\/\/inclusivenews.com.br\/#organization"},"image":{"@id":"https:\/\/inclusivenews.com.br\/?p=24329#primaryimage"},"thumbnailUrl":"http:\/\/www.usinadainclusao.com.br\/img\/logo.png","articleSection":["Blogs e Webs","NOT\u00cdCIAS","PUBLICA\u00c7\u00d5ES"],"inLanguage":"pt-PT","potentialAction":[{"@type":"CommentAction","name":"Comment","target":["https:\/\/inclusivenews.com.br\/?p=24329#respond"]}]},{"@type":"WebPage","@id":"https:\/\/inclusivenews.com.br\/?p=24329","url":"https:\/\/inclusivenews.com.br\/?p=24329","name":"Usina da Inclus\u00e3o est\u00e1 no ar -","isPartOf":{"@id":"https:\/\/inclusivenews.com.br\/#website"},"primaryImageOfPage":{"@id":"https:\/\/inclusivenews.com.br\/?p=24329#primaryimage"},"image":{"@id":"https:\/\/inclusivenews.com.br\/?p=24329#primaryimage"},"thumbnailUrl":"http:\/\/www.usinadainclusao.com.br\/img\/logo.png","datePublished":"2013-03-19T16:41:15+00:00","breadcrumb":{"@id":"https:\/\/inclusivenews.com.br\/?p=24329#breadcrumb"},"inLanguage":"pt-PT","potentialAction":[{"@type":"ReadAction","target":["https:\/\/inclusivenews.com.br\/?p=24329"]}]},{"@type":"ImageObject","inLanguage":"pt-PT","@id":"https:\/\/inclusivenews.com.br\/?p=24329#primaryimage","url":"http:\/\/www.usinadainclusao.com.br\/img\/logo.png","contentUrl":"http:\/\/www.usinadainclusao.com.br\/img\/logo.png"},{"@type":"BreadcrumbList","@id":"https:\/\/inclusivenews.com.br\/?p=24329#breadcrumb","itemListElement":[{"@type":"ListItem","position":1,"name":"In\u00edcio","item":"https:\/\/inclusivenews.com.br\/"},{"@type":"ListItem","position":2,"name":"Usina da Inclus\u00e3o est\u00e1 no ar"}]},{"@type":"WebSite","@id":"https:\/\/inclusivenews.com.br\/#website","url":"https:\/\/inclusivenews.com.br\/","name":"Inclusive News","description":"Inclusive News","publisher":{"@id":"https:\/\/inclusivenews.com.br\/#organization"},"potentialAction":[{"@type":"SearchAction","target":{"@type":"EntryPoint","urlTemplate":"https:\/\/inclusivenews.com.br\/?s={search_term_string}"},"query-input":{"@type":"PropertyValueSpecification","valueRequired":true,"valueName":"search_term_string"}}],"inLanguage":"pt-PT"},{"@type":"Organization","@id":"https:\/\/inclusivenews.com.br\/#organization","name":"Inclusive - inclus\u00e3o e cidadania","url":"https:\/\/inclusivenews.com.br\/","logo":{"@type":"ImageObject","inLanguage":"pt-PT","@id":"https:\/\/inclusivenews.com.br\/#\/schema\/logo\/image\/","url":"https:\/\/inclusivenews.com.br\/wp-content\/uploads\/2024\/03\/@grandesite.png","contentUrl":"https:\/\/inclusivenews.com.br\/wp-content\/uploads\/2024\/03\/@grandesite.png","width":1080,"height":1080,"caption":"Inclusive - inclus\u00e3o e cidadania"},"image":{"@id":"https:\/\/inclusivenews.com.br\/#\/schema\/logo\/image\/"},"sameAs":["https:\/\/www.facebook.com\/agenciainclusive\/","https:\/\/www.instagram.com\/newsinclusive\/"]},{"@type":"Person","@id":"https:\/\/inclusivenews.com.br\/#\/schema\/person\/ae4ec7087559b8692fb33b6fffd2273b","name":"inclusivenews2024","image":{"@type":"ImageObject","inLanguage":"pt-PT","@id":"https:\/\/secure.gravatar.com\/avatar\/c5a7ef84c66fa914f55bc4f7ce26cfa275a3b9a1c5568b907bd184fb4dde7b40?s=96&d=mm&r=g","url":"https:\/\/secure.gravatar.com\/avatar\/c5a7ef84c66fa914f55bc4f7ce26cfa275a3b9a1c5568b907bd184fb4dde7b40?s=96&d=mm&r=g","contentUrl":"https:\/\/secure.gravatar.com\/avatar\/c5a7ef84c66fa914f55bc4f7ce26cfa275a3b9a1c5568b907bd184fb4dde7b40?s=96&d=mm&r=g","caption":"inclusivenews2024"},"sameAs":["https:\/\/inclusivenews.com.br"],"url":"https:\/\/inclusivenews.com.br\/?author=1"}]}},"_links":{"self":[{"href":"https:\/\/inclusivenews.com.br\/index.php?rest_route=\/wp\/v2\/posts\/24329","targetHints":{"allow":["GET"]}}],"collection":[{"href":"https:\/\/inclusivenews.com.br\/index.php?rest_route=\/wp\/v2\/posts"}],"about":[{"href":"https:\/\/inclusivenews.com.br\/index.php?rest_route=\/wp\/v2\/types\/post"}],"author":[{"embeddable":true,"href":"https:\/\/inclusivenews.com.br\/index.php?rest_route=\/wp\/v2\/users\/1"}],"replies":[{"embeddable":true,"href":"https:\/\/inclusivenews.com.br\/index.php?rest_route=%2Fwp%2Fv2%2Fcomments&post=24329"}],"version-history":[{"count":0,"href":"https:\/\/inclusivenews.com.br\/index.php?rest_route=\/wp\/v2\/posts\/24329\/revisions"}],"wp:attachment":[{"href":"https:\/\/inclusivenews.com.br\/index.php?rest_route=%2Fwp%2Fv2%2Fmedia&parent=24329"}],"wp:term":[{"taxonomy":"category","embeddable":true,"href":"https:\/\/inclusivenews.com.br\/index.php?rest_route=%2Fwp%2Fv2%2Fcategories&post=24329"},{"taxonomy":"post_tag","embeddable":true,"href":"https:\/\/inclusivenews.com.br\/index.php?rest_route=%2Fwp%2Fv2%2Ftags&post=24329"}],"curies":[{"name":"wp","href":"https:\/\/api.w.org\/{rel}","templated":true}]}}