{"id":24333,"date":"2013-03-21T10:12:38","date_gmt":"2013-03-21T13:12:38","guid":{"rendered":"http:\/\/www.inclusive.org.br\/?p=24333"},"modified":"2013-03-21T10:12:38","modified_gmt":"2013-03-21T13:12:38","slug":"chamados-de-sujos-e-fedidos-indigenas-sao-expulsos-de-sala-de-aula","status":"publish","type":"post","link":"https:\/\/inclusivenews.com.br\/?p=24333","title":{"rendered":"Chamados de \u201csujos\u201d e \u201cfedidos\u201d, ind\u00edgenas s\u00e3o expulsos de sala de aula"},"content":{"rendered":"<figure style=\"width: 348px\" class=\"wp-caption alignleft\"><img loading=\"lazy\" decoding=\"async\" class=\" \" title=\"Alunos ind\u00edgenas\" src=\"http:\/\/www.cimi.org.br\/pub\/MS\/campestre\/IMG_9575.JPG\" alt=\"Alunos ind\u00edgenas\" width=\"348\" height=\"232\" \/><figcaption class=\"wp-caption-text\"> <\/figcaption><\/figure>\n<p><em>Cerca de 28 estudantes ind\u00edgenas Kaiow\u00e1 e Guarani da aldeia Campestre foram retirados de uma sala de aula de uma escola estadual em Ant\u00f4nio Jo\u00e3o (MS), sob a alega\u00e7\u00e3o de que eram &#8220;sujos&#8221; e &#8220;fedidos&#8221;. A den\u00fancia foi realizada pelo conselho da Aty Guasu, grande assembleia Guarani e Kaiow\u00e1 do Mato Grosso do Sul, no \u00faltimo dia 12, no Minist\u00e9rio P\u00fablico Federal do estado, em Dourados, acusando os envolvidos de crime de racismo.<\/em><\/p>\n<p><em>Por Ruy Sposati<\/em><\/p>\n<p>Atualmente, a comunidade de Campestre tem acesso, no pr\u00f3prio tekoha (aldeia), ao ensino b\u00e1sico e fundamental. Para cursar o ensino m\u00e9dio, os estudantes precisam sair da aldeia e estudar em col\u00e9gios no per\u00edmetro urbano do munic\u00edpio.<\/p>\n<p>Segundo a den\u00fancia, no dia 27 de fevereiro, o grupo de ind\u00edgenas foi expulso da sala de aula da turma do primeiro ano do ensino m\u00e9dio matutino da Escola Estadual Pantale\u00e3o Coelho Xavier pelo diretor do col\u00e9gio, pressionado por professores e estudantes n\u00e3o-ind\u00edgenas.<\/p>\n<p>&#8220;Disseram pros nossos estudantes que eles n\u00e3o deveriam estudar ali&#8221;, conta a lideran\u00e7a da aldeia, Joel Aquino. &#8220;Disseram aos nossos jovens que se eles continuassem estudando o ano todo, iam encher a sala e escola de terra, porque temos &#8216;p\u00e9s sujos&#8217;. E &#8216;chul\u00e9&#8217;, que as ind\u00edgenas femininas tem aquele cheiro de mulher&#8221;. O diretor colocou o grupo do lado de fora da sala de aula, enquanto o professor continuou dando aula para os n\u00e3o-ind\u00edgenas. &#8220;\u00c0s vezes o professor ia l\u00e1 fora passar alguma atividade para os ind\u00edgenas&#8221;, diz Joel.<\/p>\n<p>Quando voltaram \u00e0 aldeia, os estudantes relataram \u00e0 comunidade o que havia acontecido. Joel conta que ele pr\u00f3prio e uma outra lideran\u00e7a da aldeia, em momentos diferentes, foram pessoalmente falar com o diretor da escola, que confirmou ter expulsado os jovens da aula por considerar que eles n\u00e3o eram higi\u00eanicos o suficiente.<\/p>\n<p>&#8220;Depois disso, nossos estudantes n\u00e3o querem mais frequentar a escola por motivo de vergonha, tamanha a situa\u00e7\u00e3o humilhante que passaram&#8221;. Segundo Joel, apenas tr\u00eas deles resolveram continuar frequentando as aulas na escola estadual. &#8220;O resto est\u00e1 perdendo aula, decidiram que n\u00e3o v\u00e3o [para a escola]. Os tr\u00eas que est\u00e3o indo disseram que o diretor decidiu que eles podem voltar pra sala de aula, porque s\u00e3o poucos. Mas que se voltar a ir todo mundo, eles n\u00e3o v\u00e3o poder ficar na sala&#8221;, conclui.<\/p>\n<p>Al\u00e9m do MPF, os relatos tamb\u00e9m foram encaminhados \u00e0 Funda\u00e7\u00e3o Nacional do \u00cdndio (Funai) e a representantes da Secretaria de Direitos Humanos.<\/p>\n<p>Fonte: <a href=\"http:\/\/www.cimi.org.br\/site\/pt-br\/?system=news&amp;conteudo_id=6761&amp;action=read\" target=\"_blank\" rel=\"noopener\">CIMI <\/a><\/p>\n","protected":false},"excerpt":{"rendered":"<p>Cerca de 28 estudantes ind\u00edgenas Kaiow\u00e1 e Guarani da aldeia Campestre foram retirados de uma sala de aula de uma escola estadual em Ant\u00f4nio Jo\u00e3o (MS), sob a alega\u00e7\u00e3o de que eram &#8220;sujos&#8221; e &#8220;fedidos&#8221;. A den\u00fancia foi realizada pelo conselho da Aty Guasu, grande assembleia Guarani e Kaiow\u00e1 do Mato Grosso do Sul, no \u00faltimo dia 12, no Minist\u00e9rio P\u00fablico Federal do estado, em Dourados, acusando os envolvidos de crime de racismo.<\/p>\n","protected":false},"author":1,"featured_media":0,"comment_status":"open","ping_status":"open","sticky":false,"template":"","format":"standard","meta":{"site-container-style":"default","site-container-layout":"default","site-sidebar-layout":"default","disable-article-header":"default","disable-site-header":"default","disable-site-footer":"default","disable-content-area-spacing":"default","footnotes":""},"categories":[13,11],"tags":[],"class_list":["post-24333","post","type-post","status-publish","format-standard","hentry","category-denuncias","category-direitos-humanos"],"yoast_head":"<!-- This site is optimized with the Yoast SEO plugin v27.4 - https:\/\/yoast.com\/product\/yoast-seo-wordpress\/ -->\n<title>Chamados de \u201csujos\u201d e \u201cfedidos\u201d, ind\u00edgenas s\u00e3o expulsos de sala de aula -<\/title>\n<meta name=\"robots\" content=\"index, follow, max-snippet:-1, max-image-preview:large, max-video-preview:-1\" \/>\n<link rel=\"canonical\" href=\"https:\/\/inclusivenews.com.br\/?p=24333\" \/>\n<meta property=\"og:locale\" content=\"pt_PT\" \/>\n<meta property=\"og:type\" content=\"article\" \/>\n<meta property=\"og:title\" content=\"Chamados de \u201csujos\u201d e \u201cfedidos\u201d, ind\u00edgenas s\u00e3o expulsos de sala de aula -\" \/>\n<meta property=\"og:description\" content=\"Cerca de 28 estudantes ind\u00edgenas Kaiow\u00e1 e Guarani da aldeia Campestre foram retirados de uma sala de aula de uma escola estadual em Ant\u00f4nio Jo\u00e3o (MS), sob a alega\u00e7\u00e3o de que eram &quot;sujos&quot; e &quot;fedidos&quot;. A den\u00fancia foi realizada pelo conselho da Aty Guasu, grande assembleia Guarani e Kaiow\u00e1 do Mato Grosso do Sul, no \u00faltimo dia 12, no Minist\u00e9rio P\u00fablico Federal do estado, em Dourados, acusando os envolvidos de crime de racismo.\" \/>\n<meta property=\"og:url\" content=\"https:\/\/inclusivenews.com.br\/?p=24333\" \/>\n<meta property=\"article:publisher\" content=\"https:\/\/www.facebook.com\/agenciainclusive\/\" \/>\n<meta property=\"article:published_time\" content=\"2013-03-21T13:12:38+00:00\" \/>\n<meta property=\"og:image\" content=\"http:\/\/www.cimi.org.br\/pub\/MS\/campestre\/IMG_9575.JPG\" \/>\n<meta name=\"author\" content=\"inclusivenews2024\" \/>\n<meta name=\"twitter:card\" content=\"summary_large_image\" \/>\n<meta name=\"twitter:label1\" content=\"Escrito por\" \/>\n\t<meta name=\"twitter:data1\" content=\"inclusivenews2024\" \/>\n\t<meta name=\"twitter:label2\" content=\"Tempo estimado de leitura\" \/>\n\t<meta name=\"twitter:data2\" content=\"2 minutos\" \/>\n<script type=\"application\/ld+json\" class=\"yoast-schema-graph\">{\"@context\":\"https:\\\/\\\/schema.org\",\"@graph\":[{\"@type\":\"Article\",\"@id\":\"https:\\\/\\\/inclusivenews.com.br\\\/?p=24333#article\",\"isPartOf\":{\"@id\":\"https:\\\/\\\/inclusivenews.com.br\\\/?p=24333\"},\"author\":{\"name\":\"inclusivenews2024\",\"@id\":\"https:\\\/\\\/inclusivenews.com.br\\\/#\\\/schema\\\/person\\\/ae4ec7087559b8692fb33b6fffd2273b\"},\"headline\":\"Chamados de \u201csujos\u201d e \u201cfedidos\u201d, ind\u00edgenas s\u00e3o expulsos de sala de aula\",\"datePublished\":\"2013-03-21T13:12:38+00:00\",\"mainEntityOfPage\":{\"@id\":\"https:\\\/\\\/inclusivenews.com.br\\\/?p=24333\"},\"wordCount\":461,\"commentCount\":1,\"publisher\":{\"@id\":\"https:\\\/\\\/inclusivenews.com.br\\\/#organization\"},\"image\":{\"@id\":\"https:\\\/\\\/inclusivenews.com.br\\\/?p=24333#primaryimage\"},\"thumbnailUrl\":\"http:\\\/\\\/www.cimi.org.br\\\/pub\\\/MS\\\/campestre\\\/IMG_9575.JPG\",\"articleSection\":[\"Den\u00fancias\",\"DIREITOS HUMANOS\"],\"inLanguage\":\"pt-PT\",\"potentialAction\":[{\"@type\":\"CommentAction\",\"name\":\"Comment\",\"target\":[\"https:\\\/\\\/inclusivenews.com.br\\\/?p=24333#respond\"]}]},{\"@type\":\"WebPage\",\"@id\":\"https:\\\/\\\/inclusivenews.com.br\\\/?p=24333\",\"url\":\"https:\\\/\\\/inclusivenews.com.br\\\/?p=24333\",\"name\":\"Chamados de \u201csujos\u201d e \u201cfedidos\u201d, ind\u00edgenas s\u00e3o expulsos de sala de aula -\",\"isPartOf\":{\"@id\":\"https:\\\/\\\/inclusivenews.com.br\\\/#website\"},\"primaryImageOfPage\":{\"@id\":\"https:\\\/\\\/inclusivenews.com.br\\\/?p=24333#primaryimage\"},\"image\":{\"@id\":\"https:\\\/\\\/inclusivenews.com.br\\\/?p=24333#primaryimage\"},\"thumbnailUrl\":\"http:\\\/\\\/www.cimi.org.br\\\/pub\\\/MS\\\/campestre\\\/IMG_9575.JPG\",\"datePublished\":\"2013-03-21T13:12:38+00:00\",\"breadcrumb\":{\"@id\":\"https:\\\/\\\/inclusivenews.com.br\\\/?p=24333#breadcrumb\"},\"inLanguage\":\"pt-PT\",\"potentialAction\":[{\"@type\":\"ReadAction\",\"target\":[\"https:\\\/\\\/inclusivenews.com.br\\\/?p=24333\"]}]},{\"@type\":\"ImageObject\",\"inLanguage\":\"pt-PT\",\"@id\":\"https:\\\/\\\/inclusivenews.com.br\\\/?p=24333#primaryimage\",\"url\":\"http:\\\/\\\/www.cimi.org.br\\\/pub\\\/MS\\\/campestre\\\/IMG_9575.JPG\",\"contentUrl\":\"http:\\\/\\\/www.cimi.org.br\\\/pub\\\/MS\\\/campestre\\\/IMG_9575.JPG\"},{\"@type\":\"BreadcrumbList\",\"@id\":\"https:\\\/\\\/inclusivenews.com.br\\\/?p=24333#breadcrumb\",\"itemListElement\":[{\"@type\":\"ListItem\",\"position\":1,\"name\":\"In\u00edcio\",\"item\":\"https:\\\/\\\/inclusivenews.com.br\\\/\"},{\"@type\":\"ListItem\",\"position\":2,\"name\":\"Chamados de \u201csujos\u201d e \u201cfedidos\u201d, ind\u00edgenas s\u00e3o expulsos de sala de aula\"}]},{\"@type\":\"WebSite\",\"@id\":\"https:\\\/\\\/inclusivenews.com.br\\\/#website\",\"url\":\"https:\\\/\\\/inclusivenews.com.br\\\/\",\"name\":\"Inclusive News\",\"description\":\"Inclusive News\",\"publisher\":{\"@id\":\"https:\\\/\\\/inclusivenews.com.br\\\/#organization\"},\"potentialAction\":[{\"@type\":\"SearchAction\",\"target\":{\"@type\":\"EntryPoint\",\"urlTemplate\":\"https:\\\/\\\/inclusivenews.com.br\\\/?s={search_term_string}\"},\"query-input\":{\"@type\":\"PropertyValueSpecification\",\"valueRequired\":true,\"valueName\":\"search_term_string\"}}],\"inLanguage\":\"pt-PT\"},{\"@type\":\"Organization\",\"@id\":\"https:\\\/\\\/inclusivenews.com.br\\\/#organization\",\"name\":\"Inclusive - inclus\u00e3o e cidadania\",\"url\":\"https:\\\/\\\/inclusivenews.com.br\\\/\",\"logo\":{\"@type\":\"ImageObject\",\"inLanguage\":\"pt-PT\",\"@id\":\"https:\\\/\\\/inclusivenews.com.br\\\/#\\\/schema\\\/logo\\\/image\\\/\",\"url\":\"https:\\\/\\\/inclusivenews.com.br\\\/wp-content\\\/uploads\\\/2024\\\/03\\\/@grandesite.png\",\"contentUrl\":\"https:\\\/\\\/inclusivenews.com.br\\\/wp-content\\\/uploads\\\/2024\\\/03\\\/@grandesite.png\",\"width\":1080,\"height\":1080,\"caption\":\"Inclusive - inclus\u00e3o e cidadania\"},\"image\":{\"@id\":\"https:\\\/\\\/inclusivenews.com.br\\\/#\\\/schema\\\/logo\\\/image\\\/\"},\"sameAs\":[\"https:\\\/\\\/www.facebook.com\\\/agenciainclusive\\\/\",\"https:\\\/\\\/www.instagram.com\\\/newsinclusive\\\/\"]},{\"@type\":\"Person\",\"@id\":\"https:\\\/\\\/inclusivenews.com.br\\\/#\\\/schema\\\/person\\\/ae4ec7087559b8692fb33b6fffd2273b\",\"name\":\"inclusivenews2024\",\"image\":{\"@type\":\"ImageObject\",\"inLanguage\":\"pt-PT\",\"@id\":\"https:\\\/\\\/secure.gravatar.com\\\/avatar\\\/c5a7ef84c66fa914f55bc4f7ce26cfa275a3b9a1c5568b907bd184fb4dde7b40?s=96&d=mm&r=g\",\"url\":\"https:\\\/\\\/secure.gravatar.com\\\/avatar\\\/c5a7ef84c66fa914f55bc4f7ce26cfa275a3b9a1c5568b907bd184fb4dde7b40?s=96&d=mm&r=g\",\"contentUrl\":\"https:\\\/\\\/secure.gravatar.com\\\/avatar\\\/c5a7ef84c66fa914f55bc4f7ce26cfa275a3b9a1c5568b907bd184fb4dde7b40?s=96&d=mm&r=g\",\"caption\":\"inclusivenews2024\"},\"sameAs\":[\"https:\\\/\\\/inclusivenews.com.br\"],\"url\":\"https:\\\/\\\/inclusivenews.com.br\\\/?author=1\"}]}<\/script>\n<!-- \/ Yoast SEO plugin. -->","yoast_head_json":{"title":"Chamados de \u201csujos\u201d e \u201cfedidos\u201d, ind\u00edgenas s\u00e3o expulsos de sala de aula -","robots":{"index":"index","follow":"follow","max-snippet":"max-snippet:-1","max-image-preview":"max-image-preview:large","max-video-preview":"max-video-preview:-1"},"canonical":"https:\/\/inclusivenews.com.br\/?p=24333","og_locale":"pt_PT","og_type":"article","og_title":"Chamados de \u201csujos\u201d e \u201cfedidos\u201d, ind\u00edgenas s\u00e3o expulsos de sala de aula -","og_description":"Cerca de 28 estudantes ind\u00edgenas Kaiow\u00e1 e Guarani da aldeia Campestre foram retirados de uma sala de aula de uma escola estadual em Ant\u00f4nio Jo\u00e3o (MS), sob a alega\u00e7\u00e3o de que eram \"sujos\" e \"fedidos\". A den\u00fancia foi realizada pelo conselho da Aty Guasu, grande assembleia Guarani e Kaiow\u00e1 do Mato Grosso do Sul, no \u00faltimo dia 12, no Minist\u00e9rio P\u00fablico Federal do estado, em Dourados, acusando os envolvidos de crime de racismo.","og_url":"https:\/\/inclusivenews.com.br\/?p=24333","article_publisher":"https:\/\/www.facebook.com\/agenciainclusive\/","article_published_time":"2013-03-21T13:12:38+00:00","og_image":[{"url":"http:\/\/www.cimi.org.br\/pub\/MS\/campestre\/IMG_9575.JPG","type":"","width":"","height":""}],"author":"inclusivenews2024","twitter_card":"summary_large_image","twitter_misc":{"Escrito por":"inclusivenews2024","Tempo estimado de leitura":"2 minutos"},"schema":{"@context":"https:\/\/schema.org","@graph":[{"@type":"Article","@id":"https:\/\/inclusivenews.com.br\/?p=24333#article","isPartOf":{"@id":"https:\/\/inclusivenews.com.br\/?p=24333"},"author":{"name":"inclusivenews2024","@id":"https:\/\/inclusivenews.com.br\/#\/schema\/person\/ae4ec7087559b8692fb33b6fffd2273b"},"headline":"Chamados de \u201csujos\u201d e \u201cfedidos\u201d, ind\u00edgenas s\u00e3o expulsos de sala de aula","datePublished":"2013-03-21T13:12:38+00:00","mainEntityOfPage":{"@id":"https:\/\/inclusivenews.com.br\/?p=24333"},"wordCount":461,"commentCount":1,"publisher":{"@id":"https:\/\/inclusivenews.com.br\/#organization"},"image":{"@id":"https:\/\/inclusivenews.com.br\/?p=24333#primaryimage"},"thumbnailUrl":"http:\/\/www.cimi.org.br\/pub\/MS\/campestre\/IMG_9575.JPG","articleSection":["Den\u00fancias","DIREITOS HUMANOS"],"inLanguage":"pt-PT","potentialAction":[{"@type":"CommentAction","name":"Comment","target":["https:\/\/inclusivenews.com.br\/?p=24333#respond"]}]},{"@type":"WebPage","@id":"https:\/\/inclusivenews.com.br\/?p=24333","url":"https:\/\/inclusivenews.com.br\/?p=24333","name":"Chamados de \u201csujos\u201d e \u201cfedidos\u201d, ind\u00edgenas s\u00e3o expulsos de sala de aula -","isPartOf":{"@id":"https:\/\/inclusivenews.com.br\/#website"},"primaryImageOfPage":{"@id":"https:\/\/inclusivenews.com.br\/?p=24333#primaryimage"},"image":{"@id":"https:\/\/inclusivenews.com.br\/?p=24333#primaryimage"},"thumbnailUrl":"http:\/\/www.cimi.org.br\/pub\/MS\/campestre\/IMG_9575.JPG","datePublished":"2013-03-21T13:12:38+00:00","breadcrumb":{"@id":"https:\/\/inclusivenews.com.br\/?p=24333#breadcrumb"},"inLanguage":"pt-PT","potentialAction":[{"@type":"ReadAction","target":["https:\/\/inclusivenews.com.br\/?p=24333"]}]},{"@type":"ImageObject","inLanguage":"pt-PT","@id":"https:\/\/inclusivenews.com.br\/?p=24333#primaryimage","url":"http:\/\/www.cimi.org.br\/pub\/MS\/campestre\/IMG_9575.JPG","contentUrl":"http:\/\/www.cimi.org.br\/pub\/MS\/campestre\/IMG_9575.JPG"},{"@type":"BreadcrumbList","@id":"https:\/\/inclusivenews.com.br\/?p=24333#breadcrumb","itemListElement":[{"@type":"ListItem","position":1,"name":"In\u00edcio","item":"https:\/\/inclusivenews.com.br\/"},{"@type":"ListItem","position":2,"name":"Chamados de \u201csujos\u201d e \u201cfedidos\u201d, ind\u00edgenas s\u00e3o expulsos de sala de aula"}]},{"@type":"WebSite","@id":"https:\/\/inclusivenews.com.br\/#website","url":"https:\/\/inclusivenews.com.br\/","name":"Inclusive News","description":"Inclusive News","publisher":{"@id":"https:\/\/inclusivenews.com.br\/#organization"},"potentialAction":[{"@type":"SearchAction","target":{"@type":"EntryPoint","urlTemplate":"https:\/\/inclusivenews.com.br\/?s={search_term_string}"},"query-input":{"@type":"PropertyValueSpecification","valueRequired":true,"valueName":"search_term_string"}}],"inLanguage":"pt-PT"},{"@type":"Organization","@id":"https:\/\/inclusivenews.com.br\/#organization","name":"Inclusive - inclus\u00e3o e cidadania","url":"https:\/\/inclusivenews.com.br\/","logo":{"@type":"ImageObject","inLanguage":"pt-PT","@id":"https:\/\/inclusivenews.com.br\/#\/schema\/logo\/image\/","url":"https:\/\/inclusivenews.com.br\/wp-content\/uploads\/2024\/03\/@grandesite.png","contentUrl":"https:\/\/inclusivenews.com.br\/wp-content\/uploads\/2024\/03\/@grandesite.png","width":1080,"height":1080,"caption":"Inclusive - inclus\u00e3o e cidadania"},"image":{"@id":"https:\/\/inclusivenews.com.br\/#\/schema\/logo\/image\/"},"sameAs":["https:\/\/www.facebook.com\/agenciainclusive\/","https:\/\/www.instagram.com\/newsinclusive\/"]},{"@type":"Person","@id":"https:\/\/inclusivenews.com.br\/#\/schema\/person\/ae4ec7087559b8692fb33b6fffd2273b","name":"inclusivenews2024","image":{"@type":"ImageObject","inLanguage":"pt-PT","@id":"https:\/\/secure.gravatar.com\/avatar\/c5a7ef84c66fa914f55bc4f7ce26cfa275a3b9a1c5568b907bd184fb4dde7b40?s=96&d=mm&r=g","url":"https:\/\/secure.gravatar.com\/avatar\/c5a7ef84c66fa914f55bc4f7ce26cfa275a3b9a1c5568b907bd184fb4dde7b40?s=96&d=mm&r=g","contentUrl":"https:\/\/secure.gravatar.com\/avatar\/c5a7ef84c66fa914f55bc4f7ce26cfa275a3b9a1c5568b907bd184fb4dde7b40?s=96&d=mm&r=g","caption":"inclusivenews2024"},"sameAs":["https:\/\/inclusivenews.com.br"],"url":"https:\/\/inclusivenews.com.br\/?author=1"}]}},"_links":{"self":[{"href":"https:\/\/inclusivenews.com.br\/index.php?rest_route=\/wp\/v2\/posts\/24333","targetHints":{"allow":["GET"]}}],"collection":[{"href":"https:\/\/inclusivenews.com.br\/index.php?rest_route=\/wp\/v2\/posts"}],"about":[{"href":"https:\/\/inclusivenews.com.br\/index.php?rest_route=\/wp\/v2\/types\/post"}],"author":[{"embeddable":true,"href":"https:\/\/inclusivenews.com.br\/index.php?rest_route=\/wp\/v2\/users\/1"}],"replies":[{"embeddable":true,"href":"https:\/\/inclusivenews.com.br\/index.php?rest_route=%2Fwp%2Fv2%2Fcomments&post=24333"}],"version-history":[{"count":0,"href":"https:\/\/inclusivenews.com.br\/index.php?rest_route=\/wp\/v2\/posts\/24333\/revisions"}],"wp:attachment":[{"href":"https:\/\/inclusivenews.com.br\/index.php?rest_route=%2Fwp%2Fv2%2Fmedia&parent=24333"}],"wp:term":[{"taxonomy":"category","embeddable":true,"href":"https:\/\/inclusivenews.com.br\/index.php?rest_route=%2Fwp%2Fv2%2Fcategories&post=24333"},{"taxonomy":"post_tag","embeddable":true,"href":"https:\/\/inclusivenews.com.br\/index.php?rest_route=%2Fwp%2Fv2%2Ftags&post=24333"}],"curies":[{"name":"wp","href":"https:\/\/api.w.org\/{rel}","templated":true}]}}