{"id":24370,"date":"2013-03-27T15:22:19","date_gmt":"2013-03-27T18:22:19","guid":{"rendered":"http:\/\/www.inclusive.org.br\/?p=24370"},"modified":"2013-03-27T15:22:19","modified_gmt":"2013-03-27T18:22:19","slug":"juventude-brasileira-grita-contra-genocidio-de-jovens-negros","status":"publish","type":"post","link":"https:\/\/inclusivenews.com.br\/?p=24370","title":{"rendered":"Juventude brasileira grita contra genoc\u00eddio de jovens negros"},"content":{"rendered":"<figure id=\"attachment_20056\" aria-describedby=\"caption-attachment-20056\" style=\"width: 272px\" class=\"wp-caption alignleft\"><img loading=\"lazy\" decoding=\"async\" class=\"size-medium wp-image-20056 \" title=\"Viol\u00eancia - Em fundo preto, impress\u00e3o de palma da m\u00e3o espalmada com tinta branca.\" src=\"http:\/\/inclusivenews.com.br\/wp-content\/uploads\/no-violencia-272x300.jpg\" alt=\"Viol\u00eancia - Em fundo preto, impress\u00e3o de palma da m\u00e3o espalmada com tinta branca.\" width=\"272\" height=\"300\" \/><figcaption id=\"caption-attachment-20056\" class=\"wp-caption-text\"> <\/figcaption><\/figure>\n<p><em>Por Rachel Duarte, no Sul 21<\/em><\/p>\n<p>A alta taxa de morte entre jovens negros continua sendo um dos fatores mais preocupantes no Brasil. Mais de 70% dos homic\u00eddios registrados no pa\u00eds em 2010 foram de negros do sexo masculino, moradores das periferias e \u00e1reas metropolitanas dos centros urbanos. A realidade foi diagnosticada em um Mapa da Viol\u00eancia lan\u00e7ado h\u00e1 dois anos pelo governo federal. Desde ent\u00e3o, poucas a\u00e7\u00f5es para o enfrentamento desta realidade foram colocadas em pr\u00e1tica. Por esta raz\u00e3o, a luta contra o exterm\u00ednio de jovens negros \u00e9 uma das principais bandeiras da Jornada Nacional de Lutas da Juventude Brasileira. A partir desta semana at\u00e9 o final de abril, mais de 30 movimentos sociais se unir\u00e3o nas principais capitais para erguer as bandeiras contra o racismo e por mais emprego e educa\u00e7\u00e3o para juventude.<\/p>\n<p>O homic\u00eddio \u00e9 a principal causa de morte entre jovens brasileiros de 15 a 29 anos. Al\u00e9m disso, os jovens mais afetados t\u00eam escolaridade baixa e n\u00e3o chegam a completar o ensino fundamental. A juventude negra \u00e9 de longe a que mais sofre com esse massacre e a diferen\u00e7a tem aumentado em rela\u00e7\u00e3o aos brancos. Ao mesmo tempo em que o n\u00famero de homic\u00eddios de jovens brancos caiu 30% de 2002 a 2008, entre os negros subiu 13%. Disso resulta que, se em 2002, a probabilidade de um jovem negro morrer era 45% maior do que a de um branco, em 2008 esse \u00edndice atingiu assustadores 127%.<\/p>\n<p>Ativista da luta contra a discrimina\u00e7\u00e3o racial desde a juventude, a educadora Malu Viana integra hoje a Frente Nacional de Mulheres do Hip Hop. Inserida em a\u00e7\u00f5es sociais nas periferias do Brasil, ela fala que as pol\u00edticas p\u00fablicas ainda n\u00e3o atingem a totalidade do problema. \u201cO Mapa da Viol\u00eancia s\u00f3 refor\u00e7a a realidade discriminat\u00f3ria que temos desde a d\u00e9cada de 60. Evolu\u00edmos, mas neste sentido, ainda vivemos de a\u00e7\u00f5es pontuais. Policiamento Comunit\u00e1rio e UPPs (Unidades de Pol\u00edcia Pacificadora) est\u00e3o adiantando? Isso temos que nos perguntar. O centro nervoso do problema est\u00e1 na periferia. L\u00e1 parte dos jovens morre por R$ 20 reais e nem chegam a completar 20 anos de idade\u201d, conta.<\/p>\n<p>Na vis\u00e3o de Malu, a complexidade que leva a abrevia\u00e7\u00e3o de milhares de vidas de apenas um segmento da sociedade precisa ser compreendida pelos governantes. \u201cTemos uma Secretaria Nacional de Igualdade Racial e secretarias municipais, conselhos. As pol\u00edticas afirmativas deveriam estar bombando. A diversidade da nossa juventude n\u00e3o \u00e9 f\u00e1cil atender: tem o jovem do reggae, do skate, do meio rural\u2026 Mas \u00e9 uma preocupa\u00e7\u00e3o que temos que ter porque o crime j\u00e1 est\u00e1 bem perto deles. Se o estado n\u00e3o chegar, esses jovens ir\u00e3o pelo caminho que se torna mais f\u00e1cil\u201d, diz.<\/p>\n<p>O massacre de jovens negros resulta da conjun\u00e7\u00e3o de m\u00faltiplos fatores, desde a aus\u00eancia de pol\u00edticas p\u00fablicas at\u00e9 o aumento do narcotr\u00e1fico e do consumo de drogas, que aparecem como possibilidades de ascens\u00e3o social ou de fuga dessa dura realidade, recrutando jovens e aumentando a criminalidade. \u201cSe buscarmos as respostas concretas nos \u00f3rg\u00e3os de seguran\u00e7a de estado, eles n\u00e3o as ter\u00e3o. Podem elencar algumas a\u00e7\u00f5es, mas ningu\u00e9m sabe o que fazer. A situa\u00e7\u00e3o \u00e9 ca\u00f3tica nas periferias do Brasil inteiro\u201d, diz Malu.<\/p>\n<p>\u201cEstamos em uma guerra civil\u201d, afirma advogado do Movimento Negro Unificado<\/p>\n<p>Movimento Educafro fez greve de fome em 2012 na frente do Pal\u00e1cio do Planalto, em Bras\u00edlia | Foto: Antonio Cruz\/ABr<\/p>\n<p>Na avalia\u00e7\u00e3o do advogado e membro do Movimento Negro Unificado, Onir Ara\u00fajo a situa\u00e7\u00e3o \u00e9 alarmante e n\u00e3o pode ser ignorada. \u201cO racismo n\u00e3o \u00e9 impl\u00edcito, cordial ou tolerante como alguns acreditam. Os dados de homic\u00eddios de jovens negros confirmam o contr\u00e1rio. \u00c9 uma guerra civil, de longos anos. E o estado \u00e9 o respons\u00e1vel, seja pela sua omiss\u00e3o ou pela sua atua\u00e7\u00e3o\u201d, acredita. O sil\u00eancio da m\u00eddia ou a aus\u00eancia de campanhas de grande impacto sobre o tema tamb\u00e9m revelam uma face preocupante do racismo, na vis\u00e3o do advogado. \u201cA hipocrisia da sociedade que \u00e9 conivente com estes dados. Como um diagn\u00f3stico como este (Mapa da Viol\u00eancia) n\u00e3o gera um esc\u00e2ndalo nacional ou a\u00e7\u00f5es contundentes? Estamos de um n\u00famero de mortes por ano muito maior do que dos jovens que morreram na trag\u00e9dia da boate Kiss, em Santa Maria\u201d, compara.<\/p>\n<p>Ainda em 2012, o governo federal lan\u00e7ou o Plano de Preven\u00e7\u00e3o \u00e0 Viol\u00eancia contra a Juventude Negra \u2013 Juventude Viva. Foi a primeira resposta articulada do governo federal a uma demanda hist\u00f3rica de den\u00fancias dos movimentos sociais contra o genoc\u00eddio desses jovens. Apesar de n\u00e3o ter altos \u00edndices de mortes de jovens negros, se comparado a outros estados do sudeste e nordeste do pa\u00eds, o Rio Grande do Sul est\u00e1 articulando a ades\u00e3o no programa federal. \u201cA partir de junho os estados poder\u00e3o aderir. Por enquanto funciona apenas em Alagoas. Mas estamos trabalhando para incluir o RS. Ser\u00e1 poss\u00edvel realizar mais oficinas para elevar a escolaridade dos jovens negros e gerar mais oportunidades de emprego\u201d, explica a coordenadora de Igualdade Racial do RS, Sandra Maciel.<\/p>\n<p>\u201cNegros s\u00e3o mais abordados do que brancos pela pol\u00edcia militar\u201d, afirma coordenadora de Igualdade Racial do RS<\/p>\n<p>Segundo ela, o racismo presente nas for\u00e7as do estado precisa ser combatido prioritariamente. \u201cEles s\u00e3o mortos pela a\u00e7\u00e3o discriminat\u00f3ria do pr\u00f3prio estado. Os meninos negros s\u00e3o mais abordados do que brancos pela pol\u00edcia. Os estados repressores matam nossos jovens\u201d, fala. Segundo a coordenadora de Igualdade Racial do RS, al\u00e9m da viol\u00eancia institucional, a senten\u00e7a de morte dos jovens negros j\u00e1 \u00e9 assinada desde o nascimento. \u201cEles s\u00e3o marginalizados e exclu\u00eddos na sua ess\u00eancia. S\u00e3o a parcela com menos oportunidades nas universidades, nos empregos, nas campanhas publicit\u00e1rias. As oportunidades que restam s\u00e3o as ilegais, que t\u00eam os resultados imediatos que os jovens querem\u201d, avalia.<\/p>\n<p>Conforme o artigo 5\u00ba da Constitui\u00e7\u00e3o Federal \u201ca pr\u00e1tica do racismo constitui crime inafian\u00e7\u00e1vel e imprescrit\u00edvel, sujeito \u00e0 pena de reclus\u00e3o, nos termos da lei\u201d. Se fosse respeitada, a legisla\u00e7\u00e3o brasileira j\u00e1 poderia ser a bastante tempo uma forma de combate ao preconceito, acredita o advogado Onir Ara\u00fajo. \u201cEm dez anos foram mais de 350 mil homic\u00eddios. Isto \u00e9 mais que 30 anos de guerra civil na Angola. E s\u00e3o mortes de uma parcela especifica da popula\u00e7\u00e3o. Isso significa que as medidas tomadas em n\u00edvel federal, estadual e municipal n\u00e3o condizem com a gravidade da situa\u00e7\u00e3o. Cumprir o previsto na Constitui\u00e7\u00e3o j\u00e1 produziria efeitos na sociedade\u201d, avalia.<\/p>\n<p>\u201cEnquanto a parcela negra da sociedade for encarada como amea\u00e7a em potencial para o sistema, a linha de exterm\u00ednio continuar\u00e1\u201d, afirma Onir. Ele acredita que apenas com uma mudan\u00e7a radical do projeto econ\u00f4mico, social e cultural do pa\u00eds ser\u00e1 poss\u00edvel mudar a l\u00f3gica de exclus\u00e3o e hegemonia de poder que oprime os negros brasileiros.<\/p>\n<p>Al\u00e9m do exterm\u00ednio de jovens negros, entre os consensos dos movimentos sociais na Jornada Nacional de Lutas da Juventude Brasileira est\u00e3o a luta pelos 10% do PIB brasileiro na educa\u00e7\u00e3o p\u00fablica, reforma agr\u00e1ria, democratiza\u00e7\u00e3o da comunica\u00e7\u00e3o, reforma pol\u00edtica e trabalho descente. Algumas quest\u00f5es regionais envolvendo transporte p\u00fablico e reajustes do valor da passagem tamb\u00e9m entrar\u00e3o na pauta de reivindica\u00e7\u00f5es que ser\u00e1 levada \u00e0s ruas.<\/p>\n<p>A principal marcha da Jornada de Lutas ser\u00e1 no dia 3 de abril, em Bras\u00edlia. Os movimentos pretendem ocupar a Esplanada dos Minist\u00e9rios com mais de cinco mil pessoas. O objetivo \u00e9 entregar \u00e0 presidenta Dilma uma carta com as reivindica\u00e7\u00f5es da juventude brasileira. O m\u00eas de mar\u00e7o \u00e9 simb\u00f3lico para o movimento estudantil devido \u00e0 morte do estudante secundarista Edson Lu\u00eds, baleado no peito por militares durante protesto no restaurante universit\u00e1rio Calabou\u00e7o, no Rio de Janeiro, em 28 de mar\u00e7o de 1968. Edson reivindicava pre\u00e7os mais justos para a alimenta\u00e7\u00e3o dos estudantes. A Jornada lembra ainda a data de nascimento (28 de mar\u00e7o de 1947) de uma das principais lideran\u00e7as estudantis da hist\u00f3ria brasileira; o ex-presidente da UNE, Honestino Guimar\u00e3es, preso, torturado e assassinado pela ditadura militar no Rio de Janeiro. Honestino, com seus anseios em mudar o Brasil e o mundo, continua um s\u00edmbolo vivo para diversas gera\u00e7\u00f5es.<\/p>\n<p>Fonte: Sul21<\/p>\n","protected":false},"excerpt":{"rendered":"<p>A alta taxa de morte entre jovens negros continua sendo um dos fatores mais preocupantes no Brasil. Mais de 70% dos homic\u00eddios registrados no pa\u00eds em 2010 foram de negros do sexo masculino, moradores das periferias e \u00e1reas metropolitanas dos centros urbanos. A realidade foi diagnosticada em um Mapa da Viol\u00eancia lan\u00e7ado h\u00e1 dois anos pelo governo federal. Desde ent\u00e3o, poucas a\u00e7\u00f5es para o enfrentamento desta realidade foram colocadas em pr\u00e1tica. No Sul21.<\/p>\n","protected":false},"author":1,"featured_media":0,"comment_status":"open","ping_status":"open","sticky":false,"template":"","format":"standard","meta":{"site-container-style":"default","site-container-layout":"default","site-sidebar-layout":"default","disable-article-header":"default","disable-site-header":"default","disable-site-footer":"default","disable-content-area-spacing":"default","footnotes":""},"categories":[11],"tags":[],"class_list":["post-24370","post","type-post","status-publish","format-standard","hentry","category-direitos-humanos"],"yoast_head":"<!-- This site is optimized with the Yoast SEO plugin v27.5 - https:\/\/yoast.com\/product\/yoast-seo-wordpress\/ -->\n<title>Juventude brasileira grita contra genoc\u00eddio de jovens negros -<\/title>\n<meta name=\"robots\" content=\"index, follow, max-snippet:-1, max-image-preview:large, max-video-preview:-1\" \/>\n<link rel=\"canonical\" href=\"https:\/\/inclusivenews.com.br\/?p=24370\" \/>\n<meta property=\"og:locale\" content=\"pt_PT\" \/>\n<meta property=\"og:type\" content=\"article\" \/>\n<meta property=\"og:title\" content=\"Juventude brasileira grita contra genoc\u00eddio de jovens negros -\" \/>\n<meta property=\"og:description\" content=\"A alta taxa de morte entre jovens negros continua sendo um dos fatores mais preocupantes no Brasil. Mais de 70% dos homic\u00eddios registrados no pa\u00eds em 2010 foram de negros do sexo masculino, moradores das periferias e \u00e1reas metropolitanas dos centros urbanos. A realidade foi diagnosticada em um Mapa da Viol\u00eancia lan\u00e7ado h\u00e1 dois anos pelo governo federal. Desde ent\u00e3o, poucas a\u00e7\u00f5es para o enfrentamento desta realidade foram colocadas em pr\u00e1tica. No Sul21.\" \/>\n<meta property=\"og:url\" content=\"https:\/\/inclusivenews.com.br\/?p=24370\" \/>\n<meta property=\"article:publisher\" content=\"https:\/\/www.facebook.com\/agenciainclusive\/\" \/>\n<meta property=\"article:published_time\" content=\"2013-03-27T18:22:19+00:00\" \/>\n<meta property=\"og:image\" content=\"http:\/\/inclusivenews.com.br\/wp-content\/uploads\/no-violencia-272x300.jpg\" \/>\n<meta name=\"author\" content=\"inclusivenews2024\" \/>\n<meta name=\"twitter:card\" content=\"summary_large_image\" \/>\n<meta name=\"twitter:label1\" content=\"Escrito por\" \/>\n\t<meta name=\"twitter:data1\" content=\"inclusivenews2024\" \/>\n\t<meta name=\"twitter:label2\" content=\"Tempo estimado de leitura\" \/>\n\t<meta name=\"twitter:data2\" content=\"7 minutos\" \/>\n<script type=\"application\/ld+json\" class=\"yoast-schema-graph\">{\"@context\":\"https:\\\/\\\/schema.org\",\"@graph\":[{\"@type\":\"Article\",\"@id\":\"https:\\\/\\\/inclusivenews.com.br\\\/?p=24370#article\",\"isPartOf\":{\"@id\":\"https:\\\/\\\/inclusivenews.com.br\\\/?p=24370\"},\"author\":{\"name\":\"inclusivenews2024\",\"@id\":\"https:\\\/\\\/inclusivenews.com.br\\\/#\\\/schema\\\/person\\\/ae4ec7087559b8692fb33b6fffd2273b\"},\"headline\":\"Juventude brasileira grita contra genoc\u00eddio de jovens negros\",\"datePublished\":\"2013-03-27T18:22:19+00:00\",\"mainEntityOfPage\":{\"@id\":\"https:\\\/\\\/inclusivenews.com.br\\\/?p=24370\"},\"wordCount\":1458,\"commentCount\":0,\"publisher\":{\"@id\":\"https:\\\/\\\/inclusivenews.com.br\\\/#organization\"},\"image\":{\"@id\":\"https:\\\/\\\/inclusivenews.com.br\\\/?p=24370#primaryimage\"},\"thumbnailUrl\":\"http:\\\/\\\/inclusivenews.com.br\\\/wp-content\\\/uploads\\\/no-violencia-272x300.jpg\",\"articleSection\":[\"DIREITOS HUMANOS\"],\"inLanguage\":\"pt-PT\",\"potentialAction\":[{\"@type\":\"CommentAction\",\"name\":\"Comment\",\"target\":[\"https:\\\/\\\/inclusivenews.com.br\\\/?p=24370#respond\"]}]},{\"@type\":\"WebPage\",\"@id\":\"https:\\\/\\\/inclusivenews.com.br\\\/?p=24370\",\"url\":\"https:\\\/\\\/inclusivenews.com.br\\\/?p=24370\",\"name\":\"Juventude brasileira grita contra genoc\u00eddio de jovens negros -\",\"isPartOf\":{\"@id\":\"https:\\\/\\\/inclusivenews.com.br\\\/#website\"},\"primaryImageOfPage\":{\"@id\":\"https:\\\/\\\/inclusivenews.com.br\\\/?p=24370#primaryimage\"},\"image\":{\"@id\":\"https:\\\/\\\/inclusivenews.com.br\\\/?p=24370#primaryimage\"},\"thumbnailUrl\":\"http:\\\/\\\/inclusivenews.com.br\\\/wp-content\\\/uploads\\\/no-violencia-272x300.jpg\",\"datePublished\":\"2013-03-27T18:22:19+00:00\",\"breadcrumb\":{\"@id\":\"https:\\\/\\\/inclusivenews.com.br\\\/?p=24370#breadcrumb\"},\"inLanguage\":\"pt-PT\",\"potentialAction\":[{\"@type\":\"ReadAction\",\"target\":[\"https:\\\/\\\/inclusivenews.com.br\\\/?p=24370\"]}]},{\"@type\":\"ImageObject\",\"inLanguage\":\"pt-PT\",\"@id\":\"https:\\\/\\\/inclusivenews.com.br\\\/?p=24370#primaryimage\",\"url\":\"\",\"contentUrl\":\"\"},{\"@type\":\"BreadcrumbList\",\"@id\":\"https:\\\/\\\/inclusivenews.com.br\\\/?p=24370#breadcrumb\",\"itemListElement\":[{\"@type\":\"ListItem\",\"position\":1,\"name\":\"In\u00edcio\",\"item\":\"https:\\\/\\\/inclusivenews.com.br\\\/\"},{\"@type\":\"ListItem\",\"position\":2,\"name\":\"Juventude brasileira grita contra genoc\u00eddio de jovens negros\"}]},{\"@type\":\"WebSite\",\"@id\":\"https:\\\/\\\/inclusivenews.com.br\\\/#website\",\"url\":\"https:\\\/\\\/inclusivenews.com.br\\\/\",\"name\":\"Inclusive News\",\"description\":\"Inclusive News\",\"publisher\":{\"@id\":\"https:\\\/\\\/inclusivenews.com.br\\\/#organization\"},\"potentialAction\":[{\"@type\":\"SearchAction\",\"target\":{\"@type\":\"EntryPoint\",\"urlTemplate\":\"https:\\\/\\\/inclusivenews.com.br\\\/?s={search_term_string}\"},\"query-input\":{\"@type\":\"PropertyValueSpecification\",\"valueRequired\":true,\"valueName\":\"search_term_string\"}}],\"inLanguage\":\"pt-PT\"},{\"@type\":\"Organization\",\"@id\":\"https:\\\/\\\/inclusivenews.com.br\\\/#organization\",\"name\":\"Inclusive - inclus\u00e3o e cidadania\",\"url\":\"https:\\\/\\\/inclusivenews.com.br\\\/\",\"logo\":{\"@type\":\"ImageObject\",\"inLanguage\":\"pt-PT\",\"@id\":\"https:\\\/\\\/inclusivenews.com.br\\\/#\\\/schema\\\/logo\\\/image\\\/\",\"url\":\"https:\\\/\\\/inclusivenews.com.br\\\/wp-content\\\/uploads\\\/2024\\\/03\\\/@grandesite.png\",\"contentUrl\":\"https:\\\/\\\/inclusivenews.com.br\\\/wp-content\\\/uploads\\\/2024\\\/03\\\/@grandesite.png\",\"width\":1080,\"height\":1080,\"caption\":\"Inclusive - inclus\u00e3o e cidadania\"},\"image\":{\"@id\":\"https:\\\/\\\/inclusivenews.com.br\\\/#\\\/schema\\\/logo\\\/image\\\/\"},\"sameAs\":[\"https:\\\/\\\/www.facebook.com\\\/agenciainclusive\\\/\",\"https:\\\/\\\/www.instagram.com\\\/newsinclusive\\\/\"]},{\"@type\":\"Person\",\"@id\":\"https:\\\/\\\/inclusivenews.com.br\\\/#\\\/schema\\\/person\\\/ae4ec7087559b8692fb33b6fffd2273b\",\"name\":\"inclusivenews2024\",\"image\":{\"@type\":\"ImageObject\",\"inLanguage\":\"pt-PT\",\"@id\":\"https:\\\/\\\/secure.gravatar.com\\\/avatar\\\/c5a7ef84c66fa914f55bc4f7ce26cfa275a3b9a1c5568b907bd184fb4dde7b40?s=96&d=mm&r=g\",\"url\":\"https:\\\/\\\/secure.gravatar.com\\\/avatar\\\/c5a7ef84c66fa914f55bc4f7ce26cfa275a3b9a1c5568b907bd184fb4dde7b40?s=96&d=mm&r=g\",\"contentUrl\":\"https:\\\/\\\/secure.gravatar.com\\\/avatar\\\/c5a7ef84c66fa914f55bc4f7ce26cfa275a3b9a1c5568b907bd184fb4dde7b40?s=96&d=mm&r=g\",\"caption\":\"inclusivenews2024\"},\"sameAs\":[\"https:\\\/\\\/inclusivenews.com.br\"],\"url\":\"https:\\\/\\\/inclusivenews.com.br\\\/?author=1\"}]}<\/script>\n<!-- \/ Yoast SEO plugin. -->","yoast_head_json":{"title":"Juventude brasileira grita contra genoc\u00eddio de jovens negros -","robots":{"index":"index","follow":"follow","max-snippet":"max-snippet:-1","max-image-preview":"max-image-preview:large","max-video-preview":"max-video-preview:-1"},"canonical":"https:\/\/inclusivenews.com.br\/?p=24370","og_locale":"pt_PT","og_type":"article","og_title":"Juventude brasileira grita contra genoc\u00eddio de jovens negros -","og_description":"A alta taxa de morte entre jovens negros continua sendo um dos fatores mais preocupantes no Brasil. Mais de 70% dos homic\u00eddios registrados no pa\u00eds em 2010 foram de negros do sexo masculino, moradores das periferias e \u00e1reas metropolitanas dos centros urbanos. A realidade foi diagnosticada em um Mapa da Viol\u00eancia lan\u00e7ado h\u00e1 dois anos pelo governo federal. Desde ent\u00e3o, poucas a\u00e7\u00f5es para o enfrentamento desta realidade foram colocadas em pr\u00e1tica. No Sul21.","og_url":"https:\/\/inclusivenews.com.br\/?p=24370","article_publisher":"https:\/\/www.facebook.com\/agenciainclusive\/","article_published_time":"2013-03-27T18:22:19+00:00","og_image":[{"url":"http:\/\/inclusivenews.com.br\/wp-content\/uploads\/no-violencia-272x300.jpg","type":"","width":"","height":""}],"author":"inclusivenews2024","twitter_card":"summary_large_image","twitter_misc":{"Escrito por":"inclusivenews2024","Tempo estimado de leitura":"7 minutos"},"schema":{"@context":"https:\/\/schema.org","@graph":[{"@type":"Article","@id":"https:\/\/inclusivenews.com.br\/?p=24370#article","isPartOf":{"@id":"https:\/\/inclusivenews.com.br\/?p=24370"},"author":{"name":"inclusivenews2024","@id":"https:\/\/inclusivenews.com.br\/#\/schema\/person\/ae4ec7087559b8692fb33b6fffd2273b"},"headline":"Juventude brasileira grita contra genoc\u00eddio de jovens negros","datePublished":"2013-03-27T18:22:19+00:00","mainEntityOfPage":{"@id":"https:\/\/inclusivenews.com.br\/?p=24370"},"wordCount":1458,"commentCount":0,"publisher":{"@id":"https:\/\/inclusivenews.com.br\/#organization"},"image":{"@id":"https:\/\/inclusivenews.com.br\/?p=24370#primaryimage"},"thumbnailUrl":"http:\/\/inclusivenews.com.br\/wp-content\/uploads\/no-violencia-272x300.jpg","articleSection":["DIREITOS HUMANOS"],"inLanguage":"pt-PT","potentialAction":[{"@type":"CommentAction","name":"Comment","target":["https:\/\/inclusivenews.com.br\/?p=24370#respond"]}]},{"@type":"WebPage","@id":"https:\/\/inclusivenews.com.br\/?p=24370","url":"https:\/\/inclusivenews.com.br\/?p=24370","name":"Juventude brasileira grita contra genoc\u00eddio de jovens negros -","isPartOf":{"@id":"https:\/\/inclusivenews.com.br\/#website"},"primaryImageOfPage":{"@id":"https:\/\/inclusivenews.com.br\/?p=24370#primaryimage"},"image":{"@id":"https:\/\/inclusivenews.com.br\/?p=24370#primaryimage"},"thumbnailUrl":"http:\/\/inclusivenews.com.br\/wp-content\/uploads\/no-violencia-272x300.jpg","datePublished":"2013-03-27T18:22:19+00:00","breadcrumb":{"@id":"https:\/\/inclusivenews.com.br\/?p=24370#breadcrumb"},"inLanguage":"pt-PT","potentialAction":[{"@type":"ReadAction","target":["https:\/\/inclusivenews.com.br\/?p=24370"]}]},{"@type":"ImageObject","inLanguage":"pt-PT","@id":"https:\/\/inclusivenews.com.br\/?p=24370#primaryimage","url":"","contentUrl":""},{"@type":"BreadcrumbList","@id":"https:\/\/inclusivenews.com.br\/?p=24370#breadcrumb","itemListElement":[{"@type":"ListItem","position":1,"name":"In\u00edcio","item":"https:\/\/inclusivenews.com.br\/"},{"@type":"ListItem","position":2,"name":"Juventude brasileira grita contra genoc\u00eddio de jovens negros"}]},{"@type":"WebSite","@id":"https:\/\/inclusivenews.com.br\/#website","url":"https:\/\/inclusivenews.com.br\/","name":"Inclusive News","description":"Inclusive News","publisher":{"@id":"https:\/\/inclusivenews.com.br\/#organization"},"potentialAction":[{"@type":"SearchAction","target":{"@type":"EntryPoint","urlTemplate":"https:\/\/inclusivenews.com.br\/?s={search_term_string}"},"query-input":{"@type":"PropertyValueSpecification","valueRequired":true,"valueName":"search_term_string"}}],"inLanguage":"pt-PT"},{"@type":"Organization","@id":"https:\/\/inclusivenews.com.br\/#organization","name":"Inclusive - inclus\u00e3o e cidadania","url":"https:\/\/inclusivenews.com.br\/","logo":{"@type":"ImageObject","inLanguage":"pt-PT","@id":"https:\/\/inclusivenews.com.br\/#\/schema\/logo\/image\/","url":"https:\/\/inclusivenews.com.br\/wp-content\/uploads\/2024\/03\/@grandesite.png","contentUrl":"https:\/\/inclusivenews.com.br\/wp-content\/uploads\/2024\/03\/@grandesite.png","width":1080,"height":1080,"caption":"Inclusive - inclus\u00e3o e cidadania"},"image":{"@id":"https:\/\/inclusivenews.com.br\/#\/schema\/logo\/image\/"},"sameAs":["https:\/\/www.facebook.com\/agenciainclusive\/","https:\/\/www.instagram.com\/newsinclusive\/"]},{"@type":"Person","@id":"https:\/\/inclusivenews.com.br\/#\/schema\/person\/ae4ec7087559b8692fb33b6fffd2273b","name":"inclusivenews2024","image":{"@type":"ImageObject","inLanguage":"pt-PT","@id":"https:\/\/secure.gravatar.com\/avatar\/c5a7ef84c66fa914f55bc4f7ce26cfa275a3b9a1c5568b907bd184fb4dde7b40?s=96&d=mm&r=g","url":"https:\/\/secure.gravatar.com\/avatar\/c5a7ef84c66fa914f55bc4f7ce26cfa275a3b9a1c5568b907bd184fb4dde7b40?s=96&d=mm&r=g","contentUrl":"https:\/\/secure.gravatar.com\/avatar\/c5a7ef84c66fa914f55bc4f7ce26cfa275a3b9a1c5568b907bd184fb4dde7b40?s=96&d=mm&r=g","caption":"inclusivenews2024"},"sameAs":["https:\/\/inclusivenews.com.br"],"url":"https:\/\/inclusivenews.com.br\/?author=1"}]}},"_links":{"self":[{"href":"https:\/\/inclusivenews.com.br\/index.php?rest_route=\/wp\/v2\/posts\/24370","targetHints":{"allow":["GET"]}}],"collection":[{"href":"https:\/\/inclusivenews.com.br\/index.php?rest_route=\/wp\/v2\/posts"}],"about":[{"href":"https:\/\/inclusivenews.com.br\/index.php?rest_route=\/wp\/v2\/types\/post"}],"author":[{"embeddable":true,"href":"https:\/\/inclusivenews.com.br\/index.php?rest_route=\/wp\/v2\/users\/1"}],"replies":[{"embeddable":true,"href":"https:\/\/inclusivenews.com.br\/index.php?rest_route=%2Fwp%2Fv2%2Fcomments&post=24370"}],"version-history":[{"count":0,"href":"https:\/\/inclusivenews.com.br\/index.php?rest_route=\/wp\/v2\/posts\/24370\/revisions"}],"wp:attachment":[{"href":"https:\/\/inclusivenews.com.br\/index.php?rest_route=%2Fwp%2Fv2%2Fmedia&parent=24370"}],"wp:term":[{"taxonomy":"category","embeddable":true,"href":"https:\/\/inclusivenews.com.br\/index.php?rest_route=%2Fwp%2Fv2%2Fcategories&post=24370"},{"taxonomy":"post_tag","embeddable":true,"href":"https:\/\/inclusivenews.com.br\/index.php?rest_route=%2Fwp%2Fv2%2Ftags&post=24370"}],"curies":[{"name":"wp","href":"https:\/\/api.w.org\/{rel}","templated":true}]}}