{"id":24374,"date":"2013-03-27T15:28:51","date_gmt":"2013-03-27T18:28:51","guid":{"rendered":"http:\/\/www.inclusive.org.br\/?p=24374"},"modified":"2013-03-27T15:28:51","modified_gmt":"2013-03-27T18:28:51","slug":"educacao-inclusiva-um-desafio-ou-um-tabu","status":"publish","type":"post","link":"https:\/\/inclusivenews.com.br\/?p=24374","title":{"rendered":"Educa\u00e7\u00e3o inclusiva: um desafio ou um tabu?"},"content":{"rendered":"<figure style=\"width: 324px\" class=\"wp-caption alignleft\"><img loading=\"lazy\" decoding=\"async\" class=\" \" title=\"M\u00f4nica Loiola\" src=\"http:\/\/www.avante.org.br\/wp-content\/uploads\/2013\/03\/entrevista-monica-540x257.jpg\" alt=\"M\u00f4nica Loiola\" width=\"324\" height=\"154\" \/><figcaption class=\"wp-caption-text\">Imagem: Avante<\/figcaption><\/figure>\n<p>M\u00f4nica Loiola \u00e9 autora da disserta\u00e7\u00e3o: <em>Inclus\u00e3o, Educa\u00e7\u00e3o Infantil e Forma\u00e7\u00e3o de Professores: Sujeitos, Di\u00e1logos e Reflex\u00f5es na Ambi\u00eancia do ProInfantil<\/em>. \u00c9 tamb\u00e9m a mais nova consultora associada da Avante \u2013 Educa\u00e7\u00e3o e Mobiliza\u00e7\u00e3o Social que chega para fortalecer as a\u00e7\u00f5es institucionais com sua expertise em inclus\u00e3o e experi\u00eancia em Educa\u00e7\u00e3o Infantil. Com a chegada da nova consultora a Linha de Forma\u00e7\u00e3o de Educadores e Tecnologias Educacionais estrutura um novo eixo de trabalho: educa\u00e7\u00e3o e direitos humanos, com \u00eanfase em projetos de inclus\u00e3o e resolu\u00e7\u00e3o de conflitos, a partir das pesquisas sobre desenvolvimento moral.<\/p>\n<p>Na entrevista abaixo, M\u00f4nica nos d\u00e1 uma vis\u00e3o dos desafios que envolvem a educa\u00e7\u00e3o inclusiva neste per\u00edodo introdut\u00f3rio e t\u00e3o marcante da vida escolar.<\/p>\n<p>1.  As escolas est\u00e3o mais preparadas para receber crian\u00e7as especiais?<\/p>\n<p>Este \u00e9 um ponto nevr\u00e1lgico quando o assunto \u00e9 inclus\u00e3o. O que acontece atualmente \u00e9 que as escolas j\u00e1 t\u00eam dispon\u00edvel um grande acervo de pesquisa e publica\u00e7\u00f5es norteadoras da inclus\u00e3o escolar. O MEC investe bastante nesta perspectiva. Mas, ainda h\u00e1 muita resist\u00eancia em investir maci\u00e7amente neste prop\u00f3sito, principalmente das escolas da rede privada. Isto significa programa\u00e7\u00e3o financeira para modificar desde a estrutura f\u00edsica, tornando os espa\u00e7os mais acess\u00edveis, at\u00e9 investimento em forma\u00e7\u00e3o continuada e contrata\u00e7\u00e3o de uma equipe multidisciplinar.<\/p>\n<p>A matr\u00edcula das crian\u00e7as com defici\u00eancia nas escolas foi impulsionada por uma a\u00e7\u00e3o legal, e recus\u00e1-la \u00e9 crime. No entanto, as escolas ainda est\u00e3o longe de uma estrutura que de fato promova a inclus\u00e3o de todas as crian\u00e7as. A grande maioria delas tem se apoiado no servi\u00e7o do acompanhante pedag\u00f3gico, gerando uma nova modalidade profissional e mais custo para as fam\u00edlias, o que n\u00e3o resolve a quest\u00e3o da inclus\u00e3o, apenas transfere a responsabilidade. Esta iniciativa das escolas particulares fere o Art. 59. da Lei de diretrizes e bases da educa\u00e7\u00e3o- 1996 que diz:<\/p>\n<p>Os sistemas de ensino assegurar\u00e3o aos educandos com necessidades especiais:<\/p>\n<p>I \u2013 curr\u00edculos, m\u00e9todos, t\u00e9cnicas, recursos educativos e organiza\u00e7\u00e3o espec\u00edficos, para<\/p>\n<p>atender \u00e0s suas necessidades;<\/p>\n<p>Pelo artigo e por outras determina\u00e7\u00f5es legais \u00e9 dever da escola criar e encontrar as alternativas necess\u00e1rias para promover a inclus\u00e3o e garantir, n\u00e3o somente a matr\u00edcula, mas tamb\u00e9m a perman\u00eancia com qualidade para todas as crian\u00e7as.<\/p>\n<p>2. Existe um ambiente ideal para que estas crian\u00e7as sejam acolhidas nas institui\u00e7\u00f5es de ensino?<\/p>\n<p>Existem par\u00e2metros para uma escola inclusiva. O documento do MEC \u201cconstruindo escolas inclusivas\u201d, de 2006, oferece muitas indica\u00e7\u00f5es de caminhos e possibilidades para reestruturar sistemas e curr\u00edculos para atender a diversidade. Merece ser consultado, apesar de haver necessidade de algumas atualiza\u00e7\u00f5es.<\/p>\n<p>3. O que \u00e9 mais importante? Um professor com disposi\u00e7\u00e3o para realizar a inclus\u00e3o ou uma institui\u00e7\u00e3o com atitude inclusiva?<\/p>\n<p>Os dois s\u00e3o importantes e complementares. Conforme escrevi na disserta\u00e7\u00e3o, observei duas situa\u00e7\u00f5es mais especificamente: o professor que consegue realizar a inclus\u00e3o, mesmo em institui\u00e7\u00f5es que n\u00e3o viabilizam a inclus\u00e3o, e o oposto: professores n\u00e3o realizaram inclus\u00e3o, mesmo em escolas que oferecem mais condi\u00e7\u00f5es para isso. O fato \u00e9 que para a inclus\u00e3o ser viabilizada \u00e9 necess\u00e1rio uma uni\u00e3o de esfor\u00e7os que v\u00e3o desde a exist\u00eancia de pol\u00edticas p\u00fablicas, at\u00e9 forma\u00e7\u00e3o profissional e desejo pessoal e institucional.<\/p>\n<p>4.    Qual o maior desafio para o professor no contexto da educa\u00e7\u00e3o inclusiva hoje?<\/p>\n<p>N\u00e3o \u00e9 poss\u00edvel responder a esta pergunta de forma precisa e objetiva porque depende muito do contexto e das viv\u00eancias pessoais desse professor com a inclus\u00e3o. Isto significa que quanto menos viv\u00eancia, maior o temor ou os receios. De um modo geral, e baseada na minha experi\u00eancia profissional e de escuta dos professores, a maior queixa concentra-se na falta de conhecimentos espec\u00edficos para lidar com a diversidade pessoal.<\/p>\n<p>Apesar do crescente volume de pesquisas e publica\u00e7\u00f5es sobre o assunto, o embasamento te\u00f3rico sobre os processos de inclus\u00e3o e a diversidade humana no que tange \u00e0 comunica\u00e7\u00e3o, socializa\u00e7\u00e3o e aprendizagem ainda n\u00e3o \u00e9 priorizado nos cursos de forma\u00e7\u00e3o inicial e continuada.<\/p>\n<p>5. Existe muita diferen\u00e7a entre o cen\u00e1rio de inclus\u00e3o hoje na rede publica e privada?<\/p>\n<p>Para responder a esta pergunta baseamo-nos mais em observa\u00e7\u00e3o e experi\u00eancia pr\u00e1tica profissional, do que propriamente em dados de pesquisa. Reconhecemos que ambas as redes enfrentam desafios diferenciados quando o assunto \u00e9 inclus\u00e3o. A rede p\u00fablica, por exemplo, tem mais facilidade em conseguir recursos para organiza\u00e7\u00e3o do espa\u00e7o e compra de equipamentos. Mas, esbarra em quest\u00f5es burocr\u00e1ticas e de estrutura nas pr\u00f3prias institui\u00e7\u00f5es. Como ilustra\u00e7\u00e3o, h\u00e1 escolas que receberam todos os equipamentos e materiais para as salas de recursos multifuncionais, mas, no entanto, n\u00e3o possuem o espa\u00e7o para a sala ser montada.<\/p>\n<p>A rede privada enfrenta o desafio de ajustar custos a um n\u00famero mais reduzido de estudantes por turma, uma das necessidades de uma escola inclusiva. Diminuir a margem de lucros e distribuir a receita em investimento financeiro para melhorias do espa\u00e7o e de forma\u00e7\u00e3o \u00e9, ainda, uma demanda das escolas particulares.<\/p>\n<p>Outro aspecto que diferencia \u00e9 a disponibilidade frente a aceita\u00e7\u00e3o de matr\u00edculas. Observa-se que no \u00e2mbito da escola p\u00fablica h\u00e1 menos resist\u00eancia em receber as crian\u00e7as com necessidades especiais e menos exig\u00eancias para a fam\u00edlia, no que se refere a atrelar matr\u00edcula a relat\u00f3rios e acompanhamentos com especialistas, como temos visto algumas escolas particulares fazerem. As escolas particulares em Salvador criaram um \u201csistema de cotas\u201d restringindo o n\u00famero de matr\u00edculas de crian\u00e7as com defici\u00eancia ou com algum tipo de diagn\u00f3stico. Esta regra n\u00e3o tem embasamento legal, e os pais podem e devem procurar os meios legais para garantir a matr\u00edcula dos filhos, caso sua op\u00e7\u00e3o seja por alguma escola da rede privada, porque na rede p\u00fablica n\u00e3o temos registros dessa situa\u00e7\u00e3o.<\/p>\n<p>6. Qual deve ser a principal preocupa\u00e7\u00e3o\/foco dos pais ao procurar uma escola inclusiva?<\/p>\n<p>Primeiro de tudo entender que a educa\u00e7\u00e3o \u00e9 um direito do seu filho e que a escola n\u00e3o est\u00e1 fazendo o favor em receb\u00ea-lo. Depois, ter consci\u00eancia dos seus direitos enquanto cidad\u00e3o e dos deveres da escola em garantir a aprendizagem das crian\u00e7as. Um aspecto muito importante \u00e9 a disponibilidade da escola em dialogar e fazer as modifica\u00e7\u00f5es necess\u00e1rias, porque ainda estamos em um per\u00edodo de constru\u00e7\u00e3o de um novo sistema educativo que precisa tamb\u00e9m do apoio da fam\u00edlia para se concretizar. Vale perguntar quais s\u00e3o as a\u00e7\u00f5es concretas da escola quando o assunto \u00e9 inclus\u00e3o, que tipo de investimento \u00e9 feito, sobretudo em rela\u00e7\u00e3o a adapta\u00e7\u00e3o f\u00edsica, curricular e na forma\u00e7\u00e3o continuada de seus profissionais.<\/p>\n","protected":false},"excerpt":{"rendered":"<p>Na entrevista a seguir, M\u00f4nica d\u00e1 uma vis\u00e3o dos desafios que envolvem a educa\u00e7\u00e3o inclusiva neste per\u00edodo introdut\u00f3rio e t\u00e3o marcante da vida escolar.<\/p>\n","protected":false},"author":1,"featured_media":0,"comment_status":"open","ping_status":"open","sticky":false,"template":"","format":"standard","meta":{"site-container-style":"default","site-container-layout":"default","site-sidebar-layout":"default","disable-article-header":"default","disable-site-header":"default","disable-site-footer":"default","disable-content-area-spacing":"default","footnotes":""},"categories":[38,6,42,48],"tags":[],"class_list":["post-24374","post","type-post","status-publish","format-standard","hentry","category-deficiencia","category-educacao","category-entrevista","category-inclusao"],"yoast_head":"<!-- This site is optimized with the Yoast SEO plugin v27.4 - https:\/\/yoast.com\/product\/yoast-seo-wordpress\/ -->\n<title>Educa\u00e7\u00e3o inclusiva: um desafio ou um tabu? -<\/title>\n<meta name=\"robots\" content=\"index, follow, max-snippet:-1, max-image-preview:large, max-video-preview:-1\" \/>\n<link rel=\"canonical\" href=\"https:\/\/inclusivenews.com.br\/?p=24374\" \/>\n<meta property=\"og:locale\" content=\"pt_PT\" \/>\n<meta property=\"og:type\" content=\"article\" \/>\n<meta property=\"og:title\" content=\"Educa\u00e7\u00e3o inclusiva: um desafio ou um tabu? -\" \/>\n<meta property=\"og:description\" content=\"Na entrevista a seguir, M\u00f4nica d\u00e1 uma vis\u00e3o dos desafios que envolvem a educa\u00e7\u00e3o inclusiva neste per\u00edodo introdut\u00f3rio e t\u00e3o marcante da vida escolar.\" \/>\n<meta property=\"og:url\" content=\"https:\/\/inclusivenews.com.br\/?p=24374\" \/>\n<meta property=\"article:publisher\" content=\"https:\/\/www.facebook.com\/agenciainclusive\/\" \/>\n<meta property=\"article:published_time\" content=\"2013-03-27T18:28:51+00:00\" \/>\n<meta property=\"og:image\" content=\"http:\/\/www.avante.org.br\/wp-content\/uploads\/2013\/03\/entrevista-monica-540x257.jpg\" \/>\n<meta name=\"author\" content=\"inclusivenews2024\" \/>\n<meta name=\"twitter:card\" content=\"summary_large_image\" \/>\n<meta name=\"twitter:label1\" content=\"Escrito por\" \/>\n\t<meta name=\"twitter:data1\" content=\"inclusivenews2024\" \/>\n\t<meta name=\"twitter:label2\" content=\"Tempo estimado de leitura\" \/>\n\t<meta name=\"twitter:data2\" content=\"6 minutos\" \/>\n<script type=\"application\/ld+json\" class=\"yoast-schema-graph\">{\"@context\":\"https:\\\/\\\/schema.org\",\"@graph\":[{\"@type\":\"Article\",\"@id\":\"https:\\\/\\\/inclusivenews.com.br\\\/?p=24374#article\",\"isPartOf\":{\"@id\":\"https:\\\/\\\/inclusivenews.com.br\\\/?p=24374\"},\"author\":{\"name\":\"inclusivenews2024\",\"@id\":\"https:\\\/\\\/inclusivenews.com.br\\\/#\\\/schema\\\/person\\\/ae4ec7087559b8692fb33b6fffd2273b\"},\"headline\":\"Educa\u00e7\u00e3o inclusiva: um desafio ou um tabu?\",\"datePublished\":\"2013-03-27T18:28:51+00:00\",\"mainEntityOfPage\":{\"@id\":\"https:\\\/\\\/inclusivenews.com.br\\\/?p=24374\"},\"wordCount\":1210,\"commentCount\":1,\"publisher\":{\"@id\":\"https:\\\/\\\/inclusivenews.com.br\\\/#organization\"},\"image\":{\"@id\":\"https:\\\/\\\/inclusivenews.com.br\\\/?p=24374#primaryimage\"},\"thumbnailUrl\":\"http:\\\/\\\/www.avante.org.br\\\/wp-content\\\/uploads\\\/2013\\\/03\\\/entrevista-monica-540x257.jpg\",\"articleSection\":[\"Defici\u00eancia\",\"EDUCA\u00c7\u00c3O\",\"ENTREVISTAS\",\"INCLUS\u00c3O SOCIAL\"],\"inLanguage\":\"pt-PT\",\"potentialAction\":[{\"@type\":\"CommentAction\",\"name\":\"Comment\",\"target\":[\"https:\\\/\\\/inclusivenews.com.br\\\/?p=24374#respond\"]}]},{\"@type\":\"WebPage\",\"@id\":\"https:\\\/\\\/inclusivenews.com.br\\\/?p=24374\",\"url\":\"https:\\\/\\\/inclusivenews.com.br\\\/?p=24374\",\"name\":\"Educa\u00e7\u00e3o inclusiva: um desafio ou um tabu? -\",\"isPartOf\":{\"@id\":\"https:\\\/\\\/inclusivenews.com.br\\\/#website\"},\"primaryImageOfPage\":{\"@id\":\"https:\\\/\\\/inclusivenews.com.br\\\/?p=24374#primaryimage\"},\"image\":{\"@id\":\"https:\\\/\\\/inclusivenews.com.br\\\/?p=24374#primaryimage\"},\"thumbnailUrl\":\"http:\\\/\\\/www.avante.org.br\\\/wp-content\\\/uploads\\\/2013\\\/03\\\/entrevista-monica-540x257.jpg\",\"datePublished\":\"2013-03-27T18:28:51+00:00\",\"breadcrumb\":{\"@id\":\"https:\\\/\\\/inclusivenews.com.br\\\/?p=24374#breadcrumb\"},\"inLanguage\":\"pt-PT\",\"potentialAction\":[{\"@type\":\"ReadAction\",\"target\":[\"https:\\\/\\\/inclusivenews.com.br\\\/?p=24374\"]}]},{\"@type\":\"ImageObject\",\"inLanguage\":\"pt-PT\",\"@id\":\"https:\\\/\\\/inclusivenews.com.br\\\/?p=24374#primaryimage\",\"url\":\"http:\\\/\\\/www.avante.org.br\\\/wp-content\\\/uploads\\\/2013\\\/03\\\/entrevista-monica-540x257.jpg\",\"contentUrl\":\"http:\\\/\\\/www.avante.org.br\\\/wp-content\\\/uploads\\\/2013\\\/03\\\/entrevista-monica-540x257.jpg\"},{\"@type\":\"BreadcrumbList\",\"@id\":\"https:\\\/\\\/inclusivenews.com.br\\\/?p=24374#breadcrumb\",\"itemListElement\":[{\"@type\":\"ListItem\",\"position\":1,\"name\":\"In\u00edcio\",\"item\":\"https:\\\/\\\/inclusivenews.com.br\\\/\"},{\"@type\":\"ListItem\",\"position\":2,\"name\":\"Educa\u00e7\u00e3o inclusiva: um desafio ou um tabu?\"}]},{\"@type\":\"WebSite\",\"@id\":\"https:\\\/\\\/inclusivenews.com.br\\\/#website\",\"url\":\"https:\\\/\\\/inclusivenews.com.br\\\/\",\"name\":\"Inclusive News\",\"description\":\"Inclusive News\",\"publisher\":{\"@id\":\"https:\\\/\\\/inclusivenews.com.br\\\/#organization\"},\"potentialAction\":[{\"@type\":\"SearchAction\",\"target\":{\"@type\":\"EntryPoint\",\"urlTemplate\":\"https:\\\/\\\/inclusivenews.com.br\\\/?s={search_term_string}\"},\"query-input\":{\"@type\":\"PropertyValueSpecification\",\"valueRequired\":true,\"valueName\":\"search_term_string\"}}],\"inLanguage\":\"pt-PT\"},{\"@type\":\"Organization\",\"@id\":\"https:\\\/\\\/inclusivenews.com.br\\\/#organization\",\"name\":\"Inclusive - inclus\u00e3o e cidadania\",\"url\":\"https:\\\/\\\/inclusivenews.com.br\\\/\",\"logo\":{\"@type\":\"ImageObject\",\"inLanguage\":\"pt-PT\",\"@id\":\"https:\\\/\\\/inclusivenews.com.br\\\/#\\\/schema\\\/logo\\\/image\\\/\",\"url\":\"https:\\\/\\\/inclusivenews.com.br\\\/wp-content\\\/uploads\\\/2024\\\/03\\\/@grandesite.png\",\"contentUrl\":\"https:\\\/\\\/inclusivenews.com.br\\\/wp-content\\\/uploads\\\/2024\\\/03\\\/@grandesite.png\",\"width\":1080,\"height\":1080,\"caption\":\"Inclusive - inclus\u00e3o e cidadania\"},\"image\":{\"@id\":\"https:\\\/\\\/inclusivenews.com.br\\\/#\\\/schema\\\/logo\\\/image\\\/\"},\"sameAs\":[\"https:\\\/\\\/www.facebook.com\\\/agenciainclusive\\\/\",\"https:\\\/\\\/www.instagram.com\\\/newsinclusive\\\/\"]},{\"@type\":\"Person\",\"@id\":\"https:\\\/\\\/inclusivenews.com.br\\\/#\\\/schema\\\/person\\\/ae4ec7087559b8692fb33b6fffd2273b\",\"name\":\"inclusivenews2024\",\"image\":{\"@type\":\"ImageObject\",\"inLanguage\":\"pt-PT\",\"@id\":\"https:\\\/\\\/secure.gravatar.com\\\/avatar\\\/c5a7ef84c66fa914f55bc4f7ce26cfa275a3b9a1c5568b907bd184fb4dde7b40?s=96&d=mm&r=g\",\"url\":\"https:\\\/\\\/secure.gravatar.com\\\/avatar\\\/c5a7ef84c66fa914f55bc4f7ce26cfa275a3b9a1c5568b907bd184fb4dde7b40?s=96&d=mm&r=g\",\"contentUrl\":\"https:\\\/\\\/secure.gravatar.com\\\/avatar\\\/c5a7ef84c66fa914f55bc4f7ce26cfa275a3b9a1c5568b907bd184fb4dde7b40?s=96&d=mm&r=g\",\"caption\":\"inclusivenews2024\"},\"sameAs\":[\"https:\\\/\\\/inclusivenews.com.br\"],\"url\":\"https:\\\/\\\/inclusivenews.com.br\\\/?author=1\"}]}<\/script>\n<!-- \/ Yoast SEO plugin. -->","yoast_head_json":{"title":"Educa\u00e7\u00e3o inclusiva: um desafio ou um tabu? -","robots":{"index":"index","follow":"follow","max-snippet":"max-snippet:-1","max-image-preview":"max-image-preview:large","max-video-preview":"max-video-preview:-1"},"canonical":"https:\/\/inclusivenews.com.br\/?p=24374","og_locale":"pt_PT","og_type":"article","og_title":"Educa\u00e7\u00e3o inclusiva: um desafio ou um tabu? -","og_description":"Na entrevista a seguir, M\u00f4nica d\u00e1 uma vis\u00e3o dos desafios que envolvem a educa\u00e7\u00e3o inclusiva neste per\u00edodo introdut\u00f3rio e t\u00e3o marcante da vida escolar.","og_url":"https:\/\/inclusivenews.com.br\/?p=24374","article_publisher":"https:\/\/www.facebook.com\/agenciainclusive\/","article_published_time":"2013-03-27T18:28:51+00:00","og_image":[{"url":"http:\/\/www.avante.org.br\/wp-content\/uploads\/2013\/03\/entrevista-monica-540x257.jpg","type":"","width":"","height":""}],"author":"inclusivenews2024","twitter_card":"summary_large_image","twitter_misc":{"Escrito por":"inclusivenews2024","Tempo estimado de leitura":"6 minutos"},"schema":{"@context":"https:\/\/schema.org","@graph":[{"@type":"Article","@id":"https:\/\/inclusivenews.com.br\/?p=24374#article","isPartOf":{"@id":"https:\/\/inclusivenews.com.br\/?p=24374"},"author":{"name":"inclusivenews2024","@id":"https:\/\/inclusivenews.com.br\/#\/schema\/person\/ae4ec7087559b8692fb33b6fffd2273b"},"headline":"Educa\u00e7\u00e3o inclusiva: um desafio ou um tabu?","datePublished":"2013-03-27T18:28:51+00:00","mainEntityOfPage":{"@id":"https:\/\/inclusivenews.com.br\/?p=24374"},"wordCount":1210,"commentCount":1,"publisher":{"@id":"https:\/\/inclusivenews.com.br\/#organization"},"image":{"@id":"https:\/\/inclusivenews.com.br\/?p=24374#primaryimage"},"thumbnailUrl":"http:\/\/www.avante.org.br\/wp-content\/uploads\/2013\/03\/entrevista-monica-540x257.jpg","articleSection":["Defici\u00eancia","EDUCA\u00c7\u00c3O","ENTREVISTAS","INCLUS\u00c3O SOCIAL"],"inLanguage":"pt-PT","potentialAction":[{"@type":"CommentAction","name":"Comment","target":["https:\/\/inclusivenews.com.br\/?p=24374#respond"]}]},{"@type":"WebPage","@id":"https:\/\/inclusivenews.com.br\/?p=24374","url":"https:\/\/inclusivenews.com.br\/?p=24374","name":"Educa\u00e7\u00e3o inclusiva: um desafio ou um tabu? -","isPartOf":{"@id":"https:\/\/inclusivenews.com.br\/#website"},"primaryImageOfPage":{"@id":"https:\/\/inclusivenews.com.br\/?p=24374#primaryimage"},"image":{"@id":"https:\/\/inclusivenews.com.br\/?p=24374#primaryimage"},"thumbnailUrl":"http:\/\/www.avante.org.br\/wp-content\/uploads\/2013\/03\/entrevista-monica-540x257.jpg","datePublished":"2013-03-27T18:28:51+00:00","breadcrumb":{"@id":"https:\/\/inclusivenews.com.br\/?p=24374#breadcrumb"},"inLanguage":"pt-PT","potentialAction":[{"@type":"ReadAction","target":["https:\/\/inclusivenews.com.br\/?p=24374"]}]},{"@type":"ImageObject","inLanguage":"pt-PT","@id":"https:\/\/inclusivenews.com.br\/?p=24374#primaryimage","url":"http:\/\/www.avante.org.br\/wp-content\/uploads\/2013\/03\/entrevista-monica-540x257.jpg","contentUrl":"http:\/\/www.avante.org.br\/wp-content\/uploads\/2013\/03\/entrevista-monica-540x257.jpg"},{"@type":"BreadcrumbList","@id":"https:\/\/inclusivenews.com.br\/?p=24374#breadcrumb","itemListElement":[{"@type":"ListItem","position":1,"name":"In\u00edcio","item":"https:\/\/inclusivenews.com.br\/"},{"@type":"ListItem","position":2,"name":"Educa\u00e7\u00e3o inclusiva: um desafio ou um tabu?"}]},{"@type":"WebSite","@id":"https:\/\/inclusivenews.com.br\/#website","url":"https:\/\/inclusivenews.com.br\/","name":"Inclusive News","description":"Inclusive News","publisher":{"@id":"https:\/\/inclusivenews.com.br\/#organization"},"potentialAction":[{"@type":"SearchAction","target":{"@type":"EntryPoint","urlTemplate":"https:\/\/inclusivenews.com.br\/?s={search_term_string}"},"query-input":{"@type":"PropertyValueSpecification","valueRequired":true,"valueName":"search_term_string"}}],"inLanguage":"pt-PT"},{"@type":"Organization","@id":"https:\/\/inclusivenews.com.br\/#organization","name":"Inclusive - inclus\u00e3o e cidadania","url":"https:\/\/inclusivenews.com.br\/","logo":{"@type":"ImageObject","inLanguage":"pt-PT","@id":"https:\/\/inclusivenews.com.br\/#\/schema\/logo\/image\/","url":"https:\/\/inclusivenews.com.br\/wp-content\/uploads\/2024\/03\/@grandesite.png","contentUrl":"https:\/\/inclusivenews.com.br\/wp-content\/uploads\/2024\/03\/@grandesite.png","width":1080,"height":1080,"caption":"Inclusive - inclus\u00e3o e cidadania"},"image":{"@id":"https:\/\/inclusivenews.com.br\/#\/schema\/logo\/image\/"},"sameAs":["https:\/\/www.facebook.com\/agenciainclusive\/","https:\/\/www.instagram.com\/newsinclusive\/"]},{"@type":"Person","@id":"https:\/\/inclusivenews.com.br\/#\/schema\/person\/ae4ec7087559b8692fb33b6fffd2273b","name":"inclusivenews2024","image":{"@type":"ImageObject","inLanguage":"pt-PT","@id":"https:\/\/secure.gravatar.com\/avatar\/c5a7ef84c66fa914f55bc4f7ce26cfa275a3b9a1c5568b907bd184fb4dde7b40?s=96&d=mm&r=g","url":"https:\/\/secure.gravatar.com\/avatar\/c5a7ef84c66fa914f55bc4f7ce26cfa275a3b9a1c5568b907bd184fb4dde7b40?s=96&d=mm&r=g","contentUrl":"https:\/\/secure.gravatar.com\/avatar\/c5a7ef84c66fa914f55bc4f7ce26cfa275a3b9a1c5568b907bd184fb4dde7b40?s=96&d=mm&r=g","caption":"inclusivenews2024"},"sameAs":["https:\/\/inclusivenews.com.br"],"url":"https:\/\/inclusivenews.com.br\/?author=1"}]}},"_links":{"self":[{"href":"https:\/\/inclusivenews.com.br\/index.php?rest_route=\/wp\/v2\/posts\/24374","targetHints":{"allow":["GET"]}}],"collection":[{"href":"https:\/\/inclusivenews.com.br\/index.php?rest_route=\/wp\/v2\/posts"}],"about":[{"href":"https:\/\/inclusivenews.com.br\/index.php?rest_route=\/wp\/v2\/types\/post"}],"author":[{"embeddable":true,"href":"https:\/\/inclusivenews.com.br\/index.php?rest_route=\/wp\/v2\/users\/1"}],"replies":[{"embeddable":true,"href":"https:\/\/inclusivenews.com.br\/index.php?rest_route=%2Fwp%2Fv2%2Fcomments&post=24374"}],"version-history":[{"count":0,"href":"https:\/\/inclusivenews.com.br\/index.php?rest_route=\/wp\/v2\/posts\/24374\/revisions"}],"wp:attachment":[{"href":"https:\/\/inclusivenews.com.br\/index.php?rest_route=%2Fwp%2Fv2%2Fmedia&parent=24374"}],"wp:term":[{"taxonomy":"category","embeddable":true,"href":"https:\/\/inclusivenews.com.br\/index.php?rest_route=%2Fwp%2Fv2%2Fcategories&post=24374"},{"taxonomy":"post_tag","embeddable":true,"href":"https:\/\/inclusivenews.com.br\/index.php?rest_route=%2Fwp%2Fv2%2Ftags&post=24374"}],"curies":[{"name":"wp","href":"https:\/\/api.w.org\/{rel}","templated":true}]}}