{"id":24382,"date":"2013-03-27T15:49:59","date_gmt":"2013-03-27T18:49:59","guid":{"rendered":"http:\/\/www.inclusive.org.br\/?p=24382"},"modified":"2013-03-27T15:49:59","modified_gmt":"2013-03-27T18:49:59","slug":"invertendo-o-sinal","status":"publish","type":"post","link":"https:\/\/inclusivenews.com.br\/?p=24382","title":{"rendered":"Invertendo o sinal"},"content":{"rendered":"<p><img loading=\"lazy\" decoding=\"async\" class=\"alignleft size-medium wp-image-23628\" title=\"Cadeiras feitas de placas de tr\u00e2nsito\" src=\"http:\/\/inclusivenews.com.br\/wp-content\/uploads\/cadeiras-300x191.jpg\" alt=\"Cadeiras feitas de placas de tr\u00e2nsito\" width=\"300\" height=\"191\" \/><\/p>\n<p><em>Por Marta Gil *<\/em><\/p>\n<p>Viagens espaciais, corridas de autom\u00f3vel e at\u00e9 mesmo guerras frequentemente t\u00eam desdobramentos considerados ben\u00e9ficos para a sociedade, de novos medicamentos a pneus mais resistentes ou combust\u00edveis de maior rendimento.<\/p>\n<p>Esses \u201csubprodutos\u201d nem sempre justificam a realiza\u00e7\u00e3o dos eventos \u2013 especialmente as guerras \u2013 mas contribuem para mitigar (para usar um verbo da moda) os fant\u00e1sticos custos que demandam. Eles trazem ganhos para um n\u00famero de pessoas bem maior do que os envolvidos (ou atingidos) de forma direta.<\/p>\n<p>H\u00e1 muito me pergunto: E na \u00e1rea da defici\u00eancia, ser\u00e1 que isso tamb\u00e9m acontece? O que foi desenvolvido nessa \u00e1rea que trouxe benef\u00edcios para a coletividade? Viagens espaciais, corridas de autom\u00f3vel e at\u00e9 mesmo guerras frequentemente t\u00eam desdobramentos considerados ben\u00e9ficos para a sociedade, de novos medicamentos a pneus mais resistentes ou combust\u00edveis de maior rendimento.  Esses \u201csubprodutos\u201d nem sempre justificam a realiza\u00e7\u00e3o dos eventos \u2013 especialmente as guerras \u2013 mas contribuem para mitigar (para usar um verbo da moda) os fant\u00e1sticos custos que demandam. Eles trazem ganhos para um n\u00famero de pessoas bem maior do que os envolvidos (ou atingidos) de forma direta.  H\u00e1 muito me pergunto: E na \u00e1rea da defici\u00eancia, ser\u00e1 que isso tamb\u00e9m acontece? O que foi desenvolvido nessa \u00e1rea que trouxe benef\u00edcios para a coletividade?  N\u00e3o me ocorria nenhum exemplo marcante, at\u00e9 ler o excelente artigo \u201c<a href=\"http:\/\/saci.org.br\/index.php?modulo=akemi\u00b6metro=36855\" target=\"_blank\" rel=\"noopener\">Acessibilidade para a seguran\u00e7a de todas as pessoas<\/a>\u201d, de Izabel Maior e sua vers\u00e3o resumida, de igual excel\u00eancia, escrita por ela e Andrei Bastos, \u201c<a href=\"http:\/\/saci.org.br\/index.php?modulo=akemi\u00b6metro=36898\" target=\"_blank\" rel=\"noopener\">Mobilidade vital<\/a>\u201d. O artigo foi escrito \u2013 me atrevo a dizer \u201cinspirado\u201d pela trag\u00e9dia ocorrida na cidade de Santa Maria, RS, na madrugada do dia 27 de janeiro, quando 241 jovens perderam suas vidas de forma dram\u00e1tica e at\u00e9 ent\u00e3o inimagin\u00e1vel, num pa\u00eds onde consideramos que Deus \u00e9 brasileiro \u2013 como se isso nos eximisse de qualquer responsabilidade&#8230;<\/p>\n<p>O artigo fala do Decreto 5.296\/2004, que estabelece normas detalhadas sobre a acessibilidade, entendida em sentido amplo. Embora esteja em vigor h\u00e1 8 anos, \u00e9 pouco conhecido por arquitetos, engenheiros, seus respectivos Conselhos Profissionais, por \u00f3rg\u00e3os de fiscaliza\u00e7\u00e3o de obras, profissionais da \u00e1rea de seguran\u00e7a e preven\u00e7\u00e3o de acidentes e por cursos de forma\u00e7\u00e3o t\u00e9cnica e universit\u00e1ria.<\/p>\n<p>Suas recomenda\u00e7\u00f5es em geral n\u00e3o s\u00e3o cumpridas na constru\u00e7\u00e3o ou na reforma e nem s\u00e3o objeto de fiscaliza\u00e7\u00e3o, como recomendado.<\/p>\n<p>A ABNT \u2013 Associa\u00e7\u00e3o Brasileira de Normas T\u00e9cnicas, por sua vez, tem uma norma espec\u00edfica sobre acessibilidade, a 9050, que \u00e9 periodicamente revista, atualizada e ampliada, com a participa\u00e7\u00e3o de diversos segmentos da sociedade civil, incluindo pessoas com defici\u00eancia.<\/p>\n<p>Ou seja: o marco legal e conceitual existe, \u00e9 de qualidade, mas lamentavelmente n\u00e3o \u00e9 respeitado. No caso da boate Kiss, como Izabel Maior e Andrei Bastos sublinham, nem uma destas normas foi cumprida. O resultado \u00e9 o que sabemos.<\/p>\n<p>Se a lei tivesse sido obedecida, muito provavelmente a dimens\u00e3o da trag\u00e9dia teria sido menor \u2013 embora n\u00e3o menos triste. Como o artigo \u201cMobilidade vital\u201d sintetiza: \u201cOnde passa um cadeirante, passa qualquer um\u201d.<\/p>\n<p>Se a lei tivesse sido obedecida, haveria sinaliza\u00e7\u00e3o de diversas formas, passagens largas e desimpedidas \u2013 at\u00e9 porque para a aprova\u00e7\u00e3o ou licenciamento ou emiss\u00e3o de certificado de conclus\u00e3o de projeto arquitet\u00f4nico ou urban\u00edstico dever\u00e1 ser atestado o atendimento \u00e0s regras de acessibilidade previstas nas normas t\u00e9cnicas de acessibilidade da ABNT, na legisla\u00e7\u00e3o espec\u00edfica e neste Decreto (cap\u00edtulo IV, Se\u00e7\u00e3o 1, art. 11, \u00a7 2.o..<\/p>\n<p>Em minha opini\u00e3o, esse conjunto de normas e procedimentos, com base legal, que garantem acessibilidade e seguran\u00e7a PARA TODOS \u00e9 uma significativa contribui\u00e7\u00e3o do segmento das pessoas com defici\u00eancia para a sociedade.<\/p>\n<p>Construir esse corpo conceitual e jur\u00eddico levou tempo, suor e l\u00e1grimas. Ele veio do enfrentamento di\u00e1rio dos 1001 obst\u00e1culos que pessoas com todos os tipos de defici\u00eancia enfrentaram (e ainda enfrentam). Representa a somat\u00f3ria de in\u00fameros esbarr\u00f5es em galhos de \u00e1rvore, orelh\u00f5es, equipamentos urbanos colocados aleatoriamente e sem sinaliza\u00e7\u00e3o de alerta, tombos e atropelamentos, porque cal\u00e7adas nem sempre podem ser utilizadas por cadeirantes. Isso sem esquecer o transporte p\u00fablico que n\u00e3o \u00e9 exatamente \u201cp\u00fablico\u201d porque n\u00e3o atende a todos, a aus\u00eancia de infraestrutura acess\u00edvel em aeroportos, cais, esta\u00e7\u00f5es rodovi\u00e1rias e por a\u00ed vai.<\/p>\n<p>Depois de compilar essas viv\u00eancias e orden\u00e1-las sob forma de projetos de leis, de decretos, Normas T\u00e9cnicas a batalha seguinte foi lev\u00e1-las ao Poder Legislativo e convenc\u00ea-los da necessidade de irem a vota\u00e7\u00e3o.<\/p>\n<p>Ganho o segundo round, com a aprova\u00e7\u00e3o de leis e decretos, contamos com o important\u00edssimo refor\u00e7o da CDPD \u2013 Conven\u00e7\u00e3o sobre os Direitos das Pessoas com Defici\u00eancia, ratificada (2008) e promulgada (2009) pelo Brasil com a equival\u00eancia e for\u00e7a de artigo constitucional.<\/p>\n<p>Agora \u00e9 hora de divulgar intensamente estas ferramentas, at\u00e9 mesmo para honrar a mem\u00f3ria dos jovens que perderam sua vida em Santa Maria, para que nunca mais nada semelhante aconte\u00e7a, nem aqui e nem em outro pa\u00eds. J\u00e1 temos \u201cr\u00e9gua e compasso\u201d, como diz a can\u00e7\u00e3o.<\/p>\n<p>E a invers\u00e3o do sinal, l\u00e1 do t\u00edtulo?<\/p>\n<p>Bem, durante s\u00e9culos a sociedade se acostumou a ver as pessoas com defici\u00eancia como seres dignos de piedade, que precisavam ser cuidados, por toda a sua vida. Quantos bingos, jantares beneficentes, rifas foram feitos em seu benef\u00edcio&#8230; e com a melhor das inten\u00e7\u00f5es, sem d\u00favida nenhuma. As pessoas com defici\u00eancia, vistas como fr\u00e1geis, incapazes, desamparadas, demandavam aten\u00e7\u00e3o e recursos ininterruptamente.<\/p>\n<p>A partir da d\u00e9cada de 90 do s\u00e9culo 20 essa concep\u00e7\u00e3o passa por uma mudan\u00e7a radical, com o paradigma da Inclus\u00e3o, que traz os conceitos de Cidadania, Acessibilidade, Vida Independente. Recursos de Tecnologia Assistiva possibilitam sua participa\u00e7\u00e3o na escola, no trabalho, na vida social. Pessoas com defici\u00eancia come\u00e7am a ser vistas no dia-a-dia.<\/p>\n<p>A Conven\u00e7\u00e3o insere o tema da Defici\u00eancia no patamar dos Direitos Humanos, apontando a dire\u00e7\u00e3o a seguir e garantindo conquistas. O tempo do assistencialismo \u2013 que foi importante para garantir sua sobreviv\u00eancia \u2013 come\u00e7a a ficar para tr\u00e1s.<\/p>\n<p>De incapazes, as pessoas com defici\u00eancia passam a ocupar seu espa\u00e7o de indiv\u00edduos com direitos \u2013 e que t\u00eam muitas e muitas contribui\u00e7\u00f5es a trazer para a sociedade, como o conceito de Acessibilidade e seu corol\u00e1rio, o Desenho Universal:<\/p>\n<p>Uma forma de conceber produtos, meios de comunica\u00e7\u00e3o e ambientes para serem utilizados por todas as pessoas, o maior tempo poss\u00edvel, sem a necessidade de adapta\u00e7\u00e3o, beneficiando pessoas de todas as idades e capacidades<\/p>\n<p>Depois de s\u00e9culos, o sinal finalmente come\u00e7a a ser invertido: de quem s\u00f3 \u201ctinha a receber e humildemente agradecer\u201d para quem tem o que aportar, ombro a ombro com os demais, para a constru\u00e7\u00e3o de uma sociedade solid\u00e1ria, com seguran\u00e7a e dignidade para todos.<\/p>\n<p>* <em>Consultora na \u00e1rea da Inclus\u00e3o de Pessoas com Defici\u00eancia, soci\u00f3loga, Coordenadora Executiva do Amankay Instituto de Estudos e Pesquisas, Fellow da Ashoka Empreendedores Sociais, colaboradora do Planeta Educa\u00e7\u00e3o e colunista da Revista Rea\u00e7\u00e3o.<\/em> <em>Autora do livro \u201cCaminhos da Inclus\u00e3o \u2013 a trajet\u00f3ria da forma\u00e7\u00e3o profissional de pessoas com defici\u00eancia no SENAI-SP\u201d (Editora SENAI, 2012), organizou livros; tem artigos publicados; participa de eventos no Brasil e no exterior. \u00c1reas de compet\u00eancia: Inclus\u00e3o na Educa\u00e7\u00e3o e no Trabalho.<\/em><\/p>\n","protected":false},"excerpt":{"rendered":"<p>Artigo \u00e9 de Marta Gil &#8211; &#8220;Depois de s\u00e9culos, o sinal finalmente come\u00e7a a ser invertido: de quem s\u00f3 \u201ctinha a receber e humildemente agradecer\u201d para quem tem o que aportar, ombro a ombro com os demais, para a constru\u00e7\u00e3o de uma sociedade solid\u00e1ria, com seguran\u00e7a e dignidade para todos.&#8221;<\/p>\n","protected":false},"author":1,"featured_media":0,"comment_status":"open","ping_status":"open","sticky":false,"template":"","format":"standard","meta":{"site-container-style":"default","site-container-layout":"default","site-sidebar-layout":"default","disable-article-header":"default","disable-site-header":"default","disable-site-footer":"default","disable-content-area-spacing":"default","footnotes":""},"categories":[44,48,8],"tags":[],"class_list":["post-24382","post","type-post","status-publish","format-standard","hentry","category-acessibilidade","category-inclusao","category-textos-e-artigos"],"yoast_head":"<!-- This site is optimized with the Yoast SEO plugin v27.4 - https:\/\/yoast.com\/product\/yoast-seo-wordpress\/ -->\n<title>Invertendo o sinal -<\/title>\n<meta name=\"robots\" content=\"index, follow, max-snippet:-1, max-image-preview:large, max-video-preview:-1\" \/>\n<link rel=\"canonical\" href=\"https:\/\/inclusivenews.com.br\/?p=24382\" \/>\n<meta property=\"og:locale\" content=\"pt_PT\" \/>\n<meta property=\"og:type\" content=\"article\" \/>\n<meta property=\"og:title\" content=\"Invertendo o sinal -\" \/>\n<meta property=\"og:description\" content=\"Artigo \u00e9 de Marta Gil - &quot;Depois de s\u00e9culos, o sinal finalmente come\u00e7a a ser invertido: de quem s\u00f3 \u201ctinha a receber e humildemente agradecer\u201d para quem tem o que aportar, ombro a ombro com os demais, para a constru\u00e7\u00e3o de uma sociedade solid\u00e1ria, com seguran\u00e7a e dignidade para todos.&quot;\" \/>\n<meta property=\"og:url\" content=\"https:\/\/inclusivenews.com.br\/?p=24382\" \/>\n<meta property=\"article:publisher\" content=\"https:\/\/www.facebook.com\/agenciainclusive\/\" \/>\n<meta property=\"article:published_time\" content=\"2013-03-27T18:49:59+00:00\" \/>\n<meta property=\"og:image\" content=\"http:\/\/inclusivenews.com.br\/wp-content\/uploads\/cadeiras-300x191.jpg\" \/>\n<meta name=\"author\" content=\"inclusivenews2024\" \/>\n<meta name=\"twitter:card\" content=\"summary_large_image\" \/>\n<meta name=\"twitter:label1\" content=\"Escrito por\" \/>\n\t<meta name=\"twitter:data1\" content=\"inclusivenews2024\" \/>\n\t<meta name=\"twitter:label2\" content=\"Tempo estimado de leitura\" \/>\n\t<meta name=\"twitter:data2\" content=\"6 minutos\" \/>\n<script type=\"application\/ld+json\" class=\"yoast-schema-graph\">{\"@context\":\"https:\\\/\\\/schema.org\",\"@graph\":[{\"@type\":\"Article\",\"@id\":\"https:\\\/\\\/inclusivenews.com.br\\\/?p=24382#article\",\"isPartOf\":{\"@id\":\"https:\\\/\\\/inclusivenews.com.br\\\/?p=24382\"},\"author\":{\"name\":\"inclusivenews2024\",\"@id\":\"https:\\\/\\\/inclusivenews.com.br\\\/#\\\/schema\\\/person\\\/ae4ec7087559b8692fb33b6fffd2273b\"},\"headline\":\"Invertendo o sinal\",\"datePublished\":\"2013-03-27T18:49:59+00:00\",\"mainEntityOfPage\":{\"@id\":\"https:\\\/\\\/inclusivenews.com.br\\\/?p=24382\"},\"wordCount\":1273,\"commentCount\":1,\"publisher\":{\"@id\":\"https:\\\/\\\/inclusivenews.com.br\\\/#organization\"},\"image\":{\"@id\":\"https:\\\/\\\/inclusivenews.com.br\\\/?p=24382#primaryimage\"},\"thumbnailUrl\":\"http:\\\/\\\/inclusivenews.com.br\\\/wp-content\\\/uploads\\\/cadeiras-300x191.jpg\",\"articleSection\":[\"ACESSIBILIDADE\",\"INCLUS\u00c3O SOCIAL\",\"OPINI\u00c3O\"],\"inLanguage\":\"pt-PT\",\"potentialAction\":[{\"@type\":\"CommentAction\",\"name\":\"Comment\",\"target\":[\"https:\\\/\\\/inclusivenews.com.br\\\/?p=24382#respond\"]}]},{\"@type\":\"WebPage\",\"@id\":\"https:\\\/\\\/inclusivenews.com.br\\\/?p=24382\",\"url\":\"https:\\\/\\\/inclusivenews.com.br\\\/?p=24382\",\"name\":\"Invertendo o sinal -\",\"isPartOf\":{\"@id\":\"https:\\\/\\\/inclusivenews.com.br\\\/#website\"},\"primaryImageOfPage\":{\"@id\":\"https:\\\/\\\/inclusivenews.com.br\\\/?p=24382#primaryimage\"},\"image\":{\"@id\":\"https:\\\/\\\/inclusivenews.com.br\\\/?p=24382#primaryimage\"},\"thumbnailUrl\":\"http:\\\/\\\/inclusivenews.com.br\\\/wp-content\\\/uploads\\\/cadeiras-300x191.jpg\",\"datePublished\":\"2013-03-27T18:49:59+00:00\",\"breadcrumb\":{\"@id\":\"https:\\\/\\\/inclusivenews.com.br\\\/?p=24382#breadcrumb\"},\"inLanguage\":\"pt-PT\",\"potentialAction\":[{\"@type\":\"ReadAction\",\"target\":[\"https:\\\/\\\/inclusivenews.com.br\\\/?p=24382\"]}]},{\"@type\":\"ImageObject\",\"inLanguage\":\"pt-PT\",\"@id\":\"https:\\\/\\\/inclusivenews.com.br\\\/?p=24382#primaryimage\",\"url\":\"\",\"contentUrl\":\"\"},{\"@type\":\"BreadcrumbList\",\"@id\":\"https:\\\/\\\/inclusivenews.com.br\\\/?p=24382#breadcrumb\",\"itemListElement\":[{\"@type\":\"ListItem\",\"position\":1,\"name\":\"In\u00edcio\",\"item\":\"https:\\\/\\\/inclusivenews.com.br\\\/\"},{\"@type\":\"ListItem\",\"position\":2,\"name\":\"Invertendo o sinal\"}]},{\"@type\":\"WebSite\",\"@id\":\"https:\\\/\\\/inclusivenews.com.br\\\/#website\",\"url\":\"https:\\\/\\\/inclusivenews.com.br\\\/\",\"name\":\"Inclusive News\",\"description\":\"Inclusive News\",\"publisher\":{\"@id\":\"https:\\\/\\\/inclusivenews.com.br\\\/#organization\"},\"potentialAction\":[{\"@type\":\"SearchAction\",\"target\":{\"@type\":\"EntryPoint\",\"urlTemplate\":\"https:\\\/\\\/inclusivenews.com.br\\\/?s={search_term_string}\"},\"query-input\":{\"@type\":\"PropertyValueSpecification\",\"valueRequired\":true,\"valueName\":\"search_term_string\"}}],\"inLanguage\":\"pt-PT\"},{\"@type\":\"Organization\",\"@id\":\"https:\\\/\\\/inclusivenews.com.br\\\/#organization\",\"name\":\"Inclusive - inclus\u00e3o e cidadania\",\"url\":\"https:\\\/\\\/inclusivenews.com.br\\\/\",\"logo\":{\"@type\":\"ImageObject\",\"inLanguage\":\"pt-PT\",\"@id\":\"https:\\\/\\\/inclusivenews.com.br\\\/#\\\/schema\\\/logo\\\/image\\\/\",\"url\":\"https:\\\/\\\/inclusivenews.com.br\\\/wp-content\\\/uploads\\\/2024\\\/03\\\/@grandesite.png\",\"contentUrl\":\"https:\\\/\\\/inclusivenews.com.br\\\/wp-content\\\/uploads\\\/2024\\\/03\\\/@grandesite.png\",\"width\":1080,\"height\":1080,\"caption\":\"Inclusive - inclus\u00e3o e cidadania\"},\"image\":{\"@id\":\"https:\\\/\\\/inclusivenews.com.br\\\/#\\\/schema\\\/logo\\\/image\\\/\"},\"sameAs\":[\"https:\\\/\\\/www.facebook.com\\\/agenciainclusive\\\/\",\"https:\\\/\\\/www.instagram.com\\\/newsinclusive\\\/\"]},{\"@type\":\"Person\",\"@id\":\"https:\\\/\\\/inclusivenews.com.br\\\/#\\\/schema\\\/person\\\/ae4ec7087559b8692fb33b6fffd2273b\",\"name\":\"inclusivenews2024\",\"image\":{\"@type\":\"ImageObject\",\"inLanguage\":\"pt-PT\",\"@id\":\"https:\\\/\\\/secure.gravatar.com\\\/avatar\\\/c5a7ef84c66fa914f55bc4f7ce26cfa275a3b9a1c5568b907bd184fb4dde7b40?s=96&d=mm&r=g\",\"url\":\"https:\\\/\\\/secure.gravatar.com\\\/avatar\\\/c5a7ef84c66fa914f55bc4f7ce26cfa275a3b9a1c5568b907bd184fb4dde7b40?s=96&d=mm&r=g\",\"contentUrl\":\"https:\\\/\\\/secure.gravatar.com\\\/avatar\\\/c5a7ef84c66fa914f55bc4f7ce26cfa275a3b9a1c5568b907bd184fb4dde7b40?s=96&d=mm&r=g\",\"caption\":\"inclusivenews2024\"},\"sameAs\":[\"https:\\\/\\\/inclusivenews.com.br\"],\"url\":\"https:\\\/\\\/inclusivenews.com.br\\\/?author=1\"}]}<\/script>\n<!-- \/ Yoast SEO plugin. -->","yoast_head_json":{"title":"Invertendo o sinal -","robots":{"index":"index","follow":"follow","max-snippet":"max-snippet:-1","max-image-preview":"max-image-preview:large","max-video-preview":"max-video-preview:-1"},"canonical":"https:\/\/inclusivenews.com.br\/?p=24382","og_locale":"pt_PT","og_type":"article","og_title":"Invertendo o sinal -","og_description":"Artigo \u00e9 de Marta Gil - \"Depois de s\u00e9culos, o sinal finalmente come\u00e7a a ser invertido: de quem s\u00f3 \u201ctinha a receber e humildemente agradecer\u201d para quem tem o que aportar, ombro a ombro com os demais, para a constru\u00e7\u00e3o de uma sociedade solid\u00e1ria, com seguran\u00e7a e dignidade para todos.\"","og_url":"https:\/\/inclusivenews.com.br\/?p=24382","article_publisher":"https:\/\/www.facebook.com\/agenciainclusive\/","article_published_time":"2013-03-27T18:49:59+00:00","og_image":[{"url":"http:\/\/inclusivenews.com.br\/wp-content\/uploads\/cadeiras-300x191.jpg","type":"","width":"","height":""}],"author":"inclusivenews2024","twitter_card":"summary_large_image","twitter_misc":{"Escrito por":"inclusivenews2024","Tempo estimado de leitura":"6 minutos"},"schema":{"@context":"https:\/\/schema.org","@graph":[{"@type":"Article","@id":"https:\/\/inclusivenews.com.br\/?p=24382#article","isPartOf":{"@id":"https:\/\/inclusivenews.com.br\/?p=24382"},"author":{"name":"inclusivenews2024","@id":"https:\/\/inclusivenews.com.br\/#\/schema\/person\/ae4ec7087559b8692fb33b6fffd2273b"},"headline":"Invertendo o sinal","datePublished":"2013-03-27T18:49:59+00:00","mainEntityOfPage":{"@id":"https:\/\/inclusivenews.com.br\/?p=24382"},"wordCount":1273,"commentCount":1,"publisher":{"@id":"https:\/\/inclusivenews.com.br\/#organization"},"image":{"@id":"https:\/\/inclusivenews.com.br\/?p=24382#primaryimage"},"thumbnailUrl":"http:\/\/inclusivenews.com.br\/wp-content\/uploads\/cadeiras-300x191.jpg","articleSection":["ACESSIBILIDADE","INCLUS\u00c3O SOCIAL","OPINI\u00c3O"],"inLanguage":"pt-PT","potentialAction":[{"@type":"CommentAction","name":"Comment","target":["https:\/\/inclusivenews.com.br\/?p=24382#respond"]}]},{"@type":"WebPage","@id":"https:\/\/inclusivenews.com.br\/?p=24382","url":"https:\/\/inclusivenews.com.br\/?p=24382","name":"Invertendo o sinal -","isPartOf":{"@id":"https:\/\/inclusivenews.com.br\/#website"},"primaryImageOfPage":{"@id":"https:\/\/inclusivenews.com.br\/?p=24382#primaryimage"},"image":{"@id":"https:\/\/inclusivenews.com.br\/?p=24382#primaryimage"},"thumbnailUrl":"http:\/\/inclusivenews.com.br\/wp-content\/uploads\/cadeiras-300x191.jpg","datePublished":"2013-03-27T18:49:59+00:00","breadcrumb":{"@id":"https:\/\/inclusivenews.com.br\/?p=24382#breadcrumb"},"inLanguage":"pt-PT","potentialAction":[{"@type":"ReadAction","target":["https:\/\/inclusivenews.com.br\/?p=24382"]}]},{"@type":"ImageObject","inLanguage":"pt-PT","@id":"https:\/\/inclusivenews.com.br\/?p=24382#primaryimage","url":"","contentUrl":""},{"@type":"BreadcrumbList","@id":"https:\/\/inclusivenews.com.br\/?p=24382#breadcrumb","itemListElement":[{"@type":"ListItem","position":1,"name":"In\u00edcio","item":"https:\/\/inclusivenews.com.br\/"},{"@type":"ListItem","position":2,"name":"Invertendo o sinal"}]},{"@type":"WebSite","@id":"https:\/\/inclusivenews.com.br\/#website","url":"https:\/\/inclusivenews.com.br\/","name":"Inclusive News","description":"Inclusive News","publisher":{"@id":"https:\/\/inclusivenews.com.br\/#organization"},"potentialAction":[{"@type":"SearchAction","target":{"@type":"EntryPoint","urlTemplate":"https:\/\/inclusivenews.com.br\/?s={search_term_string}"},"query-input":{"@type":"PropertyValueSpecification","valueRequired":true,"valueName":"search_term_string"}}],"inLanguage":"pt-PT"},{"@type":"Organization","@id":"https:\/\/inclusivenews.com.br\/#organization","name":"Inclusive - inclus\u00e3o e cidadania","url":"https:\/\/inclusivenews.com.br\/","logo":{"@type":"ImageObject","inLanguage":"pt-PT","@id":"https:\/\/inclusivenews.com.br\/#\/schema\/logo\/image\/","url":"https:\/\/inclusivenews.com.br\/wp-content\/uploads\/2024\/03\/@grandesite.png","contentUrl":"https:\/\/inclusivenews.com.br\/wp-content\/uploads\/2024\/03\/@grandesite.png","width":1080,"height":1080,"caption":"Inclusive - inclus\u00e3o e cidadania"},"image":{"@id":"https:\/\/inclusivenews.com.br\/#\/schema\/logo\/image\/"},"sameAs":["https:\/\/www.facebook.com\/agenciainclusive\/","https:\/\/www.instagram.com\/newsinclusive\/"]},{"@type":"Person","@id":"https:\/\/inclusivenews.com.br\/#\/schema\/person\/ae4ec7087559b8692fb33b6fffd2273b","name":"inclusivenews2024","image":{"@type":"ImageObject","inLanguage":"pt-PT","@id":"https:\/\/secure.gravatar.com\/avatar\/c5a7ef84c66fa914f55bc4f7ce26cfa275a3b9a1c5568b907bd184fb4dde7b40?s=96&d=mm&r=g","url":"https:\/\/secure.gravatar.com\/avatar\/c5a7ef84c66fa914f55bc4f7ce26cfa275a3b9a1c5568b907bd184fb4dde7b40?s=96&d=mm&r=g","contentUrl":"https:\/\/secure.gravatar.com\/avatar\/c5a7ef84c66fa914f55bc4f7ce26cfa275a3b9a1c5568b907bd184fb4dde7b40?s=96&d=mm&r=g","caption":"inclusivenews2024"},"sameAs":["https:\/\/inclusivenews.com.br"],"url":"https:\/\/inclusivenews.com.br\/?author=1"}]}},"_links":{"self":[{"href":"https:\/\/inclusivenews.com.br\/index.php?rest_route=\/wp\/v2\/posts\/24382","targetHints":{"allow":["GET"]}}],"collection":[{"href":"https:\/\/inclusivenews.com.br\/index.php?rest_route=\/wp\/v2\/posts"}],"about":[{"href":"https:\/\/inclusivenews.com.br\/index.php?rest_route=\/wp\/v2\/types\/post"}],"author":[{"embeddable":true,"href":"https:\/\/inclusivenews.com.br\/index.php?rest_route=\/wp\/v2\/users\/1"}],"replies":[{"embeddable":true,"href":"https:\/\/inclusivenews.com.br\/index.php?rest_route=%2Fwp%2Fv2%2Fcomments&post=24382"}],"version-history":[{"count":0,"href":"https:\/\/inclusivenews.com.br\/index.php?rest_route=\/wp\/v2\/posts\/24382\/revisions"}],"wp:attachment":[{"href":"https:\/\/inclusivenews.com.br\/index.php?rest_route=%2Fwp%2Fv2%2Fmedia&parent=24382"}],"wp:term":[{"taxonomy":"category","embeddable":true,"href":"https:\/\/inclusivenews.com.br\/index.php?rest_route=%2Fwp%2Fv2%2Fcategories&post=24382"},{"taxonomy":"post_tag","embeddable":true,"href":"https:\/\/inclusivenews.com.br\/index.php?rest_route=%2Fwp%2Fv2%2Ftags&post=24382"}],"curies":[{"name":"wp","href":"https:\/\/api.w.org\/{rel}","templated":true}]}}