{"id":24443,"date":"2013-04-22T10:07:48","date_gmt":"2013-04-22T13:07:48","guid":{"rendered":"http:\/\/www.inclusive.org.br\/?p=24443"},"modified":"2013-04-22T10:07:48","modified_gmt":"2013-04-22T13:07:48","slug":"lancamento-do-livro-acessibilidade-a-museus-244-no-rio","status":"publish","type":"post","link":"https:\/\/inclusivenews.com.br\/?p=24443","title":{"rendered":"Lan\u00e7amento do livro Acessibilidade a Museus, 24\/4, no Rio"},"content":{"rendered":"<div id=\"yui_3_7_2_1_1366635200379_15022\">\n<p id=\"yui_3_7_2_1_1366635200379_15026\"><span style=\"font-size: 13px; line-height: 19px;\"><img loading=\"lazy\" decoding=\"async\" class=\"alignleft size-medium wp-image-24444\" title=\"museu\" src=\"http:\/\/inclusivenews.com.br\/wp-content\/uploads\/museu-214x300.jpg\" alt=\"Sob fundo azul, imagem do livro Acessibilidade em Museus e dados sobre o lan\u00e7amento.\" width=\"214\" height=\"300\" \/><\/span><span style=\"font-family: verdana, sans-serif; font-size: 13px; line-height: 19px;\">No pr\u00f3ximo dia 24 de abril, as 16h, no audit\u00f3rio do Museu Hist\u00f3rico Nacional, Pra\u00e7a Marechal \u00c2ncora, no Rio de Janeiro (RJ), ser\u00e1 lan\u00e7ado oficialmente, o livro<\/span><em> Acessibilidade a Museus<\/em><span style=\"font-family: verdana, sans-serif; font-size: 13px; line-height: 19px;\">, com a presen\u00e7a das autoras Regina Cohen, Cristiane Duarte e Alice Brasileiro.\u00a0\u00a0O livro, uma publica\u00e7\u00e3o do Ibram, \u00e9 o segundo volume da Cole\u00e7\u00e3o Cadernos Museol\u00f3gicos, que trata do tema da acessibilidade aos museus. O caderno procura orientar os profissionais dos museus brasileiros sobre a necessidade de adapta\u00e7\u00e3o dos espa\u00e7os dos museus no sentido de torn\u00e1-los acess\u00edveis \u00e0s pessoas com defici\u00eancia.\u00a0\u00a0As autoras s\u00e3o arquitetas, professoras da UFRJ e pesquisadoras do N\u00facleo de Pesquisa, Ensino e Projeto Sobre Acessibilidade e Desenho Universal (N\u00facleo Pr\u00f3-Acesso da Universidade Federal do Rio de Janeiro).<\/span><\/p>\n<p id=\"yui_3_7_2_1_1366635200379_15035\"><span style=\"font-family: verdana, sans-serif; color: #000000;\">A tiragem da obra se destina a ser enviada para todos os museus brasileiros para ser utilizada como refer\u00eancia para o tratamento da quest\u00e3o.<\/span><\/p>\n<p id=\"yui_3_7_2_1_1366635200379_15038\"><span style=\"color: #000000;\"><span style=\"font-family: verdana, sans-serif;\">No lan\u00e7amento, as autoras far\u00e3o uma pequena exposi\u00e7\u00e3o sobre o tema e em seguida autografar\u00e3o 100 exemplares que ser\u00e3o distribu\u00eddos gratuitamente para os presentes.<br \/>\n<\/span><\/span><\/p>\n<div id=\"yui_3_7_2_1_1366635200379_15040\"><span style=\"font-family: verdana, sans-serif; color: #000000;\">Regina Cohen, Cristiane Rose Duarte, Alice Brasileiro<\/span><\/div>\n<div id=\"yui_3_7_2_1_1366635200379_15041\"><strong><span style=\"font-family: verdana, sans-serif; color: #000000;\">N\u00facleo Pr\u00f3-Acesso UFRJ<\/span><\/strong><\/div>\n<div id=\"yui_3_7_2_1_1366635200379_15042\"><span style=\"font-family: verdana, sans-serif; color: #000000;\">PROARQ\/FAU\/UFRJ<\/span><\/div>\n<\/div>\n<div id=\"yui_3_7_2_1_1366635200379_15043\"><span style=\"font-family: verdana, sans-serif; color: #0066cc;\"><a rel=\"nofollow noopener\" href=\"http:\/\/www.proacesso.fau.ufrj.br\/\" target=\"_blank\">www.proacesso.fau.ufrj.br<\/a><\/span><\/div>\n","protected":false},"excerpt":{"rendered":"<p>A autoria \u00e9 de Regina Cohen, Cristiane Rose Duarte e Alice Brasileiro e o lan\u00e7amento ser\u00e1 \u00e0s 16h no Museu Hist\u00f3rico Nacional do Rio de Janeiro.<\/p>\n","protected":false},"author":1,"featured_media":0,"comment_status":"open","ping_status":"open","sticky":false,"template":"","format":"standard","meta":{"site-container-style":"default","site-container-layout":"default","site-sidebar-layout":"default","disable-article-header":"default","disable-site-header":"default","disable-site-footer":"default","disable-content-area-spacing":"default","footnotes":""},"categories":[44,29,38,48,50,51,4],"tags":[],"class_list":["post-24443","post","type-post","status-publish","format-standard","hentry","category-acessibilidade","category-cultura","category-deficiencia","category-inclusao","category-lancamentos","category-livros","category-noticias"],"yoast_head":"<!-- This site is optimized with the Yoast SEO plugin v27.4 - https:\/\/yoast.com\/product\/yoast-seo-wordpress\/ -->\n<title>Lan\u00e7amento do livro Acessibilidade a Museus, 24\/4, no Rio -<\/title>\n<meta name=\"robots\" content=\"index, follow, max-snippet:-1, max-image-preview:large, max-video-preview:-1\" \/>\n<link rel=\"canonical\" href=\"https:\/\/inclusivenews.com.br\/?p=24443\" \/>\n<meta property=\"og:locale\" content=\"pt_PT\" \/>\n<meta property=\"og:type\" content=\"article\" \/>\n<meta property=\"og:title\" content=\"Lan\u00e7amento do livro Acessibilidade a Museus, 24\/4, no Rio -\" \/>\n<meta property=\"og:description\" content=\"A autoria \u00e9 de Regina Cohen, Cristiane Rose Duarte e Alice Brasileiro e o lan\u00e7amento ser\u00e1 \u00e0s 16h no Museu Hist\u00f3rico Nacional do Rio de Janeiro.\" \/>\n<meta property=\"og:url\" content=\"https:\/\/inclusivenews.com.br\/?p=24443\" \/>\n<meta property=\"article:publisher\" content=\"https:\/\/www.facebook.com\/agenciainclusive\/\" \/>\n<meta property=\"article:published_time\" content=\"2013-04-22T13:07:48+00:00\" \/>\n<meta property=\"og:image\" content=\"http:\/\/inclusivenews.com.br\/wp-content\/uploads\/museu-214x300.jpg\" \/>\n<meta name=\"author\" content=\"inclusivenews2024\" \/>\n<meta name=\"twitter:card\" content=\"summary_large_image\" \/>\n<meta name=\"twitter:label1\" content=\"Escrito por\" \/>\n\t<meta name=\"twitter:data1\" content=\"inclusivenews2024\" \/>\n\t<meta name=\"twitter:label2\" content=\"Tempo estimado de leitura\" \/>\n\t<meta name=\"twitter:data2\" content=\"1 minuto\" \/>\n<script type=\"application\/ld+json\" class=\"yoast-schema-graph\">{\"@context\":\"https:\\\/\\\/schema.org\",\"@graph\":[{\"@type\":\"Article\",\"@id\":\"https:\\\/\\\/inclusivenews.com.br\\\/?p=24443#article\",\"isPartOf\":{\"@id\":\"https:\\\/\\\/inclusivenews.com.br\\\/?p=24443\"},\"author\":{\"name\":\"inclusivenews2024\",\"@id\":\"https:\\\/\\\/inclusivenews.com.br\\\/#\\\/schema\\\/person\\\/ae4ec7087559b8692fb33b6fffd2273b\"},\"headline\":\"Lan\u00e7amento do livro Acessibilidade a Museus, 24\\\/4, no Rio\",\"datePublished\":\"2013-04-22T13:07:48+00:00\",\"mainEntityOfPage\":{\"@id\":\"https:\\\/\\\/inclusivenews.com.br\\\/?p=24443\"},\"wordCount\":221,\"commentCount\":1,\"publisher\":{\"@id\":\"https:\\\/\\\/inclusivenews.com.br\\\/#organization\"},\"image\":{\"@id\":\"https:\\\/\\\/inclusivenews.com.br\\\/?p=24443#primaryimage\"},\"thumbnailUrl\":\"http:\\\/\\\/inclusivenews.com.br\\\/wp-content\\\/uploads\\\/museu-214x300.jpg\",\"articleSection\":[\"ACESSIBILIDADE\",\"Cultura\",\"Defici\u00eancia\",\"INCLUS\u00c3O SOCIAL\",\"Lan\u00e7amentos\",\"Livros\",\"NOT\u00cdCIAS\"],\"inLanguage\":\"pt-PT\",\"potentialAction\":[{\"@type\":\"CommentAction\",\"name\":\"Comment\",\"target\":[\"https:\\\/\\\/inclusivenews.com.br\\\/?p=24443#respond\"]}]},{\"@type\":\"WebPage\",\"@id\":\"https:\\\/\\\/inclusivenews.com.br\\\/?p=24443\",\"url\":\"https:\\\/\\\/inclusivenews.com.br\\\/?p=24443\",\"name\":\"Lan\u00e7amento do livro Acessibilidade a Museus, 24\\\/4, no Rio -\",\"isPartOf\":{\"@id\":\"https:\\\/\\\/inclusivenews.com.br\\\/#website\"},\"primaryImageOfPage\":{\"@id\":\"https:\\\/\\\/inclusivenews.com.br\\\/?p=24443#primaryimage\"},\"image\":{\"@id\":\"https:\\\/\\\/inclusivenews.com.br\\\/?p=24443#primaryimage\"},\"thumbnailUrl\":\"http:\\\/\\\/inclusivenews.com.br\\\/wp-content\\\/uploads\\\/museu-214x300.jpg\",\"datePublished\":\"2013-04-22T13:07:48+00:00\",\"breadcrumb\":{\"@id\":\"https:\\\/\\\/inclusivenews.com.br\\\/?p=24443#breadcrumb\"},\"inLanguage\":\"pt-PT\",\"potentialAction\":[{\"@type\":\"ReadAction\",\"target\":[\"https:\\\/\\\/inclusivenews.com.br\\\/?p=24443\"]}]},{\"@type\":\"ImageObject\",\"inLanguage\":\"pt-PT\",\"@id\":\"https:\\\/\\\/inclusivenews.com.br\\\/?p=24443#primaryimage\",\"url\":\"\",\"contentUrl\":\"\"},{\"@type\":\"BreadcrumbList\",\"@id\":\"https:\\\/\\\/inclusivenews.com.br\\\/?p=24443#breadcrumb\",\"itemListElement\":[{\"@type\":\"ListItem\",\"position\":1,\"name\":\"In\u00edcio\",\"item\":\"https:\\\/\\\/inclusivenews.com.br\\\/\"},{\"@type\":\"ListItem\",\"position\":2,\"name\":\"Lan\u00e7amento do livro Acessibilidade a Museus, 24\\\/4, no Rio\"}]},{\"@type\":\"WebSite\",\"@id\":\"https:\\\/\\\/inclusivenews.com.br\\\/#website\",\"url\":\"https:\\\/\\\/inclusivenews.com.br\\\/\",\"name\":\"Inclusive News\",\"description\":\"Inclusive News\",\"publisher\":{\"@id\":\"https:\\\/\\\/inclusivenews.com.br\\\/#organization\"},\"potentialAction\":[{\"@type\":\"SearchAction\",\"target\":{\"@type\":\"EntryPoint\",\"urlTemplate\":\"https:\\\/\\\/inclusivenews.com.br\\\/?s={search_term_string}\"},\"query-input\":{\"@type\":\"PropertyValueSpecification\",\"valueRequired\":true,\"valueName\":\"search_term_string\"}}],\"inLanguage\":\"pt-PT\"},{\"@type\":\"Organization\",\"@id\":\"https:\\\/\\\/inclusivenews.com.br\\\/#organization\",\"name\":\"Inclusive - inclus\u00e3o e cidadania\",\"url\":\"https:\\\/\\\/inclusivenews.com.br\\\/\",\"logo\":{\"@type\":\"ImageObject\",\"inLanguage\":\"pt-PT\",\"@id\":\"https:\\\/\\\/inclusivenews.com.br\\\/#\\\/schema\\\/logo\\\/image\\\/\",\"url\":\"https:\\\/\\\/inclusivenews.com.br\\\/wp-content\\\/uploads\\\/2024\\\/03\\\/@grandesite.png\",\"contentUrl\":\"https:\\\/\\\/inclusivenews.com.br\\\/wp-content\\\/uploads\\\/2024\\\/03\\\/@grandesite.png\",\"width\":1080,\"height\":1080,\"caption\":\"Inclusive - inclus\u00e3o e cidadania\"},\"image\":{\"@id\":\"https:\\\/\\\/inclusivenews.com.br\\\/#\\\/schema\\\/logo\\\/image\\\/\"},\"sameAs\":[\"https:\\\/\\\/www.facebook.com\\\/agenciainclusive\\\/\",\"https:\\\/\\\/www.instagram.com\\\/newsinclusive\\\/\"]},{\"@type\":\"Person\",\"@id\":\"https:\\\/\\\/inclusivenews.com.br\\\/#\\\/schema\\\/person\\\/ae4ec7087559b8692fb33b6fffd2273b\",\"name\":\"inclusivenews2024\",\"image\":{\"@type\":\"ImageObject\",\"inLanguage\":\"pt-PT\",\"@id\":\"https:\\\/\\\/secure.gravatar.com\\\/avatar\\\/c5a7ef84c66fa914f55bc4f7ce26cfa275a3b9a1c5568b907bd184fb4dde7b40?s=96&d=mm&r=g\",\"url\":\"https:\\\/\\\/secure.gravatar.com\\\/avatar\\\/c5a7ef84c66fa914f55bc4f7ce26cfa275a3b9a1c5568b907bd184fb4dde7b40?s=96&d=mm&r=g\",\"contentUrl\":\"https:\\\/\\\/secure.gravatar.com\\\/avatar\\\/c5a7ef84c66fa914f55bc4f7ce26cfa275a3b9a1c5568b907bd184fb4dde7b40?s=96&d=mm&r=g\",\"caption\":\"inclusivenews2024\"},\"sameAs\":[\"https:\\\/\\\/inclusivenews.com.br\"],\"url\":\"https:\\\/\\\/inclusivenews.com.br\\\/?author=1\"}]}<\/script>\n<!-- \/ Yoast SEO plugin. -->","yoast_head_json":{"title":"Lan\u00e7amento do livro Acessibilidade a Museus, 24\/4, no Rio -","robots":{"index":"index","follow":"follow","max-snippet":"max-snippet:-1","max-image-preview":"max-image-preview:large","max-video-preview":"max-video-preview:-1"},"canonical":"https:\/\/inclusivenews.com.br\/?p=24443","og_locale":"pt_PT","og_type":"article","og_title":"Lan\u00e7amento do livro Acessibilidade a Museus, 24\/4, no Rio -","og_description":"A autoria \u00e9 de Regina Cohen, Cristiane Rose Duarte e Alice Brasileiro e o lan\u00e7amento ser\u00e1 \u00e0s 16h no Museu Hist\u00f3rico Nacional do Rio de Janeiro.","og_url":"https:\/\/inclusivenews.com.br\/?p=24443","article_publisher":"https:\/\/www.facebook.com\/agenciainclusive\/","article_published_time":"2013-04-22T13:07:48+00:00","og_image":[{"url":"http:\/\/inclusivenews.com.br\/wp-content\/uploads\/museu-214x300.jpg","type":"","width":"","height":""}],"author":"inclusivenews2024","twitter_card":"summary_large_image","twitter_misc":{"Escrito por":"inclusivenews2024","Tempo estimado de leitura":"1 minuto"},"schema":{"@context":"https:\/\/schema.org","@graph":[{"@type":"Article","@id":"https:\/\/inclusivenews.com.br\/?p=24443#article","isPartOf":{"@id":"https:\/\/inclusivenews.com.br\/?p=24443"},"author":{"name":"inclusivenews2024","@id":"https:\/\/inclusivenews.com.br\/#\/schema\/person\/ae4ec7087559b8692fb33b6fffd2273b"},"headline":"Lan\u00e7amento do livro Acessibilidade a Museus, 24\/4, no Rio","datePublished":"2013-04-22T13:07:48+00:00","mainEntityOfPage":{"@id":"https:\/\/inclusivenews.com.br\/?p=24443"},"wordCount":221,"commentCount":1,"publisher":{"@id":"https:\/\/inclusivenews.com.br\/#organization"},"image":{"@id":"https:\/\/inclusivenews.com.br\/?p=24443#primaryimage"},"thumbnailUrl":"http:\/\/inclusivenews.com.br\/wp-content\/uploads\/museu-214x300.jpg","articleSection":["ACESSIBILIDADE","Cultura","Defici\u00eancia","INCLUS\u00c3O SOCIAL","Lan\u00e7amentos","Livros","NOT\u00cdCIAS"],"inLanguage":"pt-PT","potentialAction":[{"@type":"CommentAction","name":"Comment","target":["https:\/\/inclusivenews.com.br\/?p=24443#respond"]}]},{"@type":"WebPage","@id":"https:\/\/inclusivenews.com.br\/?p=24443","url":"https:\/\/inclusivenews.com.br\/?p=24443","name":"Lan\u00e7amento do livro Acessibilidade a Museus, 24\/4, no Rio -","isPartOf":{"@id":"https:\/\/inclusivenews.com.br\/#website"},"primaryImageOfPage":{"@id":"https:\/\/inclusivenews.com.br\/?p=24443#primaryimage"},"image":{"@id":"https:\/\/inclusivenews.com.br\/?p=24443#primaryimage"},"thumbnailUrl":"http:\/\/inclusivenews.com.br\/wp-content\/uploads\/museu-214x300.jpg","datePublished":"2013-04-22T13:07:48+00:00","breadcrumb":{"@id":"https:\/\/inclusivenews.com.br\/?p=24443#breadcrumb"},"inLanguage":"pt-PT","potentialAction":[{"@type":"ReadAction","target":["https:\/\/inclusivenews.com.br\/?p=24443"]}]},{"@type":"ImageObject","inLanguage":"pt-PT","@id":"https:\/\/inclusivenews.com.br\/?p=24443#primaryimage","url":"","contentUrl":""},{"@type":"BreadcrumbList","@id":"https:\/\/inclusivenews.com.br\/?p=24443#breadcrumb","itemListElement":[{"@type":"ListItem","position":1,"name":"In\u00edcio","item":"https:\/\/inclusivenews.com.br\/"},{"@type":"ListItem","position":2,"name":"Lan\u00e7amento do livro Acessibilidade a Museus, 24\/4, no Rio"}]},{"@type":"WebSite","@id":"https:\/\/inclusivenews.com.br\/#website","url":"https:\/\/inclusivenews.com.br\/","name":"Inclusive News","description":"Inclusive News","publisher":{"@id":"https:\/\/inclusivenews.com.br\/#organization"},"potentialAction":[{"@type":"SearchAction","target":{"@type":"EntryPoint","urlTemplate":"https:\/\/inclusivenews.com.br\/?s={search_term_string}"},"query-input":{"@type":"PropertyValueSpecification","valueRequired":true,"valueName":"search_term_string"}}],"inLanguage":"pt-PT"},{"@type":"Organization","@id":"https:\/\/inclusivenews.com.br\/#organization","name":"Inclusive - inclus\u00e3o e cidadania","url":"https:\/\/inclusivenews.com.br\/","logo":{"@type":"ImageObject","inLanguage":"pt-PT","@id":"https:\/\/inclusivenews.com.br\/#\/schema\/logo\/image\/","url":"https:\/\/inclusivenews.com.br\/wp-content\/uploads\/2024\/03\/@grandesite.png","contentUrl":"https:\/\/inclusivenews.com.br\/wp-content\/uploads\/2024\/03\/@grandesite.png","width":1080,"height":1080,"caption":"Inclusive - inclus\u00e3o e cidadania"},"image":{"@id":"https:\/\/inclusivenews.com.br\/#\/schema\/logo\/image\/"},"sameAs":["https:\/\/www.facebook.com\/agenciainclusive\/","https:\/\/www.instagram.com\/newsinclusive\/"]},{"@type":"Person","@id":"https:\/\/inclusivenews.com.br\/#\/schema\/person\/ae4ec7087559b8692fb33b6fffd2273b","name":"inclusivenews2024","image":{"@type":"ImageObject","inLanguage":"pt-PT","@id":"https:\/\/secure.gravatar.com\/avatar\/c5a7ef84c66fa914f55bc4f7ce26cfa275a3b9a1c5568b907bd184fb4dde7b40?s=96&d=mm&r=g","url":"https:\/\/secure.gravatar.com\/avatar\/c5a7ef84c66fa914f55bc4f7ce26cfa275a3b9a1c5568b907bd184fb4dde7b40?s=96&d=mm&r=g","contentUrl":"https:\/\/secure.gravatar.com\/avatar\/c5a7ef84c66fa914f55bc4f7ce26cfa275a3b9a1c5568b907bd184fb4dde7b40?s=96&d=mm&r=g","caption":"inclusivenews2024"},"sameAs":["https:\/\/inclusivenews.com.br"],"url":"https:\/\/inclusivenews.com.br\/?author=1"}]}},"_links":{"self":[{"href":"https:\/\/inclusivenews.com.br\/index.php?rest_route=\/wp\/v2\/posts\/24443","targetHints":{"allow":["GET"]}}],"collection":[{"href":"https:\/\/inclusivenews.com.br\/index.php?rest_route=\/wp\/v2\/posts"}],"about":[{"href":"https:\/\/inclusivenews.com.br\/index.php?rest_route=\/wp\/v2\/types\/post"}],"author":[{"embeddable":true,"href":"https:\/\/inclusivenews.com.br\/index.php?rest_route=\/wp\/v2\/users\/1"}],"replies":[{"embeddable":true,"href":"https:\/\/inclusivenews.com.br\/index.php?rest_route=%2Fwp%2Fv2%2Fcomments&post=24443"}],"version-history":[{"count":0,"href":"https:\/\/inclusivenews.com.br\/index.php?rest_route=\/wp\/v2\/posts\/24443\/revisions"}],"wp:attachment":[{"href":"https:\/\/inclusivenews.com.br\/index.php?rest_route=%2Fwp%2Fv2%2Fmedia&parent=24443"}],"wp:term":[{"taxonomy":"category","embeddable":true,"href":"https:\/\/inclusivenews.com.br\/index.php?rest_route=%2Fwp%2Fv2%2Fcategories&post=24443"},{"taxonomy":"post_tag","embeddable":true,"href":"https:\/\/inclusivenews.com.br\/index.php?rest_route=%2Fwp%2Fv2%2Ftags&post=24443"}],"curies":[{"name":"wp","href":"https:\/\/api.w.org\/{rel}","templated":true}]}}