{"id":24501,"date":"2013-04-30T21:03:21","date_gmt":"2013-05-01T00:03:21","guid":{"rendered":"http:\/\/www.inclusive.org.br\/?p=24501"},"modified":"2013-04-30T21:03:21","modified_gmt":"2013-05-01T00:03:21","slug":"bicicleta-como-alternativa","status":"publish","type":"post","link":"https:\/\/inclusivenews.com.br\/?p=24501","title":{"rendered":"Bicicleta como alternativa"},"content":{"rendered":"<figure style=\"width: 358px\" class=\"wp-caption alignleft\"><img loading=\"lazy\" decoding=\"async\" class=\"  \" title=\"Bicicletas penduradas em uma parede\" src=\"http:\/\/inacio.com.br\/wp-content\/uploads\/2013\/04\/bicicletas.jpg\" alt=\"\" width=\"358\" height=\"240\" \/><figcaption class=\"wp-caption-text\"> <\/figcaption><\/figure>\n<p>Enquanto se constroem mais e mais rodovias no Brasil, mais cidades param, estancadas em engarrafamentos. Para discutir alternativas a este modelo rodovi\u00e1rio cuja aposta foi feita desde o s\u00e9culo passado, a jornalista Natalia Garcia e a artista pl\u00e1stica Juliana Russo percorreram, nos \u00faltimos dois anos, 12 cidades pelo mundo. Financiadas por crowdfunding (uma esp\u00e9cie de financiamento por multid\u00e3o, como alternativa aos apoios convencionais de governos e empresas), elas criaram o projeto Cidades para Pessoas, com o objetivo de registrar boas solu\u00e7\u00f5es de mobilidade urbana.<\/p>\n<p>Essa e outras hist\u00f3rias foram abordadas no programa Sala de Not\u00edcias, do Canal Futura, em um epis\u00f3dio sobre movimentos de cicloativistas espalhados pelo Brasil. O que eles querem? Apoio de pol\u00edticas p\u00fablicas para transformar a bicicleta em um meio de transporte vi\u00e1vel, e n\u00e3o apenas equipamento de lazer. Em cidades como S\u00e3o Paulo, por exemplo, h\u00e1 quem gaste mais tempo para se locomover de carro do que de bicicleta. \u201cA velocidade m\u00e9dia em S\u00e3o Paulo \u00e9 de 13 km\/h na hora do rush, para se ter uma ideia \u00e9 mais lento do que uma galinha\u201d, disse a jornalista Nat\u00e1lia Garcia ao programa. Para brincadeira, mas n\u00e3o \u00e9. E o mesmo come\u00e7a a acontecer no Rio de Janeiro e em outras capitais.<\/p>\n<p>Enquanto isso, o governo continua apostando na redu\u00e7\u00e3o do Imposto sobre Produtos Industrializados (IPI) sobre os autom\u00f3veis. Ou seja, as ruas incham e o tr\u00e1fego se torna ainda mais complicado. Por outro lado, o incentivo ao uso de meios alternativos \u00e9 muito pequeno. Faltam ciclovias, sinaliza\u00e7\u00e3o e campanhas educativas. Al\u00e9m isso, s\u00e3o poucos os projetos de intermodalidade, que combinam o uso da bicicleta com outros modais, como o trem e o \u00f4nibus. O jeito, dizem os ciclistas, \u00e9 que a sociedade v\u00e1 para as ruas, como forma de press\u00e3o aos governos. J\u00e1 deu certo em muitas cidades pelo mundo.<\/p>\n<p><object classid=\"clsid:d27cdb6e-ae6d-11cf-96b8-444553540000\" width=\"425\" height=\"350\" codebase=\"http:\/\/download.macromedia.com\/pub\/shockwave\/cabs\/flash\/swflash.cab#version=6,0,40,0\"><param name=\"src\" value=\"http:\/\/www.youtube.com\/v\/D591R6j4qCA\" \/><embed type=\"application\/x-shockwave-flash\" width=\"425\" height=\"350\" src=\"http:\/\/www.youtube.com\/v\/D591R6j4qCA\"><\/embed><\/object><\/p>\n<p>Fonte: Canal Ibase<\/p>\n","protected":false},"excerpt":{"rendered":"<p>Enquanto se constroem mais e mais rodovias no Brasil, mais cidades param, estancadas em engarrafamentos. Para discutir alternativas a este modelo rodovi\u00e1rio cuja aposta foi feita desde o s\u00e9culo passado, a jornalista Natalia Garcia e a artista pl\u00e1stica Juliana Russo percorreram, nos \u00faltimos dois anos, 12 cidades pelo mundo. <\/p>\n","protected":false},"author":1,"featured_media":0,"comment_status":"open","ping_status":"open","sticky":false,"template":"","format":"standard","meta":{"site-container-style":"default","site-container-layout":"default","site-sidebar-layout":"default","disable-article-header":"default","disable-site-header":"default","disable-site-footer":"default","disable-content-area-spacing":"default","footnotes":""},"categories":[48],"tags":[],"class_list":["post-24501","post","type-post","status-publish","format-standard","hentry","category-inclusao"],"yoast_head":"<!-- This site is optimized with the Yoast SEO plugin v27.4 - https:\/\/yoast.com\/product\/yoast-seo-wordpress\/ -->\n<title>Bicicleta como alternativa -<\/title>\n<meta name=\"robots\" content=\"index, follow, max-snippet:-1, max-image-preview:large, max-video-preview:-1\" \/>\n<link rel=\"canonical\" href=\"https:\/\/inclusivenews.com.br\/?p=24501\" \/>\n<meta property=\"og:locale\" content=\"pt_PT\" \/>\n<meta property=\"og:type\" content=\"article\" \/>\n<meta property=\"og:title\" content=\"Bicicleta como alternativa -\" \/>\n<meta property=\"og:description\" content=\"Enquanto se constroem mais e mais rodovias no Brasil, mais cidades param, estancadas em engarrafamentos. Para discutir alternativas a este modelo rodovi\u00e1rio cuja aposta foi feita desde o s\u00e9culo passado, a jornalista Natalia Garcia e a artista pl\u00e1stica Juliana Russo percorreram, nos \u00faltimos dois anos, 12 cidades pelo mundo.\" \/>\n<meta property=\"og:url\" content=\"https:\/\/inclusivenews.com.br\/?p=24501\" \/>\n<meta property=\"article:publisher\" content=\"https:\/\/www.facebook.com\/agenciainclusive\/\" \/>\n<meta property=\"article:published_time\" content=\"2013-05-01T00:03:21+00:00\" \/>\n<meta property=\"og:image\" content=\"http:\/\/inacio.com.br\/wp-content\/uploads\/2013\/04\/bicicletas.jpg\" \/>\n<meta name=\"author\" content=\"inclusivenews2024\" \/>\n<meta name=\"twitter:card\" content=\"summary_large_image\" \/>\n<meta name=\"twitter:label1\" content=\"Escrito por\" \/>\n\t<meta name=\"twitter:data1\" content=\"inclusivenews2024\" \/>\n\t<meta name=\"twitter:label2\" content=\"Tempo estimado de leitura\" \/>\n\t<meta name=\"twitter:data2\" content=\"2 minutos\" \/>\n<script type=\"application\/ld+json\" class=\"yoast-schema-graph\">{\"@context\":\"https:\\\/\\\/schema.org\",\"@graph\":[{\"@type\":\"Article\",\"@id\":\"https:\\\/\\\/inclusivenews.com.br\\\/?p=24501#article\",\"isPartOf\":{\"@id\":\"https:\\\/\\\/inclusivenews.com.br\\\/?p=24501\"},\"author\":{\"name\":\"inclusivenews2024\",\"@id\":\"https:\\\/\\\/inclusivenews.com.br\\\/#\\\/schema\\\/person\\\/ae4ec7087559b8692fb33b6fffd2273b\"},\"headline\":\"Bicicleta como alternativa\",\"datePublished\":\"2013-05-01T00:03:21+00:00\",\"mainEntityOfPage\":{\"@id\":\"https:\\\/\\\/inclusivenews.com.br\\\/?p=24501\"},\"wordCount\":337,\"commentCount\":0,\"publisher\":{\"@id\":\"https:\\\/\\\/inclusivenews.com.br\\\/#organization\"},\"image\":{\"@id\":\"https:\\\/\\\/inclusivenews.com.br\\\/?p=24501#primaryimage\"},\"thumbnailUrl\":\"http:\\\/\\\/inacio.com.br\\\/wp-content\\\/uploads\\\/2013\\\/04\\\/bicicletas.jpg\",\"articleSection\":[\"INCLUS\u00c3O SOCIAL\"],\"inLanguage\":\"pt-PT\",\"potentialAction\":[{\"@type\":\"CommentAction\",\"name\":\"Comment\",\"target\":[\"https:\\\/\\\/inclusivenews.com.br\\\/?p=24501#respond\"]}]},{\"@type\":\"WebPage\",\"@id\":\"https:\\\/\\\/inclusivenews.com.br\\\/?p=24501\",\"url\":\"https:\\\/\\\/inclusivenews.com.br\\\/?p=24501\",\"name\":\"Bicicleta como alternativa -\",\"isPartOf\":{\"@id\":\"https:\\\/\\\/inclusivenews.com.br\\\/#website\"},\"primaryImageOfPage\":{\"@id\":\"https:\\\/\\\/inclusivenews.com.br\\\/?p=24501#primaryimage\"},\"image\":{\"@id\":\"https:\\\/\\\/inclusivenews.com.br\\\/?p=24501#primaryimage\"},\"thumbnailUrl\":\"http:\\\/\\\/inacio.com.br\\\/wp-content\\\/uploads\\\/2013\\\/04\\\/bicicletas.jpg\",\"datePublished\":\"2013-05-01T00:03:21+00:00\",\"breadcrumb\":{\"@id\":\"https:\\\/\\\/inclusivenews.com.br\\\/?p=24501#breadcrumb\"},\"inLanguage\":\"pt-PT\",\"potentialAction\":[{\"@type\":\"ReadAction\",\"target\":[\"https:\\\/\\\/inclusivenews.com.br\\\/?p=24501\"]}]},{\"@type\":\"ImageObject\",\"inLanguage\":\"pt-PT\",\"@id\":\"https:\\\/\\\/inclusivenews.com.br\\\/?p=24501#primaryimage\",\"url\":\"http:\\\/\\\/inacio.com.br\\\/wp-content\\\/uploads\\\/2013\\\/04\\\/bicicletas.jpg\",\"contentUrl\":\"http:\\\/\\\/inacio.com.br\\\/wp-content\\\/uploads\\\/2013\\\/04\\\/bicicletas.jpg\"},{\"@type\":\"BreadcrumbList\",\"@id\":\"https:\\\/\\\/inclusivenews.com.br\\\/?p=24501#breadcrumb\",\"itemListElement\":[{\"@type\":\"ListItem\",\"position\":1,\"name\":\"In\u00edcio\",\"item\":\"https:\\\/\\\/inclusivenews.com.br\\\/\"},{\"@type\":\"ListItem\",\"position\":2,\"name\":\"Bicicleta como alternativa\"}]},{\"@type\":\"WebSite\",\"@id\":\"https:\\\/\\\/inclusivenews.com.br\\\/#website\",\"url\":\"https:\\\/\\\/inclusivenews.com.br\\\/\",\"name\":\"Inclusive News\",\"description\":\"Inclusive News\",\"publisher\":{\"@id\":\"https:\\\/\\\/inclusivenews.com.br\\\/#organization\"},\"potentialAction\":[{\"@type\":\"SearchAction\",\"target\":{\"@type\":\"EntryPoint\",\"urlTemplate\":\"https:\\\/\\\/inclusivenews.com.br\\\/?s={search_term_string}\"},\"query-input\":{\"@type\":\"PropertyValueSpecification\",\"valueRequired\":true,\"valueName\":\"search_term_string\"}}],\"inLanguage\":\"pt-PT\"},{\"@type\":\"Organization\",\"@id\":\"https:\\\/\\\/inclusivenews.com.br\\\/#organization\",\"name\":\"Inclusive - inclus\u00e3o e cidadania\",\"url\":\"https:\\\/\\\/inclusivenews.com.br\\\/\",\"logo\":{\"@type\":\"ImageObject\",\"inLanguage\":\"pt-PT\",\"@id\":\"https:\\\/\\\/inclusivenews.com.br\\\/#\\\/schema\\\/logo\\\/image\\\/\",\"url\":\"https:\\\/\\\/inclusivenews.com.br\\\/wp-content\\\/uploads\\\/2024\\\/03\\\/@grandesite.png\",\"contentUrl\":\"https:\\\/\\\/inclusivenews.com.br\\\/wp-content\\\/uploads\\\/2024\\\/03\\\/@grandesite.png\",\"width\":1080,\"height\":1080,\"caption\":\"Inclusive - inclus\u00e3o e cidadania\"},\"image\":{\"@id\":\"https:\\\/\\\/inclusivenews.com.br\\\/#\\\/schema\\\/logo\\\/image\\\/\"},\"sameAs\":[\"https:\\\/\\\/www.facebook.com\\\/agenciainclusive\\\/\",\"https:\\\/\\\/www.instagram.com\\\/newsinclusive\\\/\"]},{\"@type\":\"Person\",\"@id\":\"https:\\\/\\\/inclusivenews.com.br\\\/#\\\/schema\\\/person\\\/ae4ec7087559b8692fb33b6fffd2273b\",\"name\":\"inclusivenews2024\",\"image\":{\"@type\":\"ImageObject\",\"inLanguage\":\"pt-PT\",\"@id\":\"https:\\\/\\\/secure.gravatar.com\\\/avatar\\\/c5a7ef84c66fa914f55bc4f7ce26cfa275a3b9a1c5568b907bd184fb4dde7b40?s=96&d=mm&r=g\",\"url\":\"https:\\\/\\\/secure.gravatar.com\\\/avatar\\\/c5a7ef84c66fa914f55bc4f7ce26cfa275a3b9a1c5568b907bd184fb4dde7b40?s=96&d=mm&r=g\",\"contentUrl\":\"https:\\\/\\\/secure.gravatar.com\\\/avatar\\\/c5a7ef84c66fa914f55bc4f7ce26cfa275a3b9a1c5568b907bd184fb4dde7b40?s=96&d=mm&r=g\",\"caption\":\"inclusivenews2024\"},\"sameAs\":[\"https:\\\/\\\/inclusivenews.com.br\"],\"url\":\"https:\\\/\\\/inclusivenews.com.br\\\/?author=1\"}]}<\/script>\n<!-- \/ Yoast SEO plugin. -->","yoast_head_json":{"title":"Bicicleta como alternativa -","robots":{"index":"index","follow":"follow","max-snippet":"max-snippet:-1","max-image-preview":"max-image-preview:large","max-video-preview":"max-video-preview:-1"},"canonical":"https:\/\/inclusivenews.com.br\/?p=24501","og_locale":"pt_PT","og_type":"article","og_title":"Bicicleta como alternativa -","og_description":"Enquanto se constroem mais e mais rodovias no Brasil, mais cidades param, estancadas em engarrafamentos. Para discutir alternativas a este modelo rodovi\u00e1rio cuja aposta foi feita desde o s\u00e9culo passado, a jornalista Natalia Garcia e a artista pl\u00e1stica Juliana Russo percorreram, nos \u00faltimos dois anos, 12 cidades pelo mundo.","og_url":"https:\/\/inclusivenews.com.br\/?p=24501","article_publisher":"https:\/\/www.facebook.com\/agenciainclusive\/","article_published_time":"2013-05-01T00:03:21+00:00","og_image":[{"url":"http:\/\/inacio.com.br\/wp-content\/uploads\/2013\/04\/bicicletas.jpg","type":"","width":"","height":""}],"author":"inclusivenews2024","twitter_card":"summary_large_image","twitter_misc":{"Escrito por":"inclusivenews2024","Tempo estimado de leitura":"2 minutos"},"schema":{"@context":"https:\/\/schema.org","@graph":[{"@type":"Article","@id":"https:\/\/inclusivenews.com.br\/?p=24501#article","isPartOf":{"@id":"https:\/\/inclusivenews.com.br\/?p=24501"},"author":{"name":"inclusivenews2024","@id":"https:\/\/inclusivenews.com.br\/#\/schema\/person\/ae4ec7087559b8692fb33b6fffd2273b"},"headline":"Bicicleta como alternativa","datePublished":"2013-05-01T00:03:21+00:00","mainEntityOfPage":{"@id":"https:\/\/inclusivenews.com.br\/?p=24501"},"wordCount":337,"commentCount":0,"publisher":{"@id":"https:\/\/inclusivenews.com.br\/#organization"},"image":{"@id":"https:\/\/inclusivenews.com.br\/?p=24501#primaryimage"},"thumbnailUrl":"http:\/\/inacio.com.br\/wp-content\/uploads\/2013\/04\/bicicletas.jpg","articleSection":["INCLUS\u00c3O SOCIAL"],"inLanguage":"pt-PT","potentialAction":[{"@type":"CommentAction","name":"Comment","target":["https:\/\/inclusivenews.com.br\/?p=24501#respond"]}]},{"@type":"WebPage","@id":"https:\/\/inclusivenews.com.br\/?p=24501","url":"https:\/\/inclusivenews.com.br\/?p=24501","name":"Bicicleta como alternativa -","isPartOf":{"@id":"https:\/\/inclusivenews.com.br\/#website"},"primaryImageOfPage":{"@id":"https:\/\/inclusivenews.com.br\/?p=24501#primaryimage"},"image":{"@id":"https:\/\/inclusivenews.com.br\/?p=24501#primaryimage"},"thumbnailUrl":"http:\/\/inacio.com.br\/wp-content\/uploads\/2013\/04\/bicicletas.jpg","datePublished":"2013-05-01T00:03:21+00:00","breadcrumb":{"@id":"https:\/\/inclusivenews.com.br\/?p=24501#breadcrumb"},"inLanguage":"pt-PT","potentialAction":[{"@type":"ReadAction","target":["https:\/\/inclusivenews.com.br\/?p=24501"]}]},{"@type":"ImageObject","inLanguage":"pt-PT","@id":"https:\/\/inclusivenews.com.br\/?p=24501#primaryimage","url":"http:\/\/inacio.com.br\/wp-content\/uploads\/2013\/04\/bicicletas.jpg","contentUrl":"http:\/\/inacio.com.br\/wp-content\/uploads\/2013\/04\/bicicletas.jpg"},{"@type":"BreadcrumbList","@id":"https:\/\/inclusivenews.com.br\/?p=24501#breadcrumb","itemListElement":[{"@type":"ListItem","position":1,"name":"In\u00edcio","item":"https:\/\/inclusivenews.com.br\/"},{"@type":"ListItem","position":2,"name":"Bicicleta como alternativa"}]},{"@type":"WebSite","@id":"https:\/\/inclusivenews.com.br\/#website","url":"https:\/\/inclusivenews.com.br\/","name":"Inclusive News","description":"Inclusive News","publisher":{"@id":"https:\/\/inclusivenews.com.br\/#organization"},"potentialAction":[{"@type":"SearchAction","target":{"@type":"EntryPoint","urlTemplate":"https:\/\/inclusivenews.com.br\/?s={search_term_string}"},"query-input":{"@type":"PropertyValueSpecification","valueRequired":true,"valueName":"search_term_string"}}],"inLanguage":"pt-PT"},{"@type":"Organization","@id":"https:\/\/inclusivenews.com.br\/#organization","name":"Inclusive - inclus\u00e3o e cidadania","url":"https:\/\/inclusivenews.com.br\/","logo":{"@type":"ImageObject","inLanguage":"pt-PT","@id":"https:\/\/inclusivenews.com.br\/#\/schema\/logo\/image\/","url":"https:\/\/inclusivenews.com.br\/wp-content\/uploads\/2024\/03\/@grandesite.png","contentUrl":"https:\/\/inclusivenews.com.br\/wp-content\/uploads\/2024\/03\/@grandesite.png","width":1080,"height":1080,"caption":"Inclusive - inclus\u00e3o e cidadania"},"image":{"@id":"https:\/\/inclusivenews.com.br\/#\/schema\/logo\/image\/"},"sameAs":["https:\/\/www.facebook.com\/agenciainclusive\/","https:\/\/www.instagram.com\/newsinclusive\/"]},{"@type":"Person","@id":"https:\/\/inclusivenews.com.br\/#\/schema\/person\/ae4ec7087559b8692fb33b6fffd2273b","name":"inclusivenews2024","image":{"@type":"ImageObject","inLanguage":"pt-PT","@id":"https:\/\/secure.gravatar.com\/avatar\/c5a7ef84c66fa914f55bc4f7ce26cfa275a3b9a1c5568b907bd184fb4dde7b40?s=96&d=mm&r=g","url":"https:\/\/secure.gravatar.com\/avatar\/c5a7ef84c66fa914f55bc4f7ce26cfa275a3b9a1c5568b907bd184fb4dde7b40?s=96&d=mm&r=g","contentUrl":"https:\/\/secure.gravatar.com\/avatar\/c5a7ef84c66fa914f55bc4f7ce26cfa275a3b9a1c5568b907bd184fb4dde7b40?s=96&d=mm&r=g","caption":"inclusivenews2024"},"sameAs":["https:\/\/inclusivenews.com.br"],"url":"https:\/\/inclusivenews.com.br\/?author=1"}]}},"_links":{"self":[{"href":"https:\/\/inclusivenews.com.br\/index.php?rest_route=\/wp\/v2\/posts\/24501","targetHints":{"allow":["GET"]}}],"collection":[{"href":"https:\/\/inclusivenews.com.br\/index.php?rest_route=\/wp\/v2\/posts"}],"about":[{"href":"https:\/\/inclusivenews.com.br\/index.php?rest_route=\/wp\/v2\/types\/post"}],"author":[{"embeddable":true,"href":"https:\/\/inclusivenews.com.br\/index.php?rest_route=\/wp\/v2\/users\/1"}],"replies":[{"embeddable":true,"href":"https:\/\/inclusivenews.com.br\/index.php?rest_route=%2Fwp%2Fv2%2Fcomments&post=24501"}],"version-history":[{"count":0,"href":"https:\/\/inclusivenews.com.br\/index.php?rest_route=\/wp\/v2\/posts\/24501\/revisions"}],"wp:attachment":[{"href":"https:\/\/inclusivenews.com.br\/index.php?rest_route=%2Fwp%2Fv2%2Fmedia&parent=24501"}],"wp:term":[{"taxonomy":"category","embeddable":true,"href":"https:\/\/inclusivenews.com.br\/index.php?rest_route=%2Fwp%2Fv2%2Fcategories&post=24501"},{"taxonomy":"post_tag","embeddable":true,"href":"https:\/\/inclusivenews.com.br\/index.php?rest_route=%2Fwp%2Fv2%2Ftags&post=24501"}],"curies":[{"name":"wp","href":"https:\/\/api.w.org\/{rel}","templated":true}]}}