{"id":24512,"date":"2013-04-30T21:07:26","date_gmt":"2013-05-01T00:07:26","guid":{"rendered":"http:\/\/www.inclusive.org.br\/?p=24512"},"modified":"2013-04-30T21:07:26","modified_gmt":"2013-05-01T00:07:26","slug":"como-abordar-o-preconceito-com-as-criancas","status":"publish","type":"post","link":"https:\/\/inclusivenews.com.br\/?p=24512","title":{"rendered":"Como abordar o preconceito com as crian\u00e7as"},"content":{"rendered":"<p><img loading=\"lazy\" decoding=\"async\" class=\"alignleft size-medium wp-image-23257\" title=\"3 crian\u00e7as sob textura\" src=\"http:\/\/inclusivenews.com.br\/wp-content\/uploads\/fly-300x128.jpg\" alt=\"3 crian\u00e7as sob textura\" width=\"300\" height=\"128\" \/><\/p>\n<p><em>Antes de educar os filhos, pais devem rever os pr\u00f3prios valores e aproveitar situa\u00e7\u00f5es cotidianas para debater o problema<\/em><\/p>\n<p>Um garoto negro, de 6 anos de idade, \u00e9 retirado \u00e0 for\u00e7a de um restaurante de S\u00e3o Paulo ap\u00f3s ser supostamente confundido com um menino de rua . A cena descreve uma situa\u00e7\u00e3o recente, ainda sob investiga\u00e7\u00e3o, e ilustra uma realidade alarmante em um pa\u00eds em que a diversidade \u2013 social, \u00e9tnico-racial, de g\u00eaneros, territorial, entre outras \u2013 ainda n\u00e3o \u00e9 compreendida como algo positivo para a sociedade.<\/p>\n<p>Em 2009, uma pesquisa sobre preconceito e discrimina\u00e7\u00e3o foi realizada pela FIPE (Funda\u00e7\u00e3o Instituto de Pesquisas Econ\u00f4micas) em 501 escolas p\u00fablicas de 27 estados brasileiros. O estudo, que envolveu alunos, professores e pais, revelou que 99,9% dos entrevistados preferem manter dist\u00e2ncia de algum grupo social espec\u00edfico. 96,5% dos entrevistados expressaram preconceito com rela\u00e7\u00e3o a portadores de necessidades especiais, 94,2% t\u00eam preconceito \u00e9tnico-racial, 93,5% de g\u00eanero, 87,5% socioecon\u00f4mico e 87,3% com rela\u00e7\u00e3o \u00e0 orienta\u00e7\u00e3o sexual.<\/p>\n<p>Para a pedagoga Lucimar Rosa Dias, doutora em diversidade \u00e9tnico-racial e inf\u00e2ncia e consultora do CEERT \u2013 Centro de Estudos das Rela\u00e7\u00f5es de Trabalho e Desigualdade, os dados s\u00e3o indicadores claros de que o combate a esse quadro depende tamb\u00e9m de uma liga\u00e7\u00e3o sadia entre escola e fam\u00edlia. \u201cN\u00e3o d\u00e1 para esperar uma sociedade sem preconceito se n\u00e3o h\u00e1 compromisso com isso\u201d, diz. \u201cEducar para a diversidade n\u00e3o tem dia, nem hora. \u00c9 essencial conversar, mostrar, dizer o que est\u00e1 errado. E nunca subestimar a capacidade de compreens\u00e3o da crian\u00e7a\u201d, completa.<\/p>\n<p>Abordagem clara<\/p>\n<p>Em uma situa\u00e7\u00e3o como a do garoto expulso do restaurante, silenciar ou n\u00e3o agir em defesa da crian\u00e7a \u00e9 uma atitude conden\u00e1vel. Deparada com uma cena do tipo, a crian\u00e7a n\u00e3o \u00e9 capaz de compreender que a falha n\u00e3o est\u00e1 nela, e sim no desrespeito e falta dignidade do outro.<\/p>\n<p>Para entender o que aconteceu, \u00e9 necess\u00e1rio falar claramente sobre um assunto tabu e explicar que h\u00e1 pessoas que s\u00e3o discriminadas ou sofrem viol\u00eancia por serem homossexuais, negros, nordestinos, deficientes, entre outros, ressaltando que todos s\u00e3o diferentes entre si e um indiv\u00edduo n\u00e3o pode ser classificado e julgado por uma \u00fanica caracter\u00edstica.<\/p>\n<p>Isso \u00e9 fundamental para fortalecer a auto-estima e os mecanismos de defesa da crian\u00e7a. \u201cSem apoio, a crian\u00e7a atribui a culpa e o desconforto a ela mesma, procurando defeitos para justificar a exclus\u00e3o\u201d, pondera Lucimar.<\/p>\n<p>Revendo valores<\/p>\n<p>Lidar abertamente com o preconceito sem recair sobre ele \u00e9 um desafio que o mundo adulto deve encarar como um dever de extrema responsabilidade. \u201cValores sociais muito r\u00edgidos propiciam id\u00e9ias pr\u00e9-concebidas e n\u00e3o agem a favor da diversidade\u201d, explica a psic\u00f3loga e terapeuta comportamental Denise Par\u00e1 Diniz.<\/p>\n<p>Isso quer dizer que n\u00e3o adianta nada proibir seu filho de brincar de casinha, ao mesmo tempo em que exige dele participa\u00e7\u00e3o nas tarefas dom\u00e9sticas, nem justificar um comportamento agressivo de um colega pelo fato dele ter pais separados, nem atribuir \u00e0s mulheres o t\u00edtulo de p\u00e9ssimas motoristas, nem estabelecer que rosa \u00e9 para meninas e azul para meninos. Os exemplos s\u00e3o infinitos.<\/p>\n<p>\u201cPrecisamos ser cr\u00edticos tanto em rela\u00e7\u00e3o aos estere\u00f3tipos que a cultura produz como em rela\u00e7\u00e3o aos nossos pr\u00f3prios ju\u00edzos sobre as demais pessoas. N\u00e3o \u00e9 um exerc\u00edcio f\u00e1cil\u201d, diz Ari Fernando Maia, professor de Psicologia da Unesp.<\/p>\n<p>Mas esta tarefa dif\u00edcil pode ser enfrentada em pequenos momentos do dia a dia. Desenhos, filmes, novelas, comerciais, viv\u00eancias escolares: tudo que faz parte do cotidiano infantil \u00e9 uma oportunidade para abordar o preconceito sem recorrer a situa\u00e7\u00f5es artificiais.<\/p>\n<p>\u201cSe um negro ou deficiente passou por uma situa\u00e7\u00e3o constrangedora na novela, por que n\u00e3o discutir o assunto? Ao demonstrar que determinada a\u00e7\u00e3o n\u00e3o tem cabimento, a pr\u00f3pria crian\u00e7a vai construindo atitudes menos marcadas pelo preconceito\u201d, diz a psic\u00f3loga \u00c2ngela Soligo, professora da Faculdade de Educa\u00e7\u00e3o da Unicamp (Universidade Estadual de Campinas).<\/p>\n<p>Fonte: IG<\/p>\n","protected":false},"excerpt":{"rendered":"<p>Antes de educar os filhos, pais devem rever os pr\u00f3prios valores e aproveitar situa\u00e7\u00f5es cotidianas para debater o problema.<\/p>\n","protected":false},"author":1,"featured_media":0,"comment_status":"open","ping_status":"open","sticky":false,"template":"","format":"standard","meta":{"site-container-style":"default","site-container-layout":"default","site-sidebar-layout":"default","disable-article-header":"default","disable-site-header":"default","disable-site-footer":"default","disable-content-area-spacing":"default","footnotes":""},"categories":[11,41],"tags":[],"class_list":["post-24512","post","type-post","status-publish","format-standard","hentry","category-direitos-humanos","category-preconceito"],"yoast_head":"<!-- This site is optimized with the Yoast SEO plugin v27.4 - https:\/\/yoast.com\/product\/yoast-seo-wordpress\/ -->\n<title>Como abordar o preconceito com as crian\u00e7as -<\/title>\n<meta name=\"robots\" content=\"index, follow, max-snippet:-1, max-image-preview:large, max-video-preview:-1\" \/>\n<link rel=\"canonical\" href=\"https:\/\/inclusivenews.com.br\/?p=24512\" \/>\n<meta property=\"og:locale\" content=\"pt_PT\" \/>\n<meta property=\"og:type\" content=\"article\" \/>\n<meta property=\"og:title\" content=\"Como abordar o preconceito com as crian\u00e7as -\" \/>\n<meta property=\"og:description\" content=\"Antes de educar os filhos, pais devem rever os pr\u00f3prios valores e aproveitar situa\u00e7\u00f5es cotidianas para debater o problema.\" \/>\n<meta property=\"og:url\" content=\"https:\/\/inclusivenews.com.br\/?p=24512\" \/>\n<meta property=\"article:publisher\" content=\"https:\/\/www.facebook.com\/agenciainclusive\/\" \/>\n<meta property=\"article:published_time\" content=\"2013-05-01T00:07:26+00:00\" \/>\n<meta property=\"og:image\" content=\"http:\/\/inclusivenews.com.br\/wp-content\/uploads\/fly-300x128.jpg\" \/>\n<meta name=\"author\" content=\"inclusivenews2024\" \/>\n<meta name=\"twitter:card\" content=\"summary_large_image\" \/>\n<meta name=\"twitter:label1\" content=\"Escrito por\" \/>\n\t<meta name=\"twitter:data1\" content=\"inclusivenews2024\" \/>\n\t<meta name=\"twitter:label2\" content=\"Tempo estimado de leitura\" \/>\n\t<meta name=\"twitter:data2\" content=\"3 minutos\" \/>\n<script type=\"application\/ld+json\" class=\"yoast-schema-graph\">{\"@context\":\"https:\\\/\\\/schema.org\",\"@graph\":[{\"@type\":\"Article\",\"@id\":\"https:\\\/\\\/inclusivenews.com.br\\\/?p=24512#article\",\"isPartOf\":{\"@id\":\"https:\\\/\\\/inclusivenews.com.br\\\/?p=24512\"},\"author\":{\"name\":\"inclusivenews2024\",\"@id\":\"https:\\\/\\\/inclusivenews.com.br\\\/#\\\/schema\\\/person\\\/ae4ec7087559b8692fb33b6fffd2273b\"},\"headline\":\"Como abordar o preconceito com as crian\u00e7as\",\"datePublished\":\"2013-05-01T00:07:26+00:00\",\"mainEntityOfPage\":{\"@id\":\"https:\\\/\\\/inclusivenews.com.br\\\/?p=24512\"},\"wordCount\":695,\"commentCount\":0,\"publisher\":{\"@id\":\"https:\\\/\\\/inclusivenews.com.br\\\/#organization\"},\"image\":{\"@id\":\"https:\\\/\\\/inclusivenews.com.br\\\/?p=24512#primaryimage\"},\"thumbnailUrl\":\"http:\\\/\\\/inclusivenews.com.br\\\/wp-content\\\/uploads\\\/fly-300x128.jpg\",\"articleSection\":[\"DIREITOS HUMANOS\",\"Preconceito\"],\"inLanguage\":\"pt-PT\",\"potentialAction\":[{\"@type\":\"CommentAction\",\"name\":\"Comment\",\"target\":[\"https:\\\/\\\/inclusivenews.com.br\\\/?p=24512#respond\"]}]},{\"@type\":\"WebPage\",\"@id\":\"https:\\\/\\\/inclusivenews.com.br\\\/?p=24512\",\"url\":\"https:\\\/\\\/inclusivenews.com.br\\\/?p=24512\",\"name\":\"Como abordar o preconceito com as crian\u00e7as -\",\"isPartOf\":{\"@id\":\"https:\\\/\\\/inclusivenews.com.br\\\/#website\"},\"primaryImageOfPage\":{\"@id\":\"https:\\\/\\\/inclusivenews.com.br\\\/?p=24512#primaryimage\"},\"image\":{\"@id\":\"https:\\\/\\\/inclusivenews.com.br\\\/?p=24512#primaryimage\"},\"thumbnailUrl\":\"http:\\\/\\\/inclusivenews.com.br\\\/wp-content\\\/uploads\\\/fly-300x128.jpg\",\"datePublished\":\"2013-05-01T00:07:26+00:00\",\"breadcrumb\":{\"@id\":\"https:\\\/\\\/inclusivenews.com.br\\\/?p=24512#breadcrumb\"},\"inLanguage\":\"pt-PT\",\"potentialAction\":[{\"@type\":\"ReadAction\",\"target\":[\"https:\\\/\\\/inclusivenews.com.br\\\/?p=24512\"]}]},{\"@type\":\"ImageObject\",\"inLanguage\":\"pt-PT\",\"@id\":\"https:\\\/\\\/inclusivenews.com.br\\\/?p=24512#primaryimage\",\"url\":\"\",\"contentUrl\":\"\"},{\"@type\":\"BreadcrumbList\",\"@id\":\"https:\\\/\\\/inclusivenews.com.br\\\/?p=24512#breadcrumb\",\"itemListElement\":[{\"@type\":\"ListItem\",\"position\":1,\"name\":\"In\u00edcio\",\"item\":\"https:\\\/\\\/inclusivenews.com.br\\\/\"},{\"@type\":\"ListItem\",\"position\":2,\"name\":\"Como abordar o preconceito com as crian\u00e7as\"}]},{\"@type\":\"WebSite\",\"@id\":\"https:\\\/\\\/inclusivenews.com.br\\\/#website\",\"url\":\"https:\\\/\\\/inclusivenews.com.br\\\/\",\"name\":\"Inclusive News\",\"description\":\"Inclusive News\",\"publisher\":{\"@id\":\"https:\\\/\\\/inclusivenews.com.br\\\/#organization\"},\"potentialAction\":[{\"@type\":\"SearchAction\",\"target\":{\"@type\":\"EntryPoint\",\"urlTemplate\":\"https:\\\/\\\/inclusivenews.com.br\\\/?s={search_term_string}\"},\"query-input\":{\"@type\":\"PropertyValueSpecification\",\"valueRequired\":true,\"valueName\":\"search_term_string\"}}],\"inLanguage\":\"pt-PT\"},{\"@type\":\"Organization\",\"@id\":\"https:\\\/\\\/inclusivenews.com.br\\\/#organization\",\"name\":\"Inclusive - inclus\u00e3o e cidadania\",\"url\":\"https:\\\/\\\/inclusivenews.com.br\\\/\",\"logo\":{\"@type\":\"ImageObject\",\"inLanguage\":\"pt-PT\",\"@id\":\"https:\\\/\\\/inclusivenews.com.br\\\/#\\\/schema\\\/logo\\\/image\\\/\",\"url\":\"https:\\\/\\\/inclusivenews.com.br\\\/wp-content\\\/uploads\\\/2024\\\/03\\\/@grandesite.png\",\"contentUrl\":\"https:\\\/\\\/inclusivenews.com.br\\\/wp-content\\\/uploads\\\/2024\\\/03\\\/@grandesite.png\",\"width\":1080,\"height\":1080,\"caption\":\"Inclusive - inclus\u00e3o e cidadania\"},\"image\":{\"@id\":\"https:\\\/\\\/inclusivenews.com.br\\\/#\\\/schema\\\/logo\\\/image\\\/\"},\"sameAs\":[\"https:\\\/\\\/www.facebook.com\\\/agenciainclusive\\\/\",\"https:\\\/\\\/www.instagram.com\\\/newsinclusive\\\/\"]},{\"@type\":\"Person\",\"@id\":\"https:\\\/\\\/inclusivenews.com.br\\\/#\\\/schema\\\/person\\\/ae4ec7087559b8692fb33b6fffd2273b\",\"name\":\"inclusivenews2024\",\"image\":{\"@type\":\"ImageObject\",\"inLanguage\":\"pt-PT\",\"@id\":\"https:\\\/\\\/secure.gravatar.com\\\/avatar\\\/c5a7ef84c66fa914f55bc4f7ce26cfa275a3b9a1c5568b907bd184fb4dde7b40?s=96&d=mm&r=g\",\"url\":\"https:\\\/\\\/secure.gravatar.com\\\/avatar\\\/c5a7ef84c66fa914f55bc4f7ce26cfa275a3b9a1c5568b907bd184fb4dde7b40?s=96&d=mm&r=g\",\"contentUrl\":\"https:\\\/\\\/secure.gravatar.com\\\/avatar\\\/c5a7ef84c66fa914f55bc4f7ce26cfa275a3b9a1c5568b907bd184fb4dde7b40?s=96&d=mm&r=g\",\"caption\":\"inclusivenews2024\"},\"sameAs\":[\"https:\\\/\\\/inclusivenews.com.br\"],\"url\":\"https:\\\/\\\/inclusivenews.com.br\\\/?author=1\"}]}<\/script>\n<!-- \/ Yoast SEO plugin. -->","yoast_head_json":{"title":"Como abordar o preconceito com as crian\u00e7as -","robots":{"index":"index","follow":"follow","max-snippet":"max-snippet:-1","max-image-preview":"max-image-preview:large","max-video-preview":"max-video-preview:-1"},"canonical":"https:\/\/inclusivenews.com.br\/?p=24512","og_locale":"pt_PT","og_type":"article","og_title":"Como abordar o preconceito com as crian\u00e7as -","og_description":"Antes de educar os filhos, pais devem rever os pr\u00f3prios valores e aproveitar situa\u00e7\u00f5es cotidianas para debater o problema.","og_url":"https:\/\/inclusivenews.com.br\/?p=24512","article_publisher":"https:\/\/www.facebook.com\/agenciainclusive\/","article_published_time":"2013-05-01T00:07:26+00:00","og_image":[{"url":"http:\/\/inclusivenews.com.br\/wp-content\/uploads\/fly-300x128.jpg","type":"","width":"","height":""}],"author":"inclusivenews2024","twitter_card":"summary_large_image","twitter_misc":{"Escrito por":"inclusivenews2024","Tempo estimado de leitura":"3 minutos"},"schema":{"@context":"https:\/\/schema.org","@graph":[{"@type":"Article","@id":"https:\/\/inclusivenews.com.br\/?p=24512#article","isPartOf":{"@id":"https:\/\/inclusivenews.com.br\/?p=24512"},"author":{"name":"inclusivenews2024","@id":"https:\/\/inclusivenews.com.br\/#\/schema\/person\/ae4ec7087559b8692fb33b6fffd2273b"},"headline":"Como abordar o preconceito com as crian\u00e7as","datePublished":"2013-05-01T00:07:26+00:00","mainEntityOfPage":{"@id":"https:\/\/inclusivenews.com.br\/?p=24512"},"wordCount":695,"commentCount":0,"publisher":{"@id":"https:\/\/inclusivenews.com.br\/#organization"},"image":{"@id":"https:\/\/inclusivenews.com.br\/?p=24512#primaryimage"},"thumbnailUrl":"http:\/\/inclusivenews.com.br\/wp-content\/uploads\/fly-300x128.jpg","articleSection":["DIREITOS HUMANOS","Preconceito"],"inLanguage":"pt-PT","potentialAction":[{"@type":"CommentAction","name":"Comment","target":["https:\/\/inclusivenews.com.br\/?p=24512#respond"]}]},{"@type":"WebPage","@id":"https:\/\/inclusivenews.com.br\/?p=24512","url":"https:\/\/inclusivenews.com.br\/?p=24512","name":"Como abordar o preconceito com as crian\u00e7as -","isPartOf":{"@id":"https:\/\/inclusivenews.com.br\/#website"},"primaryImageOfPage":{"@id":"https:\/\/inclusivenews.com.br\/?p=24512#primaryimage"},"image":{"@id":"https:\/\/inclusivenews.com.br\/?p=24512#primaryimage"},"thumbnailUrl":"http:\/\/inclusivenews.com.br\/wp-content\/uploads\/fly-300x128.jpg","datePublished":"2013-05-01T00:07:26+00:00","breadcrumb":{"@id":"https:\/\/inclusivenews.com.br\/?p=24512#breadcrumb"},"inLanguage":"pt-PT","potentialAction":[{"@type":"ReadAction","target":["https:\/\/inclusivenews.com.br\/?p=24512"]}]},{"@type":"ImageObject","inLanguage":"pt-PT","@id":"https:\/\/inclusivenews.com.br\/?p=24512#primaryimage","url":"","contentUrl":""},{"@type":"BreadcrumbList","@id":"https:\/\/inclusivenews.com.br\/?p=24512#breadcrumb","itemListElement":[{"@type":"ListItem","position":1,"name":"In\u00edcio","item":"https:\/\/inclusivenews.com.br\/"},{"@type":"ListItem","position":2,"name":"Como abordar o preconceito com as crian\u00e7as"}]},{"@type":"WebSite","@id":"https:\/\/inclusivenews.com.br\/#website","url":"https:\/\/inclusivenews.com.br\/","name":"Inclusive News","description":"Inclusive News","publisher":{"@id":"https:\/\/inclusivenews.com.br\/#organization"},"potentialAction":[{"@type":"SearchAction","target":{"@type":"EntryPoint","urlTemplate":"https:\/\/inclusivenews.com.br\/?s={search_term_string}"},"query-input":{"@type":"PropertyValueSpecification","valueRequired":true,"valueName":"search_term_string"}}],"inLanguage":"pt-PT"},{"@type":"Organization","@id":"https:\/\/inclusivenews.com.br\/#organization","name":"Inclusive - inclus\u00e3o e cidadania","url":"https:\/\/inclusivenews.com.br\/","logo":{"@type":"ImageObject","inLanguage":"pt-PT","@id":"https:\/\/inclusivenews.com.br\/#\/schema\/logo\/image\/","url":"https:\/\/inclusivenews.com.br\/wp-content\/uploads\/2024\/03\/@grandesite.png","contentUrl":"https:\/\/inclusivenews.com.br\/wp-content\/uploads\/2024\/03\/@grandesite.png","width":1080,"height":1080,"caption":"Inclusive - inclus\u00e3o e cidadania"},"image":{"@id":"https:\/\/inclusivenews.com.br\/#\/schema\/logo\/image\/"},"sameAs":["https:\/\/www.facebook.com\/agenciainclusive\/","https:\/\/www.instagram.com\/newsinclusive\/"]},{"@type":"Person","@id":"https:\/\/inclusivenews.com.br\/#\/schema\/person\/ae4ec7087559b8692fb33b6fffd2273b","name":"inclusivenews2024","image":{"@type":"ImageObject","inLanguage":"pt-PT","@id":"https:\/\/secure.gravatar.com\/avatar\/c5a7ef84c66fa914f55bc4f7ce26cfa275a3b9a1c5568b907bd184fb4dde7b40?s=96&d=mm&r=g","url":"https:\/\/secure.gravatar.com\/avatar\/c5a7ef84c66fa914f55bc4f7ce26cfa275a3b9a1c5568b907bd184fb4dde7b40?s=96&d=mm&r=g","contentUrl":"https:\/\/secure.gravatar.com\/avatar\/c5a7ef84c66fa914f55bc4f7ce26cfa275a3b9a1c5568b907bd184fb4dde7b40?s=96&d=mm&r=g","caption":"inclusivenews2024"},"sameAs":["https:\/\/inclusivenews.com.br"],"url":"https:\/\/inclusivenews.com.br\/?author=1"}]}},"_links":{"self":[{"href":"https:\/\/inclusivenews.com.br\/index.php?rest_route=\/wp\/v2\/posts\/24512","targetHints":{"allow":["GET"]}}],"collection":[{"href":"https:\/\/inclusivenews.com.br\/index.php?rest_route=\/wp\/v2\/posts"}],"about":[{"href":"https:\/\/inclusivenews.com.br\/index.php?rest_route=\/wp\/v2\/types\/post"}],"author":[{"embeddable":true,"href":"https:\/\/inclusivenews.com.br\/index.php?rest_route=\/wp\/v2\/users\/1"}],"replies":[{"embeddable":true,"href":"https:\/\/inclusivenews.com.br\/index.php?rest_route=%2Fwp%2Fv2%2Fcomments&post=24512"}],"version-history":[{"count":0,"href":"https:\/\/inclusivenews.com.br\/index.php?rest_route=\/wp\/v2\/posts\/24512\/revisions"}],"wp:attachment":[{"href":"https:\/\/inclusivenews.com.br\/index.php?rest_route=%2Fwp%2Fv2%2Fmedia&parent=24512"}],"wp:term":[{"taxonomy":"category","embeddable":true,"href":"https:\/\/inclusivenews.com.br\/index.php?rest_route=%2Fwp%2Fv2%2Fcategories&post=24512"},{"taxonomy":"post_tag","embeddable":true,"href":"https:\/\/inclusivenews.com.br\/index.php?rest_route=%2Fwp%2Fv2%2Ftags&post=24512"}],"curies":[{"name":"wp","href":"https:\/\/api.w.org\/{rel}","templated":true}]}}