{"id":24514,"date":"2013-04-30T21:10:21","date_gmt":"2013-05-01T00:10:21","guid":{"rendered":"http:\/\/www.inclusive.org.br\/?p=24514"},"modified":"2013-04-30T21:10:21","modified_gmt":"2013-05-01T00:10:21","slug":"ministerio-publico-do-trabalho-lanca-campanha-de-combate-ao-trabalho-infantil","status":"publish","type":"post","link":"https:\/\/inclusivenews.com.br\/?p=24514","title":{"rendered":"Minist\u00e9rio P\u00fablico do Trabalho lan\u00e7a campanha de combate ao trabalho infantil"},"content":{"rendered":"<figure style=\"width: 294px\" class=\"wp-caption alignnone\"><img loading=\"lazy\" decoding=\"async\" class=\" \" title=\"Outdoor da camapanha\" src=\"http:\/\/central.promenino.org.br\/profile\/album\/Pictures\/1\/campanha%20mpt%20700x400.jpg\" alt=\"\" width=\"294\" height=\"168\" \/><figcaption class=\"wp-caption-text\"> <\/figcaption><\/figure>\n<p>O Minist\u00e9rio P\u00fablico do Trabalho (MPT) lan\u00e7ou na \u00faltima quarta, 24 de abril, via Coordenadoria Nacional de Combate \u00e0 Explora\u00e7\u00e3o do Trabalho de Crian\u00e7as e Adolescentes (Coordinf\u00e2ncia), uma campanha nacional contra a explora\u00e7\u00e3o do trabalho infantil, sob o mote: \u201cTrabalho infantil n\u00e3o \u00e9 legal&#8221;.<\/p>\n<p>A iniciativa \u00e9 um esfor\u00e7o permanente para mobilizar a sociedade em rela\u00e7\u00e3o ao consumo de produtos e servi\u00e7os oferecidos pelas crian\u00e7as nas ruas, como doces, engraxates e atividades nos sem\u00e1foros. Segundo o coordenador nacional de combate \u00e0 explora\u00e7\u00e3o do trabalho de crian\u00e7as e adolescentes, Rafael Dias Marques \u2013 respons\u00e1vel pela campanha \u2013 a situa\u00e7\u00e3o da informalidade \u00e9 dif\u00edcil de ser combatida, pois n\u00e3o h\u00e1 f\u00e1cil identifica\u00e7\u00e3o dos empregadores que mant\u00eam esse cen\u00e1rio. \u201cNo entanto, acreditamos que se n\u00e3o houver demanda, n\u00e3o haver\u00e1 oferta. Por isso, queremos que a sociedade reflita sobre o seu papel e n\u00e3o sustente esse tipo de trabalho\u201d, explica Dias.<\/p>\n<p>A campanha conta com quatro pe\u00e7as de sensibiliza\u00e7\u00e3o, al\u00e9m de \u00e1udio e v\u00eddeo sobre a tem\u00e1tica. O Minist\u00e9rio P\u00fablico do Trabalho permite a divulga\u00e7\u00e3o do material nas redes de parceiros interessados em difundir a causa.<\/p>\n<p>Veja o v\u00eddeo da campanha:<\/p>\n<p><object classid=\"clsid:d27cdb6e-ae6d-11cf-96b8-444553540000\" width=\"425\" height=\"350\" codebase=\"http:\/\/download.macromedia.com\/pub\/shockwave\/cabs\/flash\/swflash.cab#version=6,0,40,0\"><param name=\"src\" value=\"http:\/\/www.youtube.com\/v\/U7emmXYpUeI\" \/><embed type=\"application\/x-shockwave-flash\" width=\"425\" height=\"350\" src=\"http:\/\/www.youtube.com\/v\/U7emmXYpUeI\"><\/embed><\/object><\/p>\n","protected":false},"excerpt":{"rendered":"<p>O Minist\u00e9rio P\u00fablico do Trabalho (MPT) lan\u00e7ou na \u00faltima quarta, 24 de abril, via Coordenadoria Nacional de Combate \u00e0 Explora\u00e7\u00e3o do Trabalho de Crian\u00e7as e Adolescentes (Coordinf\u00e2ncia), uma campanha nacional contra a explora\u00e7\u00e3o do trabalho infantil, sob o mote: \u201cTrabalho infantil n\u00e3o \u00e9 legal&#8221;.<\/p>\n","protected":false},"author":1,"featured_media":0,"comment_status":"open","ping_status":"open","sticky":false,"template":"","format":"standard","meta":{"site-container-style":"default","site-container-layout":"default","site-sidebar-layout":"default","disable-article-header":"default","disable-site-header":"default","disable-site-footer":"default","disable-content-area-spacing":"default","footnotes":""},"categories":[3],"tags":[60],"class_list":["post-24514","post","type-post","status-publish","format-standard","hentry","category-campanhas","tag-infancia"],"yoast_head":"<!-- This site is optimized with the Yoast SEO plugin v27.4 - https:\/\/yoast.com\/product\/yoast-seo-wordpress\/ -->\n<title>Minist\u00e9rio P\u00fablico do Trabalho lan\u00e7a campanha de combate ao trabalho infantil -<\/title>\n<meta name=\"robots\" content=\"index, follow, max-snippet:-1, max-image-preview:large, max-video-preview:-1\" \/>\n<link rel=\"canonical\" href=\"https:\/\/inclusivenews.com.br\/?p=24514\" \/>\n<meta property=\"og:locale\" content=\"pt_PT\" \/>\n<meta property=\"og:type\" content=\"article\" \/>\n<meta property=\"og:title\" content=\"Minist\u00e9rio P\u00fablico do Trabalho lan\u00e7a campanha de combate ao trabalho infantil -\" \/>\n<meta property=\"og:description\" content=\"O Minist\u00e9rio P\u00fablico do Trabalho (MPT) lan\u00e7ou na \u00faltima quarta, 24 de abril, via Coordenadoria Nacional de Combate \u00e0 Explora\u00e7\u00e3o do Trabalho de Crian\u00e7as e Adolescentes (Coordinf\u00e2ncia), uma campanha nacional contra a explora\u00e7\u00e3o do trabalho infantil, sob o mote: \u201cTrabalho infantil n\u00e3o \u00e9 legal&quot;.\" \/>\n<meta property=\"og:url\" content=\"https:\/\/inclusivenews.com.br\/?p=24514\" \/>\n<meta property=\"article:publisher\" content=\"https:\/\/www.facebook.com\/agenciainclusive\/\" \/>\n<meta property=\"article:published_time\" content=\"2013-05-01T00:10:21+00:00\" \/>\n<meta property=\"og:image\" content=\"http:\/\/central.promenino.org.br\/profile\/album\/Pictures\/1\/campanha%20mpt%20700x400.jpg\" \/>\n<meta name=\"author\" content=\"inclusivenews2024\" \/>\n<meta name=\"twitter:card\" content=\"summary_large_image\" \/>\n<meta name=\"twitter:label1\" content=\"Escrito por\" \/>\n\t<meta name=\"twitter:data1\" content=\"inclusivenews2024\" \/>\n\t<meta name=\"twitter:label2\" content=\"Tempo estimado de leitura\" \/>\n\t<meta name=\"twitter:data2\" content=\"1 minuto\" \/>\n<script type=\"application\/ld+json\" class=\"yoast-schema-graph\">{\"@context\":\"https:\\\/\\\/schema.org\",\"@graph\":[{\"@type\":\"Article\",\"@id\":\"https:\\\/\\\/inclusivenews.com.br\\\/?p=24514#article\",\"isPartOf\":{\"@id\":\"https:\\\/\\\/inclusivenews.com.br\\\/?p=24514\"},\"author\":{\"name\":\"inclusivenews2024\",\"@id\":\"https:\\\/\\\/inclusivenews.com.br\\\/#\\\/schema\\\/person\\\/ae4ec7087559b8692fb33b6fffd2273b\"},\"headline\":\"Minist\u00e9rio P\u00fablico do Trabalho lan\u00e7a campanha de combate ao trabalho infantil\",\"datePublished\":\"2013-05-01T00:10:21+00:00\",\"mainEntityOfPage\":{\"@id\":\"https:\\\/\\\/inclusivenews.com.br\\\/?p=24514\"},\"wordCount\":235,\"commentCount\":0,\"publisher\":{\"@id\":\"https:\\\/\\\/inclusivenews.com.br\\\/#organization\"},\"image\":{\"@id\":\"https:\\\/\\\/inclusivenews.com.br\\\/?p=24514#primaryimage\"},\"thumbnailUrl\":\"http:\\\/\\\/central.promenino.org.br\\\/profile\\\/album\\\/Pictures\\\/1\\\/campanha%20mpt%20700x400.jpg\",\"keywords\":[\"Inf\u00e2ncia\"],\"articleSection\":[\"CAMPANHAS\"],\"inLanguage\":\"pt-PT\",\"potentialAction\":[{\"@type\":\"CommentAction\",\"name\":\"Comment\",\"target\":[\"https:\\\/\\\/inclusivenews.com.br\\\/?p=24514#respond\"]}]},{\"@type\":\"WebPage\",\"@id\":\"https:\\\/\\\/inclusivenews.com.br\\\/?p=24514\",\"url\":\"https:\\\/\\\/inclusivenews.com.br\\\/?p=24514\",\"name\":\"Minist\u00e9rio P\u00fablico do Trabalho lan\u00e7a campanha de combate ao trabalho infantil -\",\"isPartOf\":{\"@id\":\"https:\\\/\\\/inclusivenews.com.br\\\/#website\"},\"primaryImageOfPage\":{\"@id\":\"https:\\\/\\\/inclusivenews.com.br\\\/?p=24514#primaryimage\"},\"image\":{\"@id\":\"https:\\\/\\\/inclusivenews.com.br\\\/?p=24514#primaryimage\"},\"thumbnailUrl\":\"http:\\\/\\\/central.promenino.org.br\\\/profile\\\/album\\\/Pictures\\\/1\\\/campanha%20mpt%20700x400.jpg\",\"datePublished\":\"2013-05-01T00:10:21+00:00\",\"breadcrumb\":{\"@id\":\"https:\\\/\\\/inclusivenews.com.br\\\/?p=24514#breadcrumb\"},\"inLanguage\":\"pt-PT\",\"potentialAction\":[{\"@type\":\"ReadAction\",\"target\":[\"https:\\\/\\\/inclusivenews.com.br\\\/?p=24514\"]}]},{\"@type\":\"ImageObject\",\"inLanguage\":\"pt-PT\",\"@id\":\"https:\\\/\\\/inclusivenews.com.br\\\/?p=24514#primaryimage\",\"url\":\"http:\\\/\\\/central.promenino.org.br\\\/profile\\\/album\\\/Pictures\\\/1\\\/campanha%20mpt%20700x400.jpg\",\"contentUrl\":\"http:\\\/\\\/central.promenino.org.br\\\/profile\\\/album\\\/Pictures\\\/1\\\/campanha%20mpt%20700x400.jpg\"},{\"@type\":\"BreadcrumbList\",\"@id\":\"https:\\\/\\\/inclusivenews.com.br\\\/?p=24514#breadcrumb\",\"itemListElement\":[{\"@type\":\"ListItem\",\"position\":1,\"name\":\"In\u00edcio\",\"item\":\"https:\\\/\\\/inclusivenews.com.br\\\/\"},{\"@type\":\"ListItem\",\"position\":2,\"name\":\"Minist\u00e9rio P\u00fablico do Trabalho lan\u00e7a campanha de combate ao trabalho infantil\"}]},{\"@type\":\"WebSite\",\"@id\":\"https:\\\/\\\/inclusivenews.com.br\\\/#website\",\"url\":\"https:\\\/\\\/inclusivenews.com.br\\\/\",\"name\":\"Inclusive News\",\"description\":\"Inclusive News\",\"publisher\":{\"@id\":\"https:\\\/\\\/inclusivenews.com.br\\\/#organization\"},\"potentialAction\":[{\"@type\":\"SearchAction\",\"target\":{\"@type\":\"EntryPoint\",\"urlTemplate\":\"https:\\\/\\\/inclusivenews.com.br\\\/?s={search_term_string}\"},\"query-input\":{\"@type\":\"PropertyValueSpecification\",\"valueRequired\":true,\"valueName\":\"search_term_string\"}}],\"inLanguage\":\"pt-PT\"},{\"@type\":\"Organization\",\"@id\":\"https:\\\/\\\/inclusivenews.com.br\\\/#organization\",\"name\":\"Inclusive - inclus\u00e3o e cidadania\",\"url\":\"https:\\\/\\\/inclusivenews.com.br\\\/\",\"logo\":{\"@type\":\"ImageObject\",\"inLanguage\":\"pt-PT\",\"@id\":\"https:\\\/\\\/inclusivenews.com.br\\\/#\\\/schema\\\/logo\\\/image\\\/\",\"url\":\"https:\\\/\\\/inclusivenews.com.br\\\/wp-content\\\/uploads\\\/2024\\\/03\\\/@grandesite.png\",\"contentUrl\":\"https:\\\/\\\/inclusivenews.com.br\\\/wp-content\\\/uploads\\\/2024\\\/03\\\/@grandesite.png\",\"width\":1080,\"height\":1080,\"caption\":\"Inclusive - inclus\u00e3o e cidadania\"},\"image\":{\"@id\":\"https:\\\/\\\/inclusivenews.com.br\\\/#\\\/schema\\\/logo\\\/image\\\/\"},\"sameAs\":[\"https:\\\/\\\/www.facebook.com\\\/agenciainclusive\\\/\",\"https:\\\/\\\/www.instagram.com\\\/newsinclusive\\\/\"]},{\"@type\":\"Person\",\"@id\":\"https:\\\/\\\/inclusivenews.com.br\\\/#\\\/schema\\\/person\\\/ae4ec7087559b8692fb33b6fffd2273b\",\"name\":\"inclusivenews2024\",\"image\":{\"@type\":\"ImageObject\",\"inLanguage\":\"pt-PT\",\"@id\":\"https:\\\/\\\/secure.gravatar.com\\\/avatar\\\/c5a7ef84c66fa914f55bc4f7ce26cfa275a3b9a1c5568b907bd184fb4dde7b40?s=96&d=mm&r=g\",\"url\":\"https:\\\/\\\/secure.gravatar.com\\\/avatar\\\/c5a7ef84c66fa914f55bc4f7ce26cfa275a3b9a1c5568b907bd184fb4dde7b40?s=96&d=mm&r=g\",\"contentUrl\":\"https:\\\/\\\/secure.gravatar.com\\\/avatar\\\/c5a7ef84c66fa914f55bc4f7ce26cfa275a3b9a1c5568b907bd184fb4dde7b40?s=96&d=mm&r=g\",\"caption\":\"inclusivenews2024\"},\"sameAs\":[\"https:\\\/\\\/inclusivenews.com.br\"],\"url\":\"https:\\\/\\\/inclusivenews.com.br\\\/?author=1\"}]}<\/script>\n<!-- \/ Yoast SEO plugin. -->","yoast_head_json":{"title":"Minist\u00e9rio P\u00fablico do Trabalho lan\u00e7a campanha de combate ao trabalho infantil -","robots":{"index":"index","follow":"follow","max-snippet":"max-snippet:-1","max-image-preview":"max-image-preview:large","max-video-preview":"max-video-preview:-1"},"canonical":"https:\/\/inclusivenews.com.br\/?p=24514","og_locale":"pt_PT","og_type":"article","og_title":"Minist\u00e9rio P\u00fablico do Trabalho lan\u00e7a campanha de combate ao trabalho infantil -","og_description":"O Minist\u00e9rio P\u00fablico do Trabalho (MPT) lan\u00e7ou na \u00faltima quarta, 24 de abril, via Coordenadoria Nacional de Combate \u00e0 Explora\u00e7\u00e3o do Trabalho de Crian\u00e7as e Adolescentes (Coordinf\u00e2ncia), uma campanha nacional contra a explora\u00e7\u00e3o do trabalho infantil, sob o mote: \u201cTrabalho infantil n\u00e3o \u00e9 legal\".","og_url":"https:\/\/inclusivenews.com.br\/?p=24514","article_publisher":"https:\/\/www.facebook.com\/agenciainclusive\/","article_published_time":"2013-05-01T00:10:21+00:00","og_image":[{"url":"http:\/\/central.promenino.org.br\/profile\/album\/Pictures\/1\/campanha%20mpt%20700x400.jpg","type":"","width":"","height":""}],"author":"inclusivenews2024","twitter_card":"summary_large_image","twitter_misc":{"Escrito por":"inclusivenews2024","Tempo estimado de leitura":"1 minuto"},"schema":{"@context":"https:\/\/schema.org","@graph":[{"@type":"Article","@id":"https:\/\/inclusivenews.com.br\/?p=24514#article","isPartOf":{"@id":"https:\/\/inclusivenews.com.br\/?p=24514"},"author":{"name":"inclusivenews2024","@id":"https:\/\/inclusivenews.com.br\/#\/schema\/person\/ae4ec7087559b8692fb33b6fffd2273b"},"headline":"Minist\u00e9rio P\u00fablico do Trabalho lan\u00e7a campanha de combate ao trabalho infantil","datePublished":"2013-05-01T00:10:21+00:00","mainEntityOfPage":{"@id":"https:\/\/inclusivenews.com.br\/?p=24514"},"wordCount":235,"commentCount":0,"publisher":{"@id":"https:\/\/inclusivenews.com.br\/#organization"},"image":{"@id":"https:\/\/inclusivenews.com.br\/?p=24514#primaryimage"},"thumbnailUrl":"http:\/\/central.promenino.org.br\/profile\/album\/Pictures\/1\/campanha%20mpt%20700x400.jpg","keywords":["Inf\u00e2ncia"],"articleSection":["CAMPANHAS"],"inLanguage":"pt-PT","potentialAction":[{"@type":"CommentAction","name":"Comment","target":["https:\/\/inclusivenews.com.br\/?p=24514#respond"]}]},{"@type":"WebPage","@id":"https:\/\/inclusivenews.com.br\/?p=24514","url":"https:\/\/inclusivenews.com.br\/?p=24514","name":"Minist\u00e9rio P\u00fablico do Trabalho lan\u00e7a campanha de combate ao trabalho infantil -","isPartOf":{"@id":"https:\/\/inclusivenews.com.br\/#website"},"primaryImageOfPage":{"@id":"https:\/\/inclusivenews.com.br\/?p=24514#primaryimage"},"image":{"@id":"https:\/\/inclusivenews.com.br\/?p=24514#primaryimage"},"thumbnailUrl":"http:\/\/central.promenino.org.br\/profile\/album\/Pictures\/1\/campanha%20mpt%20700x400.jpg","datePublished":"2013-05-01T00:10:21+00:00","breadcrumb":{"@id":"https:\/\/inclusivenews.com.br\/?p=24514#breadcrumb"},"inLanguage":"pt-PT","potentialAction":[{"@type":"ReadAction","target":["https:\/\/inclusivenews.com.br\/?p=24514"]}]},{"@type":"ImageObject","inLanguage":"pt-PT","@id":"https:\/\/inclusivenews.com.br\/?p=24514#primaryimage","url":"http:\/\/central.promenino.org.br\/profile\/album\/Pictures\/1\/campanha%20mpt%20700x400.jpg","contentUrl":"http:\/\/central.promenino.org.br\/profile\/album\/Pictures\/1\/campanha%20mpt%20700x400.jpg"},{"@type":"BreadcrumbList","@id":"https:\/\/inclusivenews.com.br\/?p=24514#breadcrumb","itemListElement":[{"@type":"ListItem","position":1,"name":"In\u00edcio","item":"https:\/\/inclusivenews.com.br\/"},{"@type":"ListItem","position":2,"name":"Minist\u00e9rio P\u00fablico do Trabalho lan\u00e7a campanha de combate ao trabalho infantil"}]},{"@type":"WebSite","@id":"https:\/\/inclusivenews.com.br\/#website","url":"https:\/\/inclusivenews.com.br\/","name":"Inclusive News","description":"Inclusive News","publisher":{"@id":"https:\/\/inclusivenews.com.br\/#organization"},"potentialAction":[{"@type":"SearchAction","target":{"@type":"EntryPoint","urlTemplate":"https:\/\/inclusivenews.com.br\/?s={search_term_string}"},"query-input":{"@type":"PropertyValueSpecification","valueRequired":true,"valueName":"search_term_string"}}],"inLanguage":"pt-PT"},{"@type":"Organization","@id":"https:\/\/inclusivenews.com.br\/#organization","name":"Inclusive - inclus\u00e3o e cidadania","url":"https:\/\/inclusivenews.com.br\/","logo":{"@type":"ImageObject","inLanguage":"pt-PT","@id":"https:\/\/inclusivenews.com.br\/#\/schema\/logo\/image\/","url":"https:\/\/inclusivenews.com.br\/wp-content\/uploads\/2024\/03\/@grandesite.png","contentUrl":"https:\/\/inclusivenews.com.br\/wp-content\/uploads\/2024\/03\/@grandesite.png","width":1080,"height":1080,"caption":"Inclusive - inclus\u00e3o e cidadania"},"image":{"@id":"https:\/\/inclusivenews.com.br\/#\/schema\/logo\/image\/"},"sameAs":["https:\/\/www.facebook.com\/agenciainclusive\/","https:\/\/www.instagram.com\/newsinclusive\/"]},{"@type":"Person","@id":"https:\/\/inclusivenews.com.br\/#\/schema\/person\/ae4ec7087559b8692fb33b6fffd2273b","name":"inclusivenews2024","image":{"@type":"ImageObject","inLanguage":"pt-PT","@id":"https:\/\/secure.gravatar.com\/avatar\/c5a7ef84c66fa914f55bc4f7ce26cfa275a3b9a1c5568b907bd184fb4dde7b40?s=96&d=mm&r=g","url":"https:\/\/secure.gravatar.com\/avatar\/c5a7ef84c66fa914f55bc4f7ce26cfa275a3b9a1c5568b907bd184fb4dde7b40?s=96&d=mm&r=g","contentUrl":"https:\/\/secure.gravatar.com\/avatar\/c5a7ef84c66fa914f55bc4f7ce26cfa275a3b9a1c5568b907bd184fb4dde7b40?s=96&d=mm&r=g","caption":"inclusivenews2024"},"sameAs":["https:\/\/inclusivenews.com.br"],"url":"https:\/\/inclusivenews.com.br\/?author=1"}]}},"_links":{"self":[{"href":"https:\/\/inclusivenews.com.br\/index.php?rest_route=\/wp\/v2\/posts\/24514","targetHints":{"allow":["GET"]}}],"collection":[{"href":"https:\/\/inclusivenews.com.br\/index.php?rest_route=\/wp\/v2\/posts"}],"about":[{"href":"https:\/\/inclusivenews.com.br\/index.php?rest_route=\/wp\/v2\/types\/post"}],"author":[{"embeddable":true,"href":"https:\/\/inclusivenews.com.br\/index.php?rest_route=\/wp\/v2\/users\/1"}],"replies":[{"embeddable":true,"href":"https:\/\/inclusivenews.com.br\/index.php?rest_route=%2Fwp%2Fv2%2Fcomments&post=24514"}],"version-history":[{"count":0,"href":"https:\/\/inclusivenews.com.br\/index.php?rest_route=\/wp\/v2\/posts\/24514\/revisions"}],"wp:attachment":[{"href":"https:\/\/inclusivenews.com.br\/index.php?rest_route=%2Fwp%2Fv2%2Fmedia&parent=24514"}],"wp:term":[{"taxonomy":"category","embeddable":true,"href":"https:\/\/inclusivenews.com.br\/index.php?rest_route=%2Fwp%2Fv2%2Fcategories&post=24514"},{"taxonomy":"post_tag","embeddable":true,"href":"https:\/\/inclusivenews.com.br\/index.php?rest_route=%2Fwp%2Fv2%2Ftags&post=24514"}],"curies":[{"name":"wp","href":"https:\/\/api.w.org\/{rel}","templated":true}]}}