{"id":24518,"date":"2013-04-30T21:16:49","date_gmt":"2013-05-01T00:16:49","guid":{"rendered":"http:\/\/www.inclusive.org.br\/?p=24518"},"modified":"2013-04-30T21:16:49","modified_gmt":"2013-05-01T00:16:49","slug":"mndh-quer-conferencia-de-direitos-humanos-em-2013","status":"publish","type":"post","link":"https:\/\/inclusivenews.com.br\/?p=24518","title":{"rendered":"MNDH quer confer\u00eancia de direitos humanos em 2013"},"content":{"rendered":"<figure style=\"width: 200px\" class=\"wp-caption alignleft\"><img loading=\"lazy\" decoding=\"async\" title=\"S\u00edmbolo do MNDH, um p\u00e1ssaro voa diante do sol\" src=\"http:\/\/www.dhnet.org.br\/mndh\/images\/simbolo_mndh.gif\" alt=\"S\u00edmbolo do MNDH, um p\u00e1ssaro voa diante do sol\" width=\"200\" height=\"173\" \/><figcaption class=\"wp-caption-text\"> <\/figcaption><\/figure>\n<p>As Confer\u00eancias Nacionais de Direitos Humanos, realizadas desde 1996,t\u00eam se configurado em agenda de fundamental import\u00e2ncia para defini\u00e7\u00e3o das diretrizes e estrat\u00e9gias das pol\u00edticas de direitos humanos em perspectiva integral. Constituem-se em espa\u00e7o de converg\u00eancia de agendas da sociedade, que se traduzem em propostas de a\u00e7\u00e3o e de mobiliza\u00e7\u00e3o, levando a novos compromissos do Estado brasileiro em seus v\u00e1rios n\u00edveis de governo (municipal, estadual e federal) para a garantia, a prote\u00e7\u00e3o e a promo\u00e7\u00e3o dos direitos humanos. A realiza\u00e7\u00e3o das Confer\u00eancias marcou os \u00faltimos 17 anos.<\/p>\n<p>Nasceram como iniciativa da sociedade civil em parceria com a ent\u00e3o Comiss\u00e3o de Direitos Humanos da C\u00e2mara Federal, como atividade anual nacional. Em 2004 foi realizada a IX Confer\u00eancia e a primeira com convoca\u00e7\u00e3o oficial, organizada por um Grupo de Trabalho Nacional, formado pelo Conselho de Defesa dos Direitos da Pessoa Humana. Discutiu a proposta de constru\u00e7\u00e3o de um Sistema Nacional de Direitos Humanos e foi antecedida de Confer\u00eancias locais e estaduais.  A segunda experi\u00eancia neste sentido foi realizada em 2008, com a XI Confer\u00eancia, a \u00faltima. Nesta foram elaboradas as diretrizes e aprovadas propostas que vieram a compor o PNDH-3, lan\u00e7ado um ano depois, em dezembro de 2009.<\/p>\n<p>A hist\u00f3ria demonstra e n\u00e3o deixa d\u00favida da import\u00e2ncia da realiza\u00e7\u00e3o sistem\u00e1tica da Confer\u00eancia, antecedida pela realiza\u00e7\u00e3o de confer\u00eancias estaduais e municipais. Ademais, entre os compromissos do PNDH-3 est\u00e1 a participa\u00e7\u00e3o da sociedade na pol\u00edtica de direitos humanos atrav\u00e9s de v\u00e1rios mecanismos, entre os quais as Confer\u00eancias. No entanto, at\u00e9 o momento, tendo se passado j\u00e1 mais de quatro anos da \u00faltima edi\u00e7\u00e3o,ainda n\u00e3o ocorreu uma nova Confer\u00eancia e nem se tem not\u00edcia de que haveria possibilidade de sua convoca\u00e7\u00e3o (depois de iniciado o processo de realiza\u00e7\u00e3o de confer\u00eancias nunca se ficou tanto tempo sem realiz\u00e1-la).<\/p>\n<p>Diante disso, o Movimento Nacional de Direitos Humanos se sente no dever de reivindicar a realiza\u00e7\u00e3o desse espa\u00e7o de participa\u00e7\u00e3o. Urgente se faz que o governo federal se posicione sobre o assunto. A realiza\u00e7\u00e3o de uma nova confer\u00eancia nacional &#8211; que pode ser oficial ou n\u00e3o, afinal na trajet\u00f3ria das confer\u00eancias foi mais vezes realizada pela sociedade civil do que convocada oficialmente pelo governo federal &#8211; se faz urgente no contexto do processo de monitoramento e de avalia\u00e7\u00e3o da implementa\u00e7\u00e3o do PNDH-3 e da necessidade de avan\u00e7ar na constru\u00e7\u00e3o de um Sistema Nacional de Direitos Humanos, que resumem os compromissos assumidos respectivamente na IX e XI Confer\u00eancias nacionais, as duas que tiveram a chancela de convoca\u00e7\u00e3o oficial. N\u00e3o pode a sociedade ficar \u00e0 merc\u00ea da agenda governamental e da governabilidade. Por isso, o MNDH espera posicionamento do governo e conclama \u00e0s organiza\u00e7\u00f5es de direitos humanos para que se somem neste debate e constru\u00e7\u00e3o.<\/p>\n<p><a href=\"http:\/\/www.avaaz.org\/po\/petition\/Realizacao_da_XII_Conferencia_Nacional_de_Direitos_Humanos\/?tsxIreb\" target=\"_blank\" rel=\"noopener\">Assim pedimos a todos que assinem a peti\u00e7\u00e3o eletr\u00f4nica  clicando aqui.<\/a><\/p>\n","protected":false},"excerpt":{"rendered":"<p>Diante disso, o Movimento Nacional de Direitos Humanos se sente no dever de reivindicar a realiza\u00e7\u00e3o desse espa\u00e7o de participa\u00e7\u00e3o. Urgente se faz que o governo federal se posicione sobre o assunto. A realiza\u00e7\u00e3o de uma nova confer\u00eancia nacional &#8211; que pode ser oficial ou n\u00e3o, afinal na trajet\u00f3ria das confer\u00eancias foi mais vezes realizada pela sociedade civil do que convocada oficialmente pelo governo federal &#8211; se faz urgente no contexto do processo de monitoramento e de avalia\u00e7\u00e3o da implementa\u00e7\u00e3o do PNDH-3 e da necessidade de avan\u00e7ar na constru\u00e7\u00e3o de um Sistema Nacional de Direitos Humanos, que resumem os compromissos assumidos respectivamente na IX e XI Confer\u00eancias nacionais, as duas que tiveram a chancela de convoca\u00e7\u00e3o oficial. N\u00e3o pode a sociedade ficar \u00e0 merc\u00ea da agenda governamental e da governabilidade. Por isso, o MNDH espera posicionamento do governo e conclama \u00e0s organiza\u00e7\u00f5es de direitos humanos para que se somem neste debate e constru\u00e7\u00e3o.<\/p>\n","protected":false},"author":1,"featured_media":0,"comment_status":"open","ping_status":"open","sticky":false,"template":"","format":"standard","meta":{"site-container-style":"default","site-container-layout":"default","site-sidebar-layout":"default","disable-article-header":"default","disable-site-header":"default","disable-site-footer":"default","disable-content-area-spacing":"default","footnotes":""},"categories":[3,11],"tags":[],"class_list":["post-24518","post","type-post","status-publish","format-standard","hentry","category-campanhas","category-direitos-humanos"],"yoast_head":"<!-- This site is optimized with the Yoast SEO plugin v27.4 - https:\/\/yoast.com\/product\/yoast-seo-wordpress\/ -->\n<title>MNDH quer confer\u00eancia de direitos humanos em 2013 -<\/title>\n<meta name=\"robots\" content=\"index, follow, max-snippet:-1, max-image-preview:large, max-video-preview:-1\" \/>\n<link rel=\"canonical\" href=\"https:\/\/inclusivenews.com.br\/?p=24518\" \/>\n<meta property=\"og:locale\" content=\"pt_PT\" \/>\n<meta property=\"og:type\" content=\"article\" \/>\n<meta property=\"og:title\" content=\"MNDH quer confer\u00eancia de direitos humanos em 2013 -\" \/>\n<meta property=\"og:description\" content=\"Diante disso, o Movimento Nacional de Direitos Humanos se sente no dever de reivindicar a realiza\u00e7\u00e3o desse espa\u00e7o de participa\u00e7\u00e3o. Urgente se faz que o governo federal se posicione sobre o assunto. A realiza\u00e7\u00e3o de uma nova confer\u00eancia nacional - que pode ser oficial ou n\u00e3o, afinal na trajet\u00f3ria das confer\u00eancias foi mais vezes realizada pela sociedade civil do que convocada oficialmente pelo governo federal - se faz urgente no contexto do processo de monitoramento e de avalia\u00e7\u00e3o da implementa\u00e7\u00e3o do PNDH-3 e da necessidade de avan\u00e7ar na constru\u00e7\u00e3o de um Sistema Nacional de Direitos Humanos, que resumem os compromissos assumidos respectivamente na IX e XI Confer\u00eancias nacionais, as duas que tiveram a chancela de convoca\u00e7\u00e3o oficial. N\u00e3o pode a sociedade ficar \u00e0 merc\u00ea da agenda governamental e da governabilidade. Por isso, o MNDH espera posicionamento do governo e conclama \u00e0s organiza\u00e7\u00f5es de direitos humanos para que se somem neste debate e constru\u00e7\u00e3o.\" \/>\n<meta property=\"og:url\" content=\"https:\/\/inclusivenews.com.br\/?p=24518\" \/>\n<meta property=\"article:publisher\" content=\"https:\/\/www.facebook.com\/agenciainclusive\/\" \/>\n<meta property=\"article:published_time\" content=\"2013-05-01T00:16:49+00:00\" \/>\n<meta property=\"og:image\" content=\"http:\/\/www.dhnet.org.br\/mndh\/images\/simbolo_mndh.gif\" \/>\n<meta name=\"author\" content=\"inclusivenews2024\" \/>\n<meta name=\"twitter:card\" content=\"summary_large_image\" \/>\n<meta name=\"twitter:label1\" content=\"Escrito por\" \/>\n\t<meta name=\"twitter:data1\" content=\"inclusivenews2024\" \/>\n\t<meta name=\"twitter:label2\" content=\"Tempo estimado de leitura\" \/>\n\t<meta name=\"twitter:data2\" content=\"3 minutos\" \/>\n<script type=\"application\/ld+json\" class=\"yoast-schema-graph\">{\"@context\":\"https:\\\/\\\/schema.org\",\"@graph\":[{\"@type\":\"Article\",\"@id\":\"https:\\\/\\\/inclusivenews.com.br\\\/?p=24518#article\",\"isPartOf\":{\"@id\":\"https:\\\/\\\/inclusivenews.com.br\\\/?p=24518\"},\"author\":{\"name\":\"inclusivenews2024\",\"@id\":\"https:\\\/\\\/inclusivenews.com.br\\\/#\\\/schema\\\/person\\\/ae4ec7087559b8692fb33b6fffd2273b\"},\"headline\":\"MNDH quer confer\u00eancia de direitos humanos em 2013\",\"datePublished\":\"2013-05-01T00:16:49+00:00\",\"mainEntityOfPage\":{\"@id\":\"https:\\\/\\\/inclusivenews.com.br\\\/?p=24518\"},\"wordCount\":533,\"commentCount\":0,\"publisher\":{\"@id\":\"https:\\\/\\\/inclusivenews.com.br\\\/#organization\"},\"image\":{\"@id\":\"https:\\\/\\\/inclusivenews.com.br\\\/?p=24518#primaryimage\"},\"thumbnailUrl\":\"http:\\\/\\\/www.dhnet.org.br\\\/mndh\\\/images\\\/simbolo_mndh.gif\",\"articleSection\":[\"CAMPANHAS\",\"DIREITOS HUMANOS\"],\"inLanguage\":\"pt-PT\",\"potentialAction\":[{\"@type\":\"CommentAction\",\"name\":\"Comment\",\"target\":[\"https:\\\/\\\/inclusivenews.com.br\\\/?p=24518#respond\"]}]},{\"@type\":\"WebPage\",\"@id\":\"https:\\\/\\\/inclusivenews.com.br\\\/?p=24518\",\"url\":\"https:\\\/\\\/inclusivenews.com.br\\\/?p=24518\",\"name\":\"MNDH quer confer\u00eancia de direitos humanos em 2013 -\",\"isPartOf\":{\"@id\":\"https:\\\/\\\/inclusivenews.com.br\\\/#website\"},\"primaryImageOfPage\":{\"@id\":\"https:\\\/\\\/inclusivenews.com.br\\\/?p=24518#primaryimage\"},\"image\":{\"@id\":\"https:\\\/\\\/inclusivenews.com.br\\\/?p=24518#primaryimage\"},\"thumbnailUrl\":\"http:\\\/\\\/www.dhnet.org.br\\\/mndh\\\/images\\\/simbolo_mndh.gif\",\"datePublished\":\"2013-05-01T00:16:49+00:00\",\"breadcrumb\":{\"@id\":\"https:\\\/\\\/inclusivenews.com.br\\\/?p=24518#breadcrumb\"},\"inLanguage\":\"pt-PT\",\"potentialAction\":[{\"@type\":\"ReadAction\",\"target\":[\"https:\\\/\\\/inclusivenews.com.br\\\/?p=24518\"]}]},{\"@type\":\"ImageObject\",\"inLanguage\":\"pt-PT\",\"@id\":\"https:\\\/\\\/inclusivenews.com.br\\\/?p=24518#primaryimage\",\"url\":\"http:\\\/\\\/www.dhnet.org.br\\\/mndh\\\/images\\\/simbolo_mndh.gif\",\"contentUrl\":\"http:\\\/\\\/www.dhnet.org.br\\\/mndh\\\/images\\\/simbolo_mndh.gif\"},{\"@type\":\"BreadcrumbList\",\"@id\":\"https:\\\/\\\/inclusivenews.com.br\\\/?p=24518#breadcrumb\",\"itemListElement\":[{\"@type\":\"ListItem\",\"position\":1,\"name\":\"In\u00edcio\",\"item\":\"https:\\\/\\\/inclusivenews.com.br\\\/\"},{\"@type\":\"ListItem\",\"position\":2,\"name\":\"MNDH quer confer\u00eancia de direitos humanos em 2013\"}]},{\"@type\":\"WebSite\",\"@id\":\"https:\\\/\\\/inclusivenews.com.br\\\/#website\",\"url\":\"https:\\\/\\\/inclusivenews.com.br\\\/\",\"name\":\"Inclusive News\",\"description\":\"Inclusive News\",\"publisher\":{\"@id\":\"https:\\\/\\\/inclusivenews.com.br\\\/#organization\"},\"potentialAction\":[{\"@type\":\"SearchAction\",\"target\":{\"@type\":\"EntryPoint\",\"urlTemplate\":\"https:\\\/\\\/inclusivenews.com.br\\\/?s={search_term_string}\"},\"query-input\":{\"@type\":\"PropertyValueSpecification\",\"valueRequired\":true,\"valueName\":\"search_term_string\"}}],\"inLanguage\":\"pt-PT\"},{\"@type\":\"Organization\",\"@id\":\"https:\\\/\\\/inclusivenews.com.br\\\/#organization\",\"name\":\"Inclusive - inclus\u00e3o e cidadania\",\"url\":\"https:\\\/\\\/inclusivenews.com.br\\\/\",\"logo\":{\"@type\":\"ImageObject\",\"inLanguage\":\"pt-PT\",\"@id\":\"https:\\\/\\\/inclusivenews.com.br\\\/#\\\/schema\\\/logo\\\/image\\\/\",\"url\":\"https:\\\/\\\/inclusivenews.com.br\\\/wp-content\\\/uploads\\\/2024\\\/03\\\/@grandesite.png\",\"contentUrl\":\"https:\\\/\\\/inclusivenews.com.br\\\/wp-content\\\/uploads\\\/2024\\\/03\\\/@grandesite.png\",\"width\":1080,\"height\":1080,\"caption\":\"Inclusive - inclus\u00e3o e cidadania\"},\"image\":{\"@id\":\"https:\\\/\\\/inclusivenews.com.br\\\/#\\\/schema\\\/logo\\\/image\\\/\"},\"sameAs\":[\"https:\\\/\\\/www.facebook.com\\\/agenciainclusive\\\/\",\"https:\\\/\\\/www.instagram.com\\\/newsinclusive\\\/\"]},{\"@type\":\"Person\",\"@id\":\"https:\\\/\\\/inclusivenews.com.br\\\/#\\\/schema\\\/person\\\/ae4ec7087559b8692fb33b6fffd2273b\",\"name\":\"inclusivenews2024\",\"image\":{\"@type\":\"ImageObject\",\"inLanguage\":\"pt-PT\",\"@id\":\"https:\\\/\\\/secure.gravatar.com\\\/avatar\\\/c5a7ef84c66fa914f55bc4f7ce26cfa275a3b9a1c5568b907bd184fb4dde7b40?s=96&d=mm&r=g\",\"url\":\"https:\\\/\\\/secure.gravatar.com\\\/avatar\\\/c5a7ef84c66fa914f55bc4f7ce26cfa275a3b9a1c5568b907bd184fb4dde7b40?s=96&d=mm&r=g\",\"contentUrl\":\"https:\\\/\\\/secure.gravatar.com\\\/avatar\\\/c5a7ef84c66fa914f55bc4f7ce26cfa275a3b9a1c5568b907bd184fb4dde7b40?s=96&d=mm&r=g\",\"caption\":\"inclusivenews2024\"},\"sameAs\":[\"https:\\\/\\\/inclusivenews.com.br\"],\"url\":\"https:\\\/\\\/inclusivenews.com.br\\\/?author=1\"}]}<\/script>\n<!-- \/ Yoast SEO plugin. -->","yoast_head_json":{"title":"MNDH quer confer\u00eancia de direitos humanos em 2013 -","robots":{"index":"index","follow":"follow","max-snippet":"max-snippet:-1","max-image-preview":"max-image-preview:large","max-video-preview":"max-video-preview:-1"},"canonical":"https:\/\/inclusivenews.com.br\/?p=24518","og_locale":"pt_PT","og_type":"article","og_title":"MNDH quer confer\u00eancia de direitos humanos em 2013 -","og_description":"Diante disso, o Movimento Nacional de Direitos Humanos se sente no dever de reivindicar a realiza\u00e7\u00e3o desse espa\u00e7o de participa\u00e7\u00e3o. Urgente se faz que o governo federal se posicione sobre o assunto. A realiza\u00e7\u00e3o de uma nova confer\u00eancia nacional - que pode ser oficial ou n\u00e3o, afinal na trajet\u00f3ria das confer\u00eancias foi mais vezes realizada pela sociedade civil do que convocada oficialmente pelo governo federal - se faz urgente no contexto do processo de monitoramento e de avalia\u00e7\u00e3o da implementa\u00e7\u00e3o do PNDH-3 e da necessidade de avan\u00e7ar na constru\u00e7\u00e3o de um Sistema Nacional de Direitos Humanos, que resumem os compromissos assumidos respectivamente na IX e XI Confer\u00eancias nacionais, as duas que tiveram a chancela de convoca\u00e7\u00e3o oficial. N\u00e3o pode a sociedade ficar \u00e0 merc\u00ea da agenda governamental e da governabilidade. Por isso, o MNDH espera posicionamento do governo e conclama \u00e0s organiza\u00e7\u00f5es de direitos humanos para que se somem neste debate e constru\u00e7\u00e3o.","og_url":"https:\/\/inclusivenews.com.br\/?p=24518","article_publisher":"https:\/\/www.facebook.com\/agenciainclusive\/","article_published_time":"2013-05-01T00:16:49+00:00","og_image":[{"url":"http:\/\/www.dhnet.org.br\/mndh\/images\/simbolo_mndh.gif","type":"","width":"","height":""}],"author":"inclusivenews2024","twitter_card":"summary_large_image","twitter_misc":{"Escrito por":"inclusivenews2024","Tempo estimado de leitura":"3 minutos"},"schema":{"@context":"https:\/\/schema.org","@graph":[{"@type":"Article","@id":"https:\/\/inclusivenews.com.br\/?p=24518#article","isPartOf":{"@id":"https:\/\/inclusivenews.com.br\/?p=24518"},"author":{"name":"inclusivenews2024","@id":"https:\/\/inclusivenews.com.br\/#\/schema\/person\/ae4ec7087559b8692fb33b6fffd2273b"},"headline":"MNDH quer confer\u00eancia de direitos humanos em 2013","datePublished":"2013-05-01T00:16:49+00:00","mainEntityOfPage":{"@id":"https:\/\/inclusivenews.com.br\/?p=24518"},"wordCount":533,"commentCount":0,"publisher":{"@id":"https:\/\/inclusivenews.com.br\/#organization"},"image":{"@id":"https:\/\/inclusivenews.com.br\/?p=24518#primaryimage"},"thumbnailUrl":"http:\/\/www.dhnet.org.br\/mndh\/images\/simbolo_mndh.gif","articleSection":["CAMPANHAS","DIREITOS HUMANOS"],"inLanguage":"pt-PT","potentialAction":[{"@type":"CommentAction","name":"Comment","target":["https:\/\/inclusivenews.com.br\/?p=24518#respond"]}]},{"@type":"WebPage","@id":"https:\/\/inclusivenews.com.br\/?p=24518","url":"https:\/\/inclusivenews.com.br\/?p=24518","name":"MNDH quer confer\u00eancia de direitos humanos em 2013 -","isPartOf":{"@id":"https:\/\/inclusivenews.com.br\/#website"},"primaryImageOfPage":{"@id":"https:\/\/inclusivenews.com.br\/?p=24518#primaryimage"},"image":{"@id":"https:\/\/inclusivenews.com.br\/?p=24518#primaryimage"},"thumbnailUrl":"http:\/\/www.dhnet.org.br\/mndh\/images\/simbolo_mndh.gif","datePublished":"2013-05-01T00:16:49+00:00","breadcrumb":{"@id":"https:\/\/inclusivenews.com.br\/?p=24518#breadcrumb"},"inLanguage":"pt-PT","potentialAction":[{"@type":"ReadAction","target":["https:\/\/inclusivenews.com.br\/?p=24518"]}]},{"@type":"ImageObject","inLanguage":"pt-PT","@id":"https:\/\/inclusivenews.com.br\/?p=24518#primaryimage","url":"http:\/\/www.dhnet.org.br\/mndh\/images\/simbolo_mndh.gif","contentUrl":"http:\/\/www.dhnet.org.br\/mndh\/images\/simbolo_mndh.gif"},{"@type":"BreadcrumbList","@id":"https:\/\/inclusivenews.com.br\/?p=24518#breadcrumb","itemListElement":[{"@type":"ListItem","position":1,"name":"In\u00edcio","item":"https:\/\/inclusivenews.com.br\/"},{"@type":"ListItem","position":2,"name":"MNDH quer confer\u00eancia de direitos humanos em 2013"}]},{"@type":"WebSite","@id":"https:\/\/inclusivenews.com.br\/#website","url":"https:\/\/inclusivenews.com.br\/","name":"Inclusive News","description":"Inclusive News","publisher":{"@id":"https:\/\/inclusivenews.com.br\/#organization"},"potentialAction":[{"@type":"SearchAction","target":{"@type":"EntryPoint","urlTemplate":"https:\/\/inclusivenews.com.br\/?s={search_term_string}"},"query-input":{"@type":"PropertyValueSpecification","valueRequired":true,"valueName":"search_term_string"}}],"inLanguage":"pt-PT"},{"@type":"Organization","@id":"https:\/\/inclusivenews.com.br\/#organization","name":"Inclusive - inclus\u00e3o e cidadania","url":"https:\/\/inclusivenews.com.br\/","logo":{"@type":"ImageObject","inLanguage":"pt-PT","@id":"https:\/\/inclusivenews.com.br\/#\/schema\/logo\/image\/","url":"https:\/\/inclusivenews.com.br\/wp-content\/uploads\/2024\/03\/@grandesite.png","contentUrl":"https:\/\/inclusivenews.com.br\/wp-content\/uploads\/2024\/03\/@grandesite.png","width":1080,"height":1080,"caption":"Inclusive - inclus\u00e3o e cidadania"},"image":{"@id":"https:\/\/inclusivenews.com.br\/#\/schema\/logo\/image\/"},"sameAs":["https:\/\/www.facebook.com\/agenciainclusive\/","https:\/\/www.instagram.com\/newsinclusive\/"]},{"@type":"Person","@id":"https:\/\/inclusivenews.com.br\/#\/schema\/person\/ae4ec7087559b8692fb33b6fffd2273b","name":"inclusivenews2024","image":{"@type":"ImageObject","inLanguage":"pt-PT","@id":"https:\/\/secure.gravatar.com\/avatar\/c5a7ef84c66fa914f55bc4f7ce26cfa275a3b9a1c5568b907bd184fb4dde7b40?s=96&d=mm&r=g","url":"https:\/\/secure.gravatar.com\/avatar\/c5a7ef84c66fa914f55bc4f7ce26cfa275a3b9a1c5568b907bd184fb4dde7b40?s=96&d=mm&r=g","contentUrl":"https:\/\/secure.gravatar.com\/avatar\/c5a7ef84c66fa914f55bc4f7ce26cfa275a3b9a1c5568b907bd184fb4dde7b40?s=96&d=mm&r=g","caption":"inclusivenews2024"},"sameAs":["https:\/\/inclusivenews.com.br"],"url":"https:\/\/inclusivenews.com.br\/?author=1"}]}},"_links":{"self":[{"href":"https:\/\/inclusivenews.com.br\/index.php?rest_route=\/wp\/v2\/posts\/24518","targetHints":{"allow":["GET"]}}],"collection":[{"href":"https:\/\/inclusivenews.com.br\/index.php?rest_route=\/wp\/v2\/posts"}],"about":[{"href":"https:\/\/inclusivenews.com.br\/index.php?rest_route=\/wp\/v2\/types\/post"}],"author":[{"embeddable":true,"href":"https:\/\/inclusivenews.com.br\/index.php?rest_route=\/wp\/v2\/users\/1"}],"replies":[{"embeddable":true,"href":"https:\/\/inclusivenews.com.br\/index.php?rest_route=%2Fwp%2Fv2%2Fcomments&post=24518"}],"version-history":[{"count":0,"href":"https:\/\/inclusivenews.com.br\/index.php?rest_route=\/wp\/v2\/posts\/24518\/revisions"}],"wp:attachment":[{"href":"https:\/\/inclusivenews.com.br\/index.php?rest_route=%2Fwp%2Fv2%2Fmedia&parent=24518"}],"wp:term":[{"taxonomy":"category","embeddable":true,"href":"https:\/\/inclusivenews.com.br\/index.php?rest_route=%2Fwp%2Fv2%2Fcategories&post=24518"},{"taxonomy":"post_tag","embeddable":true,"href":"https:\/\/inclusivenews.com.br\/index.php?rest_route=%2Fwp%2Fv2%2Ftags&post=24518"}],"curies":[{"name":"wp","href":"https:\/\/api.w.org\/{rel}","templated":true}]}}