{"id":24520,"date":"2013-04-30T21:19:37","date_gmt":"2013-05-01T00:19:37","guid":{"rendered":"http:\/\/www.inclusive.org.br\/?p=24520"},"modified":"2013-04-30T21:19:37","modified_gmt":"2013-05-01T00:19:37","slug":"quebrem-barreiras-abram-portas-por-uma-sociedade-inclusiva-para-todos","status":"publish","type":"post","link":"https:\/\/inclusivenews.com.br\/?p=24520","title":{"rendered":"Quebrem barreiras, abram portas: por uma sociedade inclusiva para todos"},"content":{"rendered":"<p><img loading=\"lazy\" decoding=\"async\" class=\"alignleft size-full wp-image-21075\" title=\"Um globo com pictogramas representando as diferentes defici\u00eancias\" src=\"http:\/\/inclusivenews.com.br\/wp-content\/uploads\/icones_deficiencia.jpg\" alt=\"Um globo com pictogramas representando as diferentes defici\u00eancias\" width=\"198\" height=\"162\" \/><\/p>\n<p>Mais de 1 bilh\u00e3o de pessoas ou 15% da popula\u00e7\u00e3o mundial vivem com defici\u00eancia &#8211; o maior grupo do mundo em situa\u00e7\u00e3o de maior desvantagem -, a maioria das quais est\u00e1 em pa\u00edses em desenvolvimento! Por todo o mundo, pessoas com defici\u00eancia enfrentam barreiras f\u00edsicas, sociais, econ\u00f4micas e atitudinais que as excluem da participa\u00e7\u00e3o plena e efetiva como membros iguais da sociedade.<\/p>\n<p>Elas est\u00e3o representadas desproporcionalmente entre as mais pobres do mundo e carecem de acesso igual aos recursos b\u00e1sicos, tais como educa\u00e7\u00e3o, emprego, cuidados de sa\u00fade e sistemas de prote\u00e7\u00e3o social e legal, assim como apresentam o \u00edndice mais alto de mortalidade. A despeito desta situa\u00e7\u00e3o, a defici\u00eancia permaneceu bastante invis\u00edvel na agenda de desenvolvimento geral e em seus processos.<\/p>\n<p>O movimento internacional de pessoas com defici\u00eancia realizou um avan\u00e7o extraordin\u00e1rio em 2006 com a ado\u00e7\u00e3o da Conven\u00e7\u00e3o sobre os Direitos das Pessoas com Defici\u00eancia (CDPD). A CDPD se seguiu a d\u00e9cadas de trabalho da Organiza\u00e7\u00e3o das Na\u00e7\u00f5es Unidas (ONU) para mudar atitudes e abordagens \u00e0 defici\u00eancia, trabalho esse que asseguraria a participa\u00e7\u00e3o plena e equiparada de pessoas com defici\u00eancia na sociedade. A CDPD foi concebida como um instrumento de direitos humanos com uma dimens\u00e3o expl\u00edcita de desenvolvimento. Contudo, para efetivar a equipara\u00e7\u00e3o e a participa\u00e7\u00e3o para pessoas com defici\u00eancia, elas precisam ser inclu\u00eddas em todos os processos de desenvolvimento e, agora com maior import\u00e2ncia, na nova e emergente estrutura de desenvolvimento p\u00f3s-2015.<\/p>\n<p>A Assembleia Geral da ONU ressalta que a verdadeira realiza\u00e7\u00e3o dos Objetivos de Desenvolvimento do Mil\u00eanio (ODM) e de outros objetivos de desenvolvimento internacionalmente acordados, requer a inclus\u00e3o e a integra\u00e7\u00e3o dos direitos, do bem-estar e da perspectiva de pessoas com defici\u00eancia nos esfor\u00e7os de desenvolvimento nos n\u00edveis nacionais, regionais e internacional.<\/p>\n<p>Voltada a tais objetivos, a Assembleia decidiu, em 2011, convocar a Reuni\u00e3o de Alto N\u00edvel sobre Defici\u00eancia e Desenvolvimento (Randd) para Chefes de Estado e Governos sob o tema &#8220;Caminho para a Frente: Uma Agenda de Desenvolvimento Incluindo a Defici\u00eancia Rumo a 2015 e Al\u00e9m&#8221;. A Randd propiciar\u00e1 uma oportunidade hist\u00f3rica para incluir a defici\u00eancia na agenda mundial rumo \u00e0 estrutura de desenvolvimento p\u00f3s-2015, que traduza o compromisso internacional por uma sociedade que inclua a defici\u00eancia em a\u00e7\u00f5es concretas e mudan\u00e7as reais b\u00e1sicas na vida de pessoas com defici\u00eancia.<\/p>\n<p>A escolha do dia 23 de setembro de 2013 para a Randd \u00e9 estrat\u00e9gica: acontecer\u00e1 cinco anos ap\u00f3s a entrada em vigor da CDPD, dois anos ap\u00f3s o lan\u00e7amento do Relat\u00f3rio Mundial sobre a Defici\u00eancia e dois anos antes de 2015 (a data-alvo para conclus\u00e3o dos ODM) e, consequentemente, o in\u00edcio da agenda p\u00f3s-2015 e das novas prioridades de desenvolvimento. Os resultados da Randd ter\u00e3o o formato de um documento conciso, orientado a a\u00e7\u00f5es, que constituir\u00e1 um guia de pol\u00edticas e fortalecer\u00e1 os esfor\u00e7os mundiais para assegurar a acessibilidade para pessoas com defici\u00eancia e a inclus\u00e3o delas em todos os aspectos da sociedade e do desenvolvimento.<\/p>\n<p>\u00c9 hora de quebrar barreiras e abrir portas:<\/p>\n<p>para construir uma sociedade inclusiva para todos!<\/p>\n<p>Perto do dia 3 de dezembro de 2013 &#8211; Dia Internacional das Pessoas com Defici\u00eancia (DIPD) &#8211; teremos o documento da Randd contendo um plano para a\u00e7\u00f5es e uma plataforma ideal para deslanchar esfor\u00e7os mundiais a fim de ajudar na efetiva\u00e7\u00e3o da participa\u00e7\u00e3o plena e equiparada das pessoas com defici\u00eancia na sociedade e moldar o futuro do desenvolvimento para todos!<\/p>\n<p>O que voc\u00eas podem fazer pelo DIPD em 2013?<\/p>\n<p>Incluam: Propiciando oportunidades para a participa\u00e7\u00e3o de todos os agentes intervenientes \u2013 governos, sistema da ONU, sociedade civil e organiza\u00e7\u00f5es de pessoas com defici\u00eancia \u2013 a fim de focalizar quest\u00f5es relacionadas \u00e0 inclus\u00e3o de pessoas com defici\u00eancia no desenvolvimento, como benefici\u00e1rias e protagonistas.<\/p>\n<p>Organizem: Realizando f\u00f3runs, debates p\u00fablicos e campanhas informativas para ajudar a encontrar caminhos e meios inovadores pelos quais as pessoas com defici\u00eancia e suas fam\u00edlias possam ser inclu\u00eddas na sociedade e nos planos de desenvolvimento.<\/p>\n<p>Celebrem: Planejando e promovendo eventos em toda parte para expor \u2013 e celebrar \u2013 as contribui\u00e7\u00f5es feitas por pessoas com defici\u00eancia na condi\u00e7\u00e3o de protagonistas de transforma\u00e7\u00e3o e desenvolvimento nas comunidades em que elas moram.<\/p>\n<p>Tradu\u00e7\u00e3o: Romeu Sassaki, 26\/4\/2013<\/p>\n<p>Fonte: Rede Saci<\/p>\n","protected":false},"excerpt":{"rendered":"<p>Perto do dia 3 de dezembro de 2013 &#8211; Dia Internacional das Pessoas com Defici\u00eancia (DIPD) &#8211; teremos o documento da Randd contendo um plano para a\u00e7\u00f5es e uma plataforma ideal para deslanchar esfor\u00e7os mundiais a fim de ajudar na efetiva\u00e7\u00e3o da participa\u00e7\u00e3o plena e equiparada das pessoas com defici\u00eancia na sociedade e moldar o futuro do desenvolvimento para todos!<\/p>\n","protected":false},"author":1,"featured_media":0,"comment_status":"open","ping_status":"open","sticky":false,"template":"","format":"standard","meta":{"site-container-style":"default","site-container-layout":"default","site-sidebar-layout":"default","disable-article-header":"default","disable-site-header":"default","disable-site-footer":"default","disable-content-area-spacing":"default","footnotes":""},"categories":[38,48],"tags":[],"class_list":["post-24520","post","type-post","status-publish","format-standard","hentry","category-deficiencia","category-inclusao"],"yoast_head":"<!-- This site is optimized with the Yoast SEO plugin v27.4 - https:\/\/yoast.com\/product\/yoast-seo-wordpress\/ -->\n<title>Quebrem barreiras, abram portas: por uma sociedade inclusiva para todos -<\/title>\n<meta name=\"robots\" content=\"index, follow, max-snippet:-1, max-image-preview:large, max-video-preview:-1\" \/>\n<link rel=\"canonical\" href=\"https:\/\/inclusivenews.com.br\/?p=24520\" \/>\n<meta property=\"og:locale\" content=\"pt_PT\" \/>\n<meta property=\"og:type\" content=\"article\" \/>\n<meta property=\"og:title\" content=\"Quebrem barreiras, abram portas: por uma sociedade inclusiva para todos -\" \/>\n<meta property=\"og:description\" content=\"Perto do dia 3 de dezembro de 2013 - Dia Internacional das Pessoas com Defici\u00eancia (DIPD) - teremos o documento da Randd contendo um plano para a\u00e7\u00f5es e uma plataforma ideal para deslanchar esfor\u00e7os mundiais a fim de ajudar na efetiva\u00e7\u00e3o da participa\u00e7\u00e3o plena e equiparada das pessoas com defici\u00eancia na sociedade e moldar o futuro do desenvolvimento para todos!\" \/>\n<meta property=\"og:url\" content=\"https:\/\/inclusivenews.com.br\/?p=24520\" \/>\n<meta property=\"article:publisher\" content=\"https:\/\/www.facebook.com\/agenciainclusive\/\" \/>\n<meta property=\"article:published_time\" content=\"2013-05-01T00:19:37+00:00\" \/>\n<meta property=\"og:image\" content=\"http:\/\/inclusivenews.com.br\/wp-content\/uploads\/icones_deficiencia.jpg\" \/>\n<meta name=\"author\" content=\"inclusivenews2024\" \/>\n<meta name=\"twitter:card\" content=\"summary_large_image\" \/>\n<meta name=\"twitter:label1\" content=\"Escrito por\" \/>\n\t<meta name=\"twitter:data1\" content=\"inclusivenews2024\" \/>\n\t<meta name=\"twitter:label2\" content=\"Tempo estimado de leitura\" \/>\n\t<meta name=\"twitter:data2\" content=\"4 minutos\" \/>\n<script type=\"application\/ld+json\" class=\"yoast-schema-graph\">{\"@context\":\"https:\\\/\\\/schema.org\",\"@graph\":[{\"@type\":\"Article\",\"@id\":\"https:\\\/\\\/inclusivenews.com.br\\\/?p=24520#article\",\"isPartOf\":{\"@id\":\"https:\\\/\\\/inclusivenews.com.br\\\/?p=24520\"},\"author\":{\"name\":\"inclusivenews2024\",\"@id\":\"https:\\\/\\\/inclusivenews.com.br\\\/#\\\/schema\\\/person\\\/ae4ec7087559b8692fb33b6fffd2273b\"},\"headline\":\"Quebrem barreiras, abram portas: por uma sociedade inclusiva para todos\",\"datePublished\":\"2013-05-01T00:19:37+00:00\",\"mainEntityOfPage\":{\"@id\":\"https:\\\/\\\/inclusivenews.com.br\\\/?p=24520\"},\"wordCount\":770,\"commentCount\":0,\"publisher\":{\"@id\":\"https:\\\/\\\/inclusivenews.com.br\\\/#organization\"},\"image\":{\"@id\":\"https:\\\/\\\/inclusivenews.com.br\\\/?p=24520#primaryimage\"},\"thumbnailUrl\":\"http:\\\/\\\/inclusivenews.com.br\\\/wp-content\\\/uploads\\\/icones_deficiencia.jpg\",\"articleSection\":[\"Defici\u00eancia\",\"INCLUS\u00c3O SOCIAL\"],\"inLanguage\":\"pt-PT\",\"potentialAction\":[{\"@type\":\"CommentAction\",\"name\":\"Comment\",\"target\":[\"https:\\\/\\\/inclusivenews.com.br\\\/?p=24520#respond\"]}]},{\"@type\":\"WebPage\",\"@id\":\"https:\\\/\\\/inclusivenews.com.br\\\/?p=24520\",\"url\":\"https:\\\/\\\/inclusivenews.com.br\\\/?p=24520\",\"name\":\"Quebrem barreiras, abram portas: por uma sociedade inclusiva para todos -\",\"isPartOf\":{\"@id\":\"https:\\\/\\\/inclusivenews.com.br\\\/#website\"},\"primaryImageOfPage\":{\"@id\":\"https:\\\/\\\/inclusivenews.com.br\\\/?p=24520#primaryimage\"},\"image\":{\"@id\":\"https:\\\/\\\/inclusivenews.com.br\\\/?p=24520#primaryimage\"},\"thumbnailUrl\":\"http:\\\/\\\/inclusivenews.com.br\\\/wp-content\\\/uploads\\\/icones_deficiencia.jpg\",\"datePublished\":\"2013-05-01T00:19:37+00:00\",\"breadcrumb\":{\"@id\":\"https:\\\/\\\/inclusivenews.com.br\\\/?p=24520#breadcrumb\"},\"inLanguage\":\"pt-PT\",\"potentialAction\":[{\"@type\":\"ReadAction\",\"target\":[\"https:\\\/\\\/inclusivenews.com.br\\\/?p=24520\"]}]},{\"@type\":\"ImageObject\",\"inLanguage\":\"pt-PT\",\"@id\":\"https:\\\/\\\/inclusivenews.com.br\\\/?p=24520#primaryimage\",\"url\":\"\",\"contentUrl\":\"\"},{\"@type\":\"BreadcrumbList\",\"@id\":\"https:\\\/\\\/inclusivenews.com.br\\\/?p=24520#breadcrumb\",\"itemListElement\":[{\"@type\":\"ListItem\",\"position\":1,\"name\":\"In\u00edcio\",\"item\":\"https:\\\/\\\/inclusivenews.com.br\\\/\"},{\"@type\":\"ListItem\",\"position\":2,\"name\":\"Quebrem barreiras, abram portas: por uma sociedade inclusiva para todos\"}]},{\"@type\":\"WebSite\",\"@id\":\"https:\\\/\\\/inclusivenews.com.br\\\/#website\",\"url\":\"https:\\\/\\\/inclusivenews.com.br\\\/\",\"name\":\"Inclusive News\",\"description\":\"Inclusive News\",\"publisher\":{\"@id\":\"https:\\\/\\\/inclusivenews.com.br\\\/#organization\"},\"potentialAction\":[{\"@type\":\"SearchAction\",\"target\":{\"@type\":\"EntryPoint\",\"urlTemplate\":\"https:\\\/\\\/inclusivenews.com.br\\\/?s={search_term_string}\"},\"query-input\":{\"@type\":\"PropertyValueSpecification\",\"valueRequired\":true,\"valueName\":\"search_term_string\"}}],\"inLanguage\":\"pt-PT\"},{\"@type\":\"Organization\",\"@id\":\"https:\\\/\\\/inclusivenews.com.br\\\/#organization\",\"name\":\"Inclusive - inclus\u00e3o e cidadania\",\"url\":\"https:\\\/\\\/inclusivenews.com.br\\\/\",\"logo\":{\"@type\":\"ImageObject\",\"inLanguage\":\"pt-PT\",\"@id\":\"https:\\\/\\\/inclusivenews.com.br\\\/#\\\/schema\\\/logo\\\/image\\\/\",\"url\":\"https:\\\/\\\/inclusivenews.com.br\\\/wp-content\\\/uploads\\\/2024\\\/03\\\/@grandesite.png\",\"contentUrl\":\"https:\\\/\\\/inclusivenews.com.br\\\/wp-content\\\/uploads\\\/2024\\\/03\\\/@grandesite.png\",\"width\":1080,\"height\":1080,\"caption\":\"Inclusive - inclus\u00e3o e cidadania\"},\"image\":{\"@id\":\"https:\\\/\\\/inclusivenews.com.br\\\/#\\\/schema\\\/logo\\\/image\\\/\"},\"sameAs\":[\"https:\\\/\\\/www.facebook.com\\\/agenciainclusive\\\/\",\"https:\\\/\\\/www.instagram.com\\\/newsinclusive\\\/\"]},{\"@type\":\"Person\",\"@id\":\"https:\\\/\\\/inclusivenews.com.br\\\/#\\\/schema\\\/person\\\/ae4ec7087559b8692fb33b6fffd2273b\",\"name\":\"inclusivenews2024\",\"image\":{\"@type\":\"ImageObject\",\"inLanguage\":\"pt-PT\",\"@id\":\"https:\\\/\\\/secure.gravatar.com\\\/avatar\\\/c5a7ef84c66fa914f55bc4f7ce26cfa275a3b9a1c5568b907bd184fb4dde7b40?s=96&d=mm&r=g\",\"url\":\"https:\\\/\\\/secure.gravatar.com\\\/avatar\\\/c5a7ef84c66fa914f55bc4f7ce26cfa275a3b9a1c5568b907bd184fb4dde7b40?s=96&d=mm&r=g\",\"contentUrl\":\"https:\\\/\\\/secure.gravatar.com\\\/avatar\\\/c5a7ef84c66fa914f55bc4f7ce26cfa275a3b9a1c5568b907bd184fb4dde7b40?s=96&d=mm&r=g\",\"caption\":\"inclusivenews2024\"},\"sameAs\":[\"https:\\\/\\\/inclusivenews.com.br\"],\"url\":\"https:\\\/\\\/inclusivenews.com.br\\\/?author=1\"}]}<\/script>\n<!-- \/ Yoast SEO plugin. -->","yoast_head_json":{"title":"Quebrem barreiras, abram portas: por uma sociedade inclusiva para todos -","robots":{"index":"index","follow":"follow","max-snippet":"max-snippet:-1","max-image-preview":"max-image-preview:large","max-video-preview":"max-video-preview:-1"},"canonical":"https:\/\/inclusivenews.com.br\/?p=24520","og_locale":"pt_PT","og_type":"article","og_title":"Quebrem barreiras, abram portas: por uma sociedade inclusiva para todos -","og_description":"Perto do dia 3 de dezembro de 2013 - Dia Internacional das Pessoas com Defici\u00eancia (DIPD) - teremos o documento da Randd contendo um plano para a\u00e7\u00f5es e uma plataforma ideal para deslanchar esfor\u00e7os mundiais a fim de ajudar na efetiva\u00e7\u00e3o da participa\u00e7\u00e3o plena e equiparada das pessoas com defici\u00eancia na sociedade e moldar o futuro do desenvolvimento para todos!","og_url":"https:\/\/inclusivenews.com.br\/?p=24520","article_publisher":"https:\/\/www.facebook.com\/agenciainclusive\/","article_published_time":"2013-05-01T00:19:37+00:00","og_image":[{"url":"http:\/\/inclusivenews.com.br\/wp-content\/uploads\/icones_deficiencia.jpg","type":"","width":"","height":""}],"author":"inclusivenews2024","twitter_card":"summary_large_image","twitter_misc":{"Escrito por":"inclusivenews2024","Tempo estimado de leitura":"4 minutos"},"schema":{"@context":"https:\/\/schema.org","@graph":[{"@type":"Article","@id":"https:\/\/inclusivenews.com.br\/?p=24520#article","isPartOf":{"@id":"https:\/\/inclusivenews.com.br\/?p=24520"},"author":{"name":"inclusivenews2024","@id":"https:\/\/inclusivenews.com.br\/#\/schema\/person\/ae4ec7087559b8692fb33b6fffd2273b"},"headline":"Quebrem barreiras, abram portas: por uma sociedade inclusiva para todos","datePublished":"2013-05-01T00:19:37+00:00","mainEntityOfPage":{"@id":"https:\/\/inclusivenews.com.br\/?p=24520"},"wordCount":770,"commentCount":0,"publisher":{"@id":"https:\/\/inclusivenews.com.br\/#organization"},"image":{"@id":"https:\/\/inclusivenews.com.br\/?p=24520#primaryimage"},"thumbnailUrl":"http:\/\/inclusivenews.com.br\/wp-content\/uploads\/icones_deficiencia.jpg","articleSection":["Defici\u00eancia","INCLUS\u00c3O SOCIAL"],"inLanguage":"pt-PT","potentialAction":[{"@type":"CommentAction","name":"Comment","target":["https:\/\/inclusivenews.com.br\/?p=24520#respond"]}]},{"@type":"WebPage","@id":"https:\/\/inclusivenews.com.br\/?p=24520","url":"https:\/\/inclusivenews.com.br\/?p=24520","name":"Quebrem barreiras, abram portas: por uma sociedade inclusiva para todos -","isPartOf":{"@id":"https:\/\/inclusivenews.com.br\/#website"},"primaryImageOfPage":{"@id":"https:\/\/inclusivenews.com.br\/?p=24520#primaryimage"},"image":{"@id":"https:\/\/inclusivenews.com.br\/?p=24520#primaryimage"},"thumbnailUrl":"http:\/\/inclusivenews.com.br\/wp-content\/uploads\/icones_deficiencia.jpg","datePublished":"2013-05-01T00:19:37+00:00","breadcrumb":{"@id":"https:\/\/inclusivenews.com.br\/?p=24520#breadcrumb"},"inLanguage":"pt-PT","potentialAction":[{"@type":"ReadAction","target":["https:\/\/inclusivenews.com.br\/?p=24520"]}]},{"@type":"ImageObject","inLanguage":"pt-PT","@id":"https:\/\/inclusivenews.com.br\/?p=24520#primaryimage","url":"","contentUrl":""},{"@type":"BreadcrumbList","@id":"https:\/\/inclusivenews.com.br\/?p=24520#breadcrumb","itemListElement":[{"@type":"ListItem","position":1,"name":"In\u00edcio","item":"https:\/\/inclusivenews.com.br\/"},{"@type":"ListItem","position":2,"name":"Quebrem barreiras, abram portas: por uma sociedade inclusiva para todos"}]},{"@type":"WebSite","@id":"https:\/\/inclusivenews.com.br\/#website","url":"https:\/\/inclusivenews.com.br\/","name":"Inclusive News","description":"Inclusive News","publisher":{"@id":"https:\/\/inclusivenews.com.br\/#organization"},"potentialAction":[{"@type":"SearchAction","target":{"@type":"EntryPoint","urlTemplate":"https:\/\/inclusivenews.com.br\/?s={search_term_string}"},"query-input":{"@type":"PropertyValueSpecification","valueRequired":true,"valueName":"search_term_string"}}],"inLanguage":"pt-PT"},{"@type":"Organization","@id":"https:\/\/inclusivenews.com.br\/#organization","name":"Inclusive - inclus\u00e3o e cidadania","url":"https:\/\/inclusivenews.com.br\/","logo":{"@type":"ImageObject","inLanguage":"pt-PT","@id":"https:\/\/inclusivenews.com.br\/#\/schema\/logo\/image\/","url":"https:\/\/inclusivenews.com.br\/wp-content\/uploads\/2024\/03\/@grandesite.png","contentUrl":"https:\/\/inclusivenews.com.br\/wp-content\/uploads\/2024\/03\/@grandesite.png","width":1080,"height":1080,"caption":"Inclusive - inclus\u00e3o e cidadania"},"image":{"@id":"https:\/\/inclusivenews.com.br\/#\/schema\/logo\/image\/"},"sameAs":["https:\/\/www.facebook.com\/agenciainclusive\/","https:\/\/www.instagram.com\/newsinclusive\/"]},{"@type":"Person","@id":"https:\/\/inclusivenews.com.br\/#\/schema\/person\/ae4ec7087559b8692fb33b6fffd2273b","name":"inclusivenews2024","image":{"@type":"ImageObject","inLanguage":"pt-PT","@id":"https:\/\/secure.gravatar.com\/avatar\/c5a7ef84c66fa914f55bc4f7ce26cfa275a3b9a1c5568b907bd184fb4dde7b40?s=96&d=mm&r=g","url":"https:\/\/secure.gravatar.com\/avatar\/c5a7ef84c66fa914f55bc4f7ce26cfa275a3b9a1c5568b907bd184fb4dde7b40?s=96&d=mm&r=g","contentUrl":"https:\/\/secure.gravatar.com\/avatar\/c5a7ef84c66fa914f55bc4f7ce26cfa275a3b9a1c5568b907bd184fb4dde7b40?s=96&d=mm&r=g","caption":"inclusivenews2024"},"sameAs":["https:\/\/inclusivenews.com.br"],"url":"https:\/\/inclusivenews.com.br\/?author=1"}]}},"_links":{"self":[{"href":"https:\/\/inclusivenews.com.br\/index.php?rest_route=\/wp\/v2\/posts\/24520","targetHints":{"allow":["GET"]}}],"collection":[{"href":"https:\/\/inclusivenews.com.br\/index.php?rest_route=\/wp\/v2\/posts"}],"about":[{"href":"https:\/\/inclusivenews.com.br\/index.php?rest_route=\/wp\/v2\/types\/post"}],"author":[{"embeddable":true,"href":"https:\/\/inclusivenews.com.br\/index.php?rest_route=\/wp\/v2\/users\/1"}],"replies":[{"embeddable":true,"href":"https:\/\/inclusivenews.com.br\/index.php?rest_route=%2Fwp%2Fv2%2Fcomments&post=24520"}],"version-history":[{"count":0,"href":"https:\/\/inclusivenews.com.br\/index.php?rest_route=\/wp\/v2\/posts\/24520\/revisions"}],"wp:attachment":[{"href":"https:\/\/inclusivenews.com.br\/index.php?rest_route=%2Fwp%2Fv2%2Fmedia&parent=24520"}],"wp:term":[{"taxonomy":"category","embeddable":true,"href":"https:\/\/inclusivenews.com.br\/index.php?rest_route=%2Fwp%2Fv2%2Fcategories&post=24520"},{"taxonomy":"post_tag","embeddable":true,"href":"https:\/\/inclusivenews.com.br\/index.php?rest_route=%2Fwp%2Fv2%2Ftags&post=24520"}],"curies":[{"name":"wp","href":"https:\/\/api.w.org\/{rel}","templated":true}]}}