{"id":24524,"date":"2013-04-30T21:24:51","date_gmt":"2013-05-01T00:24:51","guid":{"rendered":"http:\/\/www.inclusive.org.br\/?p=24524"},"modified":"2013-04-30T21:24:51","modified_gmt":"2013-05-01T00:24:51","slug":"instituto-avante-brasil-faz-levantamento-inedito-sobre-acesso-a-educacao-no-sistema-penitenciario","status":"publish","type":"post","link":"https:\/\/inclusivenews.com.br\/?p=24524","title":{"rendered":"Instituto Avante Brasil faz levantamento in\u00e9dito sobre acesso \u00e0 educa\u00e7\u00e3o no sistema penitenci\u00e1rio"},"content":{"rendered":"<figure id=\"attachment_20703\" aria-describedby=\"caption-attachment-20703\" style=\"width: 300px\" class=\"wp-caption alignleft\"><img loading=\"lazy\" decoding=\"async\" class=\"size-medium wp-image-20703\" title=\"Grades de uma pris\u00e3o com uma porta aberta\" src=\"http:\/\/inclusivenews.com.br\/wp-content\/uploads\/grades-300x300.jpg\" alt=\"Grades de uma pris\u00e3o com uma porta aberta\" width=\"300\" height=\"300\" \/><figcaption id=\"caption-attachment-20703\" class=\"wp-caption-text\"> <\/figcaption><\/figure>\n<p>O Instituto Avante Brasil acaba de concluir um levantamento in\u00e9dito sobre a atividade educacional no sistema penitenci\u00e1rio brasileiro nos \u00faltimos 5 anos (2008-2012). Segundo o estudo, que foi baseado nos dados do InfoPen, a situa\u00e7\u00e3o do Brasil vem melhorando nos \u00faltimos cinco anos, no que diz que respeito \u00e0 educa\u00e7\u00e3o nos pres\u00eddios. Foi poss\u00edvel notar um crescimento no n\u00famero de presos que est\u00e3o estudando dentro das pris\u00f5es na maioria dos estados brasileiros. Ainda n\u00e3o chegamos ao ponto ideal, mas n\u00e3o h\u00e1 como enaltecer e evolu\u00e7\u00e3o.<\/p>\n<p>O n\u00famero total dos presos que est\u00e3o em atividade educacional ainda n\u00e3o chega a 10% do total de detentos. Esse panorama mostra ainda que existem, proporcionalmente, mais mulheres estudando dentro dos pres\u00eddios do que homens.<\/p>\n<p>Pernambuco \u00e9 o estado em que mais presos est\u00e3o inseridos em atividades educacionais, com uma m\u00e9dia de 191 estudantes para cada grupo de 1.000 presos de 2008 at\u00e9 junho de 2012. J\u00e1 o Maranh\u00e3o \u00e9 o estado com a menor quantidade de presos em atividade educacional, apresentando uma m\u00e9dia de 22 para cada 1.000 presos, nos \u00faltimos 5 anos. Contudo, foi o estado que apresentou a maior evolu\u00e7\u00e3o passando de 6,3 em 2008 para 45,6 presos estudando em cada grupo de 1.000, em 2012.<\/p>\n<p>S\u00e3o Paulo, estado com a maior popula\u00e7\u00e3o carcer\u00e1ria em termos absolutos, 190.818 presos, em 2012, tamb\u00e9m abaixo da m\u00e9dia nacional de atividades nos pres\u00eddios. Desse total, apenas 7% (13.877 presos) est\u00e3o em atividade educacional, uma taxa de 72,7 para cada grupo de 1.000 presos, sendo que 8% s\u00e3o do sexo feminino e 7% do sexo masculino. Ao contr\u00e1rio do aumento apresentado pelo Brasil, S\u00e3o Paulo obteve uma queda de 16% no n\u00famero total de presos estudantes, e queda de 32% nas taxas por 1.000 presos. A m\u00e9dia de presos estudando nos pres\u00eddios paulistas, de 2008 a 2012 foi de 88,4. O grau de ensino com maior participa\u00e7\u00e3o \u00e9 Ensino Fundamental.<\/p>\n<p>Para ter acesso ao levantamento completo acesse: <a href=\"http:\/\/www.institutoavantebrasil.com.br\" target=\"_blank\" rel=\"noopener\">www.institutoavantebrasil.com.br<\/a><\/p>\n<p>Fonte: Pauta Social<\/p>\n","protected":false},"excerpt":{"rendered":"<p>O n\u00famero total dos presos que est\u00e3o em atividade educacional ainda n\u00e3o chega a 10% do total de detentos. Esse panorama mostra ainda que existem, proporcionalmente, mais mulheres estudando dentro dos pres\u00eddios do que homens. Da Pauta Social.<\/p>\n","protected":false},"author":1,"featured_media":0,"comment_status":"open","ping_status":"open","sticky":false,"template":"","format":"standard","meta":{"site-container-style":"default","site-container-layout":"default","site-sidebar-layout":"default","disable-article-header":"default","disable-site-header":"default","disable-site-footer":"default","disable-content-area-spacing":"default","footnotes":""},"categories":[6,48],"tags":[],"class_list":["post-24524","post","type-post","status-publish","format-standard","hentry","category-educacao","category-inclusao"],"yoast_head":"<!-- This site is optimized with the Yoast SEO plugin v27.4 - https:\/\/yoast.com\/product\/yoast-seo-wordpress\/ -->\n<title>Instituto Avante Brasil faz levantamento in\u00e9dito sobre acesso \u00e0 educa\u00e7\u00e3o no sistema penitenci\u00e1rio -<\/title>\n<meta name=\"robots\" content=\"index, follow, max-snippet:-1, max-image-preview:large, max-video-preview:-1\" \/>\n<link rel=\"canonical\" href=\"https:\/\/inclusivenews.com.br\/?p=24524\" \/>\n<meta property=\"og:locale\" content=\"pt_PT\" \/>\n<meta property=\"og:type\" content=\"article\" \/>\n<meta property=\"og:title\" content=\"Instituto Avante Brasil faz levantamento in\u00e9dito sobre acesso \u00e0 educa\u00e7\u00e3o no sistema penitenci\u00e1rio -\" \/>\n<meta property=\"og:description\" content=\"O n\u00famero total dos presos que est\u00e3o em atividade educacional ainda n\u00e3o chega a 10% do total de detentos. Esse panorama mostra ainda que existem, proporcionalmente, mais mulheres estudando dentro dos pres\u00eddios do que homens. Da Pauta Social.\" \/>\n<meta property=\"og:url\" content=\"https:\/\/inclusivenews.com.br\/?p=24524\" \/>\n<meta property=\"article:publisher\" content=\"https:\/\/www.facebook.com\/agenciainclusive\/\" \/>\n<meta property=\"article:published_time\" content=\"2013-05-01T00:24:51+00:00\" \/>\n<meta property=\"og:image\" content=\"http:\/\/inclusivenews.com.br\/wp-content\/uploads\/grades-300x300.jpg\" \/>\n<meta name=\"author\" content=\"inclusivenews2024\" \/>\n<meta name=\"twitter:card\" content=\"summary_large_image\" \/>\n<meta name=\"twitter:label1\" content=\"Escrito por\" \/>\n\t<meta name=\"twitter:data1\" content=\"inclusivenews2024\" \/>\n\t<meta name=\"twitter:label2\" content=\"Tempo estimado de leitura\" \/>\n\t<meta name=\"twitter:data2\" content=\"2 minutos\" \/>\n<script type=\"application\/ld+json\" class=\"yoast-schema-graph\">{\"@context\":\"https:\\\/\\\/schema.org\",\"@graph\":[{\"@type\":\"Article\",\"@id\":\"https:\\\/\\\/inclusivenews.com.br\\\/?p=24524#article\",\"isPartOf\":{\"@id\":\"https:\\\/\\\/inclusivenews.com.br\\\/?p=24524\"},\"author\":{\"name\":\"inclusivenews2024\",\"@id\":\"https:\\\/\\\/inclusivenews.com.br\\\/#\\\/schema\\\/person\\\/ae4ec7087559b8692fb33b6fffd2273b\"},\"headline\":\"Instituto Avante Brasil faz levantamento in\u00e9dito sobre acesso \u00e0 educa\u00e7\u00e3o no sistema penitenci\u00e1rio\",\"datePublished\":\"2013-05-01T00:24:51+00:00\",\"mainEntityOfPage\":{\"@id\":\"https:\\\/\\\/inclusivenews.com.br\\\/?p=24524\"},\"wordCount\":354,\"commentCount\":0,\"publisher\":{\"@id\":\"https:\\\/\\\/inclusivenews.com.br\\\/#organization\"},\"image\":{\"@id\":\"https:\\\/\\\/inclusivenews.com.br\\\/?p=24524#primaryimage\"},\"thumbnailUrl\":\"http:\\\/\\\/inclusivenews.com.br\\\/wp-content\\\/uploads\\\/grades-300x300.jpg\",\"articleSection\":[\"EDUCA\u00c7\u00c3O\",\"INCLUS\u00c3O SOCIAL\"],\"inLanguage\":\"pt-PT\",\"potentialAction\":[{\"@type\":\"CommentAction\",\"name\":\"Comment\",\"target\":[\"https:\\\/\\\/inclusivenews.com.br\\\/?p=24524#respond\"]}]},{\"@type\":\"WebPage\",\"@id\":\"https:\\\/\\\/inclusivenews.com.br\\\/?p=24524\",\"url\":\"https:\\\/\\\/inclusivenews.com.br\\\/?p=24524\",\"name\":\"Instituto Avante Brasil faz levantamento in\u00e9dito sobre acesso \u00e0 educa\u00e7\u00e3o no sistema penitenci\u00e1rio -\",\"isPartOf\":{\"@id\":\"https:\\\/\\\/inclusivenews.com.br\\\/#website\"},\"primaryImageOfPage\":{\"@id\":\"https:\\\/\\\/inclusivenews.com.br\\\/?p=24524#primaryimage\"},\"image\":{\"@id\":\"https:\\\/\\\/inclusivenews.com.br\\\/?p=24524#primaryimage\"},\"thumbnailUrl\":\"http:\\\/\\\/inclusivenews.com.br\\\/wp-content\\\/uploads\\\/grades-300x300.jpg\",\"datePublished\":\"2013-05-01T00:24:51+00:00\",\"breadcrumb\":{\"@id\":\"https:\\\/\\\/inclusivenews.com.br\\\/?p=24524#breadcrumb\"},\"inLanguage\":\"pt-PT\",\"potentialAction\":[{\"@type\":\"ReadAction\",\"target\":[\"https:\\\/\\\/inclusivenews.com.br\\\/?p=24524\"]}]},{\"@type\":\"ImageObject\",\"inLanguage\":\"pt-PT\",\"@id\":\"https:\\\/\\\/inclusivenews.com.br\\\/?p=24524#primaryimage\",\"url\":\"\",\"contentUrl\":\"\"},{\"@type\":\"BreadcrumbList\",\"@id\":\"https:\\\/\\\/inclusivenews.com.br\\\/?p=24524#breadcrumb\",\"itemListElement\":[{\"@type\":\"ListItem\",\"position\":1,\"name\":\"In\u00edcio\",\"item\":\"https:\\\/\\\/inclusivenews.com.br\\\/\"},{\"@type\":\"ListItem\",\"position\":2,\"name\":\"Instituto Avante Brasil faz levantamento in\u00e9dito sobre acesso \u00e0 educa\u00e7\u00e3o no sistema penitenci\u00e1rio\"}]},{\"@type\":\"WebSite\",\"@id\":\"https:\\\/\\\/inclusivenews.com.br\\\/#website\",\"url\":\"https:\\\/\\\/inclusivenews.com.br\\\/\",\"name\":\"Inclusive News\",\"description\":\"Inclusive News\",\"publisher\":{\"@id\":\"https:\\\/\\\/inclusivenews.com.br\\\/#organization\"},\"potentialAction\":[{\"@type\":\"SearchAction\",\"target\":{\"@type\":\"EntryPoint\",\"urlTemplate\":\"https:\\\/\\\/inclusivenews.com.br\\\/?s={search_term_string}\"},\"query-input\":{\"@type\":\"PropertyValueSpecification\",\"valueRequired\":true,\"valueName\":\"search_term_string\"}}],\"inLanguage\":\"pt-PT\"},{\"@type\":\"Organization\",\"@id\":\"https:\\\/\\\/inclusivenews.com.br\\\/#organization\",\"name\":\"Inclusive - inclus\u00e3o e cidadania\",\"url\":\"https:\\\/\\\/inclusivenews.com.br\\\/\",\"logo\":{\"@type\":\"ImageObject\",\"inLanguage\":\"pt-PT\",\"@id\":\"https:\\\/\\\/inclusivenews.com.br\\\/#\\\/schema\\\/logo\\\/image\\\/\",\"url\":\"https:\\\/\\\/inclusivenews.com.br\\\/wp-content\\\/uploads\\\/2024\\\/03\\\/@grandesite.png\",\"contentUrl\":\"https:\\\/\\\/inclusivenews.com.br\\\/wp-content\\\/uploads\\\/2024\\\/03\\\/@grandesite.png\",\"width\":1080,\"height\":1080,\"caption\":\"Inclusive - inclus\u00e3o e cidadania\"},\"image\":{\"@id\":\"https:\\\/\\\/inclusivenews.com.br\\\/#\\\/schema\\\/logo\\\/image\\\/\"},\"sameAs\":[\"https:\\\/\\\/www.facebook.com\\\/agenciainclusive\\\/\",\"https:\\\/\\\/www.instagram.com\\\/newsinclusive\\\/\"]},{\"@type\":\"Person\",\"@id\":\"https:\\\/\\\/inclusivenews.com.br\\\/#\\\/schema\\\/person\\\/ae4ec7087559b8692fb33b6fffd2273b\",\"name\":\"inclusivenews2024\",\"image\":{\"@type\":\"ImageObject\",\"inLanguage\":\"pt-PT\",\"@id\":\"https:\\\/\\\/secure.gravatar.com\\\/avatar\\\/c5a7ef84c66fa914f55bc4f7ce26cfa275a3b9a1c5568b907bd184fb4dde7b40?s=96&d=mm&r=g\",\"url\":\"https:\\\/\\\/secure.gravatar.com\\\/avatar\\\/c5a7ef84c66fa914f55bc4f7ce26cfa275a3b9a1c5568b907bd184fb4dde7b40?s=96&d=mm&r=g\",\"contentUrl\":\"https:\\\/\\\/secure.gravatar.com\\\/avatar\\\/c5a7ef84c66fa914f55bc4f7ce26cfa275a3b9a1c5568b907bd184fb4dde7b40?s=96&d=mm&r=g\",\"caption\":\"inclusivenews2024\"},\"sameAs\":[\"https:\\\/\\\/inclusivenews.com.br\"],\"url\":\"https:\\\/\\\/inclusivenews.com.br\\\/?author=1\"}]}<\/script>\n<!-- \/ Yoast SEO plugin. -->","yoast_head_json":{"title":"Instituto Avante Brasil faz levantamento in\u00e9dito sobre acesso \u00e0 educa\u00e7\u00e3o no sistema penitenci\u00e1rio -","robots":{"index":"index","follow":"follow","max-snippet":"max-snippet:-1","max-image-preview":"max-image-preview:large","max-video-preview":"max-video-preview:-1"},"canonical":"https:\/\/inclusivenews.com.br\/?p=24524","og_locale":"pt_PT","og_type":"article","og_title":"Instituto Avante Brasil faz levantamento in\u00e9dito sobre acesso \u00e0 educa\u00e7\u00e3o no sistema penitenci\u00e1rio -","og_description":"O n\u00famero total dos presos que est\u00e3o em atividade educacional ainda n\u00e3o chega a 10% do total de detentos. Esse panorama mostra ainda que existem, proporcionalmente, mais mulheres estudando dentro dos pres\u00eddios do que homens. Da Pauta Social.","og_url":"https:\/\/inclusivenews.com.br\/?p=24524","article_publisher":"https:\/\/www.facebook.com\/agenciainclusive\/","article_published_time":"2013-05-01T00:24:51+00:00","og_image":[{"url":"http:\/\/inclusivenews.com.br\/wp-content\/uploads\/grades-300x300.jpg","type":"","width":"","height":""}],"author":"inclusivenews2024","twitter_card":"summary_large_image","twitter_misc":{"Escrito por":"inclusivenews2024","Tempo estimado de leitura":"2 minutos"},"schema":{"@context":"https:\/\/schema.org","@graph":[{"@type":"Article","@id":"https:\/\/inclusivenews.com.br\/?p=24524#article","isPartOf":{"@id":"https:\/\/inclusivenews.com.br\/?p=24524"},"author":{"name":"inclusivenews2024","@id":"https:\/\/inclusivenews.com.br\/#\/schema\/person\/ae4ec7087559b8692fb33b6fffd2273b"},"headline":"Instituto Avante Brasil faz levantamento in\u00e9dito sobre acesso \u00e0 educa\u00e7\u00e3o no sistema penitenci\u00e1rio","datePublished":"2013-05-01T00:24:51+00:00","mainEntityOfPage":{"@id":"https:\/\/inclusivenews.com.br\/?p=24524"},"wordCount":354,"commentCount":0,"publisher":{"@id":"https:\/\/inclusivenews.com.br\/#organization"},"image":{"@id":"https:\/\/inclusivenews.com.br\/?p=24524#primaryimage"},"thumbnailUrl":"http:\/\/inclusivenews.com.br\/wp-content\/uploads\/grades-300x300.jpg","articleSection":["EDUCA\u00c7\u00c3O","INCLUS\u00c3O SOCIAL"],"inLanguage":"pt-PT","potentialAction":[{"@type":"CommentAction","name":"Comment","target":["https:\/\/inclusivenews.com.br\/?p=24524#respond"]}]},{"@type":"WebPage","@id":"https:\/\/inclusivenews.com.br\/?p=24524","url":"https:\/\/inclusivenews.com.br\/?p=24524","name":"Instituto Avante Brasil faz levantamento in\u00e9dito sobre acesso \u00e0 educa\u00e7\u00e3o no sistema penitenci\u00e1rio -","isPartOf":{"@id":"https:\/\/inclusivenews.com.br\/#website"},"primaryImageOfPage":{"@id":"https:\/\/inclusivenews.com.br\/?p=24524#primaryimage"},"image":{"@id":"https:\/\/inclusivenews.com.br\/?p=24524#primaryimage"},"thumbnailUrl":"http:\/\/inclusivenews.com.br\/wp-content\/uploads\/grades-300x300.jpg","datePublished":"2013-05-01T00:24:51+00:00","breadcrumb":{"@id":"https:\/\/inclusivenews.com.br\/?p=24524#breadcrumb"},"inLanguage":"pt-PT","potentialAction":[{"@type":"ReadAction","target":["https:\/\/inclusivenews.com.br\/?p=24524"]}]},{"@type":"ImageObject","inLanguage":"pt-PT","@id":"https:\/\/inclusivenews.com.br\/?p=24524#primaryimage","url":"","contentUrl":""},{"@type":"BreadcrumbList","@id":"https:\/\/inclusivenews.com.br\/?p=24524#breadcrumb","itemListElement":[{"@type":"ListItem","position":1,"name":"In\u00edcio","item":"https:\/\/inclusivenews.com.br\/"},{"@type":"ListItem","position":2,"name":"Instituto Avante Brasil faz levantamento in\u00e9dito sobre acesso \u00e0 educa\u00e7\u00e3o no sistema penitenci\u00e1rio"}]},{"@type":"WebSite","@id":"https:\/\/inclusivenews.com.br\/#website","url":"https:\/\/inclusivenews.com.br\/","name":"Inclusive News","description":"Inclusive News","publisher":{"@id":"https:\/\/inclusivenews.com.br\/#organization"},"potentialAction":[{"@type":"SearchAction","target":{"@type":"EntryPoint","urlTemplate":"https:\/\/inclusivenews.com.br\/?s={search_term_string}"},"query-input":{"@type":"PropertyValueSpecification","valueRequired":true,"valueName":"search_term_string"}}],"inLanguage":"pt-PT"},{"@type":"Organization","@id":"https:\/\/inclusivenews.com.br\/#organization","name":"Inclusive - inclus\u00e3o e cidadania","url":"https:\/\/inclusivenews.com.br\/","logo":{"@type":"ImageObject","inLanguage":"pt-PT","@id":"https:\/\/inclusivenews.com.br\/#\/schema\/logo\/image\/","url":"https:\/\/inclusivenews.com.br\/wp-content\/uploads\/2024\/03\/@grandesite.png","contentUrl":"https:\/\/inclusivenews.com.br\/wp-content\/uploads\/2024\/03\/@grandesite.png","width":1080,"height":1080,"caption":"Inclusive - inclus\u00e3o e cidadania"},"image":{"@id":"https:\/\/inclusivenews.com.br\/#\/schema\/logo\/image\/"},"sameAs":["https:\/\/www.facebook.com\/agenciainclusive\/","https:\/\/www.instagram.com\/newsinclusive\/"]},{"@type":"Person","@id":"https:\/\/inclusivenews.com.br\/#\/schema\/person\/ae4ec7087559b8692fb33b6fffd2273b","name":"inclusivenews2024","image":{"@type":"ImageObject","inLanguage":"pt-PT","@id":"https:\/\/secure.gravatar.com\/avatar\/c5a7ef84c66fa914f55bc4f7ce26cfa275a3b9a1c5568b907bd184fb4dde7b40?s=96&d=mm&r=g","url":"https:\/\/secure.gravatar.com\/avatar\/c5a7ef84c66fa914f55bc4f7ce26cfa275a3b9a1c5568b907bd184fb4dde7b40?s=96&d=mm&r=g","contentUrl":"https:\/\/secure.gravatar.com\/avatar\/c5a7ef84c66fa914f55bc4f7ce26cfa275a3b9a1c5568b907bd184fb4dde7b40?s=96&d=mm&r=g","caption":"inclusivenews2024"},"sameAs":["https:\/\/inclusivenews.com.br"],"url":"https:\/\/inclusivenews.com.br\/?author=1"}]}},"_links":{"self":[{"href":"https:\/\/inclusivenews.com.br\/index.php?rest_route=\/wp\/v2\/posts\/24524","targetHints":{"allow":["GET"]}}],"collection":[{"href":"https:\/\/inclusivenews.com.br\/index.php?rest_route=\/wp\/v2\/posts"}],"about":[{"href":"https:\/\/inclusivenews.com.br\/index.php?rest_route=\/wp\/v2\/types\/post"}],"author":[{"embeddable":true,"href":"https:\/\/inclusivenews.com.br\/index.php?rest_route=\/wp\/v2\/users\/1"}],"replies":[{"embeddable":true,"href":"https:\/\/inclusivenews.com.br\/index.php?rest_route=%2Fwp%2Fv2%2Fcomments&post=24524"}],"version-history":[{"count":0,"href":"https:\/\/inclusivenews.com.br\/index.php?rest_route=\/wp\/v2\/posts\/24524\/revisions"}],"wp:attachment":[{"href":"https:\/\/inclusivenews.com.br\/index.php?rest_route=%2Fwp%2Fv2%2Fmedia&parent=24524"}],"wp:term":[{"taxonomy":"category","embeddable":true,"href":"https:\/\/inclusivenews.com.br\/index.php?rest_route=%2Fwp%2Fv2%2Fcategories&post=24524"},{"taxonomy":"post_tag","embeddable":true,"href":"https:\/\/inclusivenews.com.br\/index.php?rest_route=%2Fwp%2Fv2%2Ftags&post=24524"}],"curies":[{"name":"wp","href":"https:\/\/api.w.org\/{rel}","templated":true}]}}