{"id":24526,"date":"2013-04-30T21:29:42","date_gmt":"2013-05-01T00:29:42","guid":{"rendered":"http:\/\/www.inclusive.org.br\/?p=24526"},"modified":"2013-04-30T21:29:42","modified_gmt":"2013-05-01T00:29:42","slug":"blog-deficiente-ciente-entrevista-o-senador-paulo-paim","status":"publish","type":"post","link":"https:\/\/inclusivenews.com.br\/?p=24526","title":{"rendered":"Blog Deficiente Ciente entrevista o Senador Paulo Paim"},"content":{"rendered":"<figure style=\"width: 275px\" class=\"wp-caption alignnone\"><img loading=\"lazy\" decoding=\"async\" title=\"Paulo Paim\" src=\"data:image\/jpeg;base64,\/9j\/4AAQSkZJRgABAQAAAQABAAD\/2wCEAAkGBhQSERUUExQWFBQWFxgXFxcYFxgYGBwXFx0YGBcYFxoXHCYeHBkkGhcVHy8gIycpLCwsFx4xNTAqNSYrLCkBCQoKDgwOGg8PGiwkHyQsLCwsLCwsLCwsLCkpKSwsLCwsKSwsKSwsLCwsLCwsLCksKSkpLCwpLCwsLCwsLCwsLP\/AABEIALcBEwMBIgACEQEDEQH\/xAAcAAAABwEBAAAAAAAAAAAAAAAAAQMEBQYHAgj\/xABDEAABAwEFBAgDBQcEAQUBAAABAAIRAwQFEiExBkFRYQcTInGBkaGxMnLBFCMkQvA0UmKS0eHxM4KishVTY5PC0hb\/xAAaAQACAwEBAAAAAAAAAAAAAAACAwABBAUG\/8QAJxEAAgICAgIBBAMBAQAAAAAAAAECEQMhEjEEQVEiMmGBEyNxoTP\/2gAMAwEAAhEDEQA\/ANJ2lb9z4hVJrJVs2kP3J7wqk2rC43if+YeT0Nb0sjC3tZ8FCdHdHDVrD+L6Kct0EZplsnTw1qnMrZF7oSnUy4Xr+zv7l5zrO7RXoy9Hfhn9y85Vx2itMBshB9SVyhCMJwAFyjKAVkBKCPCpewbJ2msAW04aROJxDBHEF0TlwUuiEPKCszdg6shpqUw4iYBcfPKPVJ1diKoMBzHZcHj\/AOqrmi+LIa7z97T+dnuF6oukfcs+VebLHs1XbUY4sloc0ktcDDQ4STvjwXpO5nA0KcGRhSsrui0jMum34afzH2KyGpote6b9KXef+pWRVFcOiMQlCUaKE0ENGUQR5KEOZQC6hEoQMIIIyoQ9SbJH8JS+UewVT6ZT+FHzBWvZE\/hKXyj2CqfTOfwo+YLMuwzDXnJNJTsnJNlpQByguihChApRoIwrshyiSg\/WSCqyj1LtQPuT4LPrdXe34VftqqkUSqhRYCJK4Xhv+v8AY7L6IF9sc+AclK3E6HniUd62bs9kZptdz4qt8lsT2ZJOpotd41Pw7+5eeq3xFeg7f+zP7l57rHtFaoGhiDigCuUJTgTtSVzXDUtBODJo+Jx0H9Unc939a6HZNBEnXwAHEfTRaPct2hpY1ueeQxCBBOuHfpx0lBKdBJWOLk2ZoWbDhYHVv33Z8O8D\/bG7VStsYN7CZyyORnuG7v8A7vBZi0EYt8Q3idcRO6J\/tvkbFZ2kCTnpwbvPedZWaUh0YlXdTdwkZZfrfkuTTqflbrO6CIz9lem3bTJAgnIZf5C7Gz4fIIhu4QD9EKmHxKPXu1rmxhBIiXdoGct0j9DxS1idWszZp1HRlLQBmOJDst85c1oNLZtn7uXrxSztnKRnLxRKTBfH5Mp6S7NUtVFtRgkUpLz8IgB0kbict2u7JZG85L0xbbgexxDD2HnMHn\/gf0WQ9I2xD6DjaGAYHHtNaIwnSRnm0nyPKCnwkuhMlRQCilEiTUAHK6lcSjVkOpREokSsh1KMuXAKONVRD1Lsh+yUvlHsFU+mf9kHzNVq2PP4Ol8o9gqp00H8IPmb7rMuw\/Rhx0SEpYnJN5WlAByjXBCOVCHUowuAjBVkDlBFmgqIerr+cOpMqmkiclatqcX2d2EYuSpFjLp7TS3kVwfD+z9jcno7vK0Qw5KKpv8AhPAqS2itH3ByUTZzNPwWpmDM6aZbrTVmyv8Al+iwCt8RW4itNkd8qw2tqVtga7tCDl1TpyQOJhclSFz0pJOhHMSOcd2\/dmmt0UWS6bOA3CIAblJGZJIOnr5DvtF21HAw0EcZPDkBI1yk7lXLnADxB1mTyED1O\/KZjvu9jDRnxWLNOjXgx8g7NTqk68stOferRdVicBmclCMtmE8lJULz0grOpNmrgl0WWlCdMtMKv0raTy9fRdttee9RMXLHZYDeAXAtZOiYWc8SnTsAGeZ3Tmf6BMUhbgl6Baq+We9V\/aa7ftFlcwkAtnLSWnUA7jBkGMi0TG+YtGknCO8x7KAt1ctcXagjtb8vLOEyMqZcsdx0edLfZurqPZrhc5vkcvRN5Vu6S7vdTthJ\/O3KNAAd3fOL\/dzVRIW1bMQEEIRwiKAiJQQKhAIyihHChD1DsYfwdL5R7BVbpo\/ZR8zfdWrYv9jpfKPYKrdNP7IPmb7rN7DMLdokEs7RIrSugAkaCChAygiQUIdBBFCChD0\/tFbTTpYgqVX2inOArTtgx\/UHCJzCzeuxzdVw\/CX9f7H5+0TdC\/W2iaVQANI1TemxoLmt+EZBV6qCTkcPNS12ZDWVqkqOdn6Jiz1fw1VvAH6rHagzK1apWwsqDiPoVlFXVacL0PxO4IQIUtcI+PuBI4jP6x5hRCf3bWjGM4IzjkZ\/QT5dBl0uWi10TAnXiIj1Jjdx8JqlacJjUbu7mqfdNtLHmDEAajQR3c\/ZS9G1kuhx954jXXvWPNGzb47LXSh+mU8VJ2GzDUkT4R6Sq1Y2xq7LyKWtN9sZkaje6cx5LKk70am0i6m0saM4\/p4n+iTrW1sEgie\/6LOa+11Of9QpChtBjMNJMlM4SQKlF+y+P2jw5Zk8\/wCg0UNeu27aGrsTtwH1UDeQrNpl4BCr9O7STjrPDCc+0MT45MGf80IoQT2wJy46RPf\/ANdaa7w4SIORmB3BW7Z+\/DUllUdoa8wePkqILwp03CjTsTapdAxVgHPdOkBsxluBKstmFQEfchggQxrWgiIEYwCTGepO+UycaQEJFc6VbUzFRpgAuYHdqCHYdGtJ0cAA3PXTgFQVt95200rG4mjTx1CA4PbjhrjGEyJJzPDOeCxKqRiMaSY7pMekLRilejNlhx38nMoyiQlOEgRFBCVZAyUOKJdcVTIentjD+DpfKPYKsdM37IPmb7qy7FH8FR+UewVa6ZP2QfM33WZdhmGE5JFLHRIwtKACRokFCBoBCUFCACCNBQh6f2qxdRA4hZnb6D3O0K0zbK0FtCQJzCrN2sNQSWwuH4brH+xuX0VKtdry0S3fuStjZhMcFdzZwzUKp24\/fOWluzDn6Gt9A9WY4LNKwzPJapXbiYRyWY3lTw1XDmn4H2ieO9NDEpSi+HCdN8R3FJoytZpLBZsnYiIJEeEQPT2UjdZk4ue9QdgtwAz3QD+v1opSzWwMcQO005g8jnp4pORWjRhkk9knbrzcxsN+I5dwO9MKVzYxLnHSTEAd5c4gAcz6rpjWvJcHThza0h2ZiQNIjLeeW9JFz6hmq6WnODv8OA0AS4qkOk+T+RD7DZ2n\/XxayKbC\/wD5OwjyCnbkNKk4Oax8b3Pc0yBrDWtEHx3JtYKTGyWNDRve7PLe1u5S3XFzcTd85kAyNCMxwnPdug5qptPTJCDWy63pSFSx48AaCJBhxMjMZggA7t\/iqW65mU+2W42nMPzcPmzz8+fELTtkCa1lFOpBGECPBI2y6W0QGGG6kH8pG+Y0PHis8XQ33RnFO3uB7D2gHWJaY4dgSRymFatnxIbI5Tn6ZZD9SpSjsnZKhxENni0H6gBL1LEGiKIw7gd8co0Hd5onIlWNNrLMypRwgSRBgZZtIOfl6LzufNb8LK6YfnuPjuWG3zYTRtFWmYlj3DLSJkekLR47uzP5KqhkggjK1mQKEULoolCBSujopOnsxa3AFtmrlp0IpPg+MJ7ZtgLwqNJZZK5Gf5CPR0FC5L5C4v4N62KP4Kl8o9gq30xD8H\/ub7q2bIWGpTstNj2Oa4NALSCCMuCrPTDZ3Gx5NJgtnI8VnvYRhB0SCXSK0oA5RoJejRlQoQRp26gm72wVEyUcQgixc0FCHqXae202UpqfDI3KpHbaztPYhWzaKzU308NQS2Rqqwdi7MTLYgrg+LX8exmXtClq2jp1qfZgKqV6k1CdVZ7bse1lIljh3Krvs5a4giMt6069GPN9o4pZhUHamzYaxPFX2iVV9s7No5MwupCcDqRTCgunBABdA3Fhuq8+rpABjd8mBM75y7skr9qDwDA1M5cYA\/XNQtgtGEwc2nXkeIU1UssgFunEHySJKmbIfXHXod2Gj2uyY3wdFMMuJzpLWyDpkSO6fRQVKplPipi7LcdJjjKzuzQkn0PbPsfUcZquDWjdMe\/0St7FtJoa3Uw1u4CTGU5k+XipGlaCBuPgoa8bGarxJJdu79ckHK2FVFpuG\/zZ3Q8jTin96dIllMdZB3R38PVZDfVW0U6pLjA8IKjzVNTDizA7UT3A+OiYsP5EzyRT62aAbxqUnOcxzjSLjhIJjCdPRTt37SCBJTGx3rSqU203GlAbDcJHIAEHPfpyVbvCKDpY5rmE6CSB5jRA4MOOWLNGFua8TvWRdJl34LX1m6swPHHs9gz4hXS6rfIUB0mwW2c7+2IzmMj5AwPEJmB\/ULz7iZ6hCWwLkhbkzAJK49F9xUbTa4r1DT6tuNkR2ngiAZ3DVVCE6u61upVGvbkR7IZpuLSCg0pWzbr02zttkcWv7TAcngS2N2e7xR2DpMfXe2m133jjAhRNx7TAgNdBEDXNJ3Xc7KV4vrMaGscyWgaBxIxQO73K50lqjrNLukag21mjTL3Oknind33wyq2cYz1GipF53pjeKc9mD6JhXYQQykSHOyy3b58EtSaFPCpd9lrv3YG7rYSX0mNefz0zgd44cj4grO7+6AajTNkrte3cyr2XfzNEHyC0K5b9bSHVuAkDN3HnKkae11An4gOcp0csl7M8sUr0rPNG0OyVpsLwy00iyfhMhzXfK4ZHu1TWztXpu+XWa20H0nt6ym4cMwdzmzoRqCvNdvsnU1qlMmcDy2eMEiVphk56FSxuO2dOp5JhXanJqZLg0SUaAYwwIJybMUEyxZ6itth6wQT7ptRuVoyn1Ke4pK5L8149Ta0jpDapdjGguJMDMiT9Vn1+XnTrVpp6AQVf75f+GqH+ErGLgqF0k710PFblFtmDzV9KJ9uqjdprPipFSgCSt9LFTcOS2L5OVF07MqdqjalbVTh7hzXDV0k9HTOwpS5bZDgwkw4wM9548lFtRhyklyVBQk4u0WfDhcRwJ\/lOYUnQjIhQNhqVHDE\/SBBOpUnRrgZSCNMlllFo3Y8kWTdK35IheAbLj\/jmVE9dzUbeN4kYmjQ5cs59dPVAoWw5z4qxO\/Ly610nech6JhTecIEAEaHkd3KPWUzoNL3xO8Zn9bld7vs1ENw4GnLMuAcSef8AaFrowt27ZV7RXe4TmdwgbhoPfzSX\/mqnwukzxjXLeRJ3K6W6y\/d\/dsGQnCB6j+iqzruLyHNbPDmeHfqh\/DLklVplkua3BzcWTcMZTpOoE678k12+cSKBPAxnlH6jNdG7S2liERAEZ4hOeEjxmdMjwC72gup1Wz0MGbmNJwxBdOHMGYktDTHMoceP6rQU8lxopS4cuzwiPeea4JTzOJJRqILpqshZriteNsfmbl4birBb7yLRTiQG5TPqqFYbUabw4ePcrnZqortAAneO\/csuWCuzoYMnKNex7\/5XNpGZITqxbQYHuLtYyURfFB9OAGGREkad8qMtzjAdmCNe5J\/jTH8iT2o2qJHfwXOzFtNWoCQXgflAJ81Xr0GINaIJJ3LT9irq6mztGjiM\/FG4pRBi25fgsVW+G06WTS1x0BELDdpqZ+11jxeT55rav\/HNJ7eZI5LJdsLFhtdQDkfQKYOxHkdEDRZP6\/XJSdCyymNKlBUnZjC1JbMTegGxIJ11w5oI+KE2bLS2jo4yMY0RDaezh4BqNEzGaiXbLAZQou9tgXVQIMQV4+Cg5U3R3JxpWi03leDKlnqBjgSQQIKzC7bpdQ7LtVbbl6OXMI+9cO4\/2Se013to1WsBkxJXR8dxjcYuzl+YpONtdEewZLlwXVMI3Bazjma7R0MFc81FYladtbLDg5VVbsbuJ0cbuKFGEkwMzuG9TdiuwUxif2n7hqB38T7Jld1PD2muaXxpnInnxSzr1xa6pg0WtFsPFIWe19sZ5b\/0E0fVkrU7N0XsddLKlIF1qexleSfiD2h3VAaABpyOsjnlVaCT2UKtasiR+v1ko201iW95SlaRIMgjL6FJWXny9f8ACFKg5TsXu2z5H0UhY7aWmDEj9T5Lu77OdTxE+mXiJ9EjeVhMQBBAJM8ILoPpCsF9EzZ9qeAkDUnIeamrgu9lqFR1LsubmWzLTMkGBMwRMwYlZuDhcwPBLQRLdJ4iVp1lsNnoRarLlQr0g3DJOGqHZgTmCRlHfCj6KTO6t19e6lRI7b6gaCDGo7RjhOGe92ZlP9tqLaNsNNmjGUh5MDfYBW7YfZwAm11B944Q0HcN7s9HGBMcFQtsrb1l4WgjQPwf\/G1rD6tKfhX1AtkLeWzlK0OxGabt7mgdrvByJ5pjW6OXasrtPDEwj1BPsp6g9PRWgZ6J8oJgWZ9bNirUzMMFQcabsXoYd6KGr2Z7PjY5u7tNc33C0+he8GOe9Pad4kjMAjxSnjJyMd6xTuy99dW8NJyJy7+C0L7HQccRoUieJpsn2XNS4bK8ybPSnk3D\/wBYQSw2qGQnxdoUFqa9ue8eSh71uYuEU3DDwIzSl5WR1IlzQTT8y3v5c11d1uDxE6rBKMoOmdKE4zVoaXFswGdtwl27uV5staGADKFEG1tGnBc\/bhEaJbbexvFJUh\/WvOHQDCpm2AxWhx4tb7KXZaRjG\/NcdIV2lgpVwOy9uA5aEZie8eyPC6Zl8hNxKY1qVYITXrkbbWtlnPaHiNMftqCsqj0QXLoFJGoDoZSpC8YmdhnbKxnJZ\/tOPxbjqYH1V5NcNOZA71Rb5cHV3uBkcVu8KLlkdIw+av69DZqN4SbqsJCtaOa7sPFk+9HIWFvsj9orsNdkNieZgKBu3Yhz3HrXta1oLjhP5RqS5wAaPAqzurDCXvdgpt1cf+rRq5x4BQt5WzrgGluCkDIp\/mcf3qpGp\/hGQWhY1BUts1QjxVIjLdZGv7FlYBTYT96ZBee854eCj2XS93accJnMfXJT4q5ZRA3fRNa7k3gkhlkS+iGh0cNf1uXprZOhN32XlZ6I8mNXml4kHnkvTexz4slAf+1T\/wCoCDoIzjpJ6Oi5xtFmb2z\/AKlMZYv4m8+I3rIqmRy7iCI0OhG5etbXZJWV9IvRy2qHWijhZVGb5IDXgbyTkHc\/NRxvaC7Mssd9YQ4OGRG7cd0eQ8ks6\/GuMkEEiHRodyYWmwVGHtsI5xl3h2hHiiu+7X1XQwGJ7ToyH9+SWRqh9ZazqjoptJ01GXj3q57OWZ9Fs1TipPcC8bqbtG1BymA7zXNzXI1jQ1o\/qTxK0LZe5GuMPGJpBDgdCDkQUVaBbLZRtbKNk6z8lOmXnuaCT7LAqFYvJe74nkud8ziXH1Kvu2FStZ7FabGJcOwWuJz+zlwk8yIwHunes8shMJ2LspktScnDa2XomTHJQOWgBjO0mDponllqyElaRM88\/NI3fU3ISiXZUS7KyY412yqqLJDrlDW6xBhxsEA\/EBuPEck+NRJ2msMJJ0jNLyQU40MxzcJWiMFZ2UaJfrz3piWFjoPenNIgrltNaZ1VK1ZI2A9oOylaFs7amVG4HgPa4YXNcJBByggrNaYwq3bD4qtdoGg7TvlH94CBXyVAzri7KJ0m7COu+tipgmzVCcB\/cdqabj6g7x3FUg1V62vq56dqoPoVW4mPEHkdzhwIOYK8s7U7OVLFXfTfmA4tDtxj6wt9HMIvrDzQSEoISi23ZtJaWuaG1Hdxz81eLLedYQalQlxExoAOKolw0R1oJ0aCfLNWA2knETrB9ljxeJDLktx0v+s1SyyhGk9smK94Fwl5kxomNW1Js+qknvXWjCMFUVRicnLs6qVjxSdaq2m0PqScXwMb8b+7g3i45d6K11hRgEB9ZwltKcgP3qxHwj+HU8lH1Jkve4vqO1ceH7rRoGjcAhb5dEQVqtDnkPqRIyYxvwMHBvF3FxzKaB+IpOrVxOTqlTgZqJLpFhOMJrWKcPTaoFb6IN6TZI7x7r0zs1ZpslHlTA8l5ra2AvSWxFoxWKmeAj6\/VKkEPr4venZaD69d2CmwST7ADe4mABvJXnTbHbyteLzM06APYog5RuNQj4nnyG7ibx0jWqteb+rs\/bo0S44R+dwyL\/oPE71mNW63MLWvaWEzhkaxkc\nuKpuhkYOXQwpWpzMhpwn+i7oW2ow46b3Nw\/lmW92E5Qu7TYi3XzTWmw4spPdvVd7RdtfTI1bo\/2jpWxwpPinX3NnJ8ammTv\/h171rt0XaKbZWEbG9G1WvUDng0mAhxdo7i1reDt87teC3KpbDZbO59Z2NtNhdijtZaB3E6CeefFX6AMy292qAvQTnRot6ioBvD86p8CW\/yKFvS5\/s9UsGbCA5juLTooOtVNR7nvMuqOLnfM4ku9SVZbtrG02IsOdayZt4uoO\/\/AD9E37GgCMhdioFzjlJkLQCLPdPt5piOy5O90JnWO9CyiUxyFzjhI2epkuyVZBfrUja6vZjiQPVEeSa2x2Q4hwVFj7qBUp1IE1GtxNG8gfEOfZz8FF2avMELtt4uY4PYYc0yOH+Fabhuqx1aYqikZqEvIxuABJzaANwMrHnx27Rrw5eKpkZZbM6oQGglxyAGZlaxsdcTbJTwuM1nwXxnHBvh7qFu8spCKTG0\/wCIZu\/mKlrsvKDE9\/EpcMXHbLy5eWkWhY5t7ZmVLXXY8S0keeEZjmtfpVQRqsc2trTbKx4uke30WrD91GZmc2jYiqHHAWlm4kwY55IK4B\/egnfwxB2UrZmu7E6dIA8zP0U9Vqw12e5RNjaKdNg3kYj3mD7QPBPbO01ey0Z8+A3k7hxKXFKCI3ZJNeXGAJO6Pom9rvE03GnRh1f8z9WUu7c6p7eyFe8MU07O7LSpX48W0uXF2\/uXVmszabcLRAHrzPFD9\/8AhDizWYMBMlzjm5xzc48SU0t9dO61RRNV2JyJ6RSHFjo7ynJCKi2Ag5RdFiZakiySl3FcwrLEYWq3PeFarY6VkswI6xrTUq5gNaWiWtO8neR3d2Wb1unRkybHRdwYB5ZfRKyPotHVybJizN7Ml28n2A4Kn9LFysFFtYQ13WtEaS50gx4Ak\/KthLAsi6WL+pms2g3PqZe8j\/1C2Gt\/2tcSTxeOCDkxsY8nV0ZaLS92Njg3s5ZzP+Vf+iHZalVxVX9pzX4YOeHKQe8j2I4rPbocX1Xz+cz3a+gC0jo1tos94NonJtVpb\/uEupnvPa\/mCrSpLthNOcXJvS0jW7FTEkgZCYVW6Xbz6uxtpA51ngH5Wdo+uFXenTAEBY\/0uW\/HbG0xpSpjL+J5xH\/iGI4q2JZRWhSF03n9nrMrDRvZqDjTdk4fXwTSF00eKe42qAJm\/bD1FaG50ngPpu\/hdnHgmeKVJXWftNidQOdWy9pnE0Tu8PoFW7debqcQwvLpgjTLidxUhLWyEi143ptaHNdJaZE7uO8KGfQtFb4nYGn8rfqVLWSyYKYbwV3ZVClkqp25R7Ww5OnPyRIh0aqj7ZaMxPFOKtTJQNrtZL\/AoZMtI7tVugGCpLY\/aY0nYH\/A7MciT7FVmrVxugaJ1aqUMa4at17kptsJaNjoXiCMinVKsdQs82S2tpwKdc4SNHn4Y4E7lpNgpte0OaQ4HQggj0VaCbJixX0Qw8YWbbSWibQeY+plXS2WinRaXPqNaAJMkBYptJtG60V+sacIYfu+7ie9SLUZWB2WMOduaSO4oKpVNoahOTy0cPfegmvKiUP7rpuruAGQDcTidGtAzPE9wXNrvEVGup0ZbRHxO\/PVI\/e4M\/hQQSJO5bIK2WpkIEDcE7FTJBBPQIztdVN7LTkyggh9l+grfaHU3S3PiD9OBXNnvZrjhzDju19QgggbphUO5RyggjBOCVr\/AEW3oRZ2M3S8f8nEe6CCXk6CReL6vb7PZ6tYierY50cSBkPEwvNF62tzxUe4kueXFx5uzPqjQUgtNkbfQ3u4dW7FGRViu2s5lVtYHth4eDzBBHqggjwpNtjc7ajCPqr\/AGz0Jd1sFWkyoNHtDvPNYDtFbzXtdapudUcR8oOFv\/EBBBDDtin0MAF2AggnoEWu28DZ6zK40bk8cabsnD6+CfX\/AGIUq7g34HAPbP7rsx3FBBK6n\/pBj1fkdEq1uSNBOZQ2qtzXPWIIKFDK21siq3VtObjyhBBJydho6u+nlKl6NOQQdCIQQUj0WyAqCCRwKWs161aQIp1XsB1DXEA+RQQSyxtVtDnZucXHiST7oByJBVZA0EEFLKP\/2Q==\" alt=\"Paulo Paim\" width=\"275\" height=\"183\" \/><figcaption class=\"wp-caption-text\"> <\/figcaption><\/figure>\n<p>Por Vera Garcia<a href=\"http:\/\/www.deficienteciente.com.br\/2013\/04\/blog-deficiente-ciente-entrevista-o-senador-paulo-paim.html\" target=\"_blank\" rel=\"noopener\"><br \/>\ndo blog Deficiente Ciente<\/a><\/p>\n<p>O senador Paulo Paim nasceu em Caxias do Sul em 1950, foi oper\u00e1rio metal\u00fargico e l\u00edder sindical. Em 2003 ocupou a vaga de senador e atuou durante muitos anos como presidente da Casa.  \u00c9 autor de diversas leis, entre elas o Estatuto da Pessoa com Defici\u00eancia. Acompanhe a entrevista.<\/p>\n<p>Deficiente Ciente: O que o motivou a entrar na carreira pol\u00edtica?<\/p>\n<p>Senador Paulo Paim.:  Eu me criei num ambiente familiar que de certa forma era muito pol\u00edtico. Os meus pais eram getulistas e eu ouvia muitas hist\u00f3rias sobre ele. E assim eu fui crescendo. A minha inf\u00e2ncia e adolesc\u00eancia foi vivida num per\u00edodo muito conturbado do nosso pa\u00eds. As d\u00e9cadas de 50 e 60 foram per\u00edodos de \u2018caristia\u2019 como se falava na \u00e9poca, e de muita desigualdade social e disputa partid\u00e1ria ideol\u00f3gica. Eu creio que assim eu fui formando uma posi\u00e7\u00e3o pol\u00edtica de vis\u00e3o social e de combate a todas as esp\u00e9cies de injusti\u00e7a. \u00c9 claro que eu tive um inicio: fui militante do movimento estudantil. Depois veio o movimento sindical: presidi o Sindicato dos Metal\u00fargicos de Canoas em plena ditadura. Em 1986 fui eleito deputado federal para a Assembleia Nacional Constituinte.<\/p>\n<p>D.C.: Notamos que o senhor desenvolve um trabalho perseverante, h\u00e1 algum tempo, com os segmentos vulner\u00e1veis da sociedade, como por exemplo pessoas com defici\u00eancia e idosos.  O que o levou a lutar por estes segmentos?<\/p>\n<p>P.P.: Eu sempre digo que h\u00e1 algo dentro de mim que n\u00e3o aceita discrimina\u00e7\u00f5es e injusti\u00e7as. Tive na fam\u00edlia uma experi\u00eancia que me marcou e me ensinou muito: foi a conviv\u00eancia com a minha irm\u00e3 Marlene que era cega. Hoje ela n\u00e3o se encontra conosco, mas a li\u00e7\u00e3o que ela me deixou ajuda a compreender as dificuldades e o potencial que essas pessoas carregam.<\/p>\n<p>D.C.: Qual a import\u00e2ncia do projeto de lei \u201cFim do Fator Previdenci\u00e1rio\u201d na vida dos trabalhadores?<\/p>\n<p>P.P.:  Eu considero o fator previdenci\u00e1rio o maior inimigo dos trabalhadores brasileiros. \u00c9 um absurdo, um crime o nosso pa\u00eds ainda mant\u00ea-lo. O fator previdenci\u00e1rio retira, rouba, assalta na hora da aposentadoria cerca de 50% do sal\u00e1rio da mulher, e de 45% do sal\u00e1rio do homem. Vou dar um exemplo bem pr\u00e1tico. \u00c9 como se de fato um trabalhador ou trabalhadora ter que receber de aposentadoria R$1.500,00, mas com a aplica\u00e7\u00e3o do fator previdenci\u00e1rio ele ou ela recebesse R$ 800,00. \u00c9 de ficar indignado. O Senado j\u00e1 aprovou a nossa proposta que acaba de vez com o famigerado fator. E pasmem: o projeto est\u00e1 na C\u00e2mara desde 2008, na m\u00e3o dos deputados federais.<\/p>\n<p>D.C.: Segundo o Governo, a aprova\u00e7\u00e3o do projeto Fim do Fator Previdenci\u00e1rio, causaria um rombo nas contas do tesouro nacional. Entretanto, o governo tem dinheiro para reduzir tributos aos empres\u00e1rios com o caixa da Previd\u00eancia. Como o senhor est\u00e1 reagindo ao veto da presidente Dilma Rousseff em rela\u00e7\u00e3o a esse projeto?<\/p>\n<p>P.P.:  Primeiro, a Previd\u00eancia Social nunca foi deficit\u00e1ria. A pr\u00f3pria Associa\u00e7\u00e3o Nacional dos Fiscais da Previd\u00eancia (Anfip) possui estudo demonstrando que a Previd\u00eancia brasileira \u00e9 superavit\u00e1ria. N\u00f3s temos que ficar de olhos bem abertos para n\u00e3o cairmos em fal\u00e1cias. Esse discurso de \u2018rombo\u2019 n\u00e3o condiz com a realidade. J\u00e1 as desonera\u00e7\u00f5es que o governo t\u00eam feito s\u00e3o mais um exemplo de que a Previd\u00eancia n\u00e3o est\u00e1 quebrada. Sobre a quest\u00e3o dos vetos \u00e9 importante frisar que o Executivo quando veta esse ou aquele projeto est\u00e1 no seu direito, est\u00e1 na Constitui\u00e7\u00e3o. Por outro lado, em 26 anos que eu estou no Congresso, nunca um veto foi derrubado. Agora, eu creio que se a analise dos vetos presidenciais fosse pelo voto aberto, tudo seria diferente. Eu tenho dito nas minhas palestras sobre o assunto que a popula\u00e7\u00e3o deve ficar se perguntando: \u201cAfinal, o projeto n\u00e3o havia sido aprovado pelos parlamentares, ent\u00e3o, por que o veto ao projeto foi aceito? Qual dos parlamentares mudou de ideia, ser\u00e1 que foi o meu?\u201d. Da\u00ed a import\u00e2ncia do fim do voto secreto no Legislativo.<\/p>\n<p>D.C.: A antrop\u00f3loga Yvonne Maggie, professora titular da UFRJ, \u00e9 contr\u00e1ria ao sistema de cotas raciais nas universidades p\u00fablicas. Segundo ela, a entrada obrigat\u00f3ria de alunos pobres no ensino p\u00fablico superior n\u00e3o garante seu sucesso, pois n\u00e3o h\u00e1 no ensino superior nenhuma preocupa\u00e7\u00e3o em formar os menos preparados e ajud\u00e1-los a adquirir a base necess\u00e1ria para cumprir o curr\u00edculo pedag\u00f3gico. Qual sua reflex\u00e3o sobre essa quest\u00e3o?<\/p>\n<p>P.P.: Primeiramente gostaria de esclarecer que a lei n\u00famero 12.711 de 2012, sancionada em agosto do ano passado, garante a reserva de 50% das matr\u00edculas por curso e turno nas 59 universidades federais e 38 institutos federais de educa\u00e7\u00e3o, a alunos oriundos integralmente do ensino m\u00e9dio p\u00fablico, em cursos regulares ou da educa\u00e7\u00e3o de jovens e adultos. Os demais 50% das vagas permanecem para ampla concorr\u00eancia.<br \/>\nA lei n\u00famero 12.711 n\u00e3o \u00e9 de uso obrigat\u00f3rio, o candidato a utiliza se achar necess\u00e1rio, como qualquer lei, contudo ela estar\u00e1 dispon\u00edvel para sua utiliza\u00e7\u00e3o.<br \/>\nSabemos que as institui\u00e7\u00f5es de ensino superior no Brasil possuem v\u00e1rios desafios, mas ainda s\u00e3o reconhecidas como espa\u00e7os de excel\u00eancia, e com certeza os alunos e alunas, que l\u00e1 estiverem ter\u00e3o a oportunidade de mobilidade  intelectual e social, diferente daqueles que l\u00e1 n\u00e3o est\u00e3o.<br \/>\nComo diz o mestre Boaventura de Sousa Santos \u201c(\u2026)  temos o direito a ser iguais quando a nossa diferen\u00e7a nos inferioriza; e temos o direito a ser diferentes quando a nossa igualdade nos descaracteriza. Da\u00ed a necessidade de uma igualdade que reconhe\u00e7a as diferen\u00e7as e de uma diferen\u00e7a que n\u00e3o produza, alimente ou reproduza as desigualdades \u201d.<\/p>\n<p>D.C.: O projeto de lei Estatuto da Pessoa com Defici\u00eancia, de sua autoria, aguarda aprova\u00e7\u00e3o na C\u00e2mara dos Deputados. O que mudar\u00e1 na vida das pessoas com defici\u00eancia com a aprova\u00e7\u00e3o desse projeto? E o que falta para que este projeto de lei seja totalmente aprovado e posto em pr\u00e1tica?<\/p>\n<p>P.P.: Primeiramente, o projeto original do Estatuto das Pcds apresentado na C\u00e2mara Federal quando fui deputado vem promovendo debates sobre este tema em todo o Brasil. Nestes 13 anos j\u00e1 foram realizados 1.168 encontros em todo o pa\u00eds e nos \u00faltimos 5 anos o Conade promoveu 5 encontros regionais e 3 confer\u00eancias nacionais para debater e aprimorar o estatuto \u00e0 luz da Conven\u00e7\u00e3o Internacional. O governo federal e a C\u00e2mara dos Deputados constru\u00edram uma comiss\u00e3o para sistematizar todas as propostas que chegaram dessas atividades  e eles tem um compromisso com o Conade de entregar o resultado desse trabalho at\u00e9 o m\u00eas de maio de 2013. Portanto, as conquistas que o estatuto ir\u00e1 apresentar para a sociedade foram trabalhados por este segmento. As pol\u00edticas p\u00fablicas dever\u00e3o garantir acessibilidade universal em todas as \u00e1reas de atua\u00e7\u00e3o do Estado: sa\u00fade, educa\u00e7\u00e3o, transporte, assist\u00eancia social, cultura, tecnologia, lazer, esporte, trabalho e outras.<\/p>\n<p>D.C.: Os Centros de Vida Independente Brasileiros fizeram um manifesto p\u00fablico contra o Estatuto da Pessoa com Defici\u00eancia, afirmando que sempre houve uma luta incans\u00e1vel, h\u00e1 d\u00e9cadas, pela inclus\u00e3o, e o Estatuto ir\u00e1 separar os direitos das PcD. Ou seja, o estatuto dar\u00e1 uma vis\u00e3o assistencialista e paternalista, na contram\u00e3o da evolu\u00e7\u00e3o hist\u00f3rica das PcD. Segundo eles, se existe a Conven\u00e7\u00e3o sobre os Direitos das Pessoas com Defici\u00eancia, por que essa Conven\u00e7\u00e3o n\u00e3o \u00e9 regulamentada?<\/p>\n<p>P.P.: Respeito a posi\u00e7\u00e3o contr\u00e1ria desta entidade, mas o estatuto tem como desafio apresentar ferramentas para o protagonismo dessas pessoas como tamb\u00e9m a inclus\u00e3o do estado e a sociedade para com eles e tudo que est\u00e1 no estatuto foi apresentado por esses segmentos. A coordena\u00e7\u00e3o dos debates aqui no Senado, na C\u00e2mara e na sociedade foram realizados com a participa\u00e7\u00e3o direta do Conade. As 3 confer\u00eancias nacionais realizadas nos \u00faltimos 5 anos aprovou a necessidade do estatuto \u00e0 luz da Conven\u00e7\u00e3o Internacional.<\/p>\n<p>D.C.: Qual sua vis\u00e3o sobre a situa\u00e7\u00e3o da pessoa com defici\u00eancia hoje, no Brasil?<\/p>\n<p>P.P.: Ao longo dessas \u00faltimas 3 d\u00e9cadas, a pessoa com defici\u00eancia conquistou v\u00e1rios direitos, mas precisamos ainda avan\u00e7ar muito, principalmente na melhoria dos n\u00edveis de escolaridade e na ocupa\u00e7\u00e3o de vagas no mundo do trabalho, s\u00f3 pra se ter uma ideia,segundo os dados do censo demogr\u00e1fico, do IBGE, de 2010, 51 % das pessoas com defici\u00eancia, em idade ativa, n\u00e3o eram ocupadas ou n\u00e3o possu\u00edam rendimento. Ainda segundo o IBGE, 61,1% das pessoas com defici\u00eancia possu\u00edam sequer o ensino fundamental completo, o que se reflete diretamente nos n\u00edveis de rendimento dessas pessoas, segundo a coordenadora da pesquisa; de acordo com os dados 46,4% dessa popula\u00e7\u00e3o recebiam apenas 1 sal\u00e1rio m\u00ednimo.; se for falarmos em n\u00edvel superior de ensino, o percentual de pessoas com defici\u00eancia \u00e9 de apenas 6,7%.<\/p>\n<p>D.C.: No Brasil h\u00e1 muitas leis, no entanto n\u00e3o s\u00e3o colocadas em pr\u00e1tica como deveriam. Foi aprovada a lei que institui a Pol\u00edtica Nacional de Prote\u00e7\u00e3o aos Direitos da Pessoa com Transtorno do Espectro Autista (Lei n\u00ba 12.764), que inclusive \u00e9 de sua autoria. Um estudo populacional americano demonstrou que 30% dos autistas com certo n\u00edvel intelectual e tratamento precoce se tornam independentes. Al\u00e9m de garantir a inser\u00e7\u00e3o social dos autistas, essa lei assegurar\u00e1 pol\u00edticas de sa\u00fade p\u00fablica para o tratamento e diagn\u00f3stico do autismo? A Lei n\u00ba 12.764 apoiar\u00e1 e subsidiar\u00e1 pesquisas nessa \u00e1rea?<\/p>\n<p>P.P.: Claro! A lei dos autistas surgiu de uma proposta do movimento de pais e familiares de pessoas com transtorno do espectro autista. Ela prev\u00ea o direito ao diagn\u00f3stico precoce ao tratamento, \u00e0 nutri\u00e7\u00e3o e a pesquisa na \u00e1rea. Vale lembrar o importante trabalho realizado pela sr\u00aa Berenice Piana.<\/p>\n<p>D.C.: O projeto de Lei 277\/2005, da deputada federal Rosinha da Adefal, que diz respeito \u00e0 aposentadoria especial para pessoas com defici\u00eancia, n\u00e3o contemplou o Benef\u00edcio da Presta\u00e7\u00e3o Continuada (LOAS). A inclus\u00e3o desse benef\u00edcio poderia ajudar in\u00fameras pessoas com defici\u00eancias graves, uma vez que uma pessoa com patologia grave nunca poder\u00e1 trabalhar e sempre depender\u00e1 de familiares e\/ou cuidadores. Al\u00e9m do que, os pais que t\u00eam filhos com esse tipo de defici\u00eancia n\u00e3o ter\u00e3o chance de trabalhar, porque dedicam todo seu tempo para cuidar dos (as) filhos (as). Vale ressaltar que n\u00e3o h\u00e1 interesse da maioria dos parlamentares em exigir do Governo Federal, a extin\u00e7\u00e3o do c\u00e1lculo onde o benefici\u00e1rio somente ter\u00e1 direito se a renda per capita da fam\u00edlia for inferior a 1\/4 do sal\u00e1rio m\u00ednimo. Qual sua opini\u00e3o sobre este projeto de lei? Ainda h\u00e1 possibilidade de altera\u00e7\u00e3o do texto?<\/p>\n<p>P.P.: O PL 277\/05  trata de aposentadoria, portanto, \u00e9 assunto ligado \u00e0 previd\u00eancia,j\u00e1 o BPC \u00e9 assunto da assist\u00eancia social e para esta pol\u00edtica o estatuto prop\u00f5e mudan\u00e7a pois os debates refor\u00e7aram isto. Teremos que aguardar o resultado da comiss\u00e3o especial pr\u00f3 estatuto que est\u00e1 na C\u00e2mara sistematizando as propostas que chegaram do Conade, pois existem duas : uma \u00e9 acompanhar o que est\u00e1 no estatuto do Idoso que \u00e9 de um sal\u00e1rio m\u00ednimo por pessoa carente e a outra \u00e9 de 1\/2 sal\u00e1rio m\u00ednimo per capita, o que vai garantir \u00e9 a press\u00e3o das entidades nessa comiss\u00e3o.<\/p>\n<p>D.C.: N\u00e3o seria muito mais coerente viabilizar planos integrados de acessibilidade, trabalho, educa\u00e7\u00e3o, sa\u00fade, urbaniza\u00e7\u00e3o, cultura e esporte, no que diz respeito aos direitos da pessoa com defici\u00eancia? Pois al\u00e9m de vinculados, todos esses programas de governo poderiam ser implantados em todos estados e munic\u00edpios brasileiros, teriam continuidade nos governos posteriores e resguardariam dessa forma, os direitos desse segmento. Em sua opini\u00e3o por que isso n\u00e3o foi feito at\u00e9 hoje?<\/p>\n<p>P.P.: As pol\u00edticas do governo federal j\u00e1 vem sendo realizadas atrav\u00e9s de planos, programas,  projetos e s\u00e3o garantidos por decretos, portarias que s\u00e3o instrumentos de governo para implementar essas a\u00e7\u00f5es. A dificuldade que existe l\u00e1 nos munic\u00edpios  \u00e9 uma ferramenta que garanta ao indiv\u00edduo acessar seus direitos e pra mim o Estatuto das Pessoas com Defici\u00eancia ter\u00e1 este papel, pois em algumas atividades que tivemos no interior do pa\u00eds o Minist\u00e9rio P\u00fablico nestes encontros apontou esta car\u00eancia, portanto o clamor pela aprova\u00e7\u00e3o do estatuto n\u00e3o \u00e9 s\u00f3 deste movimento, mas sim de \u00f3rg\u00e3os que tem a responsabilidade pra colocar em pr\u00e1tica direitos que fortalecem a cidadania das pcds.<\/p>\n","protected":false},"excerpt":{"rendered":"<p>O blog Deficiente Ciente entrevistou o senador Paulo Paim. Em 2003, Paim ocupou a vaga de senador e atuou durante muitos anos como presidente da Casa. \u00c9 autor de diversas leis, entre elas o Estatuto da Pessoa com Defici\u00eancia. Acompanhe a entrevista.<\/p>\n","protected":false},"author":1,"featured_media":0,"comment_status":"open","ping_status":"open","sticky":false,"template":"","format":"standard","meta":{"site-container-style":"default","site-container-layout":"default","site-sidebar-layout":"default","disable-article-header":"default","disable-site-header":"default","disable-site-footer":"default","disable-content-area-spacing":"default","footnotes":""},"categories":[38,42,48],"tags":[],"class_list":["post-24526","post","type-post","status-publish","format-standard","hentry","category-deficiencia","category-entrevista","category-inclusao"],"yoast_head":"<!-- This site is optimized with the Yoast SEO plugin v27.4 - https:\/\/yoast.com\/product\/yoast-seo-wordpress\/ -->\n<title>Blog Deficiente Ciente entrevista o Senador Paulo Paim -<\/title>\n<meta name=\"robots\" content=\"index, follow, max-snippet:-1, max-image-preview:large, max-video-preview:-1\" \/>\n<link rel=\"canonical\" href=\"https:\/\/inclusivenews.com.br\/?p=24526\" \/>\n<meta property=\"og:locale\" content=\"pt_PT\" \/>\n<meta property=\"og:type\" content=\"article\" \/>\n<meta property=\"og:title\" content=\"Blog Deficiente Ciente entrevista o Senador Paulo Paim -\" \/>\n<meta property=\"og:description\" content=\"O blog Deficiente Ciente entrevistou o senador Paulo Paim. Em 2003, Paim ocupou a vaga de senador e atuou durante muitos anos como presidente da Casa. \u00c9 autor de diversas leis, entre elas o Estatuto da Pessoa com Defici\u00eancia. Acompanhe a entrevista.\" \/>\n<meta property=\"og:url\" content=\"https:\/\/inclusivenews.com.br\/?p=24526\" \/>\n<meta property=\"article:publisher\" content=\"https:\/\/www.facebook.com\/agenciainclusive\/\" \/>\n<meta property=\"article:published_time\" content=\"2013-05-01T00:29:42+00:00\" \/>\n<meta name=\"author\" content=\"inclusivenews2024\" \/>\n<meta name=\"twitter:card\" content=\"summary_large_image\" \/>\n<meta name=\"twitter:label1\" content=\"Escrito por\" \/>\n\t<meta name=\"twitter:data1\" content=\"inclusivenews2024\" \/>\n\t<meta name=\"twitter:label2\" content=\"Tempo estimado de leitura\" \/>\n\t<meta name=\"twitter:data2\" content=\"11 minutos\" \/>\n<script type=\"application\/ld+json\" class=\"yoast-schema-graph\">{\"@context\":\"https:\\\/\\\/schema.org\",\"@graph\":[{\"@type\":\"Article\",\"@id\":\"https:\\\/\\\/inclusivenews.com.br\\\/?p=24526#article\",\"isPartOf\":{\"@id\":\"https:\\\/\\\/inclusivenews.com.br\\\/?p=24526\"},\"author\":{\"name\":\"inclusivenews2024\",\"@id\":\"https:\\\/\\\/inclusivenews.com.br\\\/#\\\/schema\\\/person\\\/ae4ec7087559b8692fb33b6fffd2273b\"},\"headline\":\"Blog Deficiente Ciente entrevista o Senador Paulo Paim\",\"datePublished\":\"2013-05-01T00:29:42+00:00\",\"mainEntityOfPage\":{\"@id\":\"https:\\\/\\\/inclusivenews.com.br\\\/?p=24526\"},\"wordCount\":2195,\"commentCount\":1,\"publisher\":{\"@id\":\"https:\\\/\\\/inclusivenews.com.br\\\/#organization\"},\"articleSection\":[\"Defici\u00eancia\",\"ENTREVISTAS\",\"INCLUS\u00c3O SOCIAL\"],\"inLanguage\":\"pt-PT\",\"potentialAction\":[{\"@type\":\"CommentAction\",\"name\":\"Comment\",\"target\":[\"https:\\\/\\\/inclusivenews.com.br\\\/?p=24526#respond\"]}]},{\"@type\":\"WebPage\",\"@id\":\"https:\\\/\\\/inclusivenews.com.br\\\/?p=24526\",\"url\":\"https:\\\/\\\/inclusivenews.com.br\\\/?p=24526\",\"name\":\"Blog Deficiente Ciente entrevista o Senador Paulo Paim -\",\"isPartOf\":{\"@id\":\"https:\\\/\\\/inclusivenews.com.br\\\/#website\"},\"datePublished\":\"2013-05-01T00:29:42+00:00\",\"breadcrumb\":{\"@id\":\"https:\\\/\\\/inclusivenews.com.br\\\/?p=24526#breadcrumb\"},\"inLanguage\":\"pt-PT\",\"potentialAction\":[{\"@type\":\"ReadAction\",\"target\":[\"https:\\\/\\\/inclusivenews.com.br\\\/?p=24526\"]}]},{\"@type\":\"BreadcrumbList\",\"@id\":\"https:\\\/\\\/inclusivenews.com.br\\\/?p=24526#breadcrumb\",\"itemListElement\":[{\"@type\":\"ListItem\",\"position\":1,\"name\":\"In\u00edcio\",\"item\":\"https:\\\/\\\/inclusivenews.com.br\\\/\"},{\"@type\":\"ListItem\",\"position\":2,\"name\":\"Blog Deficiente Ciente entrevista o Senador Paulo Paim\"}]},{\"@type\":\"WebSite\",\"@id\":\"https:\\\/\\\/inclusivenews.com.br\\\/#website\",\"url\":\"https:\\\/\\\/inclusivenews.com.br\\\/\",\"name\":\"Inclusive News\",\"description\":\"Inclusive News\",\"publisher\":{\"@id\":\"https:\\\/\\\/inclusivenews.com.br\\\/#organization\"},\"potentialAction\":[{\"@type\":\"SearchAction\",\"target\":{\"@type\":\"EntryPoint\",\"urlTemplate\":\"https:\\\/\\\/inclusivenews.com.br\\\/?s={search_term_string}\"},\"query-input\":{\"@type\":\"PropertyValueSpecification\",\"valueRequired\":true,\"valueName\":\"search_term_string\"}}],\"inLanguage\":\"pt-PT\"},{\"@type\":\"Organization\",\"@id\":\"https:\\\/\\\/inclusivenews.com.br\\\/#organization\",\"name\":\"Inclusive - inclus\u00e3o e cidadania\",\"url\":\"https:\\\/\\\/inclusivenews.com.br\\\/\",\"logo\":{\"@type\":\"ImageObject\",\"inLanguage\":\"pt-PT\",\"@id\":\"https:\\\/\\\/inclusivenews.com.br\\\/#\\\/schema\\\/logo\\\/image\\\/\",\"url\":\"https:\\\/\\\/inclusivenews.com.br\\\/wp-content\\\/uploads\\\/2024\\\/03\\\/@grandesite.png\",\"contentUrl\":\"https:\\\/\\\/inclusivenews.com.br\\\/wp-content\\\/uploads\\\/2024\\\/03\\\/@grandesite.png\",\"width\":1080,\"height\":1080,\"caption\":\"Inclusive - inclus\u00e3o e cidadania\"},\"image\":{\"@id\":\"https:\\\/\\\/inclusivenews.com.br\\\/#\\\/schema\\\/logo\\\/image\\\/\"},\"sameAs\":[\"https:\\\/\\\/www.facebook.com\\\/agenciainclusive\\\/\",\"https:\\\/\\\/www.instagram.com\\\/newsinclusive\\\/\"]},{\"@type\":\"Person\",\"@id\":\"https:\\\/\\\/inclusivenews.com.br\\\/#\\\/schema\\\/person\\\/ae4ec7087559b8692fb33b6fffd2273b\",\"name\":\"inclusivenews2024\",\"image\":{\"@type\":\"ImageObject\",\"inLanguage\":\"pt-PT\",\"@id\":\"https:\\\/\\\/secure.gravatar.com\\\/avatar\\\/c5a7ef84c66fa914f55bc4f7ce26cfa275a3b9a1c5568b907bd184fb4dde7b40?s=96&d=mm&r=g\",\"url\":\"https:\\\/\\\/secure.gravatar.com\\\/avatar\\\/c5a7ef84c66fa914f55bc4f7ce26cfa275a3b9a1c5568b907bd184fb4dde7b40?s=96&d=mm&r=g\",\"contentUrl\":\"https:\\\/\\\/secure.gravatar.com\\\/avatar\\\/c5a7ef84c66fa914f55bc4f7ce26cfa275a3b9a1c5568b907bd184fb4dde7b40?s=96&d=mm&r=g\",\"caption\":\"inclusivenews2024\"},\"sameAs\":[\"https:\\\/\\\/inclusivenews.com.br\"],\"url\":\"https:\\\/\\\/inclusivenews.com.br\\\/?author=1\"}]}<\/script>\n<!-- \/ Yoast SEO plugin. -->","yoast_head_json":{"title":"Blog Deficiente Ciente entrevista o Senador Paulo Paim -","robots":{"index":"index","follow":"follow","max-snippet":"max-snippet:-1","max-image-preview":"max-image-preview:large","max-video-preview":"max-video-preview:-1"},"canonical":"https:\/\/inclusivenews.com.br\/?p=24526","og_locale":"pt_PT","og_type":"article","og_title":"Blog Deficiente Ciente entrevista o Senador Paulo Paim -","og_description":"O blog Deficiente Ciente entrevistou o senador Paulo Paim. Em 2003, Paim ocupou a vaga de senador e atuou durante muitos anos como presidente da Casa. \u00c9 autor de diversas leis, entre elas o Estatuto da Pessoa com Defici\u00eancia. Acompanhe a entrevista.","og_url":"https:\/\/inclusivenews.com.br\/?p=24526","article_publisher":"https:\/\/www.facebook.com\/agenciainclusive\/","article_published_time":"2013-05-01T00:29:42+00:00","author":"inclusivenews2024","twitter_card":"summary_large_image","twitter_misc":{"Escrito por":"inclusivenews2024","Tempo estimado de leitura":"11 minutos"},"schema":{"@context":"https:\/\/schema.org","@graph":[{"@type":"Article","@id":"https:\/\/inclusivenews.com.br\/?p=24526#article","isPartOf":{"@id":"https:\/\/inclusivenews.com.br\/?p=24526"},"author":{"name":"inclusivenews2024","@id":"https:\/\/inclusivenews.com.br\/#\/schema\/person\/ae4ec7087559b8692fb33b6fffd2273b"},"headline":"Blog Deficiente Ciente entrevista o Senador Paulo Paim","datePublished":"2013-05-01T00:29:42+00:00","mainEntityOfPage":{"@id":"https:\/\/inclusivenews.com.br\/?p=24526"},"wordCount":2195,"commentCount":1,"publisher":{"@id":"https:\/\/inclusivenews.com.br\/#organization"},"articleSection":["Defici\u00eancia","ENTREVISTAS","INCLUS\u00c3O SOCIAL"],"inLanguage":"pt-PT","potentialAction":[{"@type":"CommentAction","name":"Comment","target":["https:\/\/inclusivenews.com.br\/?p=24526#respond"]}]},{"@type":"WebPage","@id":"https:\/\/inclusivenews.com.br\/?p=24526","url":"https:\/\/inclusivenews.com.br\/?p=24526","name":"Blog Deficiente Ciente entrevista o Senador Paulo Paim -","isPartOf":{"@id":"https:\/\/inclusivenews.com.br\/#website"},"datePublished":"2013-05-01T00:29:42+00:00","breadcrumb":{"@id":"https:\/\/inclusivenews.com.br\/?p=24526#breadcrumb"},"inLanguage":"pt-PT","potentialAction":[{"@type":"ReadAction","target":["https:\/\/inclusivenews.com.br\/?p=24526"]}]},{"@type":"BreadcrumbList","@id":"https:\/\/inclusivenews.com.br\/?p=24526#breadcrumb","itemListElement":[{"@type":"ListItem","position":1,"name":"In\u00edcio","item":"https:\/\/inclusivenews.com.br\/"},{"@type":"ListItem","position":2,"name":"Blog Deficiente Ciente entrevista o Senador Paulo Paim"}]},{"@type":"WebSite","@id":"https:\/\/inclusivenews.com.br\/#website","url":"https:\/\/inclusivenews.com.br\/","name":"Inclusive News","description":"Inclusive News","publisher":{"@id":"https:\/\/inclusivenews.com.br\/#organization"},"potentialAction":[{"@type":"SearchAction","target":{"@type":"EntryPoint","urlTemplate":"https:\/\/inclusivenews.com.br\/?s={search_term_string}"},"query-input":{"@type":"PropertyValueSpecification","valueRequired":true,"valueName":"search_term_string"}}],"inLanguage":"pt-PT"},{"@type":"Organization","@id":"https:\/\/inclusivenews.com.br\/#organization","name":"Inclusive - inclus\u00e3o e cidadania","url":"https:\/\/inclusivenews.com.br\/","logo":{"@type":"ImageObject","inLanguage":"pt-PT","@id":"https:\/\/inclusivenews.com.br\/#\/schema\/logo\/image\/","url":"https:\/\/inclusivenews.com.br\/wp-content\/uploads\/2024\/03\/@grandesite.png","contentUrl":"https:\/\/inclusivenews.com.br\/wp-content\/uploads\/2024\/03\/@grandesite.png","width":1080,"height":1080,"caption":"Inclusive - inclus\u00e3o e cidadania"},"image":{"@id":"https:\/\/inclusivenews.com.br\/#\/schema\/logo\/image\/"},"sameAs":["https:\/\/www.facebook.com\/agenciainclusive\/","https:\/\/www.instagram.com\/newsinclusive\/"]},{"@type":"Person","@id":"https:\/\/inclusivenews.com.br\/#\/schema\/person\/ae4ec7087559b8692fb33b6fffd2273b","name":"inclusivenews2024","image":{"@type":"ImageObject","inLanguage":"pt-PT","@id":"https:\/\/secure.gravatar.com\/avatar\/c5a7ef84c66fa914f55bc4f7ce26cfa275a3b9a1c5568b907bd184fb4dde7b40?s=96&d=mm&r=g","url":"https:\/\/secure.gravatar.com\/avatar\/c5a7ef84c66fa914f55bc4f7ce26cfa275a3b9a1c5568b907bd184fb4dde7b40?s=96&d=mm&r=g","contentUrl":"https:\/\/secure.gravatar.com\/avatar\/c5a7ef84c66fa914f55bc4f7ce26cfa275a3b9a1c5568b907bd184fb4dde7b40?s=96&d=mm&r=g","caption":"inclusivenews2024"},"sameAs":["https:\/\/inclusivenews.com.br"],"url":"https:\/\/inclusivenews.com.br\/?author=1"}]}},"_links":{"self":[{"href":"https:\/\/inclusivenews.com.br\/index.php?rest_route=\/wp\/v2\/posts\/24526","targetHints":{"allow":["GET"]}}],"collection":[{"href":"https:\/\/inclusivenews.com.br\/index.php?rest_route=\/wp\/v2\/posts"}],"about":[{"href":"https:\/\/inclusivenews.com.br\/index.php?rest_route=\/wp\/v2\/types\/post"}],"author":[{"embeddable":true,"href":"https:\/\/inclusivenews.com.br\/index.php?rest_route=\/wp\/v2\/users\/1"}],"replies":[{"embeddable":true,"href":"https:\/\/inclusivenews.com.br\/index.php?rest_route=%2Fwp%2Fv2%2Fcomments&post=24526"}],"version-history":[{"count":0,"href":"https:\/\/inclusivenews.com.br\/index.php?rest_route=\/wp\/v2\/posts\/24526\/revisions"}],"wp:attachment":[{"href":"https:\/\/inclusivenews.com.br\/index.php?rest_route=%2Fwp%2Fv2%2Fmedia&parent=24526"}],"wp:term":[{"taxonomy":"category","embeddable":true,"href":"https:\/\/inclusivenews.com.br\/index.php?rest_route=%2Fwp%2Fv2%2Fcategories&post=24526"},{"taxonomy":"post_tag","embeddable":true,"href":"https:\/\/inclusivenews.com.br\/index.php?rest_route=%2Fwp%2Fv2%2Ftags&post=24526"}],"curies":[{"name":"wp","href":"https:\/\/api.w.org\/{rel}","templated":true}]}}