{"id":24555,"date":"2013-05-10T07:19:01","date_gmt":"2013-05-10T10:19:01","guid":{"rendered":"http:\/\/www.inclusive.org.br\/?p=24555"},"modified":"2013-05-10T07:19:01","modified_gmt":"2013-05-10T10:19:01","slug":"apos-125-anos-criancas-sentem-que-ainda-ha-o-que-abolir-o-preconceito","status":"publish","type":"post","link":"https:\/\/inclusivenews.com.br\/?p=24555","title":{"rendered":"Ap\u00f3s 125 anos, crian\u00e7as sentem que ainda h\u00e1 o que abolir: o preconceito!"},"content":{"rendered":"<figure id=\"attachment_13106\" aria-describedby=\"caption-attachment-13106\" style=\"width: 240px\" class=\"wp-caption alignleft\"><img loading=\"lazy\" decoding=\"async\" class=\"size-medium wp-image-13106\" title=\"Inclusive - diversidade.\" src=\"http:\/\/inclusivenews.com.br\/wp-content\/uploads\/2009\/12\/1171701005_diversidade-300x218.jpg\" alt=\"Inclusive - diversidade.\" width=\"240\" height=\"174\" \/><figcaption id=\"caption-attachment-13106\" class=\"wp-caption-text\"> <\/figcaption><\/figure>\n<p><em>Por Leila Gapy<br \/>\nno Correio do Sul<\/em><\/p>\n<p>A Aboli\u00e7\u00e3o da Escravatura, comemorada no pr\u00f3ximo dia 13 de maio, aconteceu h\u00e1 125 anos e ainda h\u00e1, nos dias de hoje, o que se libertar! O preconceito \u00e9 uma delas. Kathleen Cristina Alves Antunes, de 16 anos, sabe bem disso. &#8220;Esta data foi o primeiro passo em dire\u00e7\u00e3o da igualdade racial no Brasil, mas ainda h\u00e1 muito que se lutar. O preconceito ainda existe&#8221;, conta ela que \u00e9 filha de m\u00e3e branca e descendente de italianos, e pai negro, afrodescendente. Tanto \u00e9 que, quando crian\u00e7a, recorda, sofria mais preconceito que hoje. &#8220;J\u00e1 fui xingada de v\u00e1rias formas&#8221;, relata.<\/p>\n<p>Preconceito esse que o pequeno Ariel Camargo Vaz, de 9 anos, j\u00e1 percebeu, apesar de n\u00e3o ser alvo. &#8220;Eu j\u00e1 vi alguns meninos xingarem os meus amigos negros. Eu fico quieto, acho feio. S\u00f3 defendo quando eles brigam&#8221;, confessa. A pequena Isadora, de 9 anos, tamb\u00e9m conta uma vis\u00e3o semelhante. Afrodescendente, ela diz que j\u00e1 foi chamada por nomes feios. &#8220;Eu n\u00e3o gostei&#8221;, diz magoada, assumindo que, como sabe que hoje isso \u00e9 proibido, recorreu naquela ocasi\u00e3o \u00e0 justi\u00e7a por meio da professora.<\/p>\n<p>&#8220;Ela chamou a aten\u00e7\u00e3o dele e o suspendeu das aulas por alguns dias. A\u00ed pararam de fazer isso comigo&#8221;, diz ela satisfeita. Para as crian\u00e7as e adolescentes como Kathleen, Isadora e Ariel, que participam do Centro Cultural Quilombinho Sorocaba, a luta pelos direitos, pela igualdade e pela justa men\u00e7\u00e3o \u00e0 hist\u00f3ria do povo negro, ainda \u00e9 uma conquista di\u00e1ria. &#8220;Houve a aboli\u00e7\u00e3o da escravatura, mas o negro ainda n\u00e3o \u00e9 livre. Existem in\u00fameras formas de escravid\u00e3o, pris\u00e3o e preconceitos, como o da sexualidade, da religi\u00e3o. H\u00e1 muito o que se lutar&#8221;, diz Kimberly Caroline Concei\u00e7\u00e3o, de 14 anos.<\/p>\n<p>Ela \u00e9 amiga de Gabriel Camargo, de 14 anos tamb\u00e9m. E foi justamente a exclus\u00e3o que os uniu ainda mais. &#8220;Sou repetente na minha classe de escola e os afrodescendentes \u00e9 que aceitaram ser meus amigos. Felizmente, como frequento o Quilombinho, a maioria dos meus amigos \u00e9 negra e eu n\u00e3o vejo problema nisso&#8221;, diz Gabriel. &#8220;As pessoas fazem isso por ignor\u00e2ncia&#8221;, acrescenta Gabriel de Lima Moraes, de 10 anos. Kimberly endossa, lembrando que seus antepassados foram iludidos quanto ao Brasil, quando na verdade estavam sendo traficados.<\/p>\n<p>&#8220;O tr\u00e1fico humano existe h\u00e1 s\u00e9culos. Acho que temos que comemorar o 13 de maio, porque trata-se de um primeiro passo dado l\u00e1 no passado. Mas ainda temos muito o que lutar hoje e a causa agora \u00e9 mais ampla. Outras minorias se juntaram a n\u00f3s, como pessoas que sofrem outros preconceitos, outros tipos de escravid\u00e3o&#8221;, afirma. E Kathleen finaliza: &#8220;Uma pena que 125 anos depois da aboli\u00e7\u00e3o ainda tenhamos tantos preconceitos a serem rompidos. Mas acho que a maior parte das pessoas sabem que os preconceituosos s\u00e3o ignorantes, pois somos todos iguais&#8221;, ensina.<\/p>\n<p>Fonte: Cruzeiro do Sul<\/p>\n","protected":false},"excerpt":{"rendered":"<p>A Aboli\u00e7\u00e3o da Escravatura, comemorada no pr\u00f3ximo dia 13 de maio, aconteceu h\u00e1 125 anos e ainda h\u00e1, nos dias de hoje, o que se libertar! O preconceito \u00e9 uma delas.<\/p>\n","protected":false},"author":1,"featured_media":0,"comment_status":"open","ping_status":"open","sticky":false,"template":"","format":"standard","meta":{"site-container-style":"default","site-container-layout":"default","site-sidebar-layout":"default","disable-article-header":"default","disable-site-header":"default","disable-site-footer":"default","disable-content-area-spacing":"default","footnotes":""},"categories":[41],"tags":[166],"class_list":["post-24555","post","type-post","status-publish","format-standard","hentry","category-preconceito","tag-racismo"],"yoast_head":"<!-- This site is optimized with the Yoast SEO plugin v27.4 - https:\/\/yoast.com\/product\/yoast-seo-wordpress\/ -->\n<title>Ap\u00f3s 125 anos, crian\u00e7as sentem que ainda h\u00e1 o que abolir: o preconceito! -<\/title>\n<meta name=\"robots\" content=\"index, follow, max-snippet:-1, max-image-preview:large, max-video-preview:-1\" \/>\n<link rel=\"canonical\" href=\"https:\/\/inclusivenews.com.br\/?p=24555\" \/>\n<meta property=\"og:locale\" content=\"pt_PT\" \/>\n<meta property=\"og:type\" content=\"article\" \/>\n<meta property=\"og:title\" content=\"Ap\u00f3s 125 anos, crian\u00e7as sentem que ainda h\u00e1 o que abolir: o preconceito! -\" \/>\n<meta property=\"og:description\" content=\"A Aboli\u00e7\u00e3o da Escravatura, comemorada no pr\u00f3ximo dia 13 de maio, aconteceu h\u00e1 125 anos e ainda h\u00e1, nos dias de hoje, o que se libertar! O preconceito \u00e9 uma delas.\" \/>\n<meta property=\"og:url\" content=\"https:\/\/inclusivenews.com.br\/?p=24555\" \/>\n<meta property=\"article:publisher\" content=\"https:\/\/www.facebook.com\/agenciainclusive\/\" \/>\n<meta property=\"article:published_time\" content=\"2013-05-10T10:19:01+00:00\" \/>\n<meta property=\"og:image\" content=\"http:\/\/inclusivenews.com.br\/wp-content\/uploads\/2009\/12\/1171701005_diversidade-300x218.jpg\" \/>\n<meta name=\"author\" content=\"inclusivenews2024\" \/>\n<meta name=\"twitter:card\" content=\"summary_large_image\" \/>\n<meta name=\"twitter:label1\" content=\"Escrito por\" \/>\n\t<meta name=\"twitter:data1\" content=\"inclusivenews2024\" \/>\n\t<meta name=\"twitter:label2\" content=\"Tempo estimado de leitura\" \/>\n\t<meta name=\"twitter:data2\" content=\"2 minutos\" \/>\n<script type=\"application\/ld+json\" class=\"yoast-schema-graph\">{\"@context\":\"https:\\\/\\\/schema.org\",\"@graph\":[{\"@type\":\"Article\",\"@id\":\"https:\\\/\\\/inclusivenews.com.br\\\/?p=24555#article\",\"isPartOf\":{\"@id\":\"https:\\\/\\\/inclusivenews.com.br\\\/?p=24555\"},\"author\":{\"name\":\"inclusivenews2024\",\"@id\":\"https:\\\/\\\/inclusivenews.com.br\\\/#\\\/schema\\\/person\\\/ae4ec7087559b8692fb33b6fffd2273b\"},\"headline\":\"Ap\u00f3s 125 anos, crian\u00e7as sentem que ainda h\u00e1 o que abolir: o preconceito!\",\"datePublished\":\"2013-05-10T10:19:01+00:00\",\"mainEntityOfPage\":{\"@id\":\"https:\\\/\\\/inclusivenews.com.br\\\/?p=24555\"},\"wordCount\":506,\"commentCount\":0,\"publisher\":{\"@id\":\"https:\\\/\\\/inclusivenews.com.br\\\/#organization\"},\"image\":{\"@id\":\"https:\\\/\\\/inclusivenews.com.br\\\/?p=24555#primaryimage\"},\"thumbnailUrl\":\"http:\\\/\\\/inclusivenews.com.br\\\/wp-content\\\/uploads\\\/2009\\\/12\\\/1171701005_diversidade-300x218.jpg\",\"keywords\":[\"racismo\"],\"articleSection\":[\"Preconceito\"],\"inLanguage\":\"pt-PT\",\"potentialAction\":[{\"@type\":\"CommentAction\",\"name\":\"Comment\",\"target\":[\"https:\\\/\\\/inclusivenews.com.br\\\/?p=24555#respond\"]}]},{\"@type\":\"WebPage\",\"@id\":\"https:\\\/\\\/inclusivenews.com.br\\\/?p=24555\",\"url\":\"https:\\\/\\\/inclusivenews.com.br\\\/?p=24555\",\"name\":\"Ap\u00f3s 125 anos, crian\u00e7as sentem que ainda h\u00e1 o que abolir: o preconceito! -\",\"isPartOf\":{\"@id\":\"https:\\\/\\\/inclusivenews.com.br\\\/#website\"},\"primaryImageOfPage\":{\"@id\":\"https:\\\/\\\/inclusivenews.com.br\\\/?p=24555#primaryimage\"},\"image\":{\"@id\":\"https:\\\/\\\/inclusivenews.com.br\\\/?p=24555#primaryimage\"},\"thumbnailUrl\":\"http:\\\/\\\/inclusivenews.com.br\\\/wp-content\\\/uploads\\\/2009\\\/12\\\/1171701005_diversidade-300x218.jpg\",\"datePublished\":\"2013-05-10T10:19:01+00:00\",\"breadcrumb\":{\"@id\":\"https:\\\/\\\/inclusivenews.com.br\\\/?p=24555#breadcrumb\"},\"inLanguage\":\"pt-PT\",\"potentialAction\":[{\"@type\":\"ReadAction\",\"target\":[\"https:\\\/\\\/inclusivenews.com.br\\\/?p=24555\"]}]},{\"@type\":\"ImageObject\",\"inLanguage\":\"pt-PT\",\"@id\":\"https:\\\/\\\/inclusivenews.com.br\\\/?p=24555#primaryimage\",\"url\":\"\",\"contentUrl\":\"\"},{\"@type\":\"BreadcrumbList\",\"@id\":\"https:\\\/\\\/inclusivenews.com.br\\\/?p=24555#breadcrumb\",\"itemListElement\":[{\"@type\":\"ListItem\",\"position\":1,\"name\":\"In\u00edcio\",\"item\":\"https:\\\/\\\/inclusivenews.com.br\\\/\"},{\"@type\":\"ListItem\",\"position\":2,\"name\":\"Ap\u00f3s 125 anos, crian\u00e7as sentem que ainda h\u00e1 o que abolir: o preconceito!\"}]},{\"@type\":\"WebSite\",\"@id\":\"https:\\\/\\\/inclusivenews.com.br\\\/#website\",\"url\":\"https:\\\/\\\/inclusivenews.com.br\\\/\",\"name\":\"Inclusive News\",\"description\":\"Inclusive News\",\"publisher\":{\"@id\":\"https:\\\/\\\/inclusivenews.com.br\\\/#organization\"},\"potentialAction\":[{\"@type\":\"SearchAction\",\"target\":{\"@type\":\"EntryPoint\",\"urlTemplate\":\"https:\\\/\\\/inclusivenews.com.br\\\/?s={search_term_string}\"},\"query-input\":{\"@type\":\"PropertyValueSpecification\",\"valueRequired\":true,\"valueName\":\"search_term_string\"}}],\"inLanguage\":\"pt-PT\"},{\"@type\":\"Organization\",\"@id\":\"https:\\\/\\\/inclusivenews.com.br\\\/#organization\",\"name\":\"Inclusive - inclus\u00e3o e cidadania\",\"url\":\"https:\\\/\\\/inclusivenews.com.br\\\/\",\"logo\":{\"@type\":\"ImageObject\",\"inLanguage\":\"pt-PT\",\"@id\":\"https:\\\/\\\/inclusivenews.com.br\\\/#\\\/schema\\\/logo\\\/image\\\/\",\"url\":\"https:\\\/\\\/inclusivenews.com.br\\\/wp-content\\\/uploads\\\/2024\\\/03\\\/@grandesite.png\",\"contentUrl\":\"https:\\\/\\\/inclusivenews.com.br\\\/wp-content\\\/uploads\\\/2024\\\/03\\\/@grandesite.png\",\"width\":1080,\"height\":1080,\"caption\":\"Inclusive - inclus\u00e3o e cidadania\"},\"image\":{\"@id\":\"https:\\\/\\\/inclusivenews.com.br\\\/#\\\/schema\\\/logo\\\/image\\\/\"},\"sameAs\":[\"https:\\\/\\\/www.facebook.com\\\/agenciainclusive\\\/\",\"https:\\\/\\\/www.instagram.com\\\/newsinclusive\\\/\"]},{\"@type\":\"Person\",\"@id\":\"https:\\\/\\\/inclusivenews.com.br\\\/#\\\/schema\\\/person\\\/ae4ec7087559b8692fb33b6fffd2273b\",\"name\":\"inclusivenews2024\",\"image\":{\"@type\":\"ImageObject\",\"inLanguage\":\"pt-PT\",\"@id\":\"https:\\\/\\\/secure.gravatar.com\\\/avatar\\\/c5a7ef84c66fa914f55bc4f7ce26cfa275a3b9a1c5568b907bd184fb4dde7b40?s=96&d=mm&r=g\",\"url\":\"https:\\\/\\\/secure.gravatar.com\\\/avatar\\\/c5a7ef84c66fa914f55bc4f7ce26cfa275a3b9a1c5568b907bd184fb4dde7b40?s=96&d=mm&r=g\",\"contentUrl\":\"https:\\\/\\\/secure.gravatar.com\\\/avatar\\\/c5a7ef84c66fa914f55bc4f7ce26cfa275a3b9a1c5568b907bd184fb4dde7b40?s=96&d=mm&r=g\",\"caption\":\"inclusivenews2024\"},\"sameAs\":[\"https:\\\/\\\/inclusivenews.com.br\"],\"url\":\"https:\\\/\\\/inclusivenews.com.br\\\/?author=1\"}]}<\/script>\n<!-- \/ Yoast SEO plugin. -->","yoast_head_json":{"title":"Ap\u00f3s 125 anos, crian\u00e7as sentem que ainda h\u00e1 o que abolir: o preconceito! -","robots":{"index":"index","follow":"follow","max-snippet":"max-snippet:-1","max-image-preview":"max-image-preview:large","max-video-preview":"max-video-preview:-1"},"canonical":"https:\/\/inclusivenews.com.br\/?p=24555","og_locale":"pt_PT","og_type":"article","og_title":"Ap\u00f3s 125 anos, crian\u00e7as sentem que ainda h\u00e1 o que abolir: o preconceito! -","og_description":"A Aboli\u00e7\u00e3o da Escravatura, comemorada no pr\u00f3ximo dia 13 de maio, aconteceu h\u00e1 125 anos e ainda h\u00e1, nos dias de hoje, o que se libertar! O preconceito \u00e9 uma delas.","og_url":"https:\/\/inclusivenews.com.br\/?p=24555","article_publisher":"https:\/\/www.facebook.com\/agenciainclusive\/","article_published_time":"2013-05-10T10:19:01+00:00","og_image":[{"url":"http:\/\/inclusivenews.com.br\/wp-content\/uploads\/2009\/12\/1171701005_diversidade-300x218.jpg","type":"","width":"","height":""}],"author":"inclusivenews2024","twitter_card":"summary_large_image","twitter_misc":{"Escrito por":"inclusivenews2024","Tempo estimado de leitura":"2 minutos"},"schema":{"@context":"https:\/\/schema.org","@graph":[{"@type":"Article","@id":"https:\/\/inclusivenews.com.br\/?p=24555#article","isPartOf":{"@id":"https:\/\/inclusivenews.com.br\/?p=24555"},"author":{"name":"inclusivenews2024","@id":"https:\/\/inclusivenews.com.br\/#\/schema\/person\/ae4ec7087559b8692fb33b6fffd2273b"},"headline":"Ap\u00f3s 125 anos, crian\u00e7as sentem que ainda h\u00e1 o que abolir: o preconceito!","datePublished":"2013-05-10T10:19:01+00:00","mainEntityOfPage":{"@id":"https:\/\/inclusivenews.com.br\/?p=24555"},"wordCount":506,"commentCount":0,"publisher":{"@id":"https:\/\/inclusivenews.com.br\/#organization"},"image":{"@id":"https:\/\/inclusivenews.com.br\/?p=24555#primaryimage"},"thumbnailUrl":"http:\/\/inclusivenews.com.br\/wp-content\/uploads\/2009\/12\/1171701005_diversidade-300x218.jpg","keywords":["racismo"],"articleSection":["Preconceito"],"inLanguage":"pt-PT","potentialAction":[{"@type":"CommentAction","name":"Comment","target":["https:\/\/inclusivenews.com.br\/?p=24555#respond"]}]},{"@type":"WebPage","@id":"https:\/\/inclusivenews.com.br\/?p=24555","url":"https:\/\/inclusivenews.com.br\/?p=24555","name":"Ap\u00f3s 125 anos, crian\u00e7as sentem que ainda h\u00e1 o que abolir: o preconceito! -","isPartOf":{"@id":"https:\/\/inclusivenews.com.br\/#website"},"primaryImageOfPage":{"@id":"https:\/\/inclusivenews.com.br\/?p=24555#primaryimage"},"image":{"@id":"https:\/\/inclusivenews.com.br\/?p=24555#primaryimage"},"thumbnailUrl":"http:\/\/inclusivenews.com.br\/wp-content\/uploads\/2009\/12\/1171701005_diversidade-300x218.jpg","datePublished":"2013-05-10T10:19:01+00:00","breadcrumb":{"@id":"https:\/\/inclusivenews.com.br\/?p=24555#breadcrumb"},"inLanguage":"pt-PT","potentialAction":[{"@type":"ReadAction","target":["https:\/\/inclusivenews.com.br\/?p=24555"]}]},{"@type":"ImageObject","inLanguage":"pt-PT","@id":"https:\/\/inclusivenews.com.br\/?p=24555#primaryimage","url":"","contentUrl":""},{"@type":"BreadcrumbList","@id":"https:\/\/inclusivenews.com.br\/?p=24555#breadcrumb","itemListElement":[{"@type":"ListItem","position":1,"name":"In\u00edcio","item":"https:\/\/inclusivenews.com.br\/"},{"@type":"ListItem","position":2,"name":"Ap\u00f3s 125 anos, crian\u00e7as sentem que ainda h\u00e1 o que abolir: o preconceito!"}]},{"@type":"WebSite","@id":"https:\/\/inclusivenews.com.br\/#website","url":"https:\/\/inclusivenews.com.br\/","name":"Inclusive News","description":"Inclusive News","publisher":{"@id":"https:\/\/inclusivenews.com.br\/#organization"},"potentialAction":[{"@type":"SearchAction","target":{"@type":"EntryPoint","urlTemplate":"https:\/\/inclusivenews.com.br\/?s={search_term_string}"},"query-input":{"@type":"PropertyValueSpecification","valueRequired":true,"valueName":"search_term_string"}}],"inLanguage":"pt-PT"},{"@type":"Organization","@id":"https:\/\/inclusivenews.com.br\/#organization","name":"Inclusive - inclus\u00e3o e cidadania","url":"https:\/\/inclusivenews.com.br\/","logo":{"@type":"ImageObject","inLanguage":"pt-PT","@id":"https:\/\/inclusivenews.com.br\/#\/schema\/logo\/image\/","url":"https:\/\/inclusivenews.com.br\/wp-content\/uploads\/2024\/03\/@grandesite.png","contentUrl":"https:\/\/inclusivenews.com.br\/wp-content\/uploads\/2024\/03\/@grandesite.png","width":1080,"height":1080,"caption":"Inclusive - inclus\u00e3o e cidadania"},"image":{"@id":"https:\/\/inclusivenews.com.br\/#\/schema\/logo\/image\/"},"sameAs":["https:\/\/www.facebook.com\/agenciainclusive\/","https:\/\/www.instagram.com\/newsinclusive\/"]},{"@type":"Person","@id":"https:\/\/inclusivenews.com.br\/#\/schema\/person\/ae4ec7087559b8692fb33b6fffd2273b","name":"inclusivenews2024","image":{"@type":"ImageObject","inLanguage":"pt-PT","@id":"https:\/\/secure.gravatar.com\/avatar\/c5a7ef84c66fa914f55bc4f7ce26cfa275a3b9a1c5568b907bd184fb4dde7b40?s=96&d=mm&r=g","url":"https:\/\/secure.gravatar.com\/avatar\/c5a7ef84c66fa914f55bc4f7ce26cfa275a3b9a1c5568b907bd184fb4dde7b40?s=96&d=mm&r=g","contentUrl":"https:\/\/secure.gravatar.com\/avatar\/c5a7ef84c66fa914f55bc4f7ce26cfa275a3b9a1c5568b907bd184fb4dde7b40?s=96&d=mm&r=g","caption":"inclusivenews2024"},"sameAs":["https:\/\/inclusivenews.com.br"],"url":"https:\/\/inclusivenews.com.br\/?author=1"}]}},"_links":{"self":[{"href":"https:\/\/inclusivenews.com.br\/index.php?rest_route=\/wp\/v2\/posts\/24555","targetHints":{"allow":["GET"]}}],"collection":[{"href":"https:\/\/inclusivenews.com.br\/index.php?rest_route=\/wp\/v2\/posts"}],"about":[{"href":"https:\/\/inclusivenews.com.br\/index.php?rest_route=\/wp\/v2\/types\/post"}],"author":[{"embeddable":true,"href":"https:\/\/inclusivenews.com.br\/index.php?rest_route=\/wp\/v2\/users\/1"}],"replies":[{"embeddable":true,"href":"https:\/\/inclusivenews.com.br\/index.php?rest_route=%2Fwp%2Fv2%2Fcomments&post=24555"}],"version-history":[{"count":0,"href":"https:\/\/inclusivenews.com.br\/index.php?rest_route=\/wp\/v2\/posts\/24555\/revisions"}],"wp:attachment":[{"href":"https:\/\/inclusivenews.com.br\/index.php?rest_route=%2Fwp%2Fv2%2Fmedia&parent=24555"}],"wp:term":[{"taxonomy":"category","embeddable":true,"href":"https:\/\/inclusivenews.com.br\/index.php?rest_route=%2Fwp%2Fv2%2Fcategories&post=24555"},{"taxonomy":"post_tag","embeddable":true,"href":"https:\/\/inclusivenews.com.br\/index.php?rest_route=%2Fwp%2Fv2%2Ftags&post=24555"}],"curies":[{"name":"wp","href":"https:\/\/api.w.org\/{rel}","templated":true}]}}