{"id":24562,"date":"2013-05-14T21:43:47","date_gmt":"2013-05-15T00:43:47","guid":{"rendered":"http:\/\/www.inclusive.org.br\/?p=24562"},"modified":"2013-05-14T21:43:47","modified_gmt":"2013-05-15T00:43:47","slug":"relatorio-aponta-necessidade-de-avancar-em-politicas-de-combate-das-piores-formas-de-trabalho-infantil","status":"publish","type":"post","link":"https:\/\/inclusivenews.com.br\/?p=24562","title":{"rendered":"Relat\u00f3rio aponta necessidade de avan\u00e7ar em pol\u00edticas de combate das piores formas de trabalho infantil"},"content":{"rendered":"<figure id=\"attachment_16713\" aria-describedby=\"caption-attachment-16713\" style=\"width: 200px\" class=\"wp-caption alignnone\"><a rel=\"attachment wp-att-16713\" href=\"http:\/\/www.inclusive.org.br\/?attachment_id=16713\"><img loading=\"lazy\" decoding=\"async\" class=\"size-full wp-image-16713\" src=\"http:\/\/inclusivenews.com.br\/wp-content\/uploads\/2010\/07\/artigo_trabalho_infantil.png\" alt=\"Ilustra\u00e7\u00e3o de menino trabalhando com p\u00e1, dentro de c\u00edrculo vermelho com tra\u00e7o no meio\" width=\"200\" height=\"194\" \/><\/a><figcaption id=\"caption-attachment-16713\" class=\"wp-caption-text\">Ilustra\u00e7\u00e3o de menino trabalhando com p\u00e1, dentro de c\u00edrculo vermelho com tra\u00e7o no meio<\/figcaption><\/figure>\n<p>No \u00faltimo dia 8, a ONG Rep\u00f3rter Brasil apresentou seu relat\u00f3rio\u00a0Brasil Livre de Trabalho Infantil: Contribui\u00e7\u00f5es para o debate sobre a elimina\u00e7\u00e3o das piores formas do trabalho de crian\u00e7as e adolescentes. Dividido em quatro partes, o documento faz um estudo sobre as piores formas de trabalho infantil no Brasil como trabalho urbano informal e il\u00edcito, trabalho rural, trabalho dom\u00e9stico em casa de terceiros e explora\u00e7\u00e3o sexual, e analisa as dificuldades a serem enfrentadas na \u00e1rea pol\u00edtica, judici\u00e1ria e cultural.<\/p>\n<p>O objetivo \u00e9 dar visibilidade ao problema que afeta milhares de crian\u00e7as e debater sobre as piores formas de trabalho infantil ainda persistentes, e fazer com que o pa\u00eds cumpra seu compromisso de eliminar todas as formas de trabalho infantil at\u00e9 2020.<\/p>\n<p>Apesar de ter conseguido alguns avan\u00e7os na d\u00e9cada de 1990, com a retirada de crian\u00e7as e adolescentes das cadeias formais de trabalho, as piores formas de trabalho infantil ainda s\u00e3o um desafio como \u00e9 o caso do trabalho dom\u00e9stico em casa de terceiros, que tem se mostrado dif\u00edcil de combater devido ao princ\u00edpio da inviolabilidade do lar e a aus\u00eancia de mandado judicial.<\/p>\n<p>Da mesma forma aexplora\u00e7\u00e3o do trabalho infantil em centros urbanos, apesar de ser vis\u00edvel, tem se revelado um obst\u00e1culo para fiscalizar e combater. Dados revelam que nas grandes cidades crian\u00e7as e adolescentes menores de 16 anos est\u00e3o entrando cada vez mais cedo para o trabalho informal e principalmente para pr\u00e1ticas il\u00edcitas como o tr\u00e1fico de drogas.<\/p>\n<p>J\u00e1 na \u00e1rea rural, a dificuldade tem sido retirar meninos e meninas de cinco a 13 anos das lavouras da agricultura familiar e do extrativismo. Estes setores ainda aparecem como os que mais se utilizam da m\u00e3o de obra de crian\u00e7as e adolescentes no Brasil. No entanto, a pr\u00e1tica n\u00e3o \u00e9 exclusiva do pa\u00eds. Segundo a Organiza\u00e7\u00e3o Internacional do Trabalho (OIT), 60% dos\/as menores de idade, ou cerca de 129 milh\u00f5es de meninos e meninas em todo o planeta, trabalham no setor agr\u00edcola ou extrativista. Sobre essa quest\u00e3o, o relat\u00f3rio aponta que as pol\u00edticas de educa\u00e7\u00e3o voltadas para o campo ainda s\u00e3o insuficientes.<\/p>\n<p>Sobre a explora\u00e7\u00e3o sexual de crian\u00e7as e adolescentes, o relat\u00f3rio revela o aumento das den\u00fancias e alguns avan\u00e7os em pol\u00edticas de enfrentamento. No entanto, ainda s\u00e3o necess\u00e1rios programas de combate a esta pr\u00e1ticas e presta\u00e7\u00e3o de atendimento \u00e0s v\u00edtimas. Outros desafios s\u00e3o punir os respons\u00e1veis pela rede de explora\u00e7\u00e3o e combater essa pr\u00e1tica que vem aparecendo tamb\u00e9m relacionada com grandes obras de desenvolvimento, em crescimento no Brasil.<\/p>\n<p>Na \u00e1rea de Justi\u00e7a, o relat\u00f3rio alerta para as constantes as autoriza\u00e7\u00f5es judiciais pr\u00e9vias em alguns estados que permitem que menores de 16 anos comecem a trabalhar. Em 2011, foram registrados 3.134 casos, incluindo autoriza\u00e7\u00f5es para adolescentes e crian\u00e7as trabalharem em lix\u00f5es, na pavimenta\u00e7\u00e3o de ruas e em f\u00e1bricas de fertilizantes, por exemplo. Na \u00e1rea da pol\u00edtica, a dificuldade \u00e9 o entendimento entre as tr\u00eas esferas de poder p\u00fablico e problemas referentes ao Programa de Erradica\u00e7\u00e3o do Trabalho Infantil (Peti), principalmente em rela\u00e7\u00e3o \u00e0 frequ\u00eancia escolar e \u00e0 realiza\u00e7\u00e3o de atividades no contraturno. De modo geral, o documento evidencia a necessidade de haver uma mudan\u00e7a cultural em rela\u00e7\u00e3o a explora\u00e7\u00e3o de menores para o trabalho, sob a alega\u00e7\u00e3o de dignidade ao ser.<\/p>\n<p>Dados<\/p>\n<p>O Censo do Instituto Brasileiro de Geografia e Estat\u00edstica (IBGE) de 2010 demonstrou que 3,4 milh\u00f5es de meninos e meninas de 10 a 17 anos estava trabalhando. A Pesquisa Nacional por Amostra de Domic\u00edlio (Pnad) revelou que em 2011 o trabalho infantil dom\u00e9stico em casa de terceiros atingia cerca de 258 mil adolescentes de 10 a 17 anos de idade, sendo a grande maioria meninas.<\/p>\n<p>&#8220;Apesar dos avan\u00e7os nas \u00faltimas d\u00e9cadas, desde 2005 houve uma desacelera\u00e7\u00e3o na redu\u00e7\u00e3o do n\u00famero de crian\u00e7as e adolescentes em situa\u00e7\u00e3o de trabalho irregular. Persistem justamente as formas mais dif\u00edceis de serem combatidas. Uma nova pol\u00edtica intersetorial de erradica\u00e7\u00e3o \u00e9 urgente para que o pa\u00eds possa eliminar o trabalho infantil at\u00e9 2020\u201d, diz o relat\u00f3rio.<\/p>\n<p><a href=\"http:\/\/reporterbrasil.org.br\/trabalhoinfantil\/livro\/\" target=\"_blank\" rel=\"noopener\">Para baixar o relat\u00f3rio, clique aqui<\/a>.<\/p>\n<p>Fonte: <a href=\"http:\/\/www.adital.com.br\/site\/noticia.asp?lang=PT&amp;langref=PT&amp;cod=75246\">http:\/\/www.adital.com.br\/site\/noticia.asp?lang=PT&amp;langref=PT&amp;cod=75246<\/a><\/p>\n","protected":false},"excerpt":{"rendered":"<p>O documento faz um estudo sobre as piores formas de trabalho infantil no Brasil como trabalho urbano informal e il\u00edcito, trabalho rural, trabalho dom\u00e9stico em casa de terceiros e explora\u00e7\u00e3o sexual, e analisa as dificuldades a serem enfrentadas na \u00e1rea pol\u00edtica, judici\u00e1ria e cultural.<\/p>\n","protected":false},"author":1,"featured_media":0,"comment_status":"open","ping_status":"open","sticky":false,"template":"","format":"standard","meta":{"site-container-style":"default","site-container-layout":"default","site-sidebar-layout":"default","disable-article-header":"default","disable-site-header":"default","disable-site-footer":"default","disable-content-area-spacing":"default","footnotes":""},"categories":[13,11,52,51,10],"tags":[60],"class_list":["post-24562","post","type-post","status-publish","format-standard","hentry","category-denuncias","category-direitos-humanos","category-downloadables","category-livros","category-publicacoes","tag-infancia"],"yoast_head":"<!-- This site is optimized with the Yoast SEO plugin v27.4 - https:\/\/yoast.com\/product\/yoast-seo-wordpress\/ -->\n<title>Relat\u00f3rio aponta necessidade de avan\u00e7ar em pol\u00edticas de combate das piores formas de trabalho infantil -<\/title>\n<meta name=\"robots\" content=\"index, follow, max-snippet:-1, max-image-preview:large, max-video-preview:-1\" \/>\n<link rel=\"canonical\" href=\"https:\/\/inclusivenews.com.br\/?p=24562\" \/>\n<meta property=\"og:locale\" content=\"pt_PT\" \/>\n<meta property=\"og:type\" content=\"article\" \/>\n<meta property=\"og:title\" content=\"Relat\u00f3rio aponta necessidade de avan\u00e7ar em pol\u00edticas de combate das piores formas de trabalho infantil -\" \/>\n<meta property=\"og:description\" content=\"O documento faz um estudo sobre as piores formas de trabalho infantil no Brasil como trabalho urbano informal e il\u00edcito, trabalho rural, trabalho dom\u00e9stico em casa de terceiros e explora\u00e7\u00e3o sexual, e analisa as dificuldades a serem enfrentadas na \u00e1rea pol\u00edtica, judici\u00e1ria e cultural.\" \/>\n<meta property=\"og:url\" content=\"https:\/\/inclusivenews.com.br\/?p=24562\" \/>\n<meta property=\"article:publisher\" content=\"https:\/\/www.facebook.com\/agenciainclusive\/\" \/>\n<meta property=\"article:published_time\" content=\"2013-05-15T00:43:47+00:00\" \/>\n<meta property=\"og:image\" content=\"http:\/\/inclusivenews.com.br\/wp-content\/uploads\/2010\/07\/artigo_trabalho_infantil.png\" \/>\n<meta name=\"author\" content=\"inclusivenews2024\" \/>\n<meta name=\"twitter:card\" content=\"summary_large_image\" \/>\n<meta name=\"twitter:label1\" content=\"Escrito por\" \/>\n\t<meta name=\"twitter:data1\" content=\"inclusivenews2024\" \/>\n\t<meta name=\"twitter:label2\" content=\"Tempo estimado de leitura\" \/>\n\t<meta name=\"twitter:data2\" content=\"4 minutos\" \/>\n<script type=\"application\/ld+json\" class=\"yoast-schema-graph\">{\"@context\":\"https:\\\/\\\/schema.org\",\"@graph\":[{\"@type\":\"Article\",\"@id\":\"https:\\\/\\\/inclusivenews.com.br\\\/?p=24562#article\",\"isPartOf\":{\"@id\":\"https:\\\/\\\/inclusivenews.com.br\\\/?p=24562\"},\"author\":{\"name\":\"inclusivenews2024\",\"@id\":\"https:\\\/\\\/inclusivenews.com.br\\\/#\\\/schema\\\/person\\\/ae4ec7087559b8692fb33b6fffd2273b\"},\"headline\":\"Relat\u00f3rio aponta necessidade de avan\u00e7ar em pol\u00edticas de combate das piores formas de trabalho infantil\",\"datePublished\":\"2013-05-15T00:43:47+00:00\",\"mainEntityOfPage\":{\"@id\":\"https:\\\/\\\/inclusivenews.com.br\\\/?p=24562\"},\"wordCount\":787,\"commentCount\":1,\"publisher\":{\"@id\":\"https:\\\/\\\/inclusivenews.com.br\\\/#organization\"},\"image\":{\"@id\":\"https:\\\/\\\/inclusivenews.com.br\\\/?p=24562#primaryimage\"},\"thumbnailUrl\":\"http:\\\/\\\/inclusivenews.com.br\\\/wp-content\\\/uploads\\\/2010\\\/07\\\/artigo_trabalho_infantil.png\",\"keywords\":[\"Inf\u00e2ncia\"],\"articleSection\":[\"Den\u00fancias\",\"DIREITOS HUMANOS\",\"Downloadables\",\"Livros\",\"PUBLICA\u00c7\u00d5ES\"],\"inLanguage\":\"pt-PT\",\"potentialAction\":[{\"@type\":\"CommentAction\",\"name\":\"Comment\",\"target\":[\"https:\\\/\\\/inclusivenews.com.br\\\/?p=24562#respond\"]}]},{\"@type\":\"WebPage\",\"@id\":\"https:\\\/\\\/inclusivenews.com.br\\\/?p=24562\",\"url\":\"https:\\\/\\\/inclusivenews.com.br\\\/?p=24562\",\"name\":\"Relat\u00f3rio aponta necessidade de avan\u00e7ar em pol\u00edticas de combate das piores formas de trabalho infantil -\",\"isPartOf\":{\"@id\":\"https:\\\/\\\/inclusivenews.com.br\\\/#website\"},\"primaryImageOfPage\":{\"@id\":\"https:\\\/\\\/inclusivenews.com.br\\\/?p=24562#primaryimage\"},\"image\":{\"@id\":\"https:\\\/\\\/inclusivenews.com.br\\\/?p=24562#primaryimage\"},\"thumbnailUrl\":\"http:\\\/\\\/inclusivenews.com.br\\\/wp-content\\\/uploads\\\/2010\\\/07\\\/artigo_trabalho_infantil.png\",\"datePublished\":\"2013-05-15T00:43:47+00:00\",\"breadcrumb\":{\"@id\":\"https:\\\/\\\/inclusivenews.com.br\\\/?p=24562#breadcrumb\"},\"inLanguage\":\"pt-PT\",\"potentialAction\":[{\"@type\":\"ReadAction\",\"target\":[\"https:\\\/\\\/inclusivenews.com.br\\\/?p=24562\"]}]},{\"@type\":\"ImageObject\",\"inLanguage\":\"pt-PT\",\"@id\":\"https:\\\/\\\/inclusivenews.com.br\\\/?p=24562#primaryimage\",\"url\":\"\",\"contentUrl\":\"\"},{\"@type\":\"BreadcrumbList\",\"@id\":\"https:\\\/\\\/inclusivenews.com.br\\\/?p=24562#breadcrumb\",\"itemListElement\":[{\"@type\":\"ListItem\",\"position\":1,\"name\":\"In\u00edcio\",\"item\":\"https:\\\/\\\/inclusivenews.com.br\\\/\"},{\"@type\":\"ListItem\",\"position\":2,\"name\":\"Relat\u00f3rio aponta necessidade de avan\u00e7ar em pol\u00edticas de combate das piores formas de trabalho infantil\"}]},{\"@type\":\"WebSite\",\"@id\":\"https:\\\/\\\/inclusivenews.com.br\\\/#website\",\"url\":\"https:\\\/\\\/inclusivenews.com.br\\\/\",\"name\":\"Inclusive News\",\"description\":\"Inclusive News\",\"publisher\":{\"@id\":\"https:\\\/\\\/inclusivenews.com.br\\\/#organization\"},\"potentialAction\":[{\"@type\":\"SearchAction\",\"target\":{\"@type\":\"EntryPoint\",\"urlTemplate\":\"https:\\\/\\\/inclusivenews.com.br\\\/?s={search_term_string}\"},\"query-input\":{\"@type\":\"PropertyValueSpecification\",\"valueRequired\":true,\"valueName\":\"search_term_string\"}}],\"inLanguage\":\"pt-PT\"},{\"@type\":\"Organization\",\"@id\":\"https:\\\/\\\/inclusivenews.com.br\\\/#organization\",\"name\":\"Inclusive - inclus\u00e3o e cidadania\",\"url\":\"https:\\\/\\\/inclusivenews.com.br\\\/\",\"logo\":{\"@type\":\"ImageObject\",\"inLanguage\":\"pt-PT\",\"@id\":\"https:\\\/\\\/inclusivenews.com.br\\\/#\\\/schema\\\/logo\\\/image\\\/\",\"url\":\"https:\\\/\\\/inclusivenews.com.br\\\/wp-content\\\/uploads\\\/2024\\\/03\\\/@grandesite.png\",\"contentUrl\":\"https:\\\/\\\/inclusivenews.com.br\\\/wp-content\\\/uploads\\\/2024\\\/03\\\/@grandesite.png\",\"width\":1080,\"height\":1080,\"caption\":\"Inclusive - inclus\u00e3o e cidadania\"},\"image\":{\"@id\":\"https:\\\/\\\/inclusivenews.com.br\\\/#\\\/schema\\\/logo\\\/image\\\/\"},\"sameAs\":[\"https:\\\/\\\/www.facebook.com\\\/agenciainclusive\\\/\",\"https:\\\/\\\/www.instagram.com\\\/newsinclusive\\\/\"]},{\"@type\":\"Person\",\"@id\":\"https:\\\/\\\/inclusivenews.com.br\\\/#\\\/schema\\\/person\\\/ae4ec7087559b8692fb33b6fffd2273b\",\"name\":\"inclusivenews2024\",\"image\":{\"@type\":\"ImageObject\",\"inLanguage\":\"pt-PT\",\"@id\":\"https:\\\/\\\/secure.gravatar.com\\\/avatar\\\/c5a7ef84c66fa914f55bc4f7ce26cfa275a3b9a1c5568b907bd184fb4dde7b40?s=96&d=mm&r=g\",\"url\":\"https:\\\/\\\/secure.gravatar.com\\\/avatar\\\/c5a7ef84c66fa914f55bc4f7ce26cfa275a3b9a1c5568b907bd184fb4dde7b40?s=96&d=mm&r=g\",\"contentUrl\":\"https:\\\/\\\/secure.gravatar.com\\\/avatar\\\/c5a7ef84c66fa914f55bc4f7ce26cfa275a3b9a1c5568b907bd184fb4dde7b40?s=96&d=mm&r=g\",\"caption\":\"inclusivenews2024\"},\"sameAs\":[\"https:\\\/\\\/inclusivenews.com.br\"],\"url\":\"https:\\\/\\\/inclusivenews.com.br\\\/?author=1\"}]}<\/script>\n<!-- \/ Yoast SEO plugin. -->","yoast_head_json":{"title":"Relat\u00f3rio aponta necessidade de avan\u00e7ar em pol\u00edticas de combate das piores formas de trabalho infantil -","robots":{"index":"index","follow":"follow","max-snippet":"max-snippet:-1","max-image-preview":"max-image-preview:large","max-video-preview":"max-video-preview:-1"},"canonical":"https:\/\/inclusivenews.com.br\/?p=24562","og_locale":"pt_PT","og_type":"article","og_title":"Relat\u00f3rio aponta necessidade de avan\u00e7ar em pol\u00edticas de combate das piores formas de trabalho infantil -","og_description":"O documento faz um estudo sobre as piores formas de trabalho infantil no Brasil como trabalho urbano informal e il\u00edcito, trabalho rural, trabalho dom\u00e9stico em casa de terceiros e explora\u00e7\u00e3o sexual, e analisa as dificuldades a serem enfrentadas na \u00e1rea pol\u00edtica, judici\u00e1ria e cultural.","og_url":"https:\/\/inclusivenews.com.br\/?p=24562","article_publisher":"https:\/\/www.facebook.com\/agenciainclusive\/","article_published_time":"2013-05-15T00:43:47+00:00","og_image":[{"url":"http:\/\/inclusivenews.com.br\/wp-content\/uploads\/2010\/07\/artigo_trabalho_infantil.png","type":"","width":"","height":""}],"author":"inclusivenews2024","twitter_card":"summary_large_image","twitter_misc":{"Escrito por":"inclusivenews2024","Tempo estimado de leitura":"4 minutos"},"schema":{"@context":"https:\/\/schema.org","@graph":[{"@type":"Article","@id":"https:\/\/inclusivenews.com.br\/?p=24562#article","isPartOf":{"@id":"https:\/\/inclusivenews.com.br\/?p=24562"},"author":{"name":"inclusivenews2024","@id":"https:\/\/inclusivenews.com.br\/#\/schema\/person\/ae4ec7087559b8692fb33b6fffd2273b"},"headline":"Relat\u00f3rio aponta necessidade de avan\u00e7ar em pol\u00edticas de combate das piores formas de trabalho infantil","datePublished":"2013-05-15T00:43:47+00:00","mainEntityOfPage":{"@id":"https:\/\/inclusivenews.com.br\/?p=24562"},"wordCount":787,"commentCount":1,"publisher":{"@id":"https:\/\/inclusivenews.com.br\/#organization"},"image":{"@id":"https:\/\/inclusivenews.com.br\/?p=24562#primaryimage"},"thumbnailUrl":"http:\/\/inclusivenews.com.br\/wp-content\/uploads\/2010\/07\/artigo_trabalho_infantil.png","keywords":["Inf\u00e2ncia"],"articleSection":["Den\u00fancias","DIREITOS HUMANOS","Downloadables","Livros","PUBLICA\u00c7\u00d5ES"],"inLanguage":"pt-PT","potentialAction":[{"@type":"CommentAction","name":"Comment","target":["https:\/\/inclusivenews.com.br\/?p=24562#respond"]}]},{"@type":"WebPage","@id":"https:\/\/inclusivenews.com.br\/?p=24562","url":"https:\/\/inclusivenews.com.br\/?p=24562","name":"Relat\u00f3rio aponta necessidade de avan\u00e7ar em pol\u00edticas de combate das piores formas de trabalho infantil -","isPartOf":{"@id":"https:\/\/inclusivenews.com.br\/#website"},"primaryImageOfPage":{"@id":"https:\/\/inclusivenews.com.br\/?p=24562#primaryimage"},"image":{"@id":"https:\/\/inclusivenews.com.br\/?p=24562#primaryimage"},"thumbnailUrl":"http:\/\/inclusivenews.com.br\/wp-content\/uploads\/2010\/07\/artigo_trabalho_infantil.png","datePublished":"2013-05-15T00:43:47+00:00","breadcrumb":{"@id":"https:\/\/inclusivenews.com.br\/?p=24562#breadcrumb"},"inLanguage":"pt-PT","potentialAction":[{"@type":"ReadAction","target":["https:\/\/inclusivenews.com.br\/?p=24562"]}]},{"@type":"ImageObject","inLanguage":"pt-PT","@id":"https:\/\/inclusivenews.com.br\/?p=24562#primaryimage","url":"","contentUrl":""},{"@type":"BreadcrumbList","@id":"https:\/\/inclusivenews.com.br\/?p=24562#breadcrumb","itemListElement":[{"@type":"ListItem","position":1,"name":"In\u00edcio","item":"https:\/\/inclusivenews.com.br\/"},{"@type":"ListItem","position":2,"name":"Relat\u00f3rio aponta necessidade de avan\u00e7ar em pol\u00edticas de combate das piores formas de trabalho infantil"}]},{"@type":"WebSite","@id":"https:\/\/inclusivenews.com.br\/#website","url":"https:\/\/inclusivenews.com.br\/","name":"Inclusive News","description":"Inclusive News","publisher":{"@id":"https:\/\/inclusivenews.com.br\/#organization"},"potentialAction":[{"@type":"SearchAction","target":{"@type":"EntryPoint","urlTemplate":"https:\/\/inclusivenews.com.br\/?s={search_term_string}"},"query-input":{"@type":"PropertyValueSpecification","valueRequired":true,"valueName":"search_term_string"}}],"inLanguage":"pt-PT"},{"@type":"Organization","@id":"https:\/\/inclusivenews.com.br\/#organization","name":"Inclusive - inclus\u00e3o e cidadania","url":"https:\/\/inclusivenews.com.br\/","logo":{"@type":"ImageObject","inLanguage":"pt-PT","@id":"https:\/\/inclusivenews.com.br\/#\/schema\/logo\/image\/","url":"https:\/\/inclusivenews.com.br\/wp-content\/uploads\/2024\/03\/@grandesite.png","contentUrl":"https:\/\/inclusivenews.com.br\/wp-content\/uploads\/2024\/03\/@grandesite.png","width":1080,"height":1080,"caption":"Inclusive - inclus\u00e3o e cidadania"},"image":{"@id":"https:\/\/inclusivenews.com.br\/#\/schema\/logo\/image\/"},"sameAs":["https:\/\/www.facebook.com\/agenciainclusive\/","https:\/\/www.instagram.com\/newsinclusive\/"]},{"@type":"Person","@id":"https:\/\/inclusivenews.com.br\/#\/schema\/person\/ae4ec7087559b8692fb33b6fffd2273b","name":"inclusivenews2024","image":{"@type":"ImageObject","inLanguage":"pt-PT","@id":"https:\/\/secure.gravatar.com\/avatar\/c5a7ef84c66fa914f55bc4f7ce26cfa275a3b9a1c5568b907bd184fb4dde7b40?s=96&d=mm&r=g","url":"https:\/\/secure.gravatar.com\/avatar\/c5a7ef84c66fa914f55bc4f7ce26cfa275a3b9a1c5568b907bd184fb4dde7b40?s=96&d=mm&r=g","contentUrl":"https:\/\/secure.gravatar.com\/avatar\/c5a7ef84c66fa914f55bc4f7ce26cfa275a3b9a1c5568b907bd184fb4dde7b40?s=96&d=mm&r=g","caption":"inclusivenews2024"},"sameAs":["https:\/\/inclusivenews.com.br"],"url":"https:\/\/inclusivenews.com.br\/?author=1"}]}},"_links":{"self":[{"href":"https:\/\/inclusivenews.com.br\/index.php?rest_route=\/wp\/v2\/posts\/24562","targetHints":{"allow":["GET"]}}],"collection":[{"href":"https:\/\/inclusivenews.com.br\/index.php?rest_route=\/wp\/v2\/posts"}],"about":[{"href":"https:\/\/inclusivenews.com.br\/index.php?rest_route=\/wp\/v2\/types\/post"}],"author":[{"embeddable":true,"href":"https:\/\/inclusivenews.com.br\/index.php?rest_route=\/wp\/v2\/users\/1"}],"replies":[{"embeddable":true,"href":"https:\/\/inclusivenews.com.br\/index.php?rest_route=%2Fwp%2Fv2%2Fcomments&post=24562"}],"version-history":[{"count":0,"href":"https:\/\/inclusivenews.com.br\/index.php?rest_route=\/wp\/v2\/posts\/24562\/revisions"}],"wp:attachment":[{"href":"https:\/\/inclusivenews.com.br\/index.php?rest_route=%2Fwp%2Fv2%2Fmedia&parent=24562"}],"wp:term":[{"taxonomy":"category","embeddable":true,"href":"https:\/\/inclusivenews.com.br\/index.php?rest_route=%2Fwp%2Fv2%2Fcategories&post=24562"},{"taxonomy":"post_tag","embeddable":true,"href":"https:\/\/inclusivenews.com.br\/index.php?rest_route=%2Fwp%2Fv2%2Ftags&post=24562"}],"curies":[{"name":"wp","href":"https:\/\/api.w.org\/{rel}","templated":true}]}}