{"id":24570,"date":"2013-05-14T22:05:02","date_gmt":"2013-05-15T01:05:02","guid":{"rendered":"http:\/\/www.inclusive.org.br\/?p=24570"},"modified":"2013-05-14T22:05:02","modified_gmt":"2013-05-15T01:05:02","slug":"adocao-o-caminho-solidario-da-maternidade","status":"publish","type":"post","link":"https:\/\/inclusivenews.com.br\/?p=24570","title":{"rendered":"Ado\u00e7\u00e3o: o caminho solid\u00e1rio da maternidade"},"content":{"rendered":"<p><img loading=\"lazy\" decoding=\"async\" class=\"alignleft size-medium wp-image-23257\" title=\"3 crian\u00e7as sob textura\" src=\"http:\/\/inclusivenews.com.br\/wp-content\/uploads\/fly-300x128.jpg\" alt=\"3 crian\u00e7as sob textura\" width=\"300\" height=\"128\" \/><\/p>\n<p>O desejo de construir uma fam\u00edlia e vivenciar a maternidade quase sempre est\u00e1 ligado a partilhar a mesma heran\u00e7a gen\u00e9tica.<\/p>\n<p>Mas para muitos isso nem sempre \u00e9 poss\u00edvel. Por isso, para tornar realidade esse sonho a op\u00e7\u00e3o \u00e9 adotar, uma atitude que une o desejo de ter um filho com o direito de cada crian\u00e7a de ter uma fam\u00edlia.<\/p>\n<p>Dados dos Cadastro Nacional de Ado\u00e7\u00e3o (CNA) mostram que atualmente existem cerca de 30 mil pessoas (homens e mulheres) dispostos a receber cerca de 5.500 pessoas como seus filhos.<\/p>\n<p>H\u00e1 5.471 crian\u00e7as e adolescentes inscritos no Cadastro Nacional de Ado\u00e7\u00e3o. Desses, 1.787 s\u00e3o brancos, 1.035 s\u00e3o negros e 2.602 s\u00e3o pardos. Os pais podem optar por restringir-se a um tipo de crian\u00e7a para adotar ou estar abertos a qualquer perfil.<\/p>\n<p>E \u00e9 a\u00ed que os n\u00fameros correm em sentido inverso. O n\u00famero de pessoas habilitadas que querem apenas crian\u00e7as brancas ainda \u00e9 muito superior ao daqueles com predile\u00e7\u00f5es exclusivas de outras ra\u00e7as. S\u00e3o 9.474, contra 1.631 que aceitam apenas pardos e 574 que querem adotar somente crian\u00e7as negras.<\/p>\n<p>Ado\u00e7\u00e3o de rec\u00e9m-nascidos<\/p>\n<p>Para algumas pessoas, a legisla\u00e7\u00e3o engessa o processo, diminuindo as chances da crian\u00e7a ou do adolescente encontrar um novo lar.<\/p>\n<p>De acordo com a supervisora da Se\u00e7\u00e3o de Coloca\u00e7\u00e3o em Fam\u00edlia Substituta da Vara da Inf\u00e2ncia e Juventude do Distrito Federal, Niva Campos, o que mais dificulta \u00e9 o fato de as pessoas querem adotar majoritariamente crian\u00e7as rec\u00e9m-nascidas, deixando de lado as mais velhas.<\/p>\n<p>&#8220;Mais de 95% dos pretendentes hoje querem adotar uma crian\u00e7a em tenra idade. Ent\u00e3o praticamente a pessoa tem a fila inteira a sua frente. Se a pessoa vier a se interessar a adotar um adolescente provavelmente vai ser a primeira da fila, pois n\u00e3o temos fam\u00edlias dispon\u00edveis para o acolhimento de adolescentes,&#8221; explicou.<\/p>\n<p>Niva esclarece que com a nova legisla\u00e7\u00e3o, as pessoas interessadas t\u00eam que passar por um processo de habilita\u00e7\u00e3o, antes de serem inclu\u00eddas no cadastro e que, muitas vezes, a demora se deve ao perfil de crian\u00e7a escolhido.<\/p>\n<p>Os dados do CNA mostram que do total de pessoa habilitadas 15,69% querem adotar somente crian\u00e7as rec\u00e9m-nascidas, 18,96% crian\u00e7as com um ano de idade e 20,35% com dois anos.<\/p>\n<p>&#8220;A quest\u00e3o et\u00e1ria restringe muitas vezes a inclus\u00e3o das crian\u00e7as nas fam\u00edlias, pois a partir dos seis anos de idade cai o n\u00famero de candidatos interessados&#8221;, observa Niva.<\/p>\n<p>Ado\u00e7\u00e3o dirigida<\/p>\n<p>A legisla\u00e7\u00e3o atual privilegia o cadastro e consequentemente o perfil para evitar o que acontecia antes, as ado\u00e7\u00f5es dirigidas em que a m\u00e3e entregava o filho para outra fam\u00edlia adotar.<\/p>\n<p>&#8220;A ado\u00e7\u00e3o dirigida era muito prevalente antes da lei. Era em torno de 80% das ado\u00e7\u00f5es. Ela esclarece que muitas vezes, existia uma rela\u00e7\u00e3o desigual entre a m\u00e3e que entregava o filho e a fam\u00edlia adotante. &#8220;\u00c9 uma rela\u00e7\u00e3o de poder desigual entre que adota e quem entrega.<\/p>\n<p>Para evitar este tipo de situa\u00e7\u00e3o, atualmente as pessoas precisam passar por um processo de habilita\u00e7\u00e3o. Ao manifestar a inten\u00e7\u00e3o de adotar, a pessoa deve procurar a defensoria p\u00fablica para entrar com o pedido, que vai ser analisado pelo juiz, sem custos.<\/p>\n<p>Em seguida, o interessado passa por um curso e \u00e9 submetido a um estudo psicossocial. Nessa etapa, \u00e9 elaborado um relat\u00f3rio que ser\u00e1 encaminhado ao Minist\u00e9rio P\u00fablico e ao Judici\u00e1rio.<\/p>\n<p>Depois dessa an\u00e1lise, o juiz diz se o candidato est\u00e1 habilitado. Durante o processo verifica-se a disponibilidade do candidato e o perfil de crian\u00e7a que ele quer adotar. Uma vez habilitado, ele vai aguardar na fila do cadastro, de acordo com o perfil elaborado.<\/p>\n<p>&#8220;\u00c9 importante que a pessoa seja o mais honesta e mais verdadeira com o seu desejo, para que a compatibiliza\u00e7\u00e3o [com a crian\u00e7a] seja concreta, para que n\u00e3o se inicie o est\u00e1gio de conviv\u00eancia e depois se quebre, o que vai gerar mais sofrimento para a crian\u00e7a&#8221;.<\/p>\n<p>Prepara\u00e7\u00e3o para ado\u00e7\u00e3o<\/p>\n<p>Antes da apresenta\u00e7\u00e3o da crian\u00e7a \u00e0 poss\u00edvel fam\u00edlia adotante, ambos passam por uma prepara\u00e7\u00e3o com o apoio de psic\u00f3logos e assistentes sociais.<\/p>\n<p>&#8220;Depois da libera\u00e7\u00e3o da crian\u00e7a, se tudo der certo, o juiz vai deferir a guarda provis\u00f3ria e o acompanhamento posterior. Em, geral ele fixa em tr\u00eas meses esse est\u00e1gio,&#8221; explica Niva.<\/p>\n<p>Nesse per\u00edodo tamb\u00e9m \u00e9 feito um acompanhamento, com um trabalho direcionado para estas fam\u00edlias, feito em grupo e essas pessoas podem se beneficiar da experi\u00eancia de outras pessoas que j\u00e1 est\u00e3o em outra fase do processo, explica.<\/p>\n<p>De acordo com Niva Campos, a prepara\u00e7\u00e3o \u00e9 necess\u00e1ria porque a ado\u00e7\u00e3o est\u00e1 focada na prote\u00e7\u00e3o dos direitos de crian\u00e7as e adolescentes, muito mais do que nos interesses dos adultos.<\/p>\n<p>Fonte: Ag\u00eancia Brasil<\/p>\n","protected":false},"excerpt":{"rendered":"<p>\u00c9 a\u00ed que os n\u00fameros correm em sentido inverso. O n\u00famero de pessoas habilitadas que querem apenas crian\u00e7as brancas ainda \u00e9 muito superior ao daqueles com predile\u00e7\u00f5es exclusivas de outras ra\u00e7as. S\u00e3o 9.474, contra 1.631 que aceitam apenas pardos e 574 que querem adotar somente crian\u00e7as negras.<\/p>\n","protected":false},"author":1,"featured_media":0,"comment_status":"open","ping_status":"open","sticky":false,"template":"","format":"standard","meta":{"site-container-style":"default","site-container-layout":"default","site-sidebar-layout":"default","disable-article-header":"default","disable-site-header":"default","disable-site-footer":"default","disable-content-area-spacing":"default","footnotes":""},"categories":[4],"tags":[],"class_list":["post-24570","post","type-post","status-publish","format-standard","hentry","category-noticias"],"yoast_head":"<!-- This site is optimized with the Yoast SEO plugin v27.4 - https:\/\/yoast.com\/product\/yoast-seo-wordpress\/ -->\n<title>Ado\u00e7\u00e3o: o caminho solid\u00e1rio da maternidade -<\/title>\n<meta name=\"robots\" content=\"index, follow, max-snippet:-1, max-image-preview:large, max-video-preview:-1\" \/>\n<link rel=\"canonical\" href=\"https:\/\/inclusivenews.com.br\/?p=24570\" \/>\n<meta property=\"og:locale\" content=\"pt_PT\" \/>\n<meta property=\"og:type\" content=\"article\" \/>\n<meta property=\"og:title\" content=\"Ado\u00e7\u00e3o: o caminho solid\u00e1rio da maternidade -\" \/>\n<meta property=\"og:description\" content=\"\u00c9 a\u00ed que os n\u00fameros correm em sentido inverso. O n\u00famero de pessoas habilitadas que querem apenas crian\u00e7as brancas ainda \u00e9 muito superior ao daqueles com predile\u00e7\u00f5es exclusivas de outras ra\u00e7as. S\u00e3o 9.474, contra 1.631 que aceitam apenas pardos e 574 que querem adotar somente crian\u00e7as negras.\" \/>\n<meta property=\"og:url\" content=\"https:\/\/inclusivenews.com.br\/?p=24570\" \/>\n<meta property=\"article:publisher\" content=\"https:\/\/www.facebook.com\/agenciainclusive\/\" \/>\n<meta property=\"article:published_time\" content=\"2013-05-15T01:05:02+00:00\" \/>\n<meta property=\"og:image\" content=\"http:\/\/inclusivenews.com.br\/wp-content\/uploads\/fly-300x128.jpg\" \/>\n<meta name=\"author\" content=\"inclusivenews2024\" \/>\n<meta name=\"twitter:card\" content=\"summary_large_image\" \/>\n<meta name=\"twitter:label1\" content=\"Escrito por\" \/>\n\t<meta name=\"twitter:data1\" content=\"inclusivenews2024\" \/>\n\t<meta name=\"twitter:label2\" content=\"Tempo estimado de leitura\" \/>\n\t<meta name=\"twitter:data2\" content=\"4 minutos\" \/>\n<script type=\"application\/ld+json\" class=\"yoast-schema-graph\">{\"@context\":\"https:\\\/\\\/schema.org\",\"@graph\":[{\"@type\":\"Article\",\"@id\":\"https:\\\/\\\/inclusivenews.com.br\\\/?p=24570#article\",\"isPartOf\":{\"@id\":\"https:\\\/\\\/inclusivenews.com.br\\\/?p=24570\"},\"author\":{\"name\":\"inclusivenews2024\",\"@id\":\"https:\\\/\\\/inclusivenews.com.br\\\/#\\\/schema\\\/person\\\/ae4ec7087559b8692fb33b6fffd2273b\"},\"headline\":\"Ado\u00e7\u00e3o: o caminho solid\u00e1rio da maternidade\",\"datePublished\":\"2013-05-15T01:05:02+00:00\",\"mainEntityOfPage\":{\"@id\":\"https:\\\/\\\/inclusivenews.com.br\\\/?p=24570\"},\"wordCount\":843,\"commentCount\":0,\"publisher\":{\"@id\":\"https:\\\/\\\/inclusivenews.com.br\\\/#organization\"},\"image\":{\"@id\":\"https:\\\/\\\/inclusivenews.com.br\\\/?p=24570#primaryimage\"},\"thumbnailUrl\":\"http:\\\/\\\/inclusivenews.com.br\\\/wp-content\\\/uploads\\\/fly-300x128.jpg\",\"articleSection\":[\"NOT\u00cdCIAS\"],\"inLanguage\":\"pt-PT\",\"potentialAction\":[{\"@type\":\"CommentAction\",\"name\":\"Comment\",\"target\":[\"https:\\\/\\\/inclusivenews.com.br\\\/?p=24570#respond\"]}]},{\"@type\":\"WebPage\",\"@id\":\"https:\\\/\\\/inclusivenews.com.br\\\/?p=24570\",\"url\":\"https:\\\/\\\/inclusivenews.com.br\\\/?p=24570\",\"name\":\"Ado\u00e7\u00e3o: o caminho solid\u00e1rio da maternidade -\",\"isPartOf\":{\"@id\":\"https:\\\/\\\/inclusivenews.com.br\\\/#website\"},\"primaryImageOfPage\":{\"@id\":\"https:\\\/\\\/inclusivenews.com.br\\\/?p=24570#primaryimage\"},\"image\":{\"@id\":\"https:\\\/\\\/inclusivenews.com.br\\\/?p=24570#primaryimage\"},\"thumbnailUrl\":\"http:\\\/\\\/inclusivenews.com.br\\\/wp-content\\\/uploads\\\/fly-300x128.jpg\",\"datePublished\":\"2013-05-15T01:05:02+00:00\",\"breadcrumb\":{\"@id\":\"https:\\\/\\\/inclusivenews.com.br\\\/?p=24570#breadcrumb\"},\"inLanguage\":\"pt-PT\",\"potentialAction\":[{\"@type\":\"ReadAction\",\"target\":[\"https:\\\/\\\/inclusivenews.com.br\\\/?p=24570\"]}]},{\"@type\":\"ImageObject\",\"inLanguage\":\"pt-PT\",\"@id\":\"https:\\\/\\\/inclusivenews.com.br\\\/?p=24570#primaryimage\",\"url\":\"\",\"contentUrl\":\"\"},{\"@type\":\"BreadcrumbList\",\"@id\":\"https:\\\/\\\/inclusivenews.com.br\\\/?p=24570#breadcrumb\",\"itemListElement\":[{\"@type\":\"ListItem\",\"position\":1,\"name\":\"In\u00edcio\",\"item\":\"https:\\\/\\\/inclusivenews.com.br\\\/\"},{\"@type\":\"ListItem\",\"position\":2,\"name\":\"Ado\u00e7\u00e3o: o caminho solid\u00e1rio da maternidade\"}]},{\"@type\":\"WebSite\",\"@id\":\"https:\\\/\\\/inclusivenews.com.br\\\/#website\",\"url\":\"https:\\\/\\\/inclusivenews.com.br\\\/\",\"name\":\"Inclusive News\",\"description\":\"Inclusive News\",\"publisher\":{\"@id\":\"https:\\\/\\\/inclusivenews.com.br\\\/#organization\"},\"potentialAction\":[{\"@type\":\"SearchAction\",\"target\":{\"@type\":\"EntryPoint\",\"urlTemplate\":\"https:\\\/\\\/inclusivenews.com.br\\\/?s={search_term_string}\"},\"query-input\":{\"@type\":\"PropertyValueSpecification\",\"valueRequired\":true,\"valueName\":\"search_term_string\"}}],\"inLanguage\":\"pt-PT\"},{\"@type\":\"Organization\",\"@id\":\"https:\\\/\\\/inclusivenews.com.br\\\/#organization\",\"name\":\"Inclusive - inclus\u00e3o e cidadania\",\"url\":\"https:\\\/\\\/inclusivenews.com.br\\\/\",\"logo\":{\"@type\":\"ImageObject\",\"inLanguage\":\"pt-PT\",\"@id\":\"https:\\\/\\\/inclusivenews.com.br\\\/#\\\/schema\\\/logo\\\/image\\\/\",\"url\":\"https:\\\/\\\/inclusivenews.com.br\\\/wp-content\\\/uploads\\\/2024\\\/03\\\/@grandesite.png\",\"contentUrl\":\"https:\\\/\\\/inclusivenews.com.br\\\/wp-content\\\/uploads\\\/2024\\\/03\\\/@grandesite.png\",\"width\":1080,\"height\":1080,\"caption\":\"Inclusive - inclus\u00e3o e cidadania\"},\"image\":{\"@id\":\"https:\\\/\\\/inclusivenews.com.br\\\/#\\\/schema\\\/logo\\\/image\\\/\"},\"sameAs\":[\"https:\\\/\\\/www.facebook.com\\\/agenciainclusive\\\/\",\"https:\\\/\\\/www.instagram.com\\\/newsinclusive\\\/\"]},{\"@type\":\"Person\",\"@id\":\"https:\\\/\\\/inclusivenews.com.br\\\/#\\\/schema\\\/person\\\/ae4ec7087559b8692fb33b6fffd2273b\",\"name\":\"inclusivenews2024\",\"image\":{\"@type\":\"ImageObject\",\"inLanguage\":\"pt-PT\",\"@id\":\"https:\\\/\\\/secure.gravatar.com\\\/avatar\\\/c5a7ef84c66fa914f55bc4f7ce26cfa275a3b9a1c5568b907bd184fb4dde7b40?s=96&d=mm&r=g\",\"url\":\"https:\\\/\\\/secure.gravatar.com\\\/avatar\\\/c5a7ef84c66fa914f55bc4f7ce26cfa275a3b9a1c5568b907bd184fb4dde7b40?s=96&d=mm&r=g\",\"contentUrl\":\"https:\\\/\\\/secure.gravatar.com\\\/avatar\\\/c5a7ef84c66fa914f55bc4f7ce26cfa275a3b9a1c5568b907bd184fb4dde7b40?s=96&d=mm&r=g\",\"caption\":\"inclusivenews2024\"},\"sameAs\":[\"https:\\\/\\\/inclusivenews.com.br\"],\"url\":\"https:\\\/\\\/inclusivenews.com.br\\\/?author=1\"}]}<\/script>\n<!-- \/ Yoast SEO plugin. -->","yoast_head_json":{"title":"Ado\u00e7\u00e3o: o caminho solid\u00e1rio da maternidade -","robots":{"index":"index","follow":"follow","max-snippet":"max-snippet:-1","max-image-preview":"max-image-preview:large","max-video-preview":"max-video-preview:-1"},"canonical":"https:\/\/inclusivenews.com.br\/?p=24570","og_locale":"pt_PT","og_type":"article","og_title":"Ado\u00e7\u00e3o: o caminho solid\u00e1rio da maternidade -","og_description":"\u00c9 a\u00ed que os n\u00fameros correm em sentido inverso. O n\u00famero de pessoas habilitadas que querem apenas crian\u00e7as brancas ainda \u00e9 muito superior ao daqueles com predile\u00e7\u00f5es exclusivas de outras ra\u00e7as. S\u00e3o 9.474, contra 1.631 que aceitam apenas pardos e 574 que querem adotar somente crian\u00e7as negras.","og_url":"https:\/\/inclusivenews.com.br\/?p=24570","article_publisher":"https:\/\/www.facebook.com\/agenciainclusive\/","article_published_time":"2013-05-15T01:05:02+00:00","og_image":[{"url":"http:\/\/inclusivenews.com.br\/wp-content\/uploads\/fly-300x128.jpg","type":"","width":"","height":""}],"author":"inclusivenews2024","twitter_card":"summary_large_image","twitter_misc":{"Escrito por":"inclusivenews2024","Tempo estimado de leitura":"4 minutos"},"schema":{"@context":"https:\/\/schema.org","@graph":[{"@type":"Article","@id":"https:\/\/inclusivenews.com.br\/?p=24570#article","isPartOf":{"@id":"https:\/\/inclusivenews.com.br\/?p=24570"},"author":{"name":"inclusivenews2024","@id":"https:\/\/inclusivenews.com.br\/#\/schema\/person\/ae4ec7087559b8692fb33b6fffd2273b"},"headline":"Ado\u00e7\u00e3o: o caminho solid\u00e1rio da maternidade","datePublished":"2013-05-15T01:05:02+00:00","mainEntityOfPage":{"@id":"https:\/\/inclusivenews.com.br\/?p=24570"},"wordCount":843,"commentCount":0,"publisher":{"@id":"https:\/\/inclusivenews.com.br\/#organization"},"image":{"@id":"https:\/\/inclusivenews.com.br\/?p=24570#primaryimage"},"thumbnailUrl":"http:\/\/inclusivenews.com.br\/wp-content\/uploads\/fly-300x128.jpg","articleSection":["NOT\u00cdCIAS"],"inLanguage":"pt-PT","potentialAction":[{"@type":"CommentAction","name":"Comment","target":["https:\/\/inclusivenews.com.br\/?p=24570#respond"]}]},{"@type":"WebPage","@id":"https:\/\/inclusivenews.com.br\/?p=24570","url":"https:\/\/inclusivenews.com.br\/?p=24570","name":"Ado\u00e7\u00e3o: o caminho solid\u00e1rio da maternidade -","isPartOf":{"@id":"https:\/\/inclusivenews.com.br\/#website"},"primaryImageOfPage":{"@id":"https:\/\/inclusivenews.com.br\/?p=24570#primaryimage"},"image":{"@id":"https:\/\/inclusivenews.com.br\/?p=24570#primaryimage"},"thumbnailUrl":"http:\/\/inclusivenews.com.br\/wp-content\/uploads\/fly-300x128.jpg","datePublished":"2013-05-15T01:05:02+00:00","breadcrumb":{"@id":"https:\/\/inclusivenews.com.br\/?p=24570#breadcrumb"},"inLanguage":"pt-PT","potentialAction":[{"@type":"ReadAction","target":["https:\/\/inclusivenews.com.br\/?p=24570"]}]},{"@type":"ImageObject","inLanguage":"pt-PT","@id":"https:\/\/inclusivenews.com.br\/?p=24570#primaryimage","url":"","contentUrl":""},{"@type":"BreadcrumbList","@id":"https:\/\/inclusivenews.com.br\/?p=24570#breadcrumb","itemListElement":[{"@type":"ListItem","position":1,"name":"In\u00edcio","item":"https:\/\/inclusivenews.com.br\/"},{"@type":"ListItem","position":2,"name":"Ado\u00e7\u00e3o: o caminho solid\u00e1rio da maternidade"}]},{"@type":"WebSite","@id":"https:\/\/inclusivenews.com.br\/#website","url":"https:\/\/inclusivenews.com.br\/","name":"Inclusive News","description":"Inclusive News","publisher":{"@id":"https:\/\/inclusivenews.com.br\/#organization"},"potentialAction":[{"@type":"SearchAction","target":{"@type":"EntryPoint","urlTemplate":"https:\/\/inclusivenews.com.br\/?s={search_term_string}"},"query-input":{"@type":"PropertyValueSpecification","valueRequired":true,"valueName":"search_term_string"}}],"inLanguage":"pt-PT"},{"@type":"Organization","@id":"https:\/\/inclusivenews.com.br\/#organization","name":"Inclusive - inclus\u00e3o e cidadania","url":"https:\/\/inclusivenews.com.br\/","logo":{"@type":"ImageObject","inLanguage":"pt-PT","@id":"https:\/\/inclusivenews.com.br\/#\/schema\/logo\/image\/","url":"https:\/\/inclusivenews.com.br\/wp-content\/uploads\/2024\/03\/@grandesite.png","contentUrl":"https:\/\/inclusivenews.com.br\/wp-content\/uploads\/2024\/03\/@grandesite.png","width":1080,"height":1080,"caption":"Inclusive - inclus\u00e3o e cidadania"},"image":{"@id":"https:\/\/inclusivenews.com.br\/#\/schema\/logo\/image\/"},"sameAs":["https:\/\/www.facebook.com\/agenciainclusive\/","https:\/\/www.instagram.com\/newsinclusive\/"]},{"@type":"Person","@id":"https:\/\/inclusivenews.com.br\/#\/schema\/person\/ae4ec7087559b8692fb33b6fffd2273b","name":"inclusivenews2024","image":{"@type":"ImageObject","inLanguage":"pt-PT","@id":"https:\/\/secure.gravatar.com\/avatar\/c5a7ef84c66fa914f55bc4f7ce26cfa275a3b9a1c5568b907bd184fb4dde7b40?s=96&d=mm&r=g","url":"https:\/\/secure.gravatar.com\/avatar\/c5a7ef84c66fa914f55bc4f7ce26cfa275a3b9a1c5568b907bd184fb4dde7b40?s=96&d=mm&r=g","contentUrl":"https:\/\/secure.gravatar.com\/avatar\/c5a7ef84c66fa914f55bc4f7ce26cfa275a3b9a1c5568b907bd184fb4dde7b40?s=96&d=mm&r=g","caption":"inclusivenews2024"},"sameAs":["https:\/\/inclusivenews.com.br"],"url":"https:\/\/inclusivenews.com.br\/?author=1"}]}},"_links":{"self":[{"href":"https:\/\/inclusivenews.com.br\/index.php?rest_route=\/wp\/v2\/posts\/24570","targetHints":{"allow":["GET"]}}],"collection":[{"href":"https:\/\/inclusivenews.com.br\/index.php?rest_route=\/wp\/v2\/posts"}],"about":[{"href":"https:\/\/inclusivenews.com.br\/index.php?rest_route=\/wp\/v2\/types\/post"}],"author":[{"embeddable":true,"href":"https:\/\/inclusivenews.com.br\/index.php?rest_route=\/wp\/v2\/users\/1"}],"replies":[{"embeddable":true,"href":"https:\/\/inclusivenews.com.br\/index.php?rest_route=%2Fwp%2Fv2%2Fcomments&post=24570"}],"version-history":[{"count":0,"href":"https:\/\/inclusivenews.com.br\/index.php?rest_route=\/wp\/v2\/posts\/24570\/revisions"}],"wp:attachment":[{"href":"https:\/\/inclusivenews.com.br\/index.php?rest_route=%2Fwp%2Fv2%2Fmedia&parent=24570"}],"wp:term":[{"taxonomy":"category","embeddable":true,"href":"https:\/\/inclusivenews.com.br\/index.php?rest_route=%2Fwp%2Fv2%2Fcategories&post=24570"},{"taxonomy":"post_tag","embeddable":true,"href":"https:\/\/inclusivenews.com.br\/index.php?rest_route=%2Fwp%2Fv2%2Ftags&post=24570"}],"curies":[{"name":"wp","href":"https:\/\/api.w.org\/{rel}","templated":true}]}}