{"id":24625,"date":"2013-05-22T14:31:24","date_gmt":"2013-05-22T17:31:24","guid":{"rendered":"http:\/\/www.inclusive.org.br\/?p=24625"},"modified":"2013-05-22T14:31:24","modified_gmt":"2013-05-22T17:31:24","slug":"acao-da-cidadania-20-anos","status":"publish","type":"post","link":"https:\/\/inclusivenews.com.br\/?p=24625","title":{"rendered":"A\u00e7\u00e3o da Cidadania: 20 anos"},"content":{"rendered":"<figure style=\"width: 234px\" class=\"wp-caption alignleft\"><img loading=\"lazy\" decoding=\"async\" title=\"A\u00e7\u00e3o da cidadania contra a fome, a miseria e pela vida - escrita sobre um prato vazio\" src=\"http:\/\/t0.gstatic.com\/images?q=tbn:ANd9GcRO5r34s1RGub8nZpZufvv1aT1GytEMGT1-LyNxkBt-bfuHAeKtTQ\" alt=\"A\u00e7\u00e3o da cidadania contra a fome, a miseria e pela vida - escrita sobre um prato vazio\" width=\"234\" height=\"216\" \/><figcaption class=\"wp-caption-text\"> <\/figcaption><\/figure>\n<p><em>Por Ribamar Ara\u00fajo<\/em> *<\/p>\n<p>Nascida no bojo do Movimento pela \u00c9tica na Pol\u00edtica, em 1993, foi com a proposta de mobiliza\u00e7\u00e3o dos v\u00e1rios setores da sociedade brasileira, somada \u00e0 atua\u00e7\u00e3o direta dos comit\u00eas locais nos bols\u00f5es de pobreza, que a A\u00e7\u00e3o da Cidadania foi crucial para a participa\u00e7\u00e3o cidad\u00e3, para os avan\u00e7os na garantia do Direito Humano \u00e0 Alimenta\u00e7\u00e3o.<\/p>\n<p>Tr\u00eas s\u00e3o as campanhas que notabilizam a A\u00e7\u00e3o: A Campanha Natal sem Fome, a Campanha do Voto \u00c9tico e pela Reforma Agr\u00e1ria, embora muitos, at\u00e9 no interior do movimento, s\u00f3 queiram ver a dimens\u00e3o emergencial e assistencial. Dentro da l\u00f3gica que a comida \u00e9 fundamental para a sobreviv\u00eancia, mas produzindo uma articula\u00e7\u00e3o do emergencial ao estrutural, de forma intersetorial, e propondo uma pol\u00edtica que seja de Estado e n\u00e3o de governos, visando um pacto republicano. \u00c9 c\u00e9lebre a frase do Betinho que ilustra essa perspectiva:<\/p>\n<p>\u201cA luta contra a mis\u00e9ria tem dupla dimens\u00e3o, a emergencial e a estrutural. A articula\u00e7\u00e3o entre estas duas dimens\u00f5es \u00e9 complexa e cheia de ast\u00facia. Atuar no emergencial sem considerar o estrutural \u00e9 contribuir para perpetuar a mis\u00e9ria. Propor o estrutural sem atuar no emergencial \u00e9 praticar o cinismo de curto prazo em nome da filantropia de longo prazo\u201d.<\/p>\n<p>A a\u00e7\u00e3o contra a fome, como diria Anna Peliano (Ipea), \u00e9 \u201ccredora de tr\u00eas grandes contribui\u00e7\u00f5es para tornar a sociedade brasileira mais democr\u00e1tica e justa: a) ter politizado o problema da fome; b) ter logrado uma mobiliza\u00e7\u00e3o da sociedade civil que encontra poucos antecedentes na hist\u00f3ria recente; c) ter ampliado, atrav\u00e9s do Consea, a participa\u00e7\u00e3o cidad\u00e3 na formula\u00e7\u00e3o e controle das pol\u00edticas p\u00fablicas\u201d.<\/p>\n<p>Foram a A\u00e7\u00e3o da Cidadania e suas entidades membros no Brasil que mobilizaram e coordenaram, junto com o Consea Nacional, a 1\u00aa Confer\u00eancia Nacional de Seguran\u00e7a Alimentar e Nutricional, em Bras\u00edlia, em julho de 1994; coordena\u00e7\u00e3o da qual eu tive a honra e o desafio de participar. Entre as conclus\u00f5es da 1\u00aa Confer\u00eancia Nacional, diagnosticou-se, numa breve s\u00edntese, que diferentemente de outros pa\u00edses, no Brasil as causas estruturais da fome era a concentra\u00e7\u00e3o de terras, rendas e oportunidades; e que a revers\u00e3o dessa realidade perversa passava pela constru\u00e7\u00e3o de uma pol\u00edtica de seguran\u00e7a alimentar e nutricional e a convers\u00e3o do modelo excludente de desenvolvimento econ\u00f4mico.<\/p>\n<p>Uma das a\u00e7\u00f5es concretas foi a divulga\u00e7\u00e3o, sensibiliza\u00e7\u00e3o e o mutir\u00e3o de assinaturas na \u201cCarta da Terra\u201d, articulada pelo Betinho, para mobilizar a sociedade em press\u00e3o ao governo pela realiza\u00e7\u00e3o da Reforma Agr\u00e1ria. Cap\u00edtulo que, sobretudo n\u00f3s da Comiss\u00e3o de Povos e Comunidades Tradicionais do Consea, gostar\u00edamos de ver efetivado. Cap\u00edtulo que ajudamos a escrever em nossa constitui\u00e7\u00e3o cidad\u00e3 e queremos ver efetivado na pr\u00e1tica.<\/p>\n<p>O F\u00f3rum Nacional da A\u00e7\u00e3o da Cidadania, reunido nos \u00faltimos dias 4 a 7 de abril, no Rio de Janeiro, refletiu sobre os graves impactos das enchentes e da estiagem, que geram inseguran\u00e7a alimentar, viu a necessidade de reafirmar as suas \u2018velhas\u2019 bandeiras sob um novo paradigma, a emerg\u00eancia da \u201cterra e \u00e1gua\u201d nos pautou e confiantes de que a A\u00e7\u00e3o da Cidadania passa pela educa\u00e7\u00e3o cidad\u00e3, articulado com as confer\u00eancias de educa\u00e7\u00e3o definimos um calend\u00e1rio anual de mobiliza\u00e7\u00e3o em paralelo as datas marcantes da funda\u00e7\u00e3o do movimento e em honra \u00e0 vida e \u00e0 mem\u00f3ria do militante Betinho, assim definido:<\/p>\n<p>2O de junho: mobiliza\u00e7\u00e3o nacional em articula\u00e7\u00e3o com os Conseas e a Conae- Confer\u00eancia Nacional da Educa\u00e7\u00e3o. Coincidindo com o anivers\u00e1rio de 20 anos da A\u00e7\u00e3o da Cidadania Contra a Fome, a Mis\u00e9ria e pela Vida &#8211; e com prioridade para a discuss\u00e3o do Eixo V do Documento-Refer\u00eancia da Conae.<br \/>\nFestival Comunit\u00e1rio pela N\u00e3o-Viol\u00eancia: trabalhos e pe\u00e7as pela n\u00e3o-viol\u00eancia e em di\u00e1logos sobre o Eixo II do Documento-Refer\u00eancia da Conae. Em prepara\u00e7\u00e3o para apresenta\u00e7\u00e3o dos trabalhos mais pac\u00edficos no dia 2 de outubro.<\/p>\n<p>09 de agosto: \u2018Betinho virou semente\u2019 &#8211; sistematiza\u00e7\u00e3o das participa\u00e7\u00f5es dos Comit\u00eas da A\u00e7\u00e3o da Cidadania no Dia da Conae nas Comunidades (coincidindo com a data de falecimento do Betinho, em nome de quem faremos eventos para trocas de sementes em apoio \u00e0s comunidades do Nordeste na luta contra a seca).<\/p>\n<p>02 de outubro: Festival da N\u00e3o-Viol\u00eancia nas Escolas e Comunidades \u2013 Dia Nacional da Conae nos Comit\u00eas Estaduais da A\u00e7\u00e3o da Cidadania (coincidindo com o Dia Internacional da N\u00e3o-Viol\u00eancia e guardando rela\u00e7\u00e3o com a Conae nas discuss\u00f5es do Eixo II do Documento-Refer\u00eancia. Sistematiza\u00e7\u00e3o das propostas dos Comit\u00eas ao Documento-Refer\u00eancia da Conae).<\/p>\n<p>03 de novembro: Dia Nacional da Conae na A\u00e7\u00e3o da Cidadania \u2013 Grande Festa Nacional de Fortalecimento da A\u00e7\u00e3o da Cidadania e seus Novos Paradigmas. Rodas de capacita\u00e7\u00e3o e di\u00e1logos entre participantes da A\u00e7\u00e3o da Cidadania eleitos para a etapa nacional da Conae em Bras\u00edlia, 17 a 21 de fevereiro de 2014 (coincidindo com a data de nascimento do Betinho).<\/p>\n<p>Valeu, A\u00e7\u00e3o! Vinte anos se foram e outros vinte ainda vir\u00e3o! A luta continua!<\/p>\n<p>*Ribamar Ara\u00fajo, conselheiro do Consea, \u00e9 licenciado em Filosofia e especialista em Economia Solid\u00e1ria e membro fundador da A\u00e7\u00e3o da Cidadania no Maranh\u00e3o<\/p>\n","protected":false},"excerpt":{"rendered":"<p>Nascida no bojo do Movimento pela \u00c9tica na Pol\u00edtica, em 1993, foi com a proposta de mobiliza\u00e7\u00e3o dos v\u00e1rios setores da sociedade brasileira, somada \u00e0 atua\u00e7\u00e3o direta dos comit\u00eas locais nos bols\u00f5es de pobreza, que a A\u00e7\u00e3o da Cidadania foi crucial para a participa\u00e7\u00e3o cidad\u00e3, para os avan\u00e7os na garantia do Direito Humano \u00e0 Alimenta\u00e7\u00e3o.<\/p>\n","protected":false},"author":1,"featured_media":0,"comment_status":"open","ping_status":"open","sticky":false,"template":"","format":"standard","meta":{"site-container-style":"default","site-container-layout":"default","site-sidebar-layout":"default","disable-article-header":"default","disable-site-header":"default","disable-site-footer":"default","disable-content-area-spacing":"default","footnotes":""},"categories":[11],"tags":[],"class_list":["post-24625","post","type-post","status-publish","format-standard","hentry","category-direitos-humanos"],"yoast_head":"<!-- This site is optimized with the Yoast SEO plugin v27.4 - https:\/\/yoast.com\/product\/yoast-seo-wordpress\/ -->\n<title>A\u00e7\u00e3o da Cidadania: 20 anos -<\/title>\n<meta name=\"robots\" content=\"index, follow, max-snippet:-1, max-image-preview:large, max-video-preview:-1\" \/>\n<link rel=\"canonical\" href=\"https:\/\/inclusivenews.com.br\/?p=24625\" \/>\n<meta property=\"og:locale\" content=\"pt_PT\" \/>\n<meta property=\"og:type\" content=\"article\" \/>\n<meta property=\"og:title\" content=\"A\u00e7\u00e3o da Cidadania: 20 anos -\" \/>\n<meta property=\"og:description\" content=\"Nascida no bojo do Movimento pela \u00c9tica na Pol\u00edtica, em 1993, foi com a proposta de mobiliza\u00e7\u00e3o dos v\u00e1rios setores da sociedade brasileira, somada \u00e0 atua\u00e7\u00e3o direta dos comit\u00eas locais nos bols\u00f5es de pobreza, que a A\u00e7\u00e3o da Cidadania foi crucial para a participa\u00e7\u00e3o cidad\u00e3, para os avan\u00e7os na garantia do Direito Humano \u00e0 Alimenta\u00e7\u00e3o.\" \/>\n<meta property=\"og:url\" content=\"https:\/\/inclusivenews.com.br\/?p=24625\" \/>\n<meta property=\"article:publisher\" content=\"https:\/\/www.facebook.com\/agenciainclusive\/\" \/>\n<meta property=\"article:published_time\" content=\"2013-05-22T17:31:24+00:00\" \/>\n<meta property=\"og:image\" content=\"http:\/\/t0.gstatic.com\/images?q=tbn:ANd9GcRO5r34s1RGub8nZpZufvv1aT1GytEMGT1-LyNxkBt-bfuHAeKtTQ\" \/>\n<meta name=\"author\" content=\"inclusivenews2024\" \/>\n<meta name=\"twitter:card\" content=\"summary_large_image\" \/>\n<meta name=\"twitter:label1\" content=\"Escrito por\" \/>\n\t<meta name=\"twitter:data1\" content=\"inclusivenews2024\" \/>\n\t<meta name=\"twitter:label2\" content=\"Tempo estimado de leitura\" \/>\n\t<meta name=\"twitter:data2\" content=\"5 minutos\" \/>\n<script type=\"application\/ld+json\" class=\"yoast-schema-graph\">{\"@context\":\"https:\\\/\\\/schema.org\",\"@graph\":[{\"@type\":\"Article\",\"@id\":\"https:\\\/\\\/inclusivenews.com.br\\\/?p=24625#article\",\"isPartOf\":{\"@id\":\"https:\\\/\\\/inclusivenews.com.br\\\/?p=24625\"},\"author\":{\"name\":\"inclusivenews2024\",\"@id\":\"https:\\\/\\\/inclusivenews.com.br\\\/#\\\/schema\\\/person\\\/ae4ec7087559b8692fb33b6fffd2273b\"},\"headline\":\"A\u00e7\u00e3o da Cidadania: 20 anos\",\"datePublished\":\"2013-05-22T17:31:24+00:00\",\"mainEntityOfPage\":{\"@id\":\"https:\\\/\\\/inclusivenews.com.br\\\/?p=24625\"},\"wordCount\":932,\"commentCount\":0,\"publisher\":{\"@id\":\"https:\\\/\\\/inclusivenews.com.br\\\/#organization\"},\"image\":{\"@id\":\"https:\\\/\\\/inclusivenews.com.br\\\/?p=24625#primaryimage\"},\"thumbnailUrl\":\"http:\\\/\\\/t0.gstatic.com\\\/images?q=tbn:ANd9GcRO5r34s1RGub8nZpZufvv1aT1GytEMGT1-LyNxkBt-bfuHAeKtTQ\",\"articleSection\":[\"DIREITOS HUMANOS\"],\"inLanguage\":\"pt-PT\",\"potentialAction\":[{\"@type\":\"CommentAction\",\"name\":\"Comment\",\"target\":[\"https:\\\/\\\/inclusivenews.com.br\\\/?p=24625#respond\"]}]},{\"@type\":\"WebPage\",\"@id\":\"https:\\\/\\\/inclusivenews.com.br\\\/?p=24625\",\"url\":\"https:\\\/\\\/inclusivenews.com.br\\\/?p=24625\",\"name\":\"A\u00e7\u00e3o da Cidadania: 20 anos -\",\"isPartOf\":{\"@id\":\"https:\\\/\\\/inclusivenews.com.br\\\/#website\"},\"primaryImageOfPage\":{\"@id\":\"https:\\\/\\\/inclusivenews.com.br\\\/?p=24625#primaryimage\"},\"image\":{\"@id\":\"https:\\\/\\\/inclusivenews.com.br\\\/?p=24625#primaryimage\"},\"thumbnailUrl\":\"http:\\\/\\\/t0.gstatic.com\\\/images?q=tbn:ANd9GcRO5r34s1RGub8nZpZufvv1aT1GytEMGT1-LyNxkBt-bfuHAeKtTQ\",\"datePublished\":\"2013-05-22T17:31:24+00:00\",\"breadcrumb\":{\"@id\":\"https:\\\/\\\/inclusivenews.com.br\\\/?p=24625#breadcrumb\"},\"inLanguage\":\"pt-PT\",\"potentialAction\":[{\"@type\":\"ReadAction\",\"target\":[\"https:\\\/\\\/inclusivenews.com.br\\\/?p=24625\"]}]},{\"@type\":\"ImageObject\",\"inLanguage\":\"pt-PT\",\"@id\":\"https:\\\/\\\/inclusivenews.com.br\\\/?p=24625#primaryimage\",\"url\":\"http:\\\/\\\/t0.gstatic.com\\\/images?q=tbn:ANd9GcRO5r34s1RGub8nZpZufvv1aT1GytEMGT1-LyNxkBt-bfuHAeKtTQ\",\"contentUrl\":\"http:\\\/\\\/t0.gstatic.com\\\/images?q=tbn:ANd9GcRO5r34s1RGub8nZpZufvv1aT1GytEMGT1-LyNxkBt-bfuHAeKtTQ\"},{\"@type\":\"BreadcrumbList\",\"@id\":\"https:\\\/\\\/inclusivenews.com.br\\\/?p=24625#breadcrumb\",\"itemListElement\":[{\"@type\":\"ListItem\",\"position\":1,\"name\":\"In\u00edcio\",\"item\":\"https:\\\/\\\/inclusivenews.com.br\\\/\"},{\"@type\":\"ListItem\",\"position\":2,\"name\":\"A\u00e7\u00e3o da Cidadania: 20 anos\"}]},{\"@type\":\"WebSite\",\"@id\":\"https:\\\/\\\/inclusivenews.com.br\\\/#website\",\"url\":\"https:\\\/\\\/inclusivenews.com.br\\\/\",\"name\":\"Inclusive News\",\"description\":\"Inclusive News\",\"publisher\":{\"@id\":\"https:\\\/\\\/inclusivenews.com.br\\\/#organization\"},\"potentialAction\":[{\"@type\":\"SearchAction\",\"target\":{\"@type\":\"EntryPoint\",\"urlTemplate\":\"https:\\\/\\\/inclusivenews.com.br\\\/?s={search_term_string}\"},\"query-input\":{\"@type\":\"PropertyValueSpecification\",\"valueRequired\":true,\"valueName\":\"search_term_string\"}}],\"inLanguage\":\"pt-PT\"},{\"@type\":\"Organization\",\"@id\":\"https:\\\/\\\/inclusivenews.com.br\\\/#organization\",\"name\":\"Inclusive - inclus\u00e3o e cidadania\",\"url\":\"https:\\\/\\\/inclusivenews.com.br\\\/\",\"logo\":{\"@type\":\"ImageObject\",\"inLanguage\":\"pt-PT\",\"@id\":\"https:\\\/\\\/inclusivenews.com.br\\\/#\\\/schema\\\/logo\\\/image\\\/\",\"url\":\"https:\\\/\\\/inclusivenews.com.br\\\/wp-content\\\/uploads\\\/2024\\\/03\\\/@grandesite.png\",\"contentUrl\":\"https:\\\/\\\/inclusivenews.com.br\\\/wp-content\\\/uploads\\\/2024\\\/03\\\/@grandesite.png\",\"width\":1080,\"height\":1080,\"caption\":\"Inclusive - inclus\u00e3o e cidadania\"},\"image\":{\"@id\":\"https:\\\/\\\/inclusivenews.com.br\\\/#\\\/schema\\\/logo\\\/image\\\/\"},\"sameAs\":[\"https:\\\/\\\/www.facebook.com\\\/agenciainclusive\\\/\",\"https:\\\/\\\/www.instagram.com\\\/newsinclusive\\\/\"]},{\"@type\":\"Person\",\"@id\":\"https:\\\/\\\/inclusivenews.com.br\\\/#\\\/schema\\\/person\\\/ae4ec7087559b8692fb33b6fffd2273b\",\"name\":\"inclusivenews2024\",\"image\":{\"@type\":\"ImageObject\",\"inLanguage\":\"pt-PT\",\"@id\":\"https:\\\/\\\/secure.gravatar.com\\\/avatar\\\/c5a7ef84c66fa914f55bc4f7ce26cfa275a3b9a1c5568b907bd184fb4dde7b40?s=96&d=mm&r=g\",\"url\":\"https:\\\/\\\/secure.gravatar.com\\\/avatar\\\/c5a7ef84c66fa914f55bc4f7ce26cfa275a3b9a1c5568b907bd184fb4dde7b40?s=96&d=mm&r=g\",\"contentUrl\":\"https:\\\/\\\/secure.gravatar.com\\\/avatar\\\/c5a7ef84c66fa914f55bc4f7ce26cfa275a3b9a1c5568b907bd184fb4dde7b40?s=96&d=mm&r=g\",\"caption\":\"inclusivenews2024\"},\"sameAs\":[\"https:\\\/\\\/inclusivenews.com.br\"],\"url\":\"https:\\\/\\\/inclusivenews.com.br\\\/?author=1\"}]}<\/script>\n<!-- \/ Yoast SEO plugin. -->","yoast_head_json":{"title":"A\u00e7\u00e3o da Cidadania: 20 anos -","robots":{"index":"index","follow":"follow","max-snippet":"max-snippet:-1","max-image-preview":"max-image-preview:large","max-video-preview":"max-video-preview:-1"},"canonical":"https:\/\/inclusivenews.com.br\/?p=24625","og_locale":"pt_PT","og_type":"article","og_title":"A\u00e7\u00e3o da Cidadania: 20 anos -","og_description":"Nascida no bojo do Movimento pela \u00c9tica na Pol\u00edtica, em 1993, foi com a proposta de mobiliza\u00e7\u00e3o dos v\u00e1rios setores da sociedade brasileira, somada \u00e0 atua\u00e7\u00e3o direta dos comit\u00eas locais nos bols\u00f5es de pobreza, que a A\u00e7\u00e3o da Cidadania foi crucial para a participa\u00e7\u00e3o cidad\u00e3, para os avan\u00e7os na garantia do Direito Humano \u00e0 Alimenta\u00e7\u00e3o.","og_url":"https:\/\/inclusivenews.com.br\/?p=24625","article_publisher":"https:\/\/www.facebook.com\/agenciainclusive\/","article_published_time":"2013-05-22T17:31:24+00:00","og_image":[{"url":"http:\/\/t0.gstatic.com\/images?q=tbn:ANd9GcRO5r34s1RGub8nZpZufvv1aT1GytEMGT1-LyNxkBt-bfuHAeKtTQ","type":"","width":"","height":""}],"author":"inclusivenews2024","twitter_card":"summary_large_image","twitter_misc":{"Escrito por":"inclusivenews2024","Tempo estimado de leitura":"5 minutos"},"schema":{"@context":"https:\/\/schema.org","@graph":[{"@type":"Article","@id":"https:\/\/inclusivenews.com.br\/?p=24625#article","isPartOf":{"@id":"https:\/\/inclusivenews.com.br\/?p=24625"},"author":{"name":"inclusivenews2024","@id":"https:\/\/inclusivenews.com.br\/#\/schema\/person\/ae4ec7087559b8692fb33b6fffd2273b"},"headline":"A\u00e7\u00e3o da Cidadania: 20 anos","datePublished":"2013-05-22T17:31:24+00:00","mainEntityOfPage":{"@id":"https:\/\/inclusivenews.com.br\/?p=24625"},"wordCount":932,"commentCount":0,"publisher":{"@id":"https:\/\/inclusivenews.com.br\/#organization"},"image":{"@id":"https:\/\/inclusivenews.com.br\/?p=24625#primaryimage"},"thumbnailUrl":"http:\/\/t0.gstatic.com\/images?q=tbn:ANd9GcRO5r34s1RGub8nZpZufvv1aT1GytEMGT1-LyNxkBt-bfuHAeKtTQ","articleSection":["DIREITOS HUMANOS"],"inLanguage":"pt-PT","potentialAction":[{"@type":"CommentAction","name":"Comment","target":["https:\/\/inclusivenews.com.br\/?p=24625#respond"]}]},{"@type":"WebPage","@id":"https:\/\/inclusivenews.com.br\/?p=24625","url":"https:\/\/inclusivenews.com.br\/?p=24625","name":"A\u00e7\u00e3o da Cidadania: 20 anos -","isPartOf":{"@id":"https:\/\/inclusivenews.com.br\/#website"},"primaryImageOfPage":{"@id":"https:\/\/inclusivenews.com.br\/?p=24625#primaryimage"},"image":{"@id":"https:\/\/inclusivenews.com.br\/?p=24625#primaryimage"},"thumbnailUrl":"http:\/\/t0.gstatic.com\/images?q=tbn:ANd9GcRO5r34s1RGub8nZpZufvv1aT1GytEMGT1-LyNxkBt-bfuHAeKtTQ","datePublished":"2013-05-22T17:31:24+00:00","breadcrumb":{"@id":"https:\/\/inclusivenews.com.br\/?p=24625#breadcrumb"},"inLanguage":"pt-PT","potentialAction":[{"@type":"ReadAction","target":["https:\/\/inclusivenews.com.br\/?p=24625"]}]},{"@type":"ImageObject","inLanguage":"pt-PT","@id":"https:\/\/inclusivenews.com.br\/?p=24625#primaryimage","url":"http:\/\/t0.gstatic.com\/images?q=tbn:ANd9GcRO5r34s1RGub8nZpZufvv1aT1GytEMGT1-LyNxkBt-bfuHAeKtTQ","contentUrl":"http:\/\/t0.gstatic.com\/images?q=tbn:ANd9GcRO5r34s1RGub8nZpZufvv1aT1GytEMGT1-LyNxkBt-bfuHAeKtTQ"},{"@type":"BreadcrumbList","@id":"https:\/\/inclusivenews.com.br\/?p=24625#breadcrumb","itemListElement":[{"@type":"ListItem","position":1,"name":"In\u00edcio","item":"https:\/\/inclusivenews.com.br\/"},{"@type":"ListItem","position":2,"name":"A\u00e7\u00e3o da Cidadania: 20 anos"}]},{"@type":"WebSite","@id":"https:\/\/inclusivenews.com.br\/#website","url":"https:\/\/inclusivenews.com.br\/","name":"Inclusive News","description":"Inclusive News","publisher":{"@id":"https:\/\/inclusivenews.com.br\/#organization"},"potentialAction":[{"@type":"SearchAction","target":{"@type":"EntryPoint","urlTemplate":"https:\/\/inclusivenews.com.br\/?s={search_term_string}"},"query-input":{"@type":"PropertyValueSpecification","valueRequired":true,"valueName":"search_term_string"}}],"inLanguage":"pt-PT"},{"@type":"Organization","@id":"https:\/\/inclusivenews.com.br\/#organization","name":"Inclusive - inclus\u00e3o e cidadania","url":"https:\/\/inclusivenews.com.br\/","logo":{"@type":"ImageObject","inLanguage":"pt-PT","@id":"https:\/\/inclusivenews.com.br\/#\/schema\/logo\/image\/","url":"https:\/\/inclusivenews.com.br\/wp-content\/uploads\/2024\/03\/@grandesite.png","contentUrl":"https:\/\/inclusivenews.com.br\/wp-content\/uploads\/2024\/03\/@grandesite.png","width":1080,"height":1080,"caption":"Inclusive - inclus\u00e3o e cidadania"},"image":{"@id":"https:\/\/inclusivenews.com.br\/#\/schema\/logo\/image\/"},"sameAs":["https:\/\/www.facebook.com\/agenciainclusive\/","https:\/\/www.instagram.com\/newsinclusive\/"]},{"@type":"Person","@id":"https:\/\/inclusivenews.com.br\/#\/schema\/person\/ae4ec7087559b8692fb33b6fffd2273b","name":"inclusivenews2024","image":{"@type":"ImageObject","inLanguage":"pt-PT","@id":"https:\/\/secure.gravatar.com\/avatar\/c5a7ef84c66fa914f55bc4f7ce26cfa275a3b9a1c5568b907bd184fb4dde7b40?s=96&d=mm&r=g","url":"https:\/\/secure.gravatar.com\/avatar\/c5a7ef84c66fa914f55bc4f7ce26cfa275a3b9a1c5568b907bd184fb4dde7b40?s=96&d=mm&r=g","contentUrl":"https:\/\/secure.gravatar.com\/avatar\/c5a7ef84c66fa914f55bc4f7ce26cfa275a3b9a1c5568b907bd184fb4dde7b40?s=96&d=mm&r=g","caption":"inclusivenews2024"},"sameAs":["https:\/\/inclusivenews.com.br"],"url":"https:\/\/inclusivenews.com.br\/?author=1"}]}},"_links":{"self":[{"href":"https:\/\/inclusivenews.com.br\/index.php?rest_route=\/wp\/v2\/posts\/24625","targetHints":{"allow":["GET"]}}],"collection":[{"href":"https:\/\/inclusivenews.com.br\/index.php?rest_route=\/wp\/v2\/posts"}],"about":[{"href":"https:\/\/inclusivenews.com.br\/index.php?rest_route=\/wp\/v2\/types\/post"}],"author":[{"embeddable":true,"href":"https:\/\/inclusivenews.com.br\/index.php?rest_route=\/wp\/v2\/users\/1"}],"replies":[{"embeddable":true,"href":"https:\/\/inclusivenews.com.br\/index.php?rest_route=%2Fwp%2Fv2%2Fcomments&post=24625"}],"version-history":[{"count":0,"href":"https:\/\/inclusivenews.com.br\/index.php?rest_route=\/wp\/v2\/posts\/24625\/revisions"}],"wp:attachment":[{"href":"https:\/\/inclusivenews.com.br\/index.php?rest_route=%2Fwp%2Fv2%2Fmedia&parent=24625"}],"wp:term":[{"taxonomy":"category","embeddable":true,"href":"https:\/\/inclusivenews.com.br\/index.php?rest_route=%2Fwp%2Fv2%2Fcategories&post=24625"},{"taxonomy":"post_tag","embeddable":true,"href":"https:\/\/inclusivenews.com.br\/index.php?rest_route=%2Fwp%2Fv2%2Ftags&post=24625"}],"curies":[{"name":"wp","href":"https:\/\/api.w.org\/{rel}","templated":true}]}}