{"id":24627,"date":"2013-05-22T14:35:03","date_gmt":"2013-05-22T17:35:03","guid":{"rendered":"http:\/\/www.inclusive.org.br\/?p=24627"},"modified":"2013-05-22T14:35:03","modified_gmt":"2013-05-22T17:35:03","slug":"jovens-do-mundo-resolvem-problemas-de-comunidade","status":"publish","type":"post","link":"https:\/\/inclusivenews.com.br\/?p=24627","title":{"rendered":"Jovens do mundo resolvem problemas de comunidade"},"content":{"rendered":"<figure style=\"width: 481px\" class=\"wp-caption alignnone\"><img loading=\"lazy\" decoding=\"async\" title=\"Ferramentas e projetos\" src=\"http:\/\/porvir.org\/wp-content\/uploads\/2013\/05\/Jovens-AIESEC-Elos-Oasis-601x275.jpg\" alt=\"\" width=\"481\" height=\"220\" \/><figcaption class=\"wp-caption-text\">Imagem: Porvir<\/figcaption><\/figure>\n<p>Reunir um grande n\u00famero de jovens em uma comunidade, exercitar os olhos para que eles identifiquem s\u00f3 as coisas boas que cada um dos moradores pode oferecer para, em poucos dias, construir algo que seja um sonho comum, como um parque, uma pra\u00e7a ou uma ponte. Mas nem tudo fica s\u00f3 no concreto. O objetivo da parceria entre a <a href=\"http:\/\/www.aiesec.org.br\/\" target=\"_blank\" rel=\"noopener\">Aiesec<\/a> \u2013 plataforma internacional que visa o desenvolvimento pessoal e profissional de jovens do mundo inteiro por meio de programas de lideran\u00e7a \u2013 e o <a href=\"http:\/\/institutoelos.org\/\" target=\"_blank\" rel=\"noopener\">Instituto Elos<\/a> \u00e9 fazer com que as comunidades reconhe\u00e7am seu potencial e que esses jovens aprendam na pr\u00e1tica a resolver problemas em conjunto.<\/p>\n<p>\u201cNosso objetivo n\u00e3o \u00e9 fazer doa\u00e7\u00e3o, dar nada para ningu\u00e9m. \u00c9 construir esse senso de que a comunidade \u00e9 capaz de realizar seus pr\u00f3prios sonhos\u201d, explica Paulo Farine, membro do Instituto Elos. Para isso, os dois institutos se uniram com a ideia de fazer com que esses membros da Aiesec, realizem e se apropriem do Oasis \u2013 esp\u00e9cie de jogo criado pelo Instituto Elos, cuja metodologia \u00e9 engajar pessoas para a constru\u00e7\u00e3o colaborativa nas comunidades.<\/p>\n<p>Para Farine, uma das maiores conquistas n\u00e3o est\u00e1 propriamente nas constru\u00e7\u00f5es, mas sim no aprendizado constru\u00eddo durante esses dias e, principalmente, no fato de a comunidade tomar posse daquilo que construiu. \u201cEla sente que \u00e9 dela, que n\u00e3o foi ningu\u00e9m que fez. A identidade de todos est\u00e1 ali, eles desenharam e colocaram as pr\u00f3prias personalidades no projeto. Por isso, eles v\u00e3o ter mais cuidado e v\u00e3o ajudar na manuten\u00e7\u00e3o.\u201d<\/p>\n<p>Para acontecer, a iniciativa tem at\u00e9 o dia 15 deste m\u00eas para arrecadar fundos no <a href=\"http:\/\/catarse.me\/pt\/oasis\" target=\"_blank\" rel=\"noopener\">Catarse<\/a>. O dinheiro n\u00e3o vai ser usado para a constru\u00e7\u00e3o de nada, mas sim para trazer 20 jovens da Aiesec para S\u00e3o Paulo, onde v\u00e3o participar de um curso intensivo de capacita\u00e7\u00e3o para a realiza\u00e7\u00e3o jogo. Nesse curso, eles v\u00e3o vivenciar o aprendizado em uma comunidade local, onde realizar\u00e3o desde o primeiro contato at\u00e9 a constru\u00e7\u00e3o final. Vencida essa etapa, eles v\u00e3o voltar para suas cidades para recepcionar seu novo time de 10 jovens estrangeiros com a mesma miss\u00e3o: capacit\u00e1-los para que eles sejam l\u00edderes e repliquem o programa em seus pa\u00edses.<\/p>\n<p>E como a meta dessa turma \u00e9 botar a m\u00e3o na massa, todos os grupos (de brasileiros e estrangeiros) v\u00e3o passar pelas sete etapas pr\u00e1ticas do Oasis, que s\u00e3o<\/p>\n<p>1 \u2013 Etapa do olhar \u2013 Os participantes v\u00e3o observar todos os potenciais da comunidade e suas belezas para identificar como cada um desses aspectos pode fazer a diferen\u00e7a.<br \/>\n2 \u2013 Etapa do afeto \u2013 Depois da observa\u00e7\u00e3o, chega a hora de se aproximar das pessoas respons\u00e1veis pela cria\u00e7\u00e3o daquilo que foi observado para criar um v\u00ednculo de amizade e confian\u00e7a.<br \/>\n3 \u2013 Etapa do sonho \u2013 Ouvir pessoas de todas as idades para entender qual o sonho que eles t\u00eam em comum.<br \/>\n4 \u2013 Etapa do cuidado \u2013 Cuidar do sonho, entender quais s\u00e3o as estrat\u00e9gias para realiz\u00e1-lo naquele momento (a vontade de fazer \u201cj\u00e1\u201d \u00e9 fundamental).<br \/>\n5 \u2013 Etapa do milagre \u2013 Hora de botar a m\u00e3o na massa e construir, o mais r\u00e1pido poss\u00edvel, aquilo que foi planejado.<br \/>\n6 \u2013 Etapa da celebra\u00e7\u00e3o \u2013 Depois de tudo conclu\u00eddo, \u00e9 hora de fazer festa e comemorar a realiza\u00e7\u00e3o (sempre de forma colaborativa, cada um oferece aquilo que tem).<br \/>\n7 \u2013 Etapa da reevolu\u00e7\u00e3o \u2013 Como a roda n\u00e3o pode parar, \u00e9 hora de discutir e entender quais os pr\u00f3ximos projetos que precisam ser executados.<\/p>\n<p>Al\u00e9m de levar aos moradores essa percep\u00e7\u00e3o da capacidade que t\u00eam de realizar as coisas, independentemente de parcerias ou do poder p\u00fablico, a comunidade cria uma no\u00e7\u00e3o de empreendedorismo que muda suas posturas. \u201cEles n\u00e3o v\u00e3o mais procurar parceiros pedindo ajuda, eles v\u00e3o oferecer a oportunidade de outras pessoas se juntarem nesse novo empreendimento. A comunidade passa a ter a real no\u00e7\u00e3o do poder que tem\u201d, diz Farine.<\/p>\n<p>Fonte: Porvir<\/p>\n","protected":false},"excerpt":{"rendered":"<p>Reunir um grande n\u00famero de jovens em uma comunidade, exercitar os olhos para que eles identifiquem s\u00f3 as coisas boas que cada um dos moradores pode oferecer para, em poucos dias, construir algo que seja um sonho comum, como um parque, uma pra\u00e7a ou uma ponte. Mas nem tudo fica s\u00f3 no concreto. <\/p>\n","protected":false},"author":1,"featured_media":0,"comment_status":"open","ping_status":"open","sticky":false,"template":"","format":"standard","meta":{"site-container-style":"default","site-container-layout":"default","site-sidebar-layout":"default","disable-article-header":"default","disable-site-header":"default","disable-site-footer":"default","disable-content-area-spacing":"default","footnotes":""},"categories":[6,48],"tags":[],"class_list":["post-24627","post","type-post","status-publish","format-standard","hentry","category-educacao","category-inclusao"],"yoast_head":"<!-- This site is optimized with the Yoast SEO plugin v27.4 - https:\/\/yoast.com\/product\/yoast-seo-wordpress\/ -->\n<title>Jovens do mundo resolvem problemas de comunidade -<\/title>\n<meta name=\"robots\" content=\"index, follow, max-snippet:-1, max-image-preview:large, max-video-preview:-1\" \/>\n<link rel=\"canonical\" href=\"https:\/\/inclusivenews.com.br\/?p=24627\" \/>\n<meta property=\"og:locale\" content=\"pt_PT\" \/>\n<meta property=\"og:type\" content=\"article\" \/>\n<meta property=\"og:title\" content=\"Jovens do mundo resolvem problemas de comunidade -\" \/>\n<meta property=\"og:description\" content=\"Reunir um grande n\u00famero de jovens em uma comunidade, exercitar os olhos para que eles identifiquem s\u00f3 as coisas boas que cada um dos moradores pode oferecer para, em poucos dias, construir algo que seja um sonho comum, como um parque, uma pra\u00e7a ou uma ponte. Mas nem tudo fica s\u00f3 no concreto.\" \/>\n<meta property=\"og:url\" content=\"https:\/\/inclusivenews.com.br\/?p=24627\" \/>\n<meta property=\"article:publisher\" content=\"https:\/\/www.facebook.com\/agenciainclusive\/\" \/>\n<meta property=\"article:published_time\" content=\"2013-05-22T17:35:03+00:00\" \/>\n<meta property=\"og:image\" content=\"http:\/\/porvir.org\/wp-content\/uploads\/2013\/05\/Jovens-AIESEC-Elos-Oasis-601x275.jpg\" \/>\n<meta name=\"author\" content=\"inclusivenews2024\" \/>\n<meta name=\"twitter:card\" content=\"summary_large_image\" \/>\n<meta name=\"twitter:label1\" content=\"Escrito por\" \/>\n\t<meta name=\"twitter:data1\" content=\"inclusivenews2024\" \/>\n\t<meta name=\"twitter:label2\" content=\"Tempo estimado de leitura\" \/>\n\t<meta name=\"twitter:data2\" content=\"3 minutos\" \/>\n<script type=\"application\/ld+json\" class=\"yoast-schema-graph\">{\"@context\":\"https:\\\/\\\/schema.org\",\"@graph\":[{\"@type\":\"Article\",\"@id\":\"https:\\\/\\\/inclusivenews.com.br\\\/?p=24627#article\",\"isPartOf\":{\"@id\":\"https:\\\/\\\/inclusivenews.com.br\\\/?p=24627\"},\"author\":{\"name\":\"inclusivenews2024\",\"@id\":\"https:\\\/\\\/inclusivenews.com.br\\\/#\\\/schema\\\/person\\\/ae4ec7087559b8692fb33b6fffd2273b\"},\"headline\":\"Jovens do mundo resolvem problemas de comunidade\",\"datePublished\":\"2013-05-22T17:35:03+00:00\",\"mainEntityOfPage\":{\"@id\":\"https:\\\/\\\/inclusivenews.com.br\\\/?p=24627\"},\"wordCount\":690,\"commentCount\":0,\"publisher\":{\"@id\":\"https:\\\/\\\/inclusivenews.com.br\\\/#organization\"},\"image\":{\"@id\":\"https:\\\/\\\/inclusivenews.com.br\\\/?p=24627#primaryimage\"},\"thumbnailUrl\":\"http:\\\/\\\/porvir.org\\\/wp-content\\\/uploads\\\/2013\\\/05\\\/Jovens-AIESEC-Elos-Oasis-601x275.jpg\",\"articleSection\":[\"EDUCA\u00c7\u00c3O\",\"INCLUS\u00c3O SOCIAL\"],\"inLanguage\":\"pt-PT\",\"potentialAction\":[{\"@type\":\"CommentAction\",\"name\":\"Comment\",\"target\":[\"https:\\\/\\\/inclusivenews.com.br\\\/?p=24627#respond\"]}]},{\"@type\":\"WebPage\",\"@id\":\"https:\\\/\\\/inclusivenews.com.br\\\/?p=24627\",\"url\":\"https:\\\/\\\/inclusivenews.com.br\\\/?p=24627\",\"name\":\"Jovens do mundo resolvem problemas de comunidade -\",\"isPartOf\":{\"@id\":\"https:\\\/\\\/inclusivenews.com.br\\\/#website\"},\"primaryImageOfPage\":{\"@id\":\"https:\\\/\\\/inclusivenews.com.br\\\/?p=24627#primaryimage\"},\"image\":{\"@id\":\"https:\\\/\\\/inclusivenews.com.br\\\/?p=24627#primaryimage\"},\"thumbnailUrl\":\"http:\\\/\\\/porvir.org\\\/wp-content\\\/uploads\\\/2013\\\/05\\\/Jovens-AIESEC-Elos-Oasis-601x275.jpg\",\"datePublished\":\"2013-05-22T17:35:03+00:00\",\"breadcrumb\":{\"@id\":\"https:\\\/\\\/inclusivenews.com.br\\\/?p=24627#breadcrumb\"},\"inLanguage\":\"pt-PT\",\"potentialAction\":[{\"@type\":\"ReadAction\",\"target\":[\"https:\\\/\\\/inclusivenews.com.br\\\/?p=24627\"]}]},{\"@type\":\"ImageObject\",\"inLanguage\":\"pt-PT\",\"@id\":\"https:\\\/\\\/inclusivenews.com.br\\\/?p=24627#primaryimage\",\"url\":\"http:\\\/\\\/porvir.org\\\/wp-content\\\/uploads\\\/2013\\\/05\\\/Jovens-AIESEC-Elos-Oasis-601x275.jpg\",\"contentUrl\":\"http:\\\/\\\/porvir.org\\\/wp-content\\\/uploads\\\/2013\\\/05\\\/Jovens-AIESEC-Elos-Oasis-601x275.jpg\"},{\"@type\":\"BreadcrumbList\",\"@id\":\"https:\\\/\\\/inclusivenews.com.br\\\/?p=24627#breadcrumb\",\"itemListElement\":[{\"@type\":\"ListItem\",\"position\":1,\"name\":\"In\u00edcio\",\"item\":\"https:\\\/\\\/inclusivenews.com.br\\\/\"},{\"@type\":\"ListItem\",\"position\":2,\"name\":\"Jovens do mundo resolvem problemas de comunidade\"}]},{\"@type\":\"WebSite\",\"@id\":\"https:\\\/\\\/inclusivenews.com.br\\\/#website\",\"url\":\"https:\\\/\\\/inclusivenews.com.br\\\/\",\"name\":\"Inclusive News\",\"description\":\"Inclusive News\",\"publisher\":{\"@id\":\"https:\\\/\\\/inclusivenews.com.br\\\/#organization\"},\"potentialAction\":[{\"@type\":\"SearchAction\",\"target\":{\"@type\":\"EntryPoint\",\"urlTemplate\":\"https:\\\/\\\/inclusivenews.com.br\\\/?s={search_term_string}\"},\"query-input\":{\"@type\":\"PropertyValueSpecification\",\"valueRequired\":true,\"valueName\":\"search_term_string\"}}],\"inLanguage\":\"pt-PT\"},{\"@type\":\"Organization\",\"@id\":\"https:\\\/\\\/inclusivenews.com.br\\\/#organization\",\"name\":\"Inclusive - inclus\u00e3o e cidadania\",\"url\":\"https:\\\/\\\/inclusivenews.com.br\\\/\",\"logo\":{\"@type\":\"ImageObject\",\"inLanguage\":\"pt-PT\",\"@id\":\"https:\\\/\\\/inclusivenews.com.br\\\/#\\\/schema\\\/logo\\\/image\\\/\",\"url\":\"https:\\\/\\\/inclusivenews.com.br\\\/wp-content\\\/uploads\\\/2024\\\/03\\\/@grandesite.png\",\"contentUrl\":\"https:\\\/\\\/inclusivenews.com.br\\\/wp-content\\\/uploads\\\/2024\\\/03\\\/@grandesite.png\",\"width\":1080,\"height\":1080,\"caption\":\"Inclusive - inclus\u00e3o e cidadania\"},\"image\":{\"@id\":\"https:\\\/\\\/inclusivenews.com.br\\\/#\\\/schema\\\/logo\\\/image\\\/\"},\"sameAs\":[\"https:\\\/\\\/www.facebook.com\\\/agenciainclusive\\\/\",\"https:\\\/\\\/www.instagram.com\\\/newsinclusive\\\/\"]},{\"@type\":\"Person\",\"@id\":\"https:\\\/\\\/inclusivenews.com.br\\\/#\\\/schema\\\/person\\\/ae4ec7087559b8692fb33b6fffd2273b\",\"name\":\"inclusivenews2024\",\"image\":{\"@type\":\"ImageObject\",\"inLanguage\":\"pt-PT\",\"@id\":\"https:\\\/\\\/secure.gravatar.com\\\/avatar\\\/c5a7ef84c66fa914f55bc4f7ce26cfa275a3b9a1c5568b907bd184fb4dde7b40?s=96&d=mm&r=g\",\"url\":\"https:\\\/\\\/secure.gravatar.com\\\/avatar\\\/c5a7ef84c66fa914f55bc4f7ce26cfa275a3b9a1c5568b907bd184fb4dde7b40?s=96&d=mm&r=g\",\"contentUrl\":\"https:\\\/\\\/secure.gravatar.com\\\/avatar\\\/c5a7ef84c66fa914f55bc4f7ce26cfa275a3b9a1c5568b907bd184fb4dde7b40?s=96&d=mm&r=g\",\"caption\":\"inclusivenews2024\"},\"sameAs\":[\"https:\\\/\\\/inclusivenews.com.br\"],\"url\":\"https:\\\/\\\/inclusivenews.com.br\\\/?author=1\"}]}<\/script>\n<!-- \/ Yoast SEO plugin. -->","yoast_head_json":{"title":"Jovens do mundo resolvem problemas de comunidade -","robots":{"index":"index","follow":"follow","max-snippet":"max-snippet:-1","max-image-preview":"max-image-preview:large","max-video-preview":"max-video-preview:-1"},"canonical":"https:\/\/inclusivenews.com.br\/?p=24627","og_locale":"pt_PT","og_type":"article","og_title":"Jovens do mundo resolvem problemas de comunidade -","og_description":"Reunir um grande n\u00famero de jovens em uma comunidade, exercitar os olhos para que eles identifiquem s\u00f3 as coisas boas que cada um dos moradores pode oferecer para, em poucos dias, construir algo que seja um sonho comum, como um parque, uma pra\u00e7a ou uma ponte. Mas nem tudo fica s\u00f3 no concreto.","og_url":"https:\/\/inclusivenews.com.br\/?p=24627","article_publisher":"https:\/\/www.facebook.com\/agenciainclusive\/","article_published_time":"2013-05-22T17:35:03+00:00","og_image":[{"url":"http:\/\/porvir.org\/wp-content\/uploads\/2013\/05\/Jovens-AIESEC-Elos-Oasis-601x275.jpg","type":"","width":"","height":""}],"author":"inclusivenews2024","twitter_card":"summary_large_image","twitter_misc":{"Escrito por":"inclusivenews2024","Tempo estimado de leitura":"3 minutos"},"schema":{"@context":"https:\/\/schema.org","@graph":[{"@type":"Article","@id":"https:\/\/inclusivenews.com.br\/?p=24627#article","isPartOf":{"@id":"https:\/\/inclusivenews.com.br\/?p=24627"},"author":{"name":"inclusivenews2024","@id":"https:\/\/inclusivenews.com.br\/#\/schema\/person\/ae4ec7087559b8692fb33b6fffd2273b"},"headline":"Jovens do mundo resolvem problemas de comunidade","datePublished":"2013-05-22T17:35:03+00:00","mainEntityOfPage":{"@id":"https:\/\/inclusivenews.com.br\/?p=24627"},"wordCount":690,"commentCount":0,"publisher":{"@id":"https:\/\/inclusivenews.com.br\/#organization"},"image":{"@id":"https:\/\/inclusivenews.com.br\/?p=24627#primaryimage"},"thumbnailUrl":"http:\/\/porvir.org\/wp-content\/uploads\/2013\/05\/Jovens-AIESEC-Elos-Oasis-601x275.jpg","articleSection":["EDUCA\u00c7\u00c3O","INCLUS\u00c3O SOCIAL"],"inLanguage":"pt-PT","potentialAction":[{"@type":"CommentAction","name":"Comment","target":["https:\/\/inclusivenews.com.br\/?p=24627#respond"]}]},{"@type":"WebPage","@id":"https:\/\/inclusivenews.com.br\/?p=24627","url":"https:\/\/inclusivenews.com.br\/?p=24627","name":"Jovens do mundo resolvem problemas de comunidade -","isPartOf":{"@id":"https:\/\/inclusivenews.com.br\/#website"},"primaryImageOfPage":{"@id":"https:\/\/inclusivenews.com.br\/?p=24627#primaryimage"},"image":{"@id":"https:\/\/inclusivenews.com.br\/?p=24627#primaryimage"},"thumbnailUrl":"http:\/\/porvir.org\/wp-content\/uploads\/2013\/05\/Jovens-AIESEC-Elos-Oasis-601x275.jpg","datePublished":"2013-05-22T17:35:03+00:00","breadcrumb":{"@id":"https:\/\/inclusivenews.com.br\/?p=24627#breadcrumb"},"inLanguage":"pt-PT","potentialAction":[{"@type":"ReadAction","target":["https:\/\/inclusivenews.com.br\/?p=24627"]}]},{"@type":"ImageObject","inLanguage":"pt-PT","@id":"https:\/\/inclusivenews.com.br\/?p=24627#primaryimage","url":"http:\/\/porvir.org\/wp-content\/uploads\/2013\/05\/Jovens-AIESEC-Elos-Oasis-601x275.jpg","contentUrl":"http:\/\/porvir.org\/wp-content\/uploads\/2013\/05\/Jovens-AIESEC-Elos-Oasis-601x275.jpg"},{"@type":"BreadcrumbList","@id":"https:\/\/inclusivenews.com.br\/?p=24627#breadcrumb","itemListElement":[{"@type":"ListItem","position":1,"name":"In\u00edcio","item":"https:\/\/inclusivenews.com.br\/"},{"@type":"ListItem","position":2,"name":"Jovens do mundo resolvem problemas de comunidade"}]},{"@type":"WebSite","@id":"https:\/\/inclusivenews.com.br\/#website","url":"https:\/\/inclusivenews.com.br\/","name":"Inclusive News","description":"Inclusive News","publisher":{"@id":"https:\/\/inclusivenews.com.br\/#organization"},"potentialAction":[{"@type":"SearchAction","target":{"@type":"EntryPoint","urlTemplate":"https:\/\/inclusivenews.com.br\/?s={search_term_string}"},"query-input":{"@type":"PropertyValueSpecification","valueRequired":true,"valueName":"search_term_string"}}],"inLanguage":"pt-PT"},{"@type":"Organization","@id":"https:\/\/inclusivenews.com.br\/#organization","name":"Inclusive - inclus\u00e3o e cidadania","url":"https:\/\/inclusivenews.com.br\/","logo":{"@type":"ImageObject","inLanguage":"pt-PT","@id":"https:\/\/inclusivenews.com.br\/#\/schema\/logo\/image\/","url":"https:\/\/inclusivenews.com.br\/wp-content\/uploads\/2024\/03\/@grandesite.png","contentUrl":"https:\/\/inclusivenews.com.br\/wp-content\/uploads\/2024\/03\/@grandesite.png","width":1080,"height":1080,"caption":"Inclusive - inclus\u00e3o e cidadania"},"image":{"@id":"https:\/\/inclusivenews.com.br\/#\/schema\/logo\/image\/"},"sameAs":["https:\/\/www.facebook.com\/agenciainclusive\/","https:\/\/www.instagram.com\/newsinclusive\/"]},{"@type":"Person","@id":"https:\/\/inclusivenews.com.br\/#\/schema\/person\/ae4ec7087559b8692fb33b6fffd2273b","name":"inclusivenews2024","image":{"@type":"ImageObject","inLanguage":"pt-PT","@id":"https:\/\/secure.gravatar.com\/avatar\/c5a7ef84c66fa914f55bc4f7ce26cfa275a3b9a1c5568b907bd184fb4dde7b40?s=96&d=mm&r=g","url":"https:\/\/secure.gravatar.com\/avatar\/c5a7ef84c66fa914f55bc4f7ce26cfa275a3b9a1c5568b907bd184fb4dde7b40?s=96&d=mm&r=g","contentUrl":"https:\/\/secure.gravatar.com\/avatar\/c5a7ef84c66fa914f55bc4f7ce26cfa275a3b9a1c5568b907bd184fb4dde7b40?s=96&d=mm&r=g","caption":"inclusivenews2024"},"sameAs":["https:\/\/inclusivenews.com.br"],"url":"https:\/\/inclusivenews.com.br\/?author=1"}]}},"_links":{"self":[{"href":"https:\/\/inclusivenews.com.br\/index.php?rest_route=\/wp\/v2\/posts\/24627","targetHints":{"allow":["GET"]}}],"collection":[{"href":"https:\/\/inclusivenews.com.br\/index.php?rest_route=\/wp\/v2\/posts"}],"about":[{"href":"https:\/\/inclusivenews.com.br\/index.php?rest_route=\/wp\/v2\/types\/post"}],"author":[{"embeddable":true,"href":"https:\/\/inclusivenews.com.br\/index.php?rest_route=\/wp\/v2\/users\/1"}],"replies":[{"embeddable":true,"href":"https:\/\/inclusivenews.com.br\/index.php?rest_route=%2Fwp%2Fv2%2Fcomments&post=24627"}],"version-history":[{"count":0,"href":"https:\/\/inclusivenews.com.br\/index.php?rest_route=\/wp\/v2\/posts\/24627\/revisions"}],"wp:attachment":[{"href":"https:\/\/inclusivenews.com.br\/index.php?rest_route=%2Fwp%2Fv2%2Fmedia&parent=24627"}],"wp:term":[{"taxonomy":"category","embeddable":true,"href":"https:\/\/inclusivenews.com.br\/index.php?rest_route=%2Fwp%2Fv2%2Fcategories&post=24627"},{"taxonomy":"post_tag","embeddable":true,"href":"https:\/\/inclusivenews.com.br\/index.php?rest_route=%2Fwp%2Fv2%2Ftags&post=24627"}],"curies":[{"name":"wp","href":"https:\/\/api.w.org\/{rel}","templated":true}]}}