{"id":24630,"date":"2013-05-22T14:39:45","date_gmt":"2013-05-22T17:39:45","guid":{"rendered":"http:\/\/www.inclusive.org.br\/?p=24630"},"modified":"2013-05-22T14:39:45","modified_gmt":"2013-05-22T17:39:45","slug":"o-mundo-e-uma-escola","status":"publish","type":"post","link":"https:\/\/inclusivenews.com.br\/?p=24630","title":{"rendered":"O mundo \u00e9 uma escola"},"content":{"rendered":"<p><img loading=\"lazy\" decoding=\"async\" class=\"alignleft size-medium wp-image-14562\" title=\"Inclusive - direitos humanos - um planeta cercado por figuras humanas.\" src=\"http:\/\/inclusivenews.com.br\/wp-content\/uploads\/2010\/03\/Inclusive_direitos_humanos_2-300x300.jpg\" alt=\"Inclusive - direitos humanos - um planeta cercado por figuras humanas.\" width=\"300\" height=\"300\" \/><\/p>\n<p>As luvas na m\u00e3o e a habilidade com o desenho e o spray denunciam Lucas Rodrigues, de 19 anos. O estudante \u00e9 um ex-pichador, que, aos 14, come\u00e7ou a percorrer as ruas da Vila Telebras\u00edlia, onde mora, para escrever clandestinamente nos muros. Hoje, longe das provoca\u00e7\u00f5es entre as gangues, ele n\u00e3o esquece a semana em que passou detido no Centro de Atendimento Juvenil Especializado (Caje), ap\u00f3s ser pego por um policial.<\/p>\n<p>A rotina sofreu uma reviravolta, e o jovem descobriu o lado art\u00edstico das interven\u00e7\u00f5es urbanas. Na manh\u00e3 de ontem, ele p\u00f4de colocar o conhecimento em pr\u00e1tica durante a oficina de est\u00eancil com alunos do Centro de Ensino M\u00e9dio EIT (Cemeit), de Taguatinga. O curso, de seis dias, faz parte do projeto Mapa Gentil, idealizado pela artista pl\u00e1stica Jana\u00edna Andr\u00e9. Al\u00e9m das li\u00e7\u00f5es sobre o grafite, lecionadas pela tamb\u00e9m artista pl\u00e1stica Juliana Borg\u00ea, haver\u00e1 turmas de cria\u00e7\u00e3o de personagens, palavra e poesia, instala\u00e7\u00f5es e arte urbana &#8211; todos com vagas dispon\u00edveis. &#8220;A picha\u00e7\u00e3o leva \u00e0 viol\u00eancia, ao contr\u00e1rio do grafite. Se eu grafito em lugares rivais, eles v\u00e3o me respeitar. Existe uma troca, \u00e9 uma paz&#8221;, descreve Rodrigues.<\/p>\n<p>O programa educativo existe desde o ano passado, quando a proposta era intervir em espa\u00e7os p\u00fablicos de Taguatinga, de Ceil\u00e2ndia, de Samambaia e do Riacho Fundo. Artistas e estudantes do Cemeit fizeram trabalhos de est\u00eancil, grafite, pintura, lambe-lambe e adesivos em 63 pontos diferentes das regi\u00f5es administrativas apontados em um mapa.<\/p>\n<p>Jana\u00edna ressalta que, neste ano, o tema \u00e9 O mundo \u00e9 uma escola &#8211; frase do poeta urbano Gentileza, morto em 1996 e conhecido por fazer inscri\u00e7\u00f5es sob um viaduto na Avenida Brasil, no Rio de Janeiro -, e as interven\u00e7\u00f5es est\u00e3o restritas ao centro de Taguatinga. Dividida em etapas, a iniciativa prev\u00ea a prepara\u00e7\u00e3o dos professores; o uso de jogos de baralho, tabuleiro e cartografia em sala de aula sobre arte urbana e a filosofia do poeta; oficinas te\u00f3ricas e pr\u00e1ticas com os alunos; e, por \u00faltimo, visitas \u00e0s interven\u00e7\u00f5es. A primeira e a segunda fase j\u00e1 ocorreram, a terceira est\u00e1 em andamento e a quarta ser\u00e1 em setembro, quando o novo mapa estiver pronto.<\/p>\n<p>Escolas interessadas em percorrer o roteiro cultural dever\u00e3o entrar em contato com a dire\u00e7\u00e3o do projeto por e-mail ou acompanhar as informa\u00e7\u00f5es nas redes sociais (veja Participe). As visitas ser\u00e3o guiadas, e os instrutores explicam os dois lados do trabalho: as t\u00e9cnicas art\u00edsticas e a filosofia gentil. Segundo Jana\u00edna, a inten\u00e7\u00e3o \u00e9 fazer com que o projeto seja implantado em outros centros de ensino p\u00fablico do DF.<\/p>\n<p>Grafite<\/p>\n<p>Al\u00e9m de Lucas, dois exemplos de sucesso s\u00e3o Rafael Marques e Rafaella C\u00f4rtes, ambos de 16 anos. Os estudantes do 2\u00ba ano participaram do Mapa Gentil no ano passado e tornaram-se estagi\u00e1rios da equipe de Jana\u00edna. Eles alimentam o canal do Youtube, do Instagram, do Twitter e do Facebook com v\u00eddeos, fotos e not\u00edcias.<\/p>\n<p>Al\u00e9m de entrarem em contato com um universo at\u00e9 ent\u00e3o distante, descobriram novos talentos. Durante as tr\u00eas horas e meia que passaram na sala de artes c\u00eanicas do col\u00e9gio, na manh\u00e3 de ontem, os adolescentes do Cemeit aprenderam a hist\u00f3ria e a t\u00e9cnica do est\u00eancil. Eles sa\u00edram da escola para colorir muros, postes e a parede externa de uma banca de revista. &#8220;Antes, eu desenhava o que conseguia e, em tr\u00eas aulas, eu melhorei. Tinha visto nas ruas, mas n\u00e3o sabia como fazer nem que era t\u00e3o elaborado&#8221;, confessa Thamires Alves, de 15 anos.<\/p>\n<p>S\u00e3o no total 20 vagas para cada uma das cinco oficinas: 15 para os estudantes e cinco para a comunidade. Na segunda quinzena de junho, haver\u00e1 o encerramento da turma de est\u00eancil, e os participantes poder\u00e3o grafitar o muro da escola.<\/p>\n<p>Para Lana Guimar\u00e3es, trata-se de um programa pioneiro, capaz de reunir educa\u00e7\u00e3o, arte e turismo. Ela cita os becos de S\u00e3o Paulo, que se tornaram pontos tur\u00edsticos devido \u00e0s interven\u00e7\u00f5es urbanas, como inspira\u00e7\u00e3o para o Mapa Gentil. &#8220;\u00c9 o primeiro roteiro para ser percorrido a p\u00e9 no DF. A proposta \u00e9 olhar para a cidade que habitamos. Trabalhamos n\u00e3o s\u00f3 a gentileza para fortalecer la\u00e7os, mas tamb\u00e9m os problemas sociais e os patrim\u00f4nios&#8221;, argumenta Lana.<\/p>\n<p>Participe<\/p>\n<p>Ainda h\u00e1 vagas para as cinco oficinas do Mapa Gentil. S\u00e3o 20 alunos em cada uma delas (15 estudantes do Cemeit e cinco da comunidade). As inscri\u00e7\u00f5es podem ser feitas pelo e-mail programaeducativo@mapagentil.com.<\/p>\n<p>br e pelo site <a href=\"http:\/\/www.mapagentil.com.br\" target=\"_blank\" rel=\"noopener\">www.mapagentil.com.br<\/a>. As escolas interessadas em percorrer o circuito cultural em setembro devem se inscrever para as visitas guiadas. Algumas oficinas come\u00e7aram, e outras est\u00e3o previstas para o segundo semestre.<\/p>\n<p>Fonte: Correio Braziliense<\/p>\n","protected":false},"excerpt":{"rendered":"<p>Escolas interessadas em percorrer o roteiro cultural dever\u00e3o entrar em contato com a dire\u00e7\u00e3o do projeto por e-mail ou acompanhar as informa\u00e7\u00f5es nas redes sociais (veja Participe). As visitas ser\u00e3o guiadas, e os instrutores explicam os dois lados do trabalho: as t\u00e9cnicas art\u00edsticas e a filosofia gentil.<\/p>\n","protected":false},"author":1,"featured_media":0,"comment_status":"open","ping_status":"open","sticky":false,"template":"","format":"standard","meta":{"site-container-style":"default","site-container-layout":"default","site-sidebar-layout":"default","disable-article-header":"default","disable-site-header":"default","disable-site-footer":"default","disable-content-area-spacing":"default","footnotes":""},"categories":[6,48,33],"tags":[],"class_list":["post-24630","post","type-post","status-publish","format-standard","hentry","category-educacao","category-inclusao","category-reportagem"],"yoast_head":"<!-- This site is optimized with the Yoast SEO plugin v27.4 - https:\/\/yoast.com\/product\/yoast-seo-wordpress\/ -->\n<title>O mundo \u00e9 uma escola -<\/title>\n<meta name=\"robots\" content=\"index, follow, max-snippet:-1, max-image-preview:large, max-video-preview:-1\" \/>\n<link rel=\"canonical\" href=\"https:\/\/inclusivenews.com.br\/?p=24630\" \/>\n<meta property=\"og:locale\" content=\"pt_PT\" \/>\n<meta property=\"og:type\" content=\"article\" \/>\n<meta property=\"og:title\" content=\"O mundo \u00e9 uma escola -\" \/>\n<meta property=\"og:description\" content=\"Escolas interessadas em percorrer o roteiro cultural dever\u00e3o entrar em contato com a dire\u00e7\u00e3o do projeto por e-mail ou acompanhar as informa\u00e7\u00f5es nas redes sociais (veja Participe). As visitas ser\u00e3o guiadas, e os instrutores explicam os dois lados do trabalho: as t\u00e9cnicas art\u00edsticas e a filosofia gentil.\" \/>\n<meta property=\"og:url\" content=\"https:\/\/inclusivenews.com.br\/?p=24630\" \/>\n<meta property=\"article:publisher\" content=\"https:\/\/www.facebook.com\/agenciainclusive\/\" \/>\n<meta property=\"article:published_time\" content=\"2013-05-22T17:39:45+00:00\" \/>\n<meta property=\"og:image\" content=\"http:\/\/inclusivenews.com.br\/wp-content\/uploads\/2010\/03\/Inclusive_direitos_humanos_2-300x300.jpg\" \/>\n<meta name=\"author\" content=\"inclusivenews2024\" \/>\n<meta name=\"twitter:card\" content=\"summary_large_image\" \/>\n<meta name=\"twitter:label1\" content=\"Escrito por\" \/>\n\t<meta name=\"twitter:data1\" content=\"inclusivenews2024\" \/>\n\t<meta name=\"twitter:label2\" content=\"Tempo estimado de leitura\" \/>\n\t<meta name=\"twitter:data2\" content=\"4 minutos\" \/>\n<script type=\"application\/ld+json\" class=\"yoast-schema-graph\">{\"@context\":\"https:\\\/\\\/schema.org\",\"@graph\":[{\"@type\":\"Article\",\"@id\":\"https:\\\/\\\/inclusivenews.com.br\\\/?p=24630#article\",\"isPartOf\":{\"@id\":\"https:\\\/\\\/inclusivenews.com.br\\\/?p=24630\"},\"author\":{\"name\":\"inclusivenews2024\",\"@id\":\"https:\\\/\\\/inclusivenews.com.br\\\/#\\\/schema\\\/person\\\/ae4ec7087559b8692fb33b6fffd2273b\"},\"headline\":\"O mundo \u00e9 uma escola\",\"datePublished\":\"2013-05-22T17:39:45+00:00\",\"mainEntityOfPage\":{\"@id\":\"https:\\\/\\\/inclusivenews.com.br\\\/?p=24630\"},\"wordCount\":830,\"commentCount\":1,\"publisher\":{\"@id\":\"https:\\\/\\\/inclusivenews.com.br\\\/#organization\"},\"image\":{\"@id\":\"https:\\\/\\\/inclusivenews.com.br\\\/?p=24630#primaryimage\"},\"thumbnailUrl\":\"http:\\\/\\\/inclusivenews.com.br\\\/wp-content\\\/uploads\\\/2010\\\/03\\\/Inclusive_direitos_humanos_2-300x300.jpg\",\"articleSection\":[\"EDUCA\u00c7\u00c3O\",\"INCLUS\u00c3O SOCIAL\",\"Reportagem\"],\"inLanguage\":\"pt-PT\",\"potentialAction\":[{\"@type\":\"CommentAction\",\"name\":\"Comment\",\"target\":[\"https:\\\/\\\/inclusivenews.com.br\\\/?p=24630#respond\"]}]},{\"@type\":\"WebPage\",\"@id\":\"https:\\\/\\\/inclusivenews.com.br\\\/?p=24630\",\"url\":\"https:\\\/\\\/inclusivenews.com.br\\\/?p=24630\",\"name\":\"O mundo \u00e9 uma escola -\",\"isPartOf\":{\"@id\":\"https:\\\/\\\/inclusivenews.com.br\\\/#website\"},\"primaryImageOfPage\":{\"@id\":\"https:\\\/\\\/inclusivenews.com.br\\\/?p=24630#primaryimage\"},\"image\":{\"@id\":\"https:\\\/\\\/inclusivenews.com.br\\\/?p=24630#primaryimage\"},\"thumbnailUrl\":\"http:\\\/\\\/inclusivenews.com.br\\\/wp-content\\\/uploads\\\/2010\\\/03\\\/Inclusive_direitos_humanos_2-300x300.jpg\",\"datePublished\":\"2013-05-22T17:39:45+00:00\",\"breadcrumb\":{\"@id\":\"https:\\\/\\\/inclusivenews.com.br\\\/?p=24630#breadcrumb\"},\"inLanguage\":\"pt-PT\",\"potentialAction\":[{\"@type\":\"ReadAction\",\"target\":[\"https:\\\/\\\/inclusivenews.com.br\\\/?p=24630\"]}]},{\"@type\":\"ImageObject\",\"inLanguage\":\"pt-PT\",\"@id\":\"https:\\\/\\\/inclusivenews.com.br\\\/?p=24630#primaryimage\",\"url\":\"\",\"contentUrl\":\"\"},{\"@type\":\"BreadcrumbList\",\"@id\":\"https:\\\/\\\/inclusivenews.com.br\\\/?p=24630#breadcrumb\",\"itemListElement\":[{\"@type\":\"ListItem\",\"position\":1,\"name\":\"In\u00edcio\",\"item\":\"https:\\\/\\\/inclusivenews.com.br\\\/\"},{\"@type\":\"ListItem\",\"position\":2,\"name\":\"O mundo \u00e9 uma escola\"}]},{\"@type\":\"WebSite\",\"@id\":\"https:\\\/\\\/inclusivenews.com.br\\\/#website\",\"url\":\"https:\\\/\\\/inclusivenews.com.br\\\/\",\"name\":\"Inclusive News\",\"description\":\"Inclusive News\",\"publisher\":{\"@id\":\"https:\\\/\\\/inclusivenews.com.br\\\/#organization\"},\"potentialAction\":[{\"@type\":\"SearchAction\",\"target\":{\"@type\":\"EntryPoint\",\"urlTemplate\":\"https:\\\/\\\/inclusivenews.com.br\\\/?s={search_term_string}\"},\"query-input\":{\"@type\":\"PropertyValueSpecification\",\"valueRequired\":true,\"valueName\":\"search_term_string\"}}],\"inLanguage\":\"pt-PT\"},{\"@type\":\"Organization\",\"@id\":\"https:\\\/\\\/inclusivenews.com.br\\\/#organization\",\"name\":\"Inclusive - inclus\u00e3o e cidadania\",\"url\":\"https:\\\/\\\/inclusivenews.com.br\\\/\",\"logo\":{\"@type\":\"ImageObject\",\"inLanguage\":\"pt-PT\",\"@id\":\"https:\\\/\\\/inclusivenews.com.br\\\/#\\\/schema\\\/logo\\\/image\\\/\",\"url\":\"https:\\\/\\\/inclusivenews.com.br\\\/wp-content\\\/uploads\\\/2024\\\/03\\\/@grandesite.png\",\"contentUrl\":\"https:\\\/\\\/inclusivenews.com.br\\\/wp-content\\\/uploads\\\/2024\\\/03\\\/@grandesite.png\",\"width\":1080,\"height\":1080,\"caption\":\"Inclusive - inclus\u00e3o e cidadania\"},\"image\":{\"@id\":\"https:\\\/\\\/inclusivenews.com.br\\\/#\\\/schema\\\/logo\\\/image\\\/\"},\"sameAs\":[\"https:\\\/\\\/www.facebook.com\\\/agenciainclusive\\\/\",\"https:\\\/\\\/www.instagram.com\\\/newsinclusive\\\/\"]},{\"@type\":\"Person\",\"@id\":\"https:\\\/\\\/inclusivenews.com.br\\\/#\\\/schema\\\/person\\\/ae4ec7087559b8692fb33b6fffd2273b\",\"name\":\"inclusivenews2024\",\"image\":{\"@type\":\"ImageObject\",\"inLanguage\":\"pt-PT\",\"@id\":\"https:\\\/\\\/secure.gravatar.com\\\/avatar\\\/c5a7ef84c66fa914f55bc4f7ce26cfa275a3b9a1c5568b907bd184fb4dde7b40?s=96&d=mm&r=g\",\"url\":\"https:\\\/\\\/secure.gravatar.com\\\/avatar\\\/c5a7ef84c66fa914f55bc4f7ce26cfa275a3b9a1c5568b907bd184fb4dde7b40?s=96&d=mm&r=g\",\"contentUrl\":\"https:\\\/\\\/secure.gravatar.com\\\/avatar\\\/c5a7ef84c66fa914f55bc4f7ce26cfa275a3b9a1c5568b907bd184fb4dde7b40?s=96&d=mm&r=g\",\"caption\":\"inclusivenews2024\"},\"sameAs\":[\"https:\\\/\\\/inclusivenews.com.br\"],\"url\":\"https:\\\/\\\/inclusivenews.com.br\\\/?author=1\"}]}<\/script>\n<!-- \/ Yoast SEO plugin. -->","yoast_head_json":{"title":"O mundo \u00e9 uma escola -","robots":{"index":"index","follow":"follow","max-snippet":"max-snippet:-1","max-image-preview":"max-image-preview:large","max-video-preview":"max-video-preview:-1"},"canonical":"https:\/\/inclusivenews.com.br\/?p=24630","og_locale":"pt_PT","og_type":"article","og_title":"O mundo \u00e9 uma escola -","og_description":"Escolas interessadas em percorrer o roteiro cultural dever\u00e3o entrar em contato com a dire\u00e7\u00e3o do projeto por e-mail ou acompanhar as informa\u00e7\u00f5es nas redes sociais (veja Participe). As visitas ser\u00e3o guiadas, e os instrutores explicam os dois lados do trabalho: as t\u00e9cnicas art\u00edsticas e a filosofia gentil.","og_url":"https:\/\/inclusivenews.com.br\/?p=24630","article_publisher":"https:\/\/www.facebook.com\/agenciainclusive\/","article_published_time":"2013-05-22T17:39:45+00:00","og_image":[{"url":"http:\/\/inclusivenews.com.br\/wp-content\/uploads\/2010\/03\/Inclusive_direitos_humanos_2-300x300.jpg","type":"","width":"","height":""}],"author":"inclusivenews2024","twitter_card":"summary_large_image","twitter_misc":{"Escrito por":"inclusivenews2024","Tempo estimado de leitura":"4 minutos"},"schema":{"@context":"https:\/\/schema.org","@graph":[{"@type":"Article","@id":"https:\/\/inclusivenews.com.br\/?p=24630#article","isPartOf":{"@id":"https:\/\/inclusivenews.com.br\/?p=24630"},"author":{"name":"inclusivenews2024","@id":"https:\/\/inclusivenews.com.br\/#\/schema\/person\/ae4ec7087559b8692fb33b6fffd2273b"},"headline":"O mundo \u00e9 uma escola","datePublished":"2013-05-22T17:39:45+00:00","mainEntityOfPage":{"@id":"https:\/\/inclusivenews.com.br\/?p=24630"},"wordCount":830,"commentCount":1,"publisher":{"@id":"https:\/\/inclusivenews.com.br\/#organization"},"image":{"@id":"https:\/\/inclusivenews.com.br\/?p=24630#primaryimage"},"thumbnailUrl":"http:\/\/inclusivenews.com.br\/wp-content\/uploads\/2010\/03\/Inclusive_direitos_humanos_2-300x300.jpg","articleSection":["EDUCA\u00c7\u00c3O","INCLUS\u00c3O SOCIAL","Reportagem"],"inLanguage":"pt-PT","potentialAction":[{"@type":"CommentAction","name":"Comment","target":["https:\/\/inclusivenews.com.br\/?p=24630#respond"]}]},{"@type":"WebPage","@id":"https:\/\/inclusivenews.com.br\/?p=24630","url":"https:\/\/inclusivenews.com.br\/?p=24630","name":"O mundo \u00e9 uma escola -","isPartOf":{"@id":"https:\/\/inclusivenews.com.br\/#website"},"primaryImageOfPage":{"@id":"https:\/\/inclusivenews.com.br\/?p=24630#primaryimage"},"image":{"@id":"https:\/\/inclusivenews.com.br\/?p=24630#primaryimage"},"thumbnailUrl":"http:\/\/inclusivenews.com.br\/wp-content\/uploads\/2010\/03\/Inclusive_direitos_humanos_2-300x300.jpg","datePublished":"2013-05-22T17:39:45+00:00","breadcrumb":{"@id":"https:\/\/inclusivenews.com.br\/?p=24630#breadcrumb"},"inLanguage":"pt-PT","potentialAction":[{"@type":"ReadAction","target":["https:\/\/inclusivenews.com.br\/?p=24630"]}]},{"@type":"ImageObject","inLanguage":"pt-PT","@id":"https:\/\/inclusivenews.com.br\/?p=24630#primaryimage","url":"","contentUrl":""},{"@type":"BreadcrumbList","@id":"https:\/\/inclusivenews.com.br\/?p=24630#breadcrumb","itemListElement":[{"@type":"ListItem","position":1,"name":"In\u00edcio","item":"https:\/\/inclusivenews.com.br\/"},{"@type":"ListItem","position":2,"name":"O mundo \u00e9 uma escola"}]},{"@type":"WebSite","@id":"https:\/\/inclusivenews.com.br\/#website","url":"https:\/\/inclusivenews.com.br\/","name":"Inclusive News","description":"Inclusive News","publisher":{"@id":"https:\/\/inclusivenews.com.br\/#organization"},"potentialAction":[{"@type":"SearchAction","target":{"@type":"EntryPoint","urlTemplate":"https:\/\/inclusivenews.com.br\/?s={search_term_string}"},"query-input":{"@type":"PropertyValueSpecification","valueRequired":true,"valueName":"search_term_string"}}],"inLanguage":"pt-PT"},{"@type":"Organization","@id":"https:\/\/inclusivenews.com.br\/#organization","name":"Inclusive - inclus\u00e3o e cidadania","url":"https:\/\/inclusivenews.com.br\/","logo":{"@type":"ImageObject","inLanguage":"pt-PT","@id":"https:\/\/inclusivenews.com.br\/#\/schema\/logo\/image\/","url":"https:\/\/inclusivenews.com.br\/wp-content\/uploads\/2024\/03\/@grandesite.png","contentUrl":"https:\/\/inclusivenews.com.br\/wp-content\/uploads\/2024\/03\/@grandesite.png","width":1080,"height":1080,"caption":"Inclusive - inclus\u00e3o e cidadania"},"image":{"@id":"https:\/\/inclusivenews.com.br\/#\/schema\/logo\/image\/"},"sameAs":["https:\/\/www.facebook.com\/agenciainclusive\/","https:\/\/www.instagram.com\/newsinclusive\/"]},{"@type":"Person","@id":"https:\/\/inclusivenews.com.br\/#\/schema\/person\/ae4ec7087559b8692fb33b6fffd2273b","name":"inclusivenews2024","image":{"@type":"ImageObject","inLanguage":"pt-PT","@id":"https:\/\/secure.gravatar.com\/avatar\/c5a7ef84c66fa914f55bc4f7ce26cfa275a3b9a1c5568b907bd184fb4dde7b40?s=96&d=mm&r=g","url":"https:\/\/secure.gravatar.com\/avatar\/c5a7ef84c66fa914f55bc4f7ce26cfa275a3b9a1c5568b907bd184fb4dde7b40?s=96&d=mm&r=g","contentUrl":"https:\/\/secure.gravatar.com\/avatar\/c5a7ef84c66fa914f55bc4f7ce26cfa275a3b9a1c5568b907bd184fb4dde7b40?s=96&d=mm&r=g","caption":"inclusivenews2024"},"sameAs":["https:\/\/inclusivenews.com.br"],"url":"https:\/\/inclusivenews.com.br\/?author=1"}]}},"_links":{"self":[{"href":"https:\/\/inclusivenews.com.br\/index.php?rest_route=\/wp\/v2\/posts\/24630","targetHints":{"allow":["GET"]}}],"collection":[{"href":"https:\/\/inclusivenews.com.br\/index.php?rest_route=\/wp\/v2\/posts"}],"about":[{"href":"https:\/\/inclusivenews.com.br\/index.php?rest_route=\/wp\/v2\/types\/post"}],"author":[{"embeddable":true,"href":"https:\/\/inclusivenews.com.br\/index.php?rest_route=\/wp\/v2\/users\/1"}],"replies":[{"embeddable":true,"href":"https:\/\/inclusivenews.com.br\/index.php?rest_route=%2Fwp%2Fv2%2Fcomments&post=24630"}],"version-history":[{"count":0,"href":"https:\/\/inclusivenews.com.br\/index.php?rest_route=\/wp\/v2\/posts\/24630\/revisions"}],"wp:attachment":[{"href":"https:\/\/inclusivenews.com.br\/index.php?rest_route=%2Fwp%2Fv2%2Fmedia&parent=24630"}],"wp:term":[{"taxonomy":"category","embeddable":true,"href":"https:\/\/inclusivenews.com.br\/index.php?rest_route=%2Fwp%2Fv2%2Fcategories&post=24630"},{"taxonomy":"post_tag","embeddable":true,"href":"https:\/\/inclusivenews.com.br\/index.php?rest_route=%2Fwp%2Fv2%2Ftags&post=24630"}],"curies":[{"name":"wp","href":"https:\/\/api.w.org\/{rel}","templated":true}]}}