{"id":24635,"date":"2013-05-29T15:37:57","date_gmt":"2013-05-29T18:37:57","guid":{"rendered":"http:\/\/www.inclusive.org.br\/?p=24635"},"modified":"2013-05-29T15:37:57","modified_gmt":"2013-05-29T18:37:57","slug":"mundo-atento-a-violacoes-de-direitos-no-rio","status":"publish","type":"post","link":"https:\/\/inclusivenews.com.br\/?p=24635","title":{"rendered":"Mundo atento a viola\u00e7\u00f5es de direitos no Rio"},"content":{"rendered":"<p><em>Por Natasha \u00cdsis<br \/>\ndo Canal Ibase<\/em><\/p>\n<p>Sede dos pr\u00f3ximos grandes eventos esportivos mundiais, o Brasil n\u00e3o \u00e9 feito s\u00f3 de festa. Pelo contr\u00e1rio, as viola\u00e7\u00f5es de direitos que j\u00e1 aconteciam aqui foram intensificadas com a proximidade da Copa do Mundo e dos Jogos Ol\u00edmpicos. \u00c9 o que conclui o relat\u00f3rio \u201cO estado dos direitos humanos no mundo\u201d, divulgado nesta quinta-feira (23\/5) pela Anistia Internacional, que traz \u00e0 tona a situa\u00e7\u00e3o no Brasil e j\u00e1 ganha destaque em manchetes de jornais no exterior. O documento faz um alerta sobre a viola\u00e7\u00e3o de direitos no processo de remo\u00e7\u00f5es de fam\u00edlias em fun\u00e7\u00e3o dos megaeventos e ao alto n\u00famero de homic\u00eddios em grandes cidades brasileiras. Al\u00e9m disso, o estudo apontou tamb\u00e9m outras viola\u00e7\u00f5es encontradas no pa\u00eds, relativas ao direito \u00e0 terra, \u00e0 moradia e aos direitos das mulheres.<\/p>\n<p>Outro ponto ressaltado no relat\u00f3rio s\u00e3o as amea\u00e7as e intimida\u00e7\u00f5es feitas aos defensores dos direitos humanos. A ONG manifesta rep\u00fadio tamb\u00e9m \u00e0 tortura nas pris\u00f5es, ao uso de for\u00e7a excessiva por parte dos agentes de seguran\u00e7a p\u00fablica e \u00e0 impunidade com rela\u00e7\u00e3o \u00e0s viola\u00e7\u00f5es dos direitos humanos na \u00e9poca da Ditadura Militar. A quantidade de informa\u00e7\u00f5es sobre o pa\u00eds resultou em um dos maiores cap\u00edtulo do relat\u00f3rio, chamando aten\u00e7\u00e3o de pesquisadores do mundo inteiro para o assunto.<\/p>\n<p>Os problemas brasileiros ganharam destaque nos \u00faltimos anos nos relat\u00f3rios da organiza\u00e7\u00e3o, o que prova como, apesar de faltarem a\u00e7\u00f5es aqui dentro para solucionar a situa\u00e7\u00e3o, o assunto tem repercutido l\u00e1 fora. \u00c9 o que afirma o assessor de Direitos Humanos da Anistia Internacional, Maur\u00edcio Santoro.<\/p>\n<p>&#8211; Nos concentramos nos temas-chave de cada pa\u00eds. O fato de o Brasil ter ganhado um dos maiores cap\u00edtulos do relat\u00f3rio mostra como o que est\u00e1 acontecendo aqui \u00e9 de grande import\u00e2ncia para a Anistia Internacional. Quando destacamos o assunto das remo\u00e7\u00f5es compuls\u00f3rias e o direito \u00e0 moradia, por exemplo, percebemos como esse ponto tem sido mais debatido no exterior do que aqui dentro, inclusive na m\u00eddia.<\/p>\n<figure style=\"width: 300px\" class=\"wp-caption alignnone\"><img loading=\"lazy\" decoding=\"async\" title=\"Policiais retiram moradores de ocupa\u00e7\u00e3o no Rio. Foto: Cristiano Magalh\u00e3es\/Flickr\" src=\"http:\/\/www.canalibase.org.br\/wp-content\/uploads\/2013\/05\/Cristiano-Magalh\u00e3es-Flickr-300x200.jpg\" alt=\"Policiais retiram moradores de ocupa\u00e7\u00e3o no Rio. Foto: Cristiano Magalh\u00e3es\/Flickr\" width=\"300\" height=\"200\" \/><figcaption class=\"wp-caption-text\">Policiais retiram moradores de ocupa\u00e7\u00e3o no Rio. Foto: Cristiano Magalh\u00e3es\/Flickr<\/figcaption><\/figure>\n<p>De fato, o tema das remo\u00e7\u00f5es \u00e9 delicado. Enquanto as obras para os megaeventos s\u00e3o exaltadas, 3.099 fam\u00edlias j\u00e1 foram removidas eoutras 7.843 podem ser retiradas a qualquer momento. Os dados s\u00e3o do dossi\u00ea \u201cMegaeventos e viola\u00e7\u00e3o dos direitos humanos no Rio de Janeiro\u201d, documento feito por moradores das comunidades afetadas e organiza\u00e7\u00f5es como o Instituto de Pesquisa e Planejamento Urbano e Regional (Ippur) e a ONG Justi\u00e7a Global. O trabalho n\u00e3o foi f\u00e1cil, j\u00e1 que o poder p\u00fablico n\u00e3o age com transpar\u00eancia, dificultando o acesso \u00e0s informa\u00e7\u00f5es referentes aos seus planos, nem mesmo com as fam\u00edlias envolvidas, como mostramos em reportagem na semana passada.<\/p>\n<p>No estudo realizado pela Anistia, o destino das fam\u00edlias removidas tamb\u00e9m \u00e9 questionado. \u201cAs autoridades tampouco estabeleceram um processo genu\u00edno de negocia\u00e7\u00e3o com as comunidades para estudar alternativas \u00e0 remo\u00e7\u00e3o e, quando necess\u00e1rio, para oferecer a devida indeniza\u00e7\u00e3o compensat\u00f3ria ou moradias alternativas adequadas na mesma \u00e1rea. Em vez disso, as fam\u00edlias foram levadas para \u00e1reas distantes em moradias inadequadas, geralmente com limita\u00e7\u00e3o de acesso a servi\u00e7os b\u00e1sicos, em locais com graves problemas de seguran\u00e7a\u201d, diz o texto.<\/p>\n<p>De acordo com Santoro, existem dois eixos priorit\u00e1rios que guiam o trabalho da Anistia por serem pontos de grande impacto no campo dos direitos humanos no mundo hoje:<\/p>\n<p>&#8211; O primeiro eixo inclui as quest\u00f5es relativas \u00e0 seguran\u00e7a p\u00fablica, \u00e0 justi\u00e7a e a pris\u00f5es. Podemos dizer que o alto n\u00famero de homic\u00eddios no Brasil \u00e9 a nossa principal preocupa\u00e7\u00e3o atualmente por estar diretamente ligado a temas como a viol\u00eancia policial, tortura nos pres\u00eddios e o exterm\u00ednio da juventude negra. O segundo eixo faz a rela\u00e7\u00e3o entre desenvolvimento e direitos humanos, ou seja, estuda os impactos desses grandes projetos de infraestrutura. Existe uma agenda governamental que pretende deixar a popula\u00e7\u00e3o afastada das grandes decis\u00f5es, mas a sociedade n\u00e3o est\u00e1 satisfeita e, claramente, est\u00e1 se mobilizando.<\/p>\n<p>A Anistia Internacional foi criada em 1961, a partir da not\u00edcia da condena\u00e7\u00e3o de dois jovens portugueses a sete anos de pris\u00e3o por terem gritado \u201cViva a liberdade!\u201d em p\u00fablico durante o regime autorit\u00e1rio de Ant\u00f4nio Salazar. Desde ent\u00e3o, a ONG \u00e9 refer\u00eancia no campo de direitos humanos. Em 1974, o irland\u00eas Sean MacBride, ent\u00e3o presidente da organiza\u00e7\u00e3o, recebeu o Nobel da Paz. Em 1977, foi a pr\u00f3pria entidade que ganhou o mesmo pr\u00e9mio.<\/p>\n","protected":false},"excerpt":{"rendered":"<p>O fato de o Brasil ter ganhado um dos maiores cap\u00edtulos do relat\u00f3rio mostra como o que est\u00e1 acontecendo aqui \u00e9 de grande import\u00e2ncia para a Anistia Internacional. Quando destacamos o assunto das remo\u00e7\u00f5es compuls\u00f3rias e o direito \u00e0 moradia, por exemplo, percebemos como esse ponto tem sido mais debatido no exterior do que aqui dentro, inclusive na m\u00eddia.<\/p>\n","protected":false},"author":1,"featured_media":0,"comment_status":"open","ping_status":"open","sticky":false,"template":"","format":"standard","meta":{"site-container-style":"default","site-container-layout":"default","site-sidebar-layout":"default","disable-article-header":"default","disable-site-header":"default","disable-site-footer":"default","disable-content-area-spacing":"default","footnotes":""},"categories":[11],"tags":[],"class_list":["post-24635","post","type-post","status-publish","format-standard","hentry","category-direitos-humanos"],"yoast_head":"<!-- This site is optimized with the Yoast SEO plugin v27.4 - https:\/\/yoast.com\/product\/yoast-seo-wordpress\/ -->\n<title>Mundo atento a viola\u00e7\u00f5es de direitos no Rio -<\/title>\n<meta name=\"robots\" content=\"index, follow, max-snippet:-1, max-image-preview:large, max-video-preview:-1\" \/>\n<link rel=\"canonical\" href=\"https:\/\/inclusivenews.com.br\/?p=24635\" \/>\n<meta property=\"og:locale\" content=\"pt_PT\" \/>\n<meta property=\"og:type\" content=\"article\" \/>\n<meta property=\"og:title\" content=\"Mundo atento a viola\u00e7\u00f5es de direitos no Rio -\" \/>\n<meta property=\"og:description\" content=\"O fato de o Brasil ter ganhado um dos maiores cap\u00edtulos do relat\u00f3rio mostra como o que est\u00e1 acontecendo aqui \u00e9 de grande import\u00e2ncia para a Anistia Internacional. Quando destacamos o assunto das remo\u00e7\u00f5es compuls\u00f3rias e o direito \u00e0 moradia, por exemplo, percebemos como esse ponto tem sido mais debatido no exterior do que aqui dentro, inclusive na m\u00eddia.\" \/>\n<meta property=\"og:url\" content=\"https:\/\/inclusivenews.com.br\/?p=24635\" \/>\n<meta property=\"article:publisher\" content=\"https:\/\/www.facebook.com\/agenciainclusive\/\" \/>\n<meta property=\"article:published_time\" content=\"2013-05-29T18:37:57+00:00\" \/>\n<meta name=\"author\" content=\"inclusivenews2024\" \/>\n<meta name=\"twitter:card\" content=\"summary_large_image\" \/>\n<meta name=\"twitter:label1\" content=\"Escrito por\" \/>\n\t<meta name=\"twitter:data1\" content=\"inclusivenews2024\" \/>\n\t<meta name=\"twitter:label2\" content=\"Tempo estimado de leitura\" \/>\n\t<meta name=\"twitter:data2\" content=\"4 minutos\" \/>\n<script type=\"application\/ld+json\" class=\"yoast-schema-graph\">{\"@context\":\"https:\\\/\\\/schema.org\",\"@graph\":[{\"@type\":\"Article\",\"@id\":\"https:\\\/\\\/inclusivenews.com.br\\\/?p=24635#article\",\"isPartOf\":{\"@id\":\"https:\\\/\\\/inclusivenews.com.br\\\/?p=24635\"},\"author\":{\"name\":\"inclusivenews2024\",\"@id\":\"https:\\\/\\\/inclusivenews.com.br\\\/#\\\/schema\\\/person\\\/ae4ec7087559b8692fb33b6fffd2273b\"},\"headline\":\"Mundo atento a viola\u00e7\u00f5es de direitos no Rio\",\"datePublished\":\"2013-05-29T18:37:57+00:00\",\"mainEntityOfPage\":{\"@id\":\"https:\\\/\\\/inclusivenews.com.br\\\/?p=24635\"},\"wordCount\":813,\"commentCount\":0,\"publisher\":{\"@id\":\"https:\\\/\\\/inclusivenews.com.br\\\/#organization\"},\"articleSection\":[\"DIREITOS HUMANOS\"],\"inLanguage\":\"pt-PT\",\"potentialAction\":[{\"@type\":\"CommentAction\",\"name\":\"Comment\",\"target\":[\"https:\\\/\\\/inclusivenews.com.br\\\/?p=24635#respond\"]}]},{\"@type\":\"WebPage\",\"@id\":\"https:\\\/\\\/inclusivenews.com.br\\\/?p=24635\",\"url\":\"https:\\\/\\\/inclusivenews.com.br\\\/?p=24635\",\"name\":\"Mundo atento a viola\u00e7\u00f5es de direitos no Rio -\",\"isPartOf\":{\"@id\":\"https:\\\/\\\/inclusivenews.com.br\\\/#website\"},\"datePublished\":\"2013-05-29T18:37:57+00:00\",\"breadcrumb\":{\"@id\":\"https:\\\/\\\/inclusivenews.com.br\\\/?p=24635#breadcrumb\"},\"inLanguage\":\"pt-PT\",\"potentialAction\":[{\"@type\":\"ReadAction\",\"target\":[\"https:\\\/\\\/inclusivenews.com.br\\\/?p=24635\"]}]},{\"@type\":\"BreadcrumbList\",\"@id\":\"https:\\\/\\\/inclusivenews.com.br\\\/?p=24635#breadcrumb\",\"itemListElement\":[{\"@type\":\"ListItem\",\"position\":1,\"name\":\"In\u00edcio\",\"item\":\"https:\\\/\\\/inclusivenews.com.br\\\/\"},{\"@type\":\"ListItem\",\"position\":2,\"name\":\"Mundo atento a viola\u00e7\u00f5es de direitos no Rio\"}]},{\"@type\":\"WebSite\",\"@id\":\"https:\\\/\\\/inclusivenews.com.br\\\/#website\",\"url\":\"https:\\\/\\\/inclusivenews.com.br\\\/\",\"name\":\"Inclusive News\",\"description\":\"Inclusive News\",\"publisher\":{\"@id\":\"https:\\\/\\\/inclusivenews.com.br\\\/#organization\"},\"potentialAction\":[{\"@type\":\"SearchAction\",\"target\":{\"@type\":\"EntryPoint\",\"urlTemplate\":\"https:\\\/\\\/inclusivenews.com.br\\\/?s={search_term_string}\"},\"query-input\":{\"@type\":\"PropertyValueSpecification\",\"valueRequired\":true,\"valueName\":\"search_term_string\"}}],\"inLanguage\":\"pt-PT\"},{\"@type\":\"Organization\",\"@id\":\"https:\\\/\\\/inclusivenews.com.br\\\/#organization\",\"name\":\"Inclusive - inclus\u00e3o e cidadania\",\"url\":\"https:\\\/\\\/inclusivenews.com.br\\\/\",\"logo\":{\"@type\":\"ImageObject\",\"inLanguage\":\"pt-PT\",\"@id\":\"https:\\\/\\\/inclusivenews.com.br\\\/#\\\/schema\\\/logo\\\/image\\\/\",\"url\":\"https:\\\/\\\/inclusivenews.com.br\\\/wp-content\\\/uploads\\\/2024\\\/03\\\/@grandesite.png\",\"contentUrl\":\"https:\\\/\\\/inclusivenews.com.br\\\/wp-content\\\/uploads\\\/2024\\\/03\\\/@grandesite.png\",\"width\":1080,\"height\":1080,\"caption\":\"Inclusive - inclus\u00e3o e cidadania\"},\"image\":{\"@id\":\"https:\\\/\\\/inclusivenews.com.br\\\/#\\\/schema\\\/logo\\\/image\\\/\"},\"sameAs\":[\"https:\\\/\\\/www.facebook.com\\\/agenciainclusive\\\/\",\"https:\\\/\\\/www.instagram.com\\\/newsinclusive\\\/\"]},{\"@type\":\"Person\",\"@id\":\"https:\\\/\\\/inclusivenews.com.br\\\/#\\\/schema\\\/person\\\/ae4ec7087559b8692fb33b6fffd2273b\",\"name\":\"inclusivenews2024\",\"image\":{\"@type\":\"ImageObject\",\"inLanguage\":\"pt-PT\",\"@id\":\"https:\\\/\\\/secure.gravatar.com\\\/avatar\\\/c5a7ef84c66fa914f55bc4f7ce26cfa275a3b9a1c5568b907bd184fb4dde7b40?s=96&d=mm&r=g\",\"url\":\"https:\\\/\\\/secure.gravatar.com\\\/avatar\\\/c5a7ef84c66fa914f55bc4f7ce26cfa275a3b9a1c5568b907bd184fb4dde7b40?s=96&d=mm&r=g\",\"contentUrl\":\"https:\\\/\\\/secure.gravatar.com\\\/avatar\\\/c5a7ef84c66fa914f55bc4f7ce26cfa275a3b9a1c5568b907bd184fb4dde7b40?s=96&d=mm&r=g\",\"caption\":\"inclusivenews2024\"},\"sameAs\":[\"https:\\\/\\\/inclusivenews.com.br\"],\"url\":\"https:\\\/\\\/inclusivenews.com.br\\\/?author=1\"}]}<\/script>\n<!-- \/ Yoast SEO plugin. -->","yoast_head_json":{"title":"Mundo atento a viola\u00e7\u00f5es de direitos no Rio -","robots":{"index":"index","follow":"follow","max-snippet":"max-snippet:-1","max-image-preview":"max-image-preview:large","max-video-preview":"max-video-preview:-1"},"canonical":"https:\/\/inclusivenews.com.br\/?p=24635","og_locale":"pt_PT","og_type":"article","og_title":"Mundo atento a viola\u00e7\u00f5es de direitos no Rio -","og_description":"O fato de o Brasil ter ganhado um dos maiores cap\u00edtulos do relat\u00f3rio mostra como o que est\u00e1 acontecendo aqui \u00e9 de grande import\u00e2ncia para a Anistia Internacional. Quando destacamos o assunto das remo\u00e7\u00f5es compuls\u00f3rias e o direito \u00e0 moradia, por exemplo, percebemos como esse ponto tem sido mais debatido no exterior do que aqui dentro, inclusive na m\u00eddia.","og_url":"https:\/\/inclusivenews.com.br\/?p=24635","article_publisher":"https:\/\/www.facebook.com\/agenciainclusive\/","article_published_time":"2013-05-29T18:37:57+00:00","author":"inclusivenews2024","twitter_card":"summary_large_image","twitter_misc":{"Escrito por":"inclusivenews2024","Tempo estimado de leitura":"4 minutos"},"schema":{"@context":"https:\/\/schema.org","@graph":[{"@type":"Article","@id":"https:\/\/inclusivenews.com.br\/?p=24635#article","isPartOf":{"@id":"https:\/\/inclusivenews.com.br\/?p=24635"},"author":{"name":"inclusivenews2024","@id":"https:\/\/inclusivenews.com.br\/#\/schema\/person\/ae4ec7087559b8692fb33b6fffd2273b"},"headline":"Mundo atento a viola\u00e7\u00f5es de direitos no Rio","datePublished":"2013-05-29T18:37:57+00:00","mainEntityOfPage":{"@id":"https:\/\/inclusivenews.com.br\/?p=24635"},"wordCount":813,"commentCount":0,"publisher":{"@id":"https:\/\/inclusivenews.com.br\/#organization"},"articleSection":["DIREITOS HUMANOS"],"inLanguage":"pt-PT","potentialAction":[{"@type":"CommentAction","name":"Comment","target":["https:\/\/inclusivenews.com.br\/?p=24635#respond"]}]},{"@type":"WebPage","@id":"https:\/\/inclusivenews.com.br\/?p=24635","url":"https:\/\/inclusivenews.com.br\/?p=24635","name":"Mundo atento a viola\u00e7\u00f5es de direitos no Rio -","isPartOf":{"@id":"https:\/\/inclusivenews.com.br\/#website"},"datePublished":"2013-05-29T18:37:57+00:00","breadcrumb":{"@id":"https:\/\/inclusivenews.com.br\/?p=24635#breadcrumb"},"inLanguage":"pt-PT","potentialAction":[{"@type":"ReadAction","target":["https:\/\/inclusivenews.com.br\/?p=24635"]}]},{"@type":"BreadcrumbList","@id":"https:\/\/inclusivenews.com.br\/?p=24635#breadcrumb","itemListElement":[{"@type":"ListItem","position":1,"name":"In\u00edcio","item":"https:\/\/inclusivenews.com.br\/"},{"@type":"ListItem","position":2,"name":"Mundo atento a viola\u00e7\u00f5es de direitos no Rio"}]},{"@type":"WebSite","@id":"https:\/\/inclusivenews.com.br\/#website","url":"https:\/\/inclusivenews.com.br\/","name":"Inclusive News","description":"Inclusive News","publisher":{"@id":"https:\/\/inclusivenews.com.br\/#organization"},"potentialAction":[{"@type":"SearchAction","target":{"@type":"EntryPoint","urlTemplate":"https:\/\/inclusivenews.com.br\/?s={search_term_string}"},"query-input":{"@type":"PropertyValueSpecification","valueRequired":true,"valueName":"search_term_string"}}],"inLanguage":"pt-PT"},{"@type":"Organization","@id":"https:\/\/inclusivenews.com.br\/#organization","name":"Inclusive - inclus\u00e3o e cidadania","url":"https:\/\/inclusivenews.com.br\/","logo":{"@type":"ImageObject","inLanguage":"pt-PT","@id":"https:\/\/inclusivenews.com.br\/#\/schema\/logo\/image\/","url":"https:\/\/inclusivenews.com.br\/wp-content\/uploads\/2024\/03\/@grandesite.png","contentUrl":"https:\/\/inclusivenews.com.br\/wp-content\/uploads\/2024\/03\/@grandesite.png","width":1080,"height":1080,"caption":"Inclusive - inclus\u00e3o e cidadania"},"image":{"@id":"https:\/\/inclusivenews.com.br\/#\/schema\/logo\/image\/"},"sameAs":["https:\/\/www.facebook.com\/agenciainclusive\/","https:\/\/www.instagram.com\/newsinclusive\/"]},{"@type":"Person","@id":"https:\/\/inclusivenews.com.br\/#\/schema\/person\/ae4ec7087559b8692fb33b6fffd2273b","name":"inclusivenews2024","image":{"@type":"ImageObject","inLanguage":"pt-PT","@id":"https:\/\/secure.gravatar.com\/avatar\/c5a7ef84c66fa914f55bc4f7ce26cfa275a3b9a1c5568b907bd184fb4dde7b40?s=96&d=mm&r=g","url":"https:\/\/secure.gravatar.com\/avatar\/c5a7ef84c66fa914f55bc4f7ce26cfa275a3b9a1c5568b907bd184fb4dde7b40?s=96&d=mm&r=g","contentUrl":"https:\/\/secure.gravatar.com\/avatar\/c5a7ef84c66fa914f55bc4f7ce26cfa275a3b9a1c5568b907bd184fb4dde7b40?s=96&d=mm&r=g","caption":"inclusivenews2024"},"sameAs":["https:\/\/inclusivenews.com.br"],"url":"https:\/\/inclusivenews.com.br\/?author=1"}]}},"_links":{"self":[{"href":"https:\/\/inclusivenews.com.br\/index.php?rest_route=\/wp\/v2\/posts\/24635","targetHints":{"allow":["GET"]}}],"collection":[{"href":"https:\/\/inclusivenews.com.br\/index.php?rest_route=\/wp\/v2\/posts"}],"about":[{"href":"https:\/\/inclusivenews.com.br\/index.php?rest_route=\/wp\/v2\/types\/post"}],"author":[{"embeddable":true,"href":"https:\/\/inclusivenews.com.br\/index.php?rest_route=\/wp\/v2\/users\/1"}],"replies":[{"embeddable":true,"href":"https:\/\/inclusivenews.com.br\/index.php?rest_route=%2Fwp%2Fv2%2Fcomments&post=24635"}],"version-history":[{"count":0,"href":"https:\/\/inclusivenews.com.br\/index.php?rest_route=\/wp\/v2\/posts\/24635\/revisions"}],"wp:attachment":[{"href":"https:\/\/inclusivenews.com.br\/index.php?rest_route=%2Fwp%2Fv2%2Fmedia&parent=24635"}],"wp:term":[{"taxonomy":"category","embeddable":true,"href":"https:\/\/inclusivenews.com.br\/index.php?rest_route=%2Fwp%2Fv2%2Fcategories&post=24635"},{"taxonomy":"post_tag","embeddable":true,"href":"https:\/\/inclusivenews.com.br\/index.php?rest_route=%2Fwp%2Fv2%2Ftags&post=24635"}],"curies":[{"name":"wp","href":"https:\/\/api.w.org\/{rel}","templated":true}]}}