{"id":24645,"date":"2013-05-29T15:37:28","date_gmt":"2013-05-29T18:37:28","guid":{"rendered":"http:\/\/www.inclusive.org.br\/?p=24645"},"modified":"2013-05-29T15:37:28","modified_gmt":"2013-05-29T18:37:28","slug":"as-aventuras-de-leca-e-seus-amigos","status":"publish","type":"post","link":"https:\/\/inclusivenews.com.br\/?p=24645","title":{"rendered":"As aventuras de L\u00e9ca e seus amigos"},"content":{"rendered":"<p><img loading=\"lazy\" decoding=\"async\" class=\"alignleft size-medium wp-image-17834\" title=\"Imagem de uma TV fora de sintonia\" src=\"http:\/\/inclusivenews.com.br\/wp-content\/uploads\/2010\/10\/teve-300x262.jpg\" alt=\"Imagem de uma TV fora de sintonia\" width=\"300\" height=\"262\" \/><\/p>\n<p>S\u00e9rie de Anima\u00e7\u00e3o em 3D, As Aventuras de L\u00e9ca e Seus Amigos, com abordagem in\u00e9dita sobre a amizade e o cotidiano de crian\u00e7as portadoras de necessidades especiais, est\u00e1 no Catarse para arrecadar verba para produ\u00e7\u00e3o do epis\u00f3dio piloto.<\/p>\n<p>O Projeto As Aventuras de L\u00e9ca e Seus Amigos, j\u00e1 est\u00e1 dispon\u00edvel para apoio de pessoas f\u00edsicas e juridicas desde o dia 30 de Abril, permanecendo at\u00e9 o dia 15 de Junho, no Catarse (Sistema Crownd Fuding), no site <a href=\"http:\/\/catarse.me\/pt\/leca.\" target=\"_blank\" rel=\"noopener\">http:\/\/catarse.me\/pt\/leca.<\/a>Para realizar o projeto piloto: Chocolate Quente, ser\u00e1 necess\u00e1rio arrecadar a quantia de 120 mil Reais, que engloba todo processo de produ\u00e7\u00e3o 3D, al\u00e9m da realiza\u00e7\u00e3o de uma dublagem de qualidade, da p\u00f3s-produ\u00e7\u00e3o do filme e de toda log\u00edstica para que o produto final esteja em m\u00e3os (autora\u00e7\u00e3o e grava\u00e7\u00e3o de dvd, capa, envios, entre outros compontentes). Caso a meta n\u00e3o seja alcan\u00e7ada, os devidos investimentos ser\u00e3o devolvidos para os investidores.<\/p>\n<p>Esta proposta foi idealizada por Paulo Henrique Machado, h\u00e1 um ano e meio, enquanto tinha aulas de roteiro e ambiente 3D proporcionadas pelo SENAC SP.<\/p>\n<p>Tendo uma vis\u00e3o de uma s\u00e9rie animada americana chamada Jimmy N\u00eautron, sua inten\u00e7\u00e3o \u00e9 criar um mundo n\u00e3o futurista como \u00e9 representada na s\u00e9rie e sim, um mundo presente, em condi\u00e7\u00f5es reais, onde personagens baseados em sua vida e na de seus amigos t\u00eam que passar por uma s\u00e9rie de dificuldades mostrando que, apesar das limita\u00e7\u00f5es, n\u00e3o \u00e9 t\u00e3o dif\u00edcil nos tornarmos vencedores.<\/p>\n<p>O projeto, seu grande sonho, \u00e9 a realiza\u00e7\u00e3o da s\u00e9rie animada em 3D \u201cAs Aventuras de L\u00e9ca e Seus Amigos\u201d, com 13 epis\u00f3dios, de 12 minutos, retratando o cotidiano de um grupo de crian\u00e7as, portadoras de defici\u00eancias, num tom l\u00fadico e bem humorado, sem perder o olhar critico e educativo ao relatar suas viv\u00eancias.<\/p>\n<p>A s\u00e9rie \u00e9 direcionada para crian\u00e7as de 7 a 11 anos, com a inten\u00e7\u00e3o de ser veiculada nas emissoras educativas tais como TV Cultura, Canal Brasil e Futura, al\u00e9m dos canais a cabo como Discovery Kids, TV R\u00e1 Tim Bum, Gloob, entre outras.<\/p>\n<p>Paulo Henrique n\u00e3o est\u00e1 sozinho neste projeto, conta com a participa\u00e7\u00e3o do director de arte e desenhista, Bruno Saggese e da roteirista Sonia Avallone, Karina Duarte, diretora musical, Felipe Mendes, da equipe de dubladores e no 3D, Mateus Bastos.<\/p>\n<p>Paulo Henrique Machado, 45 anos e desde um ano de idade mora no Instituto de Ortopedia do Hospital das Cl\u00ednicas da Faculdade de Medicina da USP. Teve sequelas da Poliomielite, ou seja, a Paralisia Infantil que, sendo radical, paralisou grande parte de seu corpo, obrigando-o a depender de aparelho de respira\u00e7\u00e3o artificial.<\/p>\n<p>Aprendeu a ler e a escrever no pr\u00f3prio instituto. Hoje tem grande conhecimento na \u00e1rea cinematogr\u00e1fica, al\u00e9m da computa\u00e7\u00e3o gr\u00e1fica e anima\u00e7\u00e3o. Tem interesse em profissionalizar-se na \u00e1rea de computa\u00e7\u00e3o gr\u00e1fica. Depois de descobrir um programa voltado para os efeitos especiais, vive o dia lendo tutoriais em ingl\u00eas e aplicando novas t\u00e9cnicas de modelagem em seus trabalhos. J\u00e1 se especializou em modelagem, e anima\u00e7\u00e3o 3D.<\/p>\n<p>Fonte: Paulo Henrique Machado, Diretor e Autor do projeto As Aventuras de L\u00e9ca e Seus Amigos. Tel: (11) 3064-8461 \u2013 Cel: 98338-3339 \u2013 e-mail: Paulo-hm@uol.com.br<\/p>\n<p>S\u00e3o Paulo 10 de Maio de 2013 \u2013 Jornalista Respons\u00e1vel, Sonia Avallone (MTB17017)<\/p>\n","protected":false},"excerpt":{"rendered":"<p>S\u00e9rie de Anima\u00e7\u00e3o em 3D, As Aventuras de L\u00e9ca e Seus Amigos, com abordagem in\u00e9dita sobre a amizade e o cotidiano de crian\u00e7as portadoras de necessidades especiais, est\u00e1 no Catarse para arrecadar verba para produ\u00e7\u00e3o do epis\u00f3dio piloto.<\/p>\n","protected":false},"author":1,"featured_media":0,"comment_status":"open","ping_status":"open","sticky":false,"template":"","format":"standard","meta":{"site-container-style":"default","site-container-layout":"default","site-sidebar-layout":"default","disable-article-header":"default","disable-site-header":"default","disable-site-footer":"default","disable-content-area-spacing":"default","footnotes":""},"categories":[29,48],"tags":[],"class_list":["post-24645","post","type-post","status-publish","format-standard","hentry","category-cultura","category-inclusao"],"yoast_head":"<!-- This site is optimized with the Yoast SEO plugin v27.4 - https:\/\/yoast.com\/product\/yoast-seo-wordpress\/ -->\n<title>As aventuras de L\u00e9ca e seus amigos -<\/title>\n<meta name=\"robots\" content=\"index, follow, max-snippet:-1, max-image-preview:large, max-video-preview:-1\" \/>\n<link rel=\"canonical\" href=\"https:\/\/inclusivenews.com.br\/?p=24645\" \/>\n<meta property=\"og:locale\" content=\"pt_PT\" \/>\n<meta property=\"og:type\" content=\"article\" \/>\n<meta property=\"og:title\" content=\"As aventuras de L\u00e9ca e seus amigos -\" \/>\n<meta property=\"og:description\" content=\"S\u00e9rie de Anima\u00e7\u00e3o em 3D, As Aventuras de L\u00e9ca e Seus Amigos, com abordagem in\u00e9dita sobre a amizade e o cotidiano de crian\u00e7as portadoras de necessidades especiais, est\u00e1 no Catarse para arrecadar verba para produ\u00e7\u00e3o do epis\u00f3dio piloto.\" \/>\n<meta property=\"og:url\" content=\"https:\/\/inclusivenews.com.br\/?p=24645\" \/>\n<meta property=\"article:publisher\" content=\"https:\/\/www.facebook.com\/agenciainclusive\/\" \/>\n<meta property=\"article:published_time\" content=\"2013-05-29T18:37:28+00:00\" \/>\n<meta property=\"og:image\" content=\"http:\/\/inclusivenews.com.br\/wp-content\/uploads\/2010\/10\/teve-300x262.jpg\" \/>\n<meta name=\"author\" content=\"inclusivenews2024\" \/>\n<meta name=\"twitter:card\" content=\"summary_large_image\" \/>\n<meta name=\"twitter:label1\" content=\"Escrito por\" \/>\n\t<meta name=\"twitter:data1\" content=\"inclusivenews2024\" \/>\n\t<meta name=\"twitter:label2\" content=\"Tempo estimado de leitura\" \/>\n\t<meta name=\"twitter:data2\" content=\"3 minutos\" \/>\n<script type=\"application\/ld+json\" class=\"yoast-schema-graph\">{\"@context\":\"https:\\\/\\\/schema.org\",\"@graph\":[{\"@type\":\"Article\",\"@id\":\"https:\\\/\\\/inclusivenews.com.br\\\/?p=24645#article\",\"isPartOf\":{\"@id\":\"https:\\\/\\\/inclusivenews.com.br\\\/?p=24645\"},\"author\":{\"name\":\"inclusivenews2024\",\"@id\":\"https:\\\/\\\/inclusivenews.com.br\\\/#\\\/schema\\\/person\\\/ae4ec7087559b8692fb33b6fffd2273b\"},\"headline\":\"As aventuras de L\u00e9ca e seus amigos\",\"datePublished\":\"2013-05-29T18:37:28+00:00\",\"mainEntityOfPage\":{\"@id\":\"https:\\\/\\\/inclusivenews.com.br\\\/?p=24645\"},\"wordCount\":590,\"commentCount\":1,\"publisher\":{\"@id\":\"https:\\\/\\\/inclusivenews.com.br\\\/#organization\"},\"image\":{\"@id\":\"https:\\\/\\\/inclusivenews.com.br\\\/?p=24645#primaryimage\"},\"thumbnailUrl\":\"http:\\\/\\\/inclusivenews.com.br\\\/wp-content\\\/uploads\\\/2010\\\/10\\\/teve-300x262.jpg\",\"articleSection\":[\"Cultura\",\"INCLUS\u00c3O SOCIAL\"],\"inLanguage\":\"pt-PT\",\"potentialAction\":[{\"@type\":\"CommentAction\",\"name\":\"Comment\",\"target\":[\"https:\\\/\\\/inclusivenews.com.br\\\/?p=24645#respond\"]}]},{\"@type\":\"WebPage\",\"@id\":\"https:\\\/\\\/inclusivenews.com.br\\\/?p=24645\",\"url\":\"https:\\\/\\\/inclusivenews.com.br\\\/?p=24645\",\"name\":\"As aventuras de L\u00e9ca e seus amigos -\",\"isPartOf\":{\"@id\":\"https:\\\/\\\/inclusivenews.com.br\\\/#website\"},\"primaryImageOfPage\":{\"@id\":\"https:\\\/\\\/inclusivenews.com.br\\\/?p=24645#primaryimage\"},\"image\":{\"@id\":\"https:\\\/\\\/inclusivenews.com.br\\\/?p=24645#primaryimage\"},\"thumbnailUrl\":\"http:\\\/\\\/inclusivenews.com.br\\\/wp-content\\\/uploads\\\/2010\\\/10\\\/teve-300x262.jpg\",\"datePublished\":\"2013-05-29T18:37:28+00:00\",\"breadcrumb\":{\"@id\":\"https:\\\/\\\/inclusivenews.com.br\\\/?p=24645#breadcrumb\"},\"inLanguage\":\"pt-PT\",\"potentialAction\":[{\"@type\":\"ReadAction\",\"target\":[\"https:\\\/\\\/inclusivenews.com.br\\\/?p=24645\"]}]},{\"@type\":\"ImageObject\",\"inLanguage\":\"pt-PT\",\"@id\":\"https:\\\/\\\/inclusivenews.com.br\\\/?p=24645#primaryimage\",\"url\":\"\",\"contentUrl\":\"\"},{\"@type\":\"BreadcrumbList\",\"@id\":\"https:\\\/\\\/inclusivenews.com.br\\\/?p=24645#breadcrumb\",\"itemListElement\":[{\"@type\":\"ListItem\",\"position\":1,\"name\":\"In\u00edcio\",\"item\":\"https:\\\/\\\/inclusivenews.com.br\\\/\"},{\"@type\":\"ListItem\",\"position\":2,\"name\":\"As aventuras de L\u00e9ca e seus amigos\"}]},{\"@type\":\"WebSite\",\"@id\":\"https:\\\/\\\/inclusivenews.com.br\\\/#website\",\"url\":\"https:\\\/\\\/inclusivenews.com.br\\\/\",\"name\":\"Inclusive News\",\"description\":\"Inclusive News\",\"publisher\":{\"@id\":\"https:\\\/\\\/inclusivenews.com.br\\\/#organization\"},\"potentialAction\":[{\"@type\":\"SearchAction\",\"target\":{\"@type\":\"EntryPoint\",\"urlTemplate\":\"https:\\\/\\\/inclusivenews.com.br\\\/?s={search_term_string}\"},\"query-input\":{\"@type\":\"PropertyValueSpecification\",\"valueRequired\":true,\"valueName\":\"search_term_string\"}}],\"inLanguage\":\"pt-PT\"},{\"@type\":\"Organization\",\"@id\":\"https:\\\/\\\/inclusivenews.com.br\\\/#organization\",\"name\":\"Inclusive - inclus\u00e3o e cidadania\",\"url\":\"https:\\\/\\\/inclusivenews.com.br\\\/\",\"logo\":{\"@type\":\"ImageObject\",\"inLanguage\":\"pt-PT\",\"@id\":\"https:\\\/\\\/inclusivenews.com.br\\\/#\\\/schema\\\/logo\\\/image\\\/\",\"url\":\"https:\\\/\\\/inclusivenews.com.br\\\/wp-content\\\/uploads\\\/2024\\\/03\\\/@grandesite.png\",\"contentUrl\":\"https:\\\/\\\/inclusivenews.com.br\\\/wp-content\\\/uploads\\\/2024\\\/03\\\/@grandesite.png\",\"width\":1080,\"height\":1080,\"caption\":\"Inclusive - inclus\u00e3o e cidadania\"},\"image\":{\"@id\":\"https:\\\/\\\/inclusivenews.com.br\\\/#\\\/schema\\\/logo\\\/image\\\/\"},\"sameAs\":[\"https:\\\/\\\/www.facebook.com\\\/agenciainclusive\\\/\",\"https:\\\/\\\/www.instagram.com\\\/newsinclusive\\\/\"]},{\"@type\":\"Person\",\"@id\":\"https:\\\/\\\/inclusivenews.com.br\\\/#\\\/schema\\\/person\\\/ae4ec7087559b8692fb33b6fffd2273b\",\"name\":\"inclusivenews2024\",\"image\":{\"@type\":\"ImageObject\",\"inLanguage\":\"pt-PT\",\"@id\":\"https:\\\/\\\/secure.gravatar.com\\\/avatar\\\/c5a7ef84c66fa914f55bc4f7ce26cfa275a3b9a1c5568b907bd184fb4dde7b40?s=96&d=mm&r=g\",\"url\":\"https:\\\/\\\/secure.gravatar.com\\\/avatar\\\/c5a7ef84c66fa914f55bc4f7ce26cfa275a3b9a1c5568b907bd184fb4dde7b40?s=96&d=mm&r=g\",\"contentUrl\":\"https:\\\/\\\/secure.gravatar.com\\\/avatar\\\/c5a7ef84c66fa914f55bc4f7ce26cfa275a3b9a1c5568b907bd184fb4dde7b40?s=96&d=mm&r=g\",\"caption\":\"inclusivenews2024\"},\"sameAs\":[\"https:\\\/\\\/inclusivenews.com.br\"],\"url\":\"https:\\\/\\\/inclusivenews.com.br\\\/?author=1\"}]}<\/script>\n<!-- \/ Yoast SEO plugin. -->","yoast_head_json":{"title":"As aventuras de L\u00e9ca e seus amigos -","robots":{"index":"index","follow":"follow","max-snippet":"max-snippet:-1","max-image-preview":"max-image-preview:large","max-video-preview":"max-video-preview:-1"},"canonical":"https:\/\/inclusivenews.com.br\/?p=24645","og_locale":"pt_PT","og_type":"article","og_title":"As aventuras de L\u00e9ca e seus amigos -","og_description":"S\u00e9rie de Anima\u00e7\u00e3o em 3D, As Aventuras de L\u00e9ca e Seus Amigos, com abordagem in\u00e9dita sobre a amizade e o cotidiano de crian\u00e7as portadoras de necessidades especiais, est\u00e1 no Catarse para arrecadar verba para produ\u00e7\u00e3o do epis\u00f3dio piloto.","og_url":"https:\/\/inclusivenews.com.br\/?p=24645","article_publisher":"https:\/\/www.facebook.com\/agenciainclusive\/","article_published_time":"2013-05-29T18:37:28+00:00","og_image":[{"url":"http:\/\/inclusivenews.com.br\/wp-content\/uploads\/2010\/10\/teve-300x262.jpg","type":"","width":"","height":""}],"author":"inclusivenews2024","twitter_card":"summary_large_image","twitter_misc":{"Escrito por":"inclusivenews2024","Tempo estimado de leitura":"3 minutos"},"schema":{"@context":"https:\/\/schema.org","@graph":[{"@type":"Article","@id":"https:\/\/inclusivenews.com.br\/?p=24645#article","isPartOf":{"@id":"https:\/\/inclusivenews.com.br\/?p=24645"},"author":{"name":"inclusivenews2024","@id":"https:\/\/inclusivenews.com.br\/#\/schema\/person\/ae4ec7087559b8692fb33b6fffd2273b"},"headline":"As aventuras de L\u00e9ca e seus amigos","datePublished":"2013-05-29T18:37:28+00:00","mainEntityOfPage":{"@id":"https:\/\/inclusivenews.com.br\/?p=24645"},"wordCount":590,"commentCount":1,"publisher":{"@id":"https:\/\/inclusivenews.com.br\/#organization"},"image":{"@id":"https:\/\/inclusivenews.com.br\/?p=24645#primaryimage"},"thumbnailUrl":"http:\/\/inclusivenews.com.br\/wp-content\/uploads\/2010\/10\/teve-300x262.jpg","articleSection":["Cultura","INCLUS\u00c3O SOCIAL"],"inLanguage":"pt-PT","potentialAction":[{"@type":"CommentAction","name":"Comment","target":["https:\/\/inclusivenews.com.br\/?p=24645#respond"]}]},{"@type":"WebPage","@id":"https:\/\/inclusivenews.com.br\/?p=24645","url":"https:\/\/inclusivenews.com.br\/?p=24645","name":"As aventuras de L\u00e9ca e seus amigos -","isPartOf":{"@id":"https:\/\/inclusivenews.com.br\/#website"},"primaryImageOfPage":{"@id":"https:\/\/inclusivenews.com.br\/?p=24645#primaryimage"},"image":{"@id":"https:\/\/inclusivenews.com.br\/?p=24645#primaryimage"},"thumbnailUrl":"http:\/\/inclusivenews.com.br\/wp-content\/uploads\/2010\/10\/teve-300x262.jpg","datePublished":"2013-05-29T18:37:28+00:00","breadcrumb":{"@id":"https:\/\/inclusivenews.com.br\/?p=24645#breadcrumb"},"inLanguage":"pt-PT","potentialAction":[{"@type":"ReadAction","target":["https:\/\/inclusivenews.com.br\/?p=24645"]}]},{"@type":"ImageObject","inLanguage":"pt-PT","@id":"https:\/\/inclusivenews.com.br\/?p=24645#primaryimage","url":"","contentUrl":""},{"@type":"BreadcrumbList","@id":"https:\/\/inclusivenews.com.br\/?p=24645#breadcrumb","itemListElement":[{"@type":"ListItem","position":1,"name":"In\u00edcio","item":"https:\/\/inclusivenews.com.br\/"},{"@type":"ListItem","position":2,"name":"As aventuras de L\u00e9ca e seus amigos"}]},{"@type":"WebSite","@id":"https:\/\/inclusivenews.com.br\/#website","url":"https:\/\/inclusivenews.com.br\/","name":"Inclusive News","description":"Inclusive News","publisher":{"@id":"https:\/\/inclusivenews.com.br\/#organization"},"potentialAction":[{"@type":"SearchAction","target":{"@type":"EntryPoint","urlTemplate":"https:\/\/inclusivenews.com.br\/?s={search_term_string}"},"query-input":{"@type":"PropertyValueSpecification","valueRequired":true,"valueName":"search_term_string"}}],"inLanguage":"pt-PT"},{"@type":"Organization","@id":"https:\/\/inclusivenews.com.br\/#organization","name":"Inclusive - inclus\u00e3o e cidadania","url":"https:\/\/inclusivenews.com.br\/","logo":{"@type":"ImageObject","inLanguage":"pt-PT","@id":"https:\/\/inclusivenews.com.br\/#\/schema\/logo\/image\/","url":"https:\/\/inclusivenews.com.br\/wp-content\/uploads\/2024\/03\/@grandesite.png","contentUrl":"https:\/\/inclusivenews.com.br\/wp-content\/uploads\/2024\/03\/@grandesite.png","width":1080,"height":1080,"caption":"Inclusive - inclus\u00e3o e cidadania"},"image":{"@id":"https:\/\/inclusivenews.com.br\/#\/schema\/logo\/image\/"},"sameAs":["https:\/\/www.facebook.com\/agenciainclusive\/","https:\/\/www.instagram.com\/newsinclusive\/"]},{"@type":"Person","@id":"https:\/\/inclusivenews.com.br\/#\/schema\/person\/ae4ec7087559b8692fb33b6fffd2273b","name":"inclusivenews2024","image":{"@type":"ImageObject","inLanguage":"pt-PT","@id":"https:\/\/secure.gravatar.com\/avatar\/c5a7ef84c66fa914f55bc4f7ce26cfa275a3b9a1c5568b907bd184fb4dde7b40?s=96&d=mm&r=g","url":"https:\/\/secure.gravatar.com\/avatar\/c5a7ef84c66fa914f55bc4f7ce26cfa275a3b9a1c5568b907bd184fb4dde7b40?s=96&d=mm&r=g","contentUrl":"https:\/\/secure.gravatar.com\/avatar\/c5a7ef84c66fa914f55bc4f7ce26cfa275a3b9a1c5568b907bd184fb4dde7b40?s=96&d=mm&r=g","caption":"inclusivenews2024"},"sameAs":["https:\/\/inclusivenews.com.br"],"url":"https:\/\/inclusivenews.com.br\/?author=1"}]}},"_links":{"self":[{"href":"https:\/\/inclusivenews.com.br\/index.php?rest_route=\/wp\/v2\/posts\/24645","targetHints":{"allow":["GET"]}}],"collection":[{"href":"https:\/\/inclusivenews.com.br\/index.php?rest_route=\/wp\/v2\/posts"}],"about":[{"href":"https:\/\/inclusivenews.com.br\/index.php?rest_route=\/wp\/v2\/types\/post"}],"author":[{"embeddable":true,"href":"https:\/\/inclusivenews.com.br\/index.php?rest_route=\/wp\/v2\/users\/1"}],"replies":[{"embeddable":true,"href":"https:\/\/inclusivenews.com.br\/index.php?rest_route=%2Fwp%2Fv2%2Fcomments&post=24645"}],"version-history":[{"count":0,"href":"https:\/\/inclusivenews.com.br\/index.php?rest_route=\/wp\/v2\/posts\/24645\/revisions"}],"wp:attachment":[{"href":"https:\/\/inclusivenews.com.br\/index.php?rest_route=%2Fwp%2Fv2%2Fmedia&parent=24645"}],"wp:term":[{"taxonomy":"category","embeddable":true,"href":"https:\/\/inclusivenews.com.br\/index.php?rest_route=%2Fwp%2Fv2%2Fcategories&post=24645"},{"taxonomy":"post_tag","embeddable":true,"href":"https:\/\/inclusivenews.com.br\/index.php?rest_route=%2Fwp%2Fv2%2Ftags&post=24645"}],"curies":[{"name":"wp","href":"https:\/\/api.w.org\/{rel}","templated":true}]}}