{"id":24647,"date":"2013-05-29T15:38:04","date_gmt":"2013-05-29T18:38:04","guid":{"rendered":"http:\/\/www.inclusive.org.br\/?p=24647"},"modified":"2013-05-29T15:38:04","modified_gmt":"2013-05-29T18:38:04","slug":"x-congresso-de-educacao-inclusiva","status":"publish","type":"post","link":"https:\/\/inclusivenews.com.br\/?p=24647","title":{"rendered":"X Congresso de Educa\u00e7\u00e3o Inclusiva"},"content":{"rendered":"<figure style=\"width: 256px\" class=\"wp-caption alignleft\"><img loading=\"lazy\" decoding=\"async\" title=\"Logo do curso - sem descri\u00e7\u00e3o fornecida\" src=\"http:\/\/apaebrasil.org.br\/foto.phtml\/372819\/m\" alt=\"Logo do curso - sem descri\u00e7\u00e3o fornecida\" width=\"256\" height=\"155\" \/><figcaption class=\"wp-caption-text\"> <\/figcaption><\/figure>\n<p><strong>X Congresso de Educa\u00e7\u00e3o Inclusiva<br \/>\n<\/strong><\/p>\n<p>Atendimento Educacional Especializado: percursos das pr\u00e1ticas pedag\u00f3gicas<\/p>\n<p><strong>Data:<\/strong> 14 a 16 de junho de 2013<\/p>\n<p><strong>Local:<\/strong> Serra Negra \u2013 Grande Hotel Serra Negra<\/p>\n<p><strong>Objetivos:<br \/>\n<\/strong><\/p>\n<p>1 \u2013 Consolidar espa\u00e7o de forma\u00e7\u00e3o continuada<\/p>\n<p>2 \u2013 Alicer\u00e7ar bases para constru\u00e7\u00e3o e avalia\u00e7\u00e3o das experi\u00eancias dos Munic\u00edpios no AEE<strong> <\/strong><\/p>\n<p><strong><br \/>\n<\/strong><\/p>\n<p><strong>P\u00fablico alvo:<\/strong> Gestores, Professores, Pedagogos, Especialistas e \u00e1reas a fins.<\/p>\n<p><strong>Programa\u00e7\u00e3o<br \/>\n<\/strong><\/p>\n<p><strong>14\/06\/13 \u2013 Noite<br \/>\n<\/strong><\/p>\n<p><strong>20h \u00e0s 21h30<\/strong><\/p>\n<p>Confer\u00eancia \u2013 \u201cAs contribui\u00e7\u00f5es da neuropsicologia cognitiva para o processo de inclus\u00e3o na aprendizagem e na participa\u00e7\u00e3o\u201d<\/p>\n<p>Conferencista \u2013 Profa Dra Rosita Edler de Carvalho<\/p>\n<p><strong>15\/06\/13 \u2013 Manh\u00e3<\/strong><\/p>\n<p><strong>8h \u00e0s 10h<\/strong><\/p>\n<p>Mini-cursos<\/p>\n<p><strong>10h30 \u00e0s 12h30<\/strong><\/p>\n<p>Relato de experi\u00eancias dos munic\u00edpios<\/p>\n<p><strong>RELATO 1<\/strong><\/p>\n<p><strong>RELATO 2<br \/>\n<\/strong><\/p>\n<p><strong>12h30 \u00e0s 13h30<br \/>\n<\/strong><\/p>\n<p>Almo\u00e7o<\/p>\n<p><strong>15\/06\/13 &#8211; Tarde<br \/>\n<\/strong><\/p>\n<p><strong>14h \u00e0s 16h<br \/>\n<\/strong><\/p>\n<p>Mini-cursos<\/p>\n<p><strong>16h \u00e0s 16h30<\/strong><\/p>\n<p>Coffee break<\/p>\n<p><strong>16h30 \u00e0s 18h30<br \/>\n<\/strong><\/p>\n<p>Relato de experi\u00eancias dos munic\u00edpios<\/p>\n<p><strong>RELATO 3<\/strong><\/p>\n<p><strong>RELATO 4<br \/>\n<\/strong><\/p>\n<p><strong>Noite \u2013 <\/strong>Livre<\/p>\n<p><strong>16\/06\/13 \u2013 Manh\u00e3<\/strong><\/p>\n<p><strong>8h \u00e0s 10h<\/strong><\/p>\n<p>Relato de experi\u00eancias dos munic\u00edpios<\/p>\n<p><strong>RELATO 5<\/strong><\/p>\n<p><strong>RELATO 6<\/strong><\/p>\n<p><strong>10h \u00e0s 10h45<\/strong><\/p>\n<p>Palestra \u2013 \u201cPol\u00edticas de acessibilidade: a experi\u00eancia norte-americana\u201d<\/p>\n<p>Palestrante: Giovanna Zanchetta (Champaign \u2013 EUA)<\/p>\n<p><strong>10h45 \u00e0s 12h<br \/>\n<\/strong><\/p>\n<p>Mesa Redonda \u2013 balan\u00e7o das experi\u00eancias apresentadas<\/p>\n<p>Profissionais respons\u00e1veis: coordena\u00e7\u00e3o cient\u00edfica do evento<\/p>\n<p>Finaliza\u00e7\u00e3o do Congresso pelo coordenador da Mesa<\/p>\n<p><strong>12h \u00e0s 13h<\/strong><\/p>\n<p>Entrega de certificados<\/p>\n<p><strong>Temas dos mini-cursos<br \/>\n<\/strong><\/p>\n<p>\u201c<strong>A gest\u00e3o do Atendimento Educacional Especializado e suas implica\u00e7\u00f5es no cotidiano escolar\u201d<\/strong> &#8211; <strong>Mariluci Campos Col\u00e1cio<\/strong><\/p>\n<p><em><strong>&#8220;A  Constru\u00e7\u00e3o de adapta\u00e7\u00f5es pedag\u00f3gicas para alunos com Transtorno Global  do Desenvolvimento &#8211; curr\u00edculo, organiza\u00e7\u00e3o de recursos\u00a0e registros do  processo<\/strong><\/em><em><strong>&#8220;<\/strong><\/em><em><strong> <\/strong><\/em><strong>&#8211; Luci Toreli Salatino \/ Keila Viana <\/strong><\/p>\n<p>\u201c<strong>Inclus\u00e3o ou inser\u00e7\u00e3o: pr\u00e1tica x acomoda\u00e7\u00e3o\u201d<\/strong> &#8211; <strong>Rosemar Camargo<\/strong><\/p>\n<p>\u201c<strong>Dez anos da Declara\u00e7\u00e3o de Salamanca e o AEE nos dias atuais\u201d<\/strong> &#8211; <strong>Maria Luiza Moretti<\/strong><\/p>\n<p><strong>&#8220;Aspectos significativos do atendimento educacional especializado, em aten\u00e7\u00e3o \u00e0 pessoa com surdez\u201d &#8211;<\/strong><strong>Generosa Monteiro Ferraz <\/strong><\/p>\n<p><strong>&#8220;Defici\u00eancia Intelectual &#8211; Adapta\u00e7\u00f5es Curriculares e Registros (PDI)&#8221; &#8211;<\/strong><strong>Eunice Sousa Nascimento<\/strong><\/p>\n<p>\u201c<strong>Sala de aula: cada um \u00e9 um. E agora?\u201d<\/strong> &#8211; <strong>Viviani Marques Moreira <\/strong><\/p>\n<p>\u201c<strong>Recursos da Tecnologia Assistiva para a inclus\u00e3o digital de alunos com defici\u00eancia e TGD\u201d<\/strong> &#8211; <strong>Deise Tomazin Barbosa \u2013<\/strong><\/p>\n<p><a href=\"http:\/\/www.apaebrasil.org.br\/noticia.phtml\/52758\" target=\"_blank\" rel=\"noopener\">Fonte: FENAPAES<\/a><strong><br \/>\n<\/strong><\/p>\n","protected":false},"excerpt":{"rendered":"<p>Acontece em Serra Negra, entre 14 e 16 de junho, o X Congresso de Educa\u00e7\u00e3o Inclusiva (\u00eanfase no AEE).<\/p>\n","protected":false},"author":1,"featured_media":0,"comment_status":"open","ping_status":"open","sticky":false,"template":"","format":"standard","meta":{"site-container-style":"default","site-container-layout":"default","site-sidebar-layout":"default","disable-article-header":"default","disable-site-header":"default","disable-site-footer":"default","disable-content-area-spacing":"default","footnotes":""},"categories":[12,38,6],"tags":[],"class_list":["post-24647","post","type-post","status-publish","format-standard","hentry","category-cursos-e-eventos","category-deficiencia","category-educacao"],"yoast_head":"<!-- This site is optimized with the Yoast SEO plugin v27.4 - https:\/\/yoast.com\/product\/yoast-seo-wordpress\/ -->\n<title>X Congresso de Educa\u00e7\u00e3o Inclusiva -<\/title>\n<meta name=\"robots\" content=\"index, follow, max-snippet:-1, max-image-preview:large, max-video-preview:-1\" \/>\n<link rel=\"canonical\" href=\"https:\/\/inclusivenews.com.br\/?p=24647\" \/>\n<meta property=\"og:locale\" content=\"pt_PT\" \/>\n<meta property=\"og:type\" content=\"article\" \/>\n<meta property=\"og:title\" content=\"X Congresso de Educa\u00e7\u00e3o Inclusiva -\" \/>\n<meta property=\"og:description\" content=\"Acontece em Serra Negra, entre 14 e 16 de junho, o X Congresso de Educa\u00e7\u00e3o Inclusiva (\u00eanfase no AEE).\" \/>\n<meta property=\"og:url\" content=\"https:\/\/inclusivenews.com.br\/?p=24647\" \/>\n<meta property=\"article:publisher\" content=\"https:\/\/www.facebook.com\/agenciainclusive\/\" \/>\n<meta property=\"article:published_time\" content=\"2013-05-29T18:38:04+00:00\" \/>\n<meta property=\"og:image\" content=\"http:\/\/apaebrasil.org.br\/foto.phtml\/372819\/m\" \/>\n<meta name=\"author\" content=\"inclusivenews2024\" \/>\n<meta name=\"twitter:card\" content=\"summary_large_image\" \/>\n<meta name=\"twitter:label1\" content=\"Escrito por\" \/>\n\t<meta name=\"twitter:data1\" content=\"inclusivenews2024\" \/>\n\t<meta name=\"twitter:label2\" content=\"Tempo estimado de leitura\" \/>\n\t<meta name=\"twitter:data2\" content=\"2 minutos\" \/>\n<script type=\"application\/ld+json\" class=\"yoast-schema-graph\">{\"@context\":\"https:\\\/\\\/schema.org\",\"@graph\":[{\"@type\":\"Article\",\"@id\":\"https:\\\/\\\/inclusivenews.com.br\\\/?p=24647#article\",\"isPartOf\":{\"@id\":\"https:\\\/\\\/inclusivenews.com.br\\\/?p=24647\"},\"author\":{\"name\":\"inclusivenews2024\",\"@id\":\"https:\\\/\\\/inclusivenews.com.br\\\/#\\\/schema\\\/person\\\/ae4ec7087559b8692fb33b6fffd2273b\"},\"headline\":\"X Congresso de Educa\u00e7\u00e3o Inclusiva\",\"datePublished\":\"2013-05-29T18:38:04+00:00\",\"mainEntityOfPage\":{\"@id\":\"https:\\\/\\\/inclusivenews.com.br\\\/?p=24647\"},\"wordCount\":368,\"commentCount\":0,\"publisher\":{\"@id\":\"https:\\\/\\\/inclusivenews.com.br\\\/#organization\"},\"image\":{\"@id\":\"https:\\\/\\\/inclusivenews.com.br\\\/?p=24647#primaryimage\"},\"thumbnailUrl\":\"http:\\\/\\\/apaebrasil.org.br\\\/foto.phtml\\\/372819\\\/m\",\"articleSection\":[\"Cursos e eventos\",\"Defici\u00eancia\",\"EDUCA\u00c7\u00c3O\"],\"inLanguage\":\"pt-PT\",\"potentialAction\":[{\"@type\":\"CommentAction\",\"name\":\"Comment\",\"target\":[\"https:\\\/\\\/inclusivenews.com.br\\\/?p=24647#respond\"]}]},{\"@type\":\"WebPage\",\"@id\":\"https:\\\/\\\/inclusivenews.com.br\\\/?p=24647\",\"url\":\"https:\\\/\\\/inclusivenews.com.br\\\/?p=24647\",\"name\":\"X Congresso de Educa\u00e7\u00e3o Inclusiva -\",\"isPartOf\":{\"@id\":\"https:\\\/\\\/inclusivenews.com.br\\\/#website\"},\"primaryImageOfPage\":{\"@id\":\"https:\\\/\\\/inclusivenews.com.br\\\/?p=24647#primaryimage\"},\"image\":{\"@id\":\"https:\\\/\\\/inclusivenews.com.br\\\/?p=24647#primaryimage\"},\"thumbnailUrl\":\"http:\\\/\\\/apaebrasil.org.br\\\/foto.phtml\\\/372819\\\/m\",\"datePublished\":\"2013-05-29T18:38:04+00:00\",\"breadcrumb\":{\"@id\":\"https:\\\/\\\/inclusivenews.com.br\\\/?p=24647#breadcrumb\"},\"inLanguage\":\"pt-PT\",\"potentialAction\":[{\"@type\":\"ReadAction\",\"target\":[\"https:\\\/\\\/inclusivenews.com.br\\\/?p=24647\"]}]},{\"@type\":\"ImageObject\",\"inLanguage\":\"pt-PT\",\"@id\":\"https:\\\/\\\/inclusivenews.com.br\\\/?p=24647#primaryimage\",\"url\":\"http:\\\/\\\/apaebrasil.org.br\\\/foto.phtml\\\/372819\\\/m\",\"contentUrl\":\"http:\\\/\\\/apaebrasil.org.br\\\/foto.phtml\\\/372819\\\/m\"},{\"@type\":\"BreadcrumbList\",\"@id\":\"https:\\\/\\\/inclusivenews.com.br\\\/?p=24647#breadcrumb\",\"itemListElement\":[{\"@type\":\"ListItem\",\"position\":1,\"name\":\"In\u00edcio\",\"item\":\"https:\\\/\\\/inclusivenews.com.br\\\/\"},{\"@type\":\"ListItem\",\"position\":2,\"name\":\"X Congresso de Educa\u00e7\u00e3o Inclusiva\"}]},{\"@type\":\"WebSite\",\"@id\":\"https:\\\/\\\/inclusivenews.com.br\\\/#website\",\"url\":\"https:\\\/\\\/inclusivenews.com.br\\\/\",\"name\":\"Inclusive News\",\"description\":\"Inclusive News\",\"publisher\":{\"@id\":\"https:\\\/\\\/inclusivenews.com.br\\\/#organization\"},\"potentialAction\":[{\"@type\":\"SearchAction\",\"target\":{\"@type\":\"EntryPoint\",\"urlTemplate\":\"https:\\\/\\\/inclusivenews.com.br\\\/?s={search_term_string}\"},\"query-input\":{\"@type\":\"PropertyValueSpecification\",\"valueRequired\":true,\"valueName\":\"search_term_string\"}}],\"inLanguage\":\"pt-PT\"},{\"@type\":\"Organization\",\"@id\":\"https:\\\/\\\/inclusivenews.com.br\\\/#organization\",\"name\":\"Inclusive - inclus\u00e3o e cidadania\",\"url\":\"https:\\\/\\\/inclusivenews.com.br\\\/\",\"logo\":{\"@type\":\"ImageObject\",\"inLanguage\":\"pt-PT\",\"@id\":\"https:\\\/\\\/inclusivenews.com.br\\\/#\\\/schema\\\/logo\\\/image\\\/\",\"url\":\"https:\\\/\\\/inclusivenews.com.br\\\/wp-content\\\/uploads\\\/2024\\\/03\\\/@grandesite.png\",\"contentUrl\":\"https:\\\/\\\/inclusivenews.com.br\\\/wp-content\\\/uploads\\\/2024\\\/03\\\/@grandesite.png\",\"width\":1080,\"height\":1080,\"caption\":\"Inclusive - inclus\u00e3o e cidadania\"},\"image\":{\"@id\":\"https:\\\/\\\/inclusivenews.com.br\\\/#\\\/schema\\\/logo\\\/image\\\/\"},\"sameAs\":[\"https:\\\/\\\/www.facebook.com\\\/agenciainclusive\\\/\",\"https:\\\/\\\/www.instagram.com\\\/newsinclusive\\\/\"]},{\"@type\":\"Person\",\"@id\":\"https:\\\/\\\/inclusivenews.com.br\\\/#\\\/schema\\\/person\\\/ae4ec7087559b8692fb33b6fffd2273b\",\"name\":\"inclusivenews2024\",\"image\":{\"@type\":\"ImageObject\",\"inLanguage\":\"pt-PT\",\"@id\":\"https:\\\/\\\/secure.gravatar.com\\\/avatar\\\/c5a7ef84c66fa914f55bc4f7ce26cfa275a3b9a1c5568b907bd184fb4dde7b40?s=96&d=mm&r=g\",\"url\":\"https:\\\/\\\/secure.gravatar.com\\\/avatar\\\/c5a7ef84c66fa914f55bc4f7ce26cfa275a3b9a1c5568b907bd184fb4dde7b40?s=96&d=mm&r=g\",\"contentUrl\":\"https:\\\/\\\/secure.gravatar.com\\\/avatar\\\/c5a7ef84c66fa914f55bc4f7ce26cfa275a3b9a1c5568b907bd184fb4dde7b40?s=96&d=mm&r=g\",\"caption\":\"inclusivenews2024\"},\"sameAs\":[\"https:\\\/\\\/inclusivenews.com.br\"],\"url\":\"https:\\\/\\\/inclusivenews.com.br\\\/?author=1\"}]}<\/script>\n<!-- \/ Yoast SEO plugin. -->","yoast_head_json":{"title":"X Congresso de Educa\u00e7\u00e3o Inclusiva -","robots":{"index":"index","follow":"follow","max-snippet":"max-snippet:-1","max-image-preview":"max-image-preview:large","max-video-preview":"max-video-preview:-1"},"canonical":"https:\/\/inclusivenews.com.br\/?p=24647","og_locale":"pt_PT","og_type":"article","og_title":"X Congresso de Educa\u00e7\u00e3o Inclusiva -","og_description":"Acontece em Serra Negra, entre 14 e 16 de junho, o X Congresso de Educa\u00e7\u00e3o Inclusiva (\u00eanfase no AEE).","og_url":"https:\/\/inclusivenews.com.br\/?p=24647","article_publisher":"https:\/\/www.facebook.com\/agenciainclusive\/","article_published_time":"2013-05-29T18:38:04+00:00","og_image":[{"url":"http:\/\/apaebrasil.org.br\/foto.phtml\/372819\/m","type":"","width":"","height":""}],"author":"inclusivenews2024","twitter_card":"summary_large_image","twitter_misc":{"Escrito por":"inclusivenews2024","Tempo estimado de leitura":"2 minutos"},"schema":{"@context":"https:\/\/schema.org","@graph":[{"@type":"Article","@id":"https:\/\/inclusivenews.com.br\/?p=24647#article","isPartOf":{"@id":"https:\/\/inclusivenews.com.br\/?p=24647"},"author":{"name":"inclusivenews2024","@id":"https:\/\/inclusivenews.com.br\/#\/schema\/person\/ae4ec7087559b8692fb33b6fffd2273b"},"headline":"X Congresso de Educa\u00e7\u00e3o Inclusiva","datePublished":"2013-05-29T18:38:04+00:00","mainEntityOfPage":{"@id":"https:\/\/inclusivenews.com.br\/?p=24647"},"wordCount":368,"commentCount":0,"publisher":{"@id":"https:\/\/inclusivenews.com.br\/#organization"},"image":{"@id":"https:\/\/inclusivenews.com.br\/?p=24647#primaryimage"},"thumbnailUrl":"http:\/\/apaebrasil.org.br\/foto.phtml\/372819\/m","articleSection":["Cursos e eventos","Defici\u00eancia","EDUCA\u00c7\u00c3O"],"inLanguage":"pt-PT","potentialAction":[{"@type":"CommentAction","name":"Comment","target":["https:\/\/inclusivenews.com.br\/?p=24647#respond"]}]},{"@type":"WebPage","@id":"https:\/\/inclusivenews.com.br\/?p=24647","url":"https:\/\/inclusivenews.com.br\/?p=24647","name":"X Congresso de Educa\u00e7\u00e3o Inclusiva -","isPartOf":{"@id":"https:\/\/inclusivenews.com.br\/#website"},"primaryImageOfPage":{"@id":"https:\/\/inclusivenews.com.br\/?p=24647#primaryimage"},"image":{"@id":"https:\/\/inclusivenews.com.br\/?p=24647#primaryimage"},"thumbnailUrl":"http:\/\/apaebrasil.org.br\/foto.phtml\/372819\/m","datePublished":"2013-05-29T18:38:04+00:00","breadcrumb":{"@id":"https:\/\/inclusivenews.com.br\/?p=24647#breadcrumb"},"inLanguage":"pt-PT","potentialAction":[{"@type":"ReadAction","target":["https:\/\/inclusivenews.com.br\/?p=24647"]}]},{"@type":"ImageObject","inLanguage":"pt-PT","@id":"https:\/\/inclusivenews.com.br\/?p=24647#primaryimage","url":"http:\/\/apaebrasil.org.br\/foto.phtml\/372819\/m","contentUrl":"http:\/\/apaebrasil.org.br\/foto.phtml\/372819\/m"},{"@type":"BreadcrumbList","@id":"https:\/\/inclusivenews.com.br\/?p=24647#breadcrumb","itemListElement":[{"@type":"ListItem","position":1,"name":"In\u00edcio","item":"https:\/\/inclusivenews.com.br\/"},{"@type":"ListItem","position":2,"name":"X Congresso de Educa\u00e7\u00e3o Inclusiva"}]},{"@type":"WebSite","@id":"https:\/\/inclusivenews.com.br\/#website","url":"https:\/\/inclusivenews.com.br\/","name":"Inclusive News","description":"Inclusive News","publisher":{"@id":"https:\/\/inclusivenews.com.br\/#organization"},"potentialAction":[{"@type":"SearchAction","target":{"@type":"EntryPoint","urlTemplate":"https:\/\/inclusivenews.com.br\/?s={search_term_string}"},"query-input":{"@type":"PropertyValueSpecification","valueRequired":true,"valueName":"search_term_string"}}],"inLanguage":"pt-PT"},{"@type":"Organization","@id":"https:\/\/inclusivenews.com.br\/#organization","name":"Inclusive - inclus\u00e3o e cidadania","url":"https:\/\/inclusivenews.com.br\/","logo":{"@type":"ImageObject","inLanguage":"pt-PT","@id":"https:\/\/inclusivenews.com.br\/#\/schema\/logo\/image\/","url":"https:\/\/inclusivenews.com.br\/wp-content\/uploads\/2024\/03\/@grandesite.png","contentUrl":"https:\/\/inclusivenews.com.br\/wp-content\/uploads\/2024\/03\/@grandesite.png","width":1080,"height":1080,"caption":"Inclusive - inclus\u00e3o e cidadania"},"image":{"@id":"https:\/\/inclusivenews.com.br\/#\/schema\/logo\/image\/"},"sameAs":["https:\/\/www.facebook.com\/agenciainclusive\/","https:\/\/www.instagram.com\/newsinclusive\/"]},{"@type":"Person","@id":"https:\/\/inclusivenews.com.br\/#\/schema\/person\/ae4ec7087559b8692fb33b6fffd2273b","name":"inclusivenews2024","image":{"@type":"ImageObject","inLanguage":"pt-PT","@id":"https:\/\/secure.gravatar.com\/avatar\/c5a7ef84c66fa914f55bc4f7ce26cfa275a3b9a1c5568b907bd184fb4dde7b40?s=96&d=mm&r=g","url":"https:\/\/secure.gravatar.com\/avatar\/c5a7ef84c66fa914f55bc4f7ce26cfa275a3b9a1c5568b907bd184fb4dde7b40?s=96&d=mm&r=g","contentUrl":"https:\/\/secure.gravatar.com\/avatar\/c5a7ef84c66fa914f55bc4f7ce26cfa275a3b9a1c5568b907bd184fb4dde7b40?s=96&d=mm&r=g","caption":"inclusivenews2024"},"sameAs":["https:\/\/inclusivenews.com.br"],"url":"https:\/\/inclusivenews.com.br\/?author=1"}]}},"_links":{"self":[{"href":"https:\/\/inclusivenews.com.br\/index.php?rest_route=\/wp\/v2\/posts\/24647","targetHints":{"allow":["GET"]}}],"collection":[{"href":"https:\/\/inclusivenews.com.br\/index.php?rest_route=\/wp\/v2\/posts"}],"about":[{"href":"https:\/\/inclusivenews.com.br\/index.php?rest_route=\/wp\/v2\/types\/post"}],"author":[{"embeddable":true,"href":"https:\/\/inclusivenews.com.br\/index.php?rest_route=\/wp\/v2\/users\/1"}],"replies":[{"embeddable":true,"href":"https:\/\/inclusivenews.com.br\/index.php?rest_route=%2Fwp%2Fv2%2Fcomments&post=24647"}],"version-history":[{"count":0,"href":"https:\/\/inclusivenews.com.br\/index.php?rest_route=\/wp\/v2\/posts\/24647\/revisions"}],"wp:attachment":[{"href":"https:\/\/inclusivenews.com.br\/index.php?rest_route=%2Fwp%2Fv2%2Fmedia&parent=24647"}],"wp:term":[{"taxonomy":"category","embeddable":true,"href":"https:\/\/inclusivenews.com.br\/index.php?rest_route=%2Fwp%2Fv2%2Fcategories&post=24647"},{"taxonomy":"post_tag","embeddable":true,"href":"https:\/\/inclusivenews.com.br\/index.php?rest_route=%2Fwp%2Fv2%2Ftags&post=24647"}],"curies":[{"name":"wp","href":"https:\/\/api.w.org\/{rel}","templated":true}]}}